{"id":11618,"date":"2010-02-05T01:48:03","date_gmt":"2010-02-05T08:48:03","guid":{"rendered":"http:\/\/www.pcvesti.com\/?p=11618"},"modified":"2010-02-05T01:48:03","modified_gmt":"2010-02-05T08:48:03","slug":"stize-nova-grupa-procesora-intel-core-vpro","status":"publish","type":"post","link":"https:\/\/www.pcvesti.com\/?p=11618","title":{"rendered":"Sti\u017ee nova grupa procesora Intel Core vPro"},"content":{"rendered":"<p><strong> <\/strong><\/p>\n<p style=\"text-align: center;\"><strong>Sti\u017ee nova grupa procesora Intel\u00ae Core\u2122 vPro\u2122<br \/>\n<\/strong><\/p>\n<p><strong> <\/strong><\/p>\n<p>SANTA KLARA, Kalifornija, 4. februar, 2010. godine \u2013 Kompanija Intel Corporation predstavila je danas novu grupu procesora <a href=\"http:\/\/www.intel.com\/business\/corevpro\/index.htm?iid=business+marquee+Core_vPro+010710\">2010 Intel\u00ae Core\u2122 vPro\u2122<\/a> kako bi iza\u0161la u susret potrebama svih poslovnih korisnika.Kompanija Intel nudi ra\u010dunare boljih i fleksibilnijih performansi, sa softverom za za\u0161titu od kra\u0111a i smanjenom potro\u0161njom.<\/p>\n<p>Procesori Intel Core vPro sti\u017eu u trenutku kada se ra\u010dunari namenjeni poslovnim korisnicima sve vi\u0161e usavr\u0161avaju, uz integraciju videa, internet telefonije, socijalnih medija i drugih zahtevnih aplikacija \u2013 koje se u najve\u0107em broju slu\u010dajeva izvr\u0161avaju istovremeno \u2013 \u010dine\u0107i performanse ra\u010dunara jo\u0161 prioritetnijim.<\/p>\n<p><!--more-->\u201eKompanije, posebno one koje ve\u0107 nekoliko godina nisu nabavljale nove ra\u010dunare, susre\u0107u se sa ra\u010dunarskim okru\u017eenjem koje vi\u0161e ne radi sa aplikacijama na koje su radnici i IT osoblje navikli,\u201d izjavio je Rick Echevarria, potpredsednik grupe Intel Architecture, i generalni direktor grupe Business Client Platform. \u201eIntegracija inteligentnih performansi sa za\u0161titom od kra\u0111a i merama za smanjenje potro\u0161nje unutar grupe procesora Intel Core vPro donosi beskompromisnu platformu namenjenu malim i srednjim preduze\u0107ima.\u201d<\/p>\n<p><!--more-->Platforma zasnovana na grupi procesora 2010 Intel Core vPro obuhvata novi <a href=\"http:\/\/ark.intel.com\/chipset.aspx?familyID=41724&amp;code=Intel%c2%ae+Q57+Express+Chipset\">Intel<sup>\u00ae<\/sup> Q57 Express<\/a> \u010dipset i novu <a href=\"http:\/\/ark.intel.com\/Product.aspx?id=35652\">Intel<sup>\u00ae<\/sup> 82577LM Gigabit <\/a><span style=\"text-decoration: underline;\">mre\u017enu vezu<\/span> za notebook ra\u010dunare i <a href=\"http:\/\/ark.intel.com\/Product.aspx?id=35654&amp;code=Intel%c2%ae+82578DM+Gigabit+Ethernet+PHY\">Intel\u00ae 82578DM <\/a><span style=\"text-decoration: underline;\">mre\u017enu vezu<\/span> za desktop ra\u010dunare.<\/p>\n<p>Proizvo\u0111a\u010di kompjutera \u0161irom sveta, poput kompanija Acer, ASUS, Dell, HP, Lenovo i Toshiba, predstavljaju ra\u010dunare namenjene poslovnim potrebama zasnovane na grupi procesora 2010 Intel Core vPro. Tako\u0111e, programeri softvera za mala i srednja preduze\u0107a i kompanije poput Bomgar, Kaseya, LANDesk, Level Platforms, LogMeIn, Microsoft, RealVNC, Spiceworks, Symantec i WinZip podr\u017ea\u0107e nove karakteristike u svojim najnovijim proizvodima. Provajderi IT usluga, obuhnataju\u0107i AT&amp;T Tech Support 360* i PlumChoice, planiraju da uklju\u010de tehnologiju Intel Core vPro u svoju MSP ponudu.<\/p>\n<p><strong>Misli brzo<\/strong><\/p>\n<p>Procesori su zasnovani na nagra\u0111ivanoj Intel mikroarhitekturi <span style=\"text-decoration: underline;\">\u201cNehalem\u201d<\/span> i proizvedeni su kori\u0161\u0107enjem novog 32-nanometarskog procesa. Kompanija Intel je prvi put integrisala grafiku visoke definicije u svoje procesore i uklju\u010dila je svoju narednu generaciju high-k metal gate tranzistora koji uve\u0107avaju brzinu rada ra\u010dunara i radni vek baterije.<\/p>\n<p>Procesori 2010 Intel\u00ae <a href=\"http:\/\/www.intel.com\/Consumer\/Products\/Processors\/corei7.htm\">Core\u2122 i7<\/a> i <a href=\"http:\/\/www.intel.com\/Consumer\/Products\/Processors\/corei5.htm\">Core\u2122 i5<\/a> poseduju \u00a0tehnologije <a href=\"http:\/\/www.intel.com\/technology\/turboboost\/\">Intel\u00ae Turbo Boost Technology<\/a> i <a href=\"http:\/\/www.intel.com\/technology\/platform-technology\/hyper-threading\/index.htm\">Intel\u00ae Hyper-Threading Technology<\/a> za prilagodljivo, pametnije ra\u010dunarstvo. Tehnologija Intel\u00ae Turbo Boost automatski prilago\u0111ava brzinu procesora prema potrebama korisnika.<\/p>\n<p>Koriste\u0107i standardne testove performansi, notebook ra\u010dunar sa procesorom 2010 Intel Core i5 vPro mo\u017ee da pokre\u0107e biznis aplikacije 80 odsto br\u017ee, slo\u017eenije aplikacije duplo br\u017ee, i da za\u0161titi podatke korisnika i do 3,5 puta br\u017ee u pore\u0111enju sa tri godine starijim mainstream notebook ra\u010dunarom.<\/p>\n<p><strong>Nadmudrite kradljivce<\/strong><\/p>\n<p>Tehnologija Intel\u00ae Anti-Theft dostupna u kombinaciji sa tehnologijom Intel vPro onesposobljuje kradljivce podataka tako \u0161to zaklju\u010dava pristup kompjuteru ukoliko su centralni server ili ugra\u0111eni sistem za\u0161tite izgubljeni ili ukradeni. Nova verzija tehnologije <a href=\"http:\/\/intel.com\/go\/anti-theft\">Intel Anti-Theft Technology version 2.0<\/a> (Intel\u00ae AT 2.0) omogu\u0107ava za\u0161titno kodiranje kako bi bio onemogu\u0107en pristup kriptografskim oznakama preko hardvera.\u00a0 Mnogi proizvo\u0111a\u010di kompjutera, kao \u0161to su Fujitsu, HP, Lenovo i Panasonic, kao i kompanije koje se bave za\u0161titom poput Absolute Software, PGP, Phoenix i WinMagic, planiraju da podr\u017ee Intel AT 2.0,.<\/p>\n<p><strong> <\/strong><\/p>\n<p><strong>Razmi\u0161ljate o menad\u017ementu na pravi na\u010din <\/strong><\/p>\n<p>Nove karakteristike daljinskog upravljanja Intel Keyboard-Video-Mouse (KVM daljinsko upravljanje), u kombinaciji sa procesorima dual-core Intel Core i5 i i7 vPro rade uporedo sa Intel\u00ae integrisanom grafikom, olak\u0161avaju\u0107i posao IT administratorima.<\/p>\n<p>Novi program Intel\u00ae Remote Encryption Management omogu\u0107ava IT administratorima koji odr\u017eavaju sistem na daljinu da rade na ra\u010dunarima sa za\u0161ti\u0107enim hard diskovima putem sigurnijeg otklju\u010davanja hard diskova, koriste\u0107i sve prednosti Intel vPro tehnologije.<\/p>\n<p>Jo\u0161 jedna nova opcija, PC Alarm Clock, mo\u017ee pokrenuti ra\u010dunar iz stanja mirovanja u vreme koje ste prethodno sami odredili kako bi bio obra\u0111en neophodni zadatak.<strong> <\/strong><\/p>\n<p><strong>Podstrek za mala i srednja preduze\u0107a <\/strong><\/p>\n<p>Proizvo\u0111a\u010di kompjutera i sistem integratori, uklju\u010duju\u0107i ASI, Equus i Seneca Data po\u010dinju danas predstavljanje notebook ra\u010dunara namenjenih malim i srednjim preduze\u0107ima i zasnovanih na grupi procesora 2010 Intel Core i drugim Intelovim proizvodima. Celu seriju notebook ra\u010dunara, podr\u017eanu \u00a0programom\u201cSpring Peak\u201d kompanije Intel, proizvode kompanije kao \u0161to su Gigabyte i Pegatron, i ta serija je dostupna putem Intelove kanalne prodaje. Platforma Spring Peak nudi prepoznatljiv dizajn, doking stanicu, 15.6-in\u010dni LED LCD notebook ra\u010dunar i podr\u017eava tehnologiju Intel Anti-Theft.<\/p>\n<p><strong>&#8230; i velike kompanije <\/strong><\/p>\n<p>Intel je predstavio <a href=\"http:\/\/www.intel.com\/products\/workstation\/processors\/index.htm\">radnu platformu<\/a> zasnovanu na Intel Core i5 procesoru i \u00a0Intel\u00ae 3450 \u010dipsetu. Ova platforma deo je inovativne kategorije osnovnih radnih stanica koje nude efikasnost, snagu i pouzdanost po pristupa\u010dnim cenama. Platforma koristi novu Intel HD grafiku koju su sertifikovale kompanije ADOBE, Autodesk i druge. Radne stanice zasnovane na platformi dostupne su preko Intelovih partnera, uklju\u010duju\u0107i Fujitsu, HP, Lenovo i NEC.<\/p>\n<p>Za be\u017ei\u010dne performanse koje prate brzinu novih Intel Core i5 i Core i7 procesora, kompanija Intel predstavila je <a href=\"http:\/\/www.intel.com\/network\/connectivity\/products\/wireless\/adapters\/6200-6300\/index.htm\">Intel\u00ae Centrino\u00ae Ultimate-N 6300<\/a> i <a href=\"http:\/\/www.intel.com\/network\/connectivity\/products\/wireless\/adapters\/6200-6300\/index.htm\">Intel\u00ae Centrino\u00ae Advanced-N 6200<\/a> 802.11n WLAN adaptere. Ovi adapteri imaju napredne 802.11n <a href=\"http:\/\/www.intel.com\/network\/connectivity\/products\/wireless\/demo_802\/mimo.htm\">multi-stream<\/a> karakteristike, dual-band podr\u0161ku, stalnu pokrivenost i ve\u0107u brzinu (i do 450 Mb po sekundi<sup> <\/sup>za 6300 i 300 Mb po sekundi za 6200). Kompanija Intel je tako\u0111e predstavila adapter <a href=\"http:\/\/www.intel.com\/network\/connectivity\/products\/wireless\/adapters\/6250\/index.htm\">Intel\u00ae Centrino\u00ae Advanced-N + WiMAX 6250<\/a>, koji nudi i do 20-Mbps <a href=\"http:\/\/www.intel.com\/technology\/wimax\/\">WiMAX<\/a> i napredan 802.11abgn (do 300 Mbps) WiFi za maksimalnu pokrivenost. Sva tri adaptera podr\u017eavaju tehnologiju Intel vPro.<\/p>\n<p>Za vi\u0161e informacija o novoj grupi procesora Intel\u00ae Core\u2122 vPro\u2122 uklju\u010duju\u0107i fotografije i video material, posetite <a href=\"http:\/\/www.intel.com\/pressroom\/kits\/vpro\/core\">press kit<\/a> stranicu.<\/p>\n<p><strong>O kompaniji Intel<\/strong><\/p>\n<p>Intel (NASDAQ: INTC), svetski lider u oblasti inovacija u ra\u010dunarskoj industriji, razvija tehnologije, proizvode i pokre\u0107e inicijative kako bi kontinuirano unapre\u0111ivao na\u010din na koji ljudi rade i \u017eive. Dodatne informacije o kompaniji Intel dostupne su na\u00a0 <a href=\"http:\/\/www.intel.com\/pressroom\">www.intel.com\/pressroom<\/a> i <a href=\"http:\/\/blogs.intel.com\/\">blogs.intel.com<\/a><em> <\/em><\/p>\n<p>Intel (i druge marke) za\u0161ti\u0107eni su brendovi Intel Korporacije u Sjedinjenim Ameri\u010dkim dr\u017eavama i drugim zemljama.<\/p>\n<p>*Druga imena i brendovi mogu biti vlasni\u0161tvo drugih<\/p>\n","protected":false},"excerpt":{"rendered":"<p>Sti\u017ee nova grupa procesora Intel\u00ae Core\u2122 vPro\u2122 SANTA KLARA, Kalifornija, 4. februar, 2010. godine \u2013 Kompanija Intel Corporation predstavila je danas novu grupu procesora 2010 Intel\u00ae Core\u2122 vPro\u2122 kako bi iza\u0161la u susret potrebama svih poslovnih korisnika.Kompanija Intel nudi ra\u010dunare boljih i fleksibilnijih performansi, sa softverom za za\u0161titu od kra\u0111a i smanjenom potro\u0161njom. Procesori Intel Core vPro sti\u017eu u trenutku kada se ra\u010dunari namenjeni poslovnim korisnicima sve vi\u0161e usavr\u0161avaju, uz integraciju videa,&#8230; <\/p>\n<div class=\"more-container\"><a class=\"more-link\" href=\"https:\/\/www.pcvesti.com\/?p=11618\" itemprop=\"url\">Continue reading<\/a><\/div>\n","protected":false},"author":5,"featured_media":0,"comment_status":"closed","ping_status":"closed","sticky":false,"template":"","format":"standard","meta":{"seo_booster_metabox":"","ngg_post_thumbnail":0,"slim_seo":{"title":"Sti\u017ee nova grupa procesora Intel Core vPro - PCVesti","description":"Sti\u017ee nova grupa procesora Intel\u00ae Core\u2122 vPro\u2122 SANTA KLARA, Kalifornija, 4. februar, 2010. godine \u2013 Kompanija Intel Corporation predstavila je danas novu grupu p"},"footnotes":""},"categories":[6,5],"tags":[],"class_list":["post-11618","post","type-post","status-publish","format-standard","hentry","category-hardver","category-pc-vesti"],"yoast_head":"<!-- This site is optimized with the Yoast SEO plugin v27.5 - https:\/\/yoast.com\/product\/yoast-seo-wordpress\/ -->\n<title>Sti\u017ee nova grupa procesora Intel Core vPro  - PCVesti<\/title>\n<meta name=\"robots\" content=\"index, follow, max-snippet:-1, max-image-preview:large, max-video-preview:-1\" \/>\n<link rel=\"canonical\" href=\"https:\/\/www.pcvesti.com\/?p=11618\" \/>\n<meta property=\"og:locale\" content=\"en_US\" \/>\n<meta property=\"og:type\" content=\"article\" \/>\n<meta property=\"og:title\" content=\"Sti\u017ee nova grupa procesora Intel Core vPro  - PCVesti\" \/>\n<meta property=\"og:description\" content=\"Sti\u017ee nova grupa procesora Intel\u00ae Core\u2122 vPro\u2122 SANTA KLARA, Kalifornija, 4. februar, 2010. godine \u2013 Kompanija Intel Corporation predstavila je danas novu grupu procesora 2010 Intel\u00ae Core\u2122 vPro\u2122 kako bi iza\u0161la u susret potrebama svih poslovnih korisnika.Kompanija Intel nudi ra\u010dunare boljih i fleksibilnijih performansi, sa softverom za za\u0161titu od kra\u0111a i smanjenom potro\u0161njom. Procesori Intel Core vPro sti\u017eu u trenutku kada se ra\u010dunari namenjeni poslovnim korisnicima sve vi\u0161e usavr\u0161avaju, uz integraciju videa,... Continue reading\" \/>\n<meta property=\"og:url\" content=\"https:\/\/www.pcvesti.com\/?p=11618\" \/>\n<meta property=\"og:site_name\" content=\"PCVesti\" \/>\n<meta property=\"article:published_time\" content=\"2010-02-05T08:48:03+00:00\" \/>\n<meta name=\"author\" content=\"newsmaster\" \/>\n<meta name=\"twitter:card\" content=\"summary_large_image\" \/>\n<meta name=\"twitter:label1\" content=\"Written by\" \/>\n\t<meta name=\"twitter:data1\" content=\"newsmaster\" \/>\n\t<meta name=\"twitter:label2\" content=\"Est. reading time\" \/>\n\t<meta name=\"twitter:data2\" content=\"5 minutes\" \/>\n<script type=\"application\/ld+json\" class=\"yoast-schema-graph\">{\"@context\":\"https:\\\/\\\/schema.org\",\"@graph\":[{\"@type\":\"Article\",\"@id\":\"https:\\\/\\\/www.pcvesti.com\\\/?p=11618#article\",\"isPartOf\":{\"@id\":\"https:\\\/\\\/www.pcvesti.com\\\/?p=11618\"},\"author\":{\"name\":\"newsmaster\",\"@id\":\"https:\\\/\\\/www.pcvesti.com\\\/#\\\/schema\\\/person\\\/d1e384f7c138a1fcda7af7425e55a6b2\"},\"headline\":\"Sti\u017ee nova grupa procesora Intel Core vPro\",\"datePublished\":\"2010-02-05T08:48:03+00:00\",\"mainEntityOfPage\":{\"@id\":\"https:\\\/\\\/www.pcvesti.com\\\/?p=11618\"},\"wordCount\":1013,\"articleSection\":[\"Hardver\",\"PC Vesti\"],\"inLanguage\":\"en-US\"},{\"@type\":\"WebPage\",\"@id\":\"https:\\\/\\\/www.pcvesti.com\\\/?p=11618\",\"url\":\"https:\\\/\\\/www.pcvesti.com\\\/?p=11618\",\"name\":\"Sti\u017ee nova grupa procesora Intel Core vPro - PCVesti\",\"isPartOf\":{\"@id\":\"https:\\\/\\\/www.pcvesti.com\\\/#website\"},\"datePublished\":\"2010-02-05T08:48:03+00:00\",\"author\":{\"@id\":\"https:\\\/\\\/www.pcvesti.com\\\/#\\\/schema\\\/person\\\/d1e384f7c138a1fcda7af7425e55a6b2\"},\"breadcrumb\":{\"@id\":\"https:\\\/\\\/www.pcvesti.com\\\/?p=11618#breadcrumb\"},\"inLanguage\":\"en-US\",\"potentialAction\":[{\"@type\":\"ReadAction\",\"target\":[\"https:\\\/\\\/www.pcvesti.com\\\/?p=11618\"]}]},{\"@type\":\"BreadcrumbList\",\"@id\":\"https:\\\/\\\/www.pcvesti.com\\\/?p=11618#breadcrumb\",\"itemListElement\":[{\"@type\":\"ListItem\",\"position\":1,\"name\":\"Home\",\"item\":\"https:\\\/\\\/www.pcvesti.com\\\/\"},{\"@type\":\"ListItem\",\"position\":2,\"name\":\"Sti\u017ee nova grupa procesora Intel Core vPro\"}]},{\"@type\":\"WebSite\",\"@id\":\"https:\\\/\\\/www.pcvesti.com\\\/#website\",\"url\":\"https:\\\/\\\/www.pcvesti.com\\\/\",\"name\":\"PCVesti\",\"description\":\"www.pcvesti.com\",\"potentialAction\":[{\"@type\":\"SearchAction\",\"target\":{\"@type\":\"EntryPoint\",\"urlTemplate\":\"https:\\\/\\\/www.pcvesti.com\\\/?s={search_term_string}\"},\"query-input\":{\"@type\":\"PropertyValueSpecification\",\"valueRequired\":true,\"valueName\":\"search_term_string\"}}],\"inLanguage\":\"en-US\"},{\"@type\":\"Person\",\"@id\":\"https:\\\/\\\/www.pcvesti.com\\\/#\\\/schema\\\/person\\\/d1e384f7c138a1fcda7af7425e55a6b2\",\"name\":\"newsmaster\",\"image\":{\"@type\":\"ImageObject\",\"inLanguage\":\"en-US\",\"@id\":\"https:\\\/\\\/www.pcvesti.com\\\/wp-content\\\/uploads\\\/2018\\\/09\\\/avatar_user_5_1537115954-96x96.jpeg\",\"url\":\"https:\\\/\\\/www.pcvesti.com\\\/wp-content\\\/uploads\\\/2018\\\/09\\\/avatar_user_5_1537115954-96x96.jpeg\",\"contentUrl\":\"https:\\\/\\\/www.pcvesti.com\\\/wp-content\\\/uploads\\\/2018\\\/09\\\/avatar_user_5_1537115954-96x96.jpeg\",\"caption\":\"newsmaster\"},\"url\":\"https:\\\/\\\/www.pcvesti.com\\\/?author=5\"}]}<\/script>\n<!-- \/ Yoast SEO plugin. -->","yoast_head_json":{"title":"Sti\u017ee nova grupa procesora Intel Core vPro  - PCVesti","robots":{"index":"index","follow":"follow","max-snippet":"max-snippet:-1","max-image-preview":"max-image-preview:large","max-video-preview":"max-video-preview:-1"},"canonical":"https:\/\/www.pcvesti.com\/?p=11618","og_locale":"en_US","og_type":"article","og_title":"Sti\u017ee nova grupa procesora Intel Core vPro  - PCVesti","og_description":"Sti\u017ee nova grupa procesora Intel\u00ae Core\u2122 vPro\u2122 SANTA KLARA, Kalifornija, 4. februar, 2010. godine \u2013 Kompanija Intel Corporation predstavila je danas novu grupu procesora 2010 Intel\u00ae Core\u2122 vPro\u2122 kako bi iza\u0161la u susret potrebama svih poslovnih korisnika.Kompanija Intel nudi ra\u010dunare boljih i fleksibilnijih performansi, sa softverom za za\u0161titu od kra\u0111a i smanjenom potro\u0161njom. Procesori Intel Core vPro sti\u017eu u trenutku kada se ra\u010dunari namenjeni poslovnim korisnicima sve vi\u0161e usavr\u0161avaju, uz integraciju videa,... Continue reading","og_url":"https:\/\/www.pcvesti.com\/?p=11618","og_site_name":"PCVesti","article_published_time":"2010-02-05T08:48:03+00:00","author":"newsmaster","twitter_card":"summary_large_image","twitter_misc":{"Written by":"newsmaster","Est. reading time":"5 minutes"},"schema":{"@context":"https:\/\/schema.org","@graph":[{"@type":"Article","@id":"https:\/\/www.pcvesti.com\/?p=11618#article","isPartOf":{"@id":"https:\/\/www.pcvesti.com\/?p=11618"},"author":{"name":"newsmaster","@id":"https:\/\/www.pcvesti.com\/#\/schema\/person\/d1e384f7c138a1fcda7af7425e55a6b2"},"headline":"Sti\u017ee nova grupa procesora Intel Core vPro","datePublished":"2010-02-05T08:48:03+00:00","mainEntityOfPage":{"@id":"https:\/\/www.pcvesti.com\/?p=11618"},"wordCount":1013,"articleSection":["Hardver","PC Vesti"],"inLanguage":"en-US"},{"@type":"WebPage","@id":"https:\/\/www.pcvesti.com\/?p=11618","url":"https:\/\/www.pcvesti.com\/?p=11618","name":"Sti\u017ee nova grupa procesora Intel Core vPro - PCVesti","isPartOf":{"@id":"https:\/\/www.pcvesti.com\/#website"},"datePublished":"2010-02-05T08:48:03+00:00","author":{"@id":"https:\/\/www.pcvesti.com\/#\/schema\/person\/d1e384f7c138a1fcda7af7425e55a6b2"},"breadcrumb":{"@id":"https:\/\/www.pcvesti.com\/?p=11618#breadcrumb"},"inLanguage":"en-US","potentialAction":[{"@type":"ReadAction","target":["https:\/\/www.pcvesti.com\/?p=11618"]}]},{"@type":"BreadcrumbList","@id":"https:\/\/www.pcvesti.com\/?p=11618#breadcrumb","itemListElement":[{"@type":"ListItem","position":1,"name":"Home","item":"https:\/\/www.pcvesti.com\/"},{"@type":"ListItem","position":2,"name":"Sti\u017ee nova grupa procesora Intel Core vPro"}]},{"@type":"WebSite","@id":"https:\/\/www.pcvesti.com\/#website","url":"https:\/\/www.pcvesti.com\/","name":"PCVesti","description":"www.pcvesti.com","potentialAction":[{"@type":"SearchAction","target":{"@type":"EntryPoint","urlTemplate":"https:\/\/www.pcvesti.com\/?s={search_term_string}"},"query-input":{"@type":"PropertyValueSpecification","valueRequired":true,"valueName":"search_term_string"}}],"inLanguage":"en-US"},{"@type":"Person","@id":"https:\/\/www.pcvesti.com\/#\/schema\/person\/d1e384f7c138a1fcda7af7425e55a6b2","name":"newsmaster","image":{"@type":"ImageObject","inLanguage":"en-US","@id":"https:\/\/www.pcvesti.com\/wp-content\/uploads\/2018\/09\/avatar_user_5_1537115954-96x96.jpeg","url":"https:\/\/www.pcvesti.com\/wp-content\/uploads\/2018\/09\/avatar_user_5_1537115954-96x96.jpeg","contentUrl":"https:\/\/www.pcvesti.com\/wp-content\/uploads\/2018\/09\/avatar_user_5_1537115954-96x96.jpeg","caption":"newsmaster"},"url":"https:\/\/www.pcvesti.com\/?author=5"}]}},"_links":{"self":[{"href":"https:\/\/www.pcvesti.com\/index.php?rest_route=\/wp\/v2\/posts\/11618","targetHints":{"allow":["GET"]}}],"collection":[{"href":"https:\/\/www.pcvesti.com\/index.php?rest_route=\/wp\/v2\/posts"}],"about":[{"href":"https:\/\/www.pcvesti.com\/index.php?rest_route=\/wp\/v2\/types\/post"}],"author":[{"embeddable":true,"href":"https:\/\/www.pcvesti.com\/index.php?rest_route=\/wp\/v2\/users\/5"}],"replies":[{"embeddable":true,"href":"https:\/\/www.pcvesti.com\/index.php?rest_route=%2Fwp%2Fv2%2Fcomments&post=11618"}],"version-history":[{"count":0,"href":"https:\/\/www.pcvesti.com\/index.php?rest_route=\/wp\/v2\/posts\/11618\/revisions"}],"wp:attachment":[{"href":"https:\/\/www.pcvesti.com\/index.php?rest_route=%2Fwp%2Fv2%2Fmedia&parent=11618"}],"wp:term":[{"taxonomy":"category","embeddable":true,"href":"https:\/\/www.pcvesti.com\/index.php?rest_route=%2Fwp%2Fv2%2Fcategories&post=11618"},{"taxonomy":"post_tag","embeddable":true,"href":"https:\/\/www.pcvesti.com\/index.php?rest_route=%2Fwp%2Fv2%2Ftags&post=11618"}],"curies":[{"name":"wp","href":"https:\/\/api.w.org\/{rel}","templated":true}]}}