{"id":14512,"date":"2010-05-01T00:35:51","date_gmt":"2010-05-01T07:35:51","guid":{"rendered":"http:\/\/www.pcvesti.com\/?p=14512"},"modified":"2010-05-01T00:35:51","modified_gmt":"2010-05-01T07:35:51","slug":"canon-i-udruzenje-zena-novinara-raspisali-nagradni-konkurs-za-zene-fotoreportere-2010","status":"publish","type":"post","link":"https:\/\/www.pcvesti.com\/?p=14512","title":{"rendered":"Canon i Udru\u017eenje \u017eena novinara raspisali nagradni konkurs za \u017eene fotoreportere 2010"},"content":{"rendered":"<p>Beograd 29. april  2010. \u2013\u00a0Kompanija Canon i Udru\u017eenje \u017eena novinara (Association  des femmes Journalistes &#8211; AFJ), raspisali su, deseti po redu, konkurs  za nagradu Canon \u017eena\u00a0 fotoreporter za 2010. godinu.<\/p>\n<p>Ovo priznanje, uz  podr\u0161ku Magazina \u201eLe Figaro\u201c, dodeljuje se svake godine tokom Festivala  \u201eVisa za sliku\u201c\u00a0(Visa pour l\u2019Image Festival) koji se odr\u017eava  u Perprinjonu u Francuskoj. Kompanija Canon Francuska sponzori\u0161e, a  Udru\u017eenje \u017eena novinara dodeljuje nagradu od 8.000 evra i  fotoreporterski  projekat. Takmi\u010denje je otvoreno za sve \u017eene \u2013 profesionalne reportere,  bez obzira na uzrast i nacionalnost.<\/p>\n<p>Rok za predaju  radova  je 31. maj 2010. godine, a pobednika \u0107e u junu izabrati \u017eiri koga  \u010dine profesionalni fotografi i novinari i \u010dlanovi Udru\u017eenja \u017eena  novinara. Kona\u010dno progla\u0161enje pobednika obavi\u0107e se tokom Festivala  \u201eVisa za sliku\u201c u Perpinjonu u Francuskoj.<\/p>\n<p><!--more-->U\u010desnici konkursa  \u0107e biti ocenjivani na osnovu slede\u0107ih kriterijuma: prezentacija  projekta,  kvalitet fotografija, relevantnost odabrane teme, inspiracija i  prethodno  radno iskustvo. Pobedniku \u0107e biti omogu\u0107eno da vodi jednogodi\u0161nji  projekat, koji \u0107e biti predstavljen na Festivalu 2011. godine.<strong> <\/strong><\/p>\n<p><strong>Krajnji rok za  predaju radova:  31. maj 2010.<\/strong><\/p>\n<p>Za vi\u0161e informacija  posetite: <a href=\"http:\/\/www.canonafjaward.com\/\" target=\"_blank\"><span style=\"text-decoration: underline;\">http:\/\/www.canonafjaward.com<\/span><\/a><\/p>\n<p>O kompaniji Canon  Europe<\/p>\n<p>Canon Europe je  regionalna prodajna i marketin\u0161ka ispostava kompanije <a href=\"http:\/\/www.canon.com\/\" target=\"_blank\"><span style=\"text-decoration: underline;\">Canon Inc.<\/span><\/a> koja je prisutna u 120 zemalja i zapo\u0161ljava  vi\u0161e od 11.000 ljudi \u0161irom Evrope, Srednjeg Istoka i Afrike (EMEA  region).<\/p>\n<p>Kompanija je  osnovana  1937. godine sa ciljem da napravi fotoaparate najvi\u0161eg kvaliteta a  dostupnih potro\u0161a\u010dima. Canon-ova neumorna strast prema \u201eSnazi slike\u201c  je od tada izazvala da se ova tehnologija pro\u0161iri na brojna tr\u017ei\u0161ta  i tako je kompanija zauzela mesto svetskog lidera i u domenu potro\u0161a\u010dkih   proizvoda i u domenu poslovnih re\u0161enja.\u00a0Njena re\u0161enja obuhvataju  proizvode,  od kompaktnih digitalnih i SLR fotoaparata, preko emisione optike i  prenosivih aparata sa X-zracima, do multifunkcijskih i produkcijskih  \u0161tampa\u010da, a sve ih podr\u017eava asortiman usluga dodate vrednosti.<\/p>\n<p>Canon mnogo ula\u017ee  u istra\u017eivanje i razvoj kako bi proizveo najbogatije i najinovativnije  proizvode i usluge koje \u0107e zadovoljiti kreativne potrebe korisnika.  Od fotografa do kompanija koje se profesionalno bave \u0161tampom, Canon  svakom korisniku omogu\u0107ava da razvije svoju strast prema slici.<\/p>\n<p>Canon veruje da  je vo\u0111enje ra\u010duna o interesima dru\u0161tva i \u017eivotne sredine integralan  deo dobre poslovne prakse. Ovo je utemeljeno u korporativnu filozofiju  kompanije, \u201e<a href=\"http:\/\/www.canon.rs\/About_Us\/About_Canon\/Philosophy\/Index.asp\" target=\"_blank\"><span style=\"text-decoration: underline;\">Kyosei<\/span><\/a>\u201c, koja se fokusira na zajedni\u010dki rad  i \u017eivot u cilju op\u0161te dobrobiti.<\/p>\n<p>Detaljnije  informacije  o kompaniji Canon Europe dostupne su na adresi <a href=\"http:\/\/www.canon-europe.com\/\" target=\"_blank\"><span style=\"text-decoration: underline;\">www.canon-europe.com<\/span><\/a><\/p>\n<p>O kompaniji Canon  Adria d.o.o.<\/p>\n<p>Canon Adria d.o.o.  je kompanija sa sedi\u0161tem u Ljubljani, u vlasni\u0161tvu kompanije Canon  CEE (Canon Central and East Europe). Osnovna delatnost kompanije Canon  Adria jeste davanje tehni\u010dke podr\u0161ke i trgovina na celokupnom podru\u010dju  Slovenije, Hrvatske, Bosne i Hercegovine, Srbije, Crne Gore, Makedonije  i Albanije.<\/p>\n<p>Vi\u0161e informacija  o kompaniji Canon Adria: <a href=\"http:\/\/www.canon.rs\/\" target=\"_blank\"><span style=\"text-decoration: underline;\">www.canon.rs<\/span><\/a><\/p>\n","protected":false},"excerpt":{"rendered":"<p>Beograd 29. april 2010. \u2013\u00a0Kompanija Canon i Udru\u017eenje \u017eena novinara (Association des femmes Journalistes &#8211; AFJ), raspisali su, deseti po redu, konkurs za nagradu Canon \u017eena\u00a0 fotoreporter za 2010. godinu. Ovo priznanje, uz podr\u0161ku Magazina \u201eLe Figaro\u201c, dodeljuje se svake godine tokom Festivala \u201eVisa za sliku\u201c\u00a0(Visa pour l\u2019Image Festival) koji se odr\u017eava u Perprinjonu u Francuskoj. Kompanija Canon Francuska sponzori\u0161e, a Udru\u017eenje \u017eena novinara dodeljuje nagradu od 8.000 evra i fotoreporterski projekat&#8230;. <\/p>\n<div class=\"more-container\"><a class=\"more-link\" href=\"https:\/\/www.pcvesti.com\/?p=14512\" itemprop=\"url\">Continue reading<\/a><\/div>\n","protected":false},"author":5,"featured_media":0,"comment_status":"closed","ping_status":"closed","sticky":false,"template":"","format":"standard","meta":{"seo_booster_metabox":"","ngg_post_thumbnail":0,"slim_seo":{"title":"Canon i Udru\u017eenje \u017eena novinara raspisali nagradni konkurs za \u017eene fotoreportere 2010 - PCVesti","description":"Beograd 29. april 2010. \u2013\u00a0Kompanija Canon i Udru\u017eenje \u017eena novinara (Association des femmes Journalistes - AFJ), raspisali su, deseti po redu, konkurs za nagrad"},"footnotes":""},"categories":[5],"tags":[],"class_list":["post-14512","post","type-post","status-publish","format-standard","hentry","category-pc-vesti"],"yoast_head":"<!-- This site is optimized with the Yoast SEO plugin v27.5 - https:\/\/yoast.com\/product\/yoast-seo-wordpress\/ -->\n<title>Canon i Udru\u017eenje \u017eena novinara raspisali nagradni konkurs za \u017eene fotoreportere 2010 - PCVesti<\/title>\n<meta name=\"robots\" content=\"index, follow, max-snippet:-1, max-image-preview:large, max-video-preview:-1\" \/>\n<link rel=\"canonical\" href=\"https:\/\/www.pcvesti.com\/?p=14512\" \/>\n<meta property=\"og:locale\" content=\"en_US\" \/>\n<meta property=\"og:type\" content=\"article\" \/>\n<meta property=\"og:title\" content=\"Canon i Udru\u017eenje \u017eena novinara raspisali nagradni konkurs za \u017eene fotoreportere 2010 - PCVesti\" \/>\n<meta property=\"og:description\" content=\"Beograd 29. april 2010. \u2013\u00a0Kompanija Canon i Udru\u017eenje \u017eena novinara (Association des femmes Journalistes &#8211; AFJ), raspisali su, deseti po redu, konkurs za nagradu Canon \u017eena\u00a0 fotoreporter za 2010. godinu. Ovo priznanje, uz podr\u0161ku Magazina \u201eLe Figaro\u201c, dodeljuje se svake godine tokom Festivala \u201eVisa za sliku\u201c\u00a0(Visa pour l\u2019Image Festival) koji se odr\u017eava u Perprinjonu u Francuskoj. Kompanija Canon Francuska sponzori\u0161e, a Udru\u017eenje \u017eena novinara dodeljuje nagradu od 8.000 evra i fotoreporterski projekat.... Continue reading\" \/>\n<meta property=\"og:url\" content=\"https:\/\/www.pcvesti.com\/?p=14512\" \/>\n<meta property=\"og:site_name\" content=\"PCVesti\" \/>\n<meta property=\"article:published_time\" content=\"2010-05-01T07:35:51+00:00\" \/>\n<meta name=\"author\" content=\"newsmaster\" \/>\n<meta name=\"twitter:card\" content=\"summary_large_image\" \/>\n<meta name=\"twitter:label1\" content=\"Written by\" \/>\n\t<meta name=\"twitter:data1\" content=\"newsmaster\" \/>\n\t<meta name=\"twitter:label2\" content=\"Est. reading time\" \/>\n\t<meta name=\"twitter:data2\" content=\"2 minutes\" \/>\n<script type=\"application\/ld+json\" class=\"yoast-schema-graph\">{\"@context\":\"https:\\\/\\\/schema.org\",\"@graph\":[{\"@type\":\"Article\",\"@id\":\"https:\\\/\\\/www.pcvesti.com\\\/?p=14512#article\",\"isPartOf\":{\"@id\":\"https:\\\/\\\/www.pcvesti.com\\\/?p=14512\"},\"author\":{\"name\":\"newsmaster\",\"@id\":\"https:\\\/\\\/www.pcvesti.com\\\/#\\\/schema\\\/person\\\/d1e384f7c138a1fcda7af7425e55a6b2\"},\"headline\":\"Canon i Udru\u017eenje \u017eena novinara raspisali nagradni konkurs za \u017eene fotoreportere 2010\",\"datePublished\":\"2010-05-01T07:35:51+00:00\",\"mainEntityOfPage\":{\"@id\":\"https:\\\/\\\/www.pcvesti.com\\\/?p=14512\"},\"wordCount\":496,\"articleSection\":[\"PC Vesti\"],\"inLanguage\":\"en-US\"},{\"@type\":\"WebPage\",\"@id\":\"https:\\\/\\\/www.pcvesti.com\\\/?p=14512\",\"url\":\"https:\\\/\\\/www.pcvesti.com\\\/?p=14512\",\"name\":\"Canon i Udru\u017eenje \u017eena novinara raspisali nagradni konkurs za \u017eene fotoreportere 2010 - PCVesti\",\"isPartOf\":{\"@id\":\"https:\\\/\\\/www.pcvesti.com\\\/#website\"},\"datePublished\":\"2010-05-01T07:35:51+00:00\",\"author\":{\"@id\":\"https:\\\/\\\/www.pcvesti.com\\\/#\\\/schema\\\/person\\\/d1e384f7c138a1fcda7af7425e55a6b2\"},\"breadcrumb\":{\"@id\":\"https:\\\/\\\/www.pcvesti.com\\\/?p=14512#breadcrumb\"},\"inLanguage\":\"en-US\",\"potentialAction\":[{\"@type\":\"ReadAction\",\"target\":[\"https:\\\/\\\/www.pcvesti.com\\\/?p=14512\"]}]},{\"@type\":\"BreadcrumbList\",\"@id\":\"https:\\\/\\\/www.pcvesti.com\\\/?p=14512#breadcrumb\",\"itemListElement\":[{\"@type\":\"ListItem\",\"position\":1,\"name\":\"Home\",\"item\":\"https:\\\/\\\/www.pcvesti.com\\\/\"},{\"@type\":\"ListItem\",\"position\":2,\"name\":\"Canon i Udru\u017eenje \u017eena novinara raspisali nagradni konkurs za \u017eene fotoreportere 2010\"}]},{\"@type\":\"WebSite\",\"@id\":\"https:\\\/\\\/www.pcvesti.com\\\/#website\",\"url\":\"https:\\\/\\\/www.pcvesti.com\\\/\",\"name\":\"PCVesti\",\"description\":\"www.pcvesti.com\",\"potentialAction\":[{\"@type\":\"SearchAction\",\"target\":{\"@type\":\"EntryPoint\",\"urlTemplate\":\"https:\\\/\\\/www.pcvesti.com\\\/?s={search_term_string}\"},\"query-input\":{\"@type\":\"PropertyValueSpecification\",\"valueRequired\":true,\"valueName\":\"search_term_string\"}}],\"inLanguage\":\"en-US\"},{\"@type\":\"Person\",\"@id\":\"https:\\\/\\\/www.pcvesti.com\\\/#\\\/schema\\\/person\\\/d1e384f7c138a1fcda7af7425e55a6b2\",\"name\":\"newsmaster\",\"image\":{\"@type\":\"ImageObject\",\"inLanguage\":\"en-US\",\"@id\":\"https:\\\/\\\/www.pcvesti.com\\\/wp-content\\\/uploads\\\/2018\\\/09\\\/avatar_user_5_1537115954-96x96.jpeg\",\"url\":\"https:\\\/\\\/www.pcvesti.com\\\/wp-content\\\/uploads\\\/2018\\\/09\\\/avatar_user_5_1537115954-96x96.jpeg\",\"contentUrl\":\"https:\\\/\\\/www.pcvesti.com\\\/wp-content\\\/uploads\\\/2018\\\/09\\\/avatar_user_5_1537115954-96x96.jpeg\",\"caption\":\"newsmaster\"},\"url\":\"https:\\\/\\\/www.pcvesti.com\\\/?author=5\"}]}<\/script>\n<!-- \/ Yoast SEO plugin. -->","yoast_head_json":{"title":"Canon i Udru\u017eenje \u017eena novinara raspisali nagradni konkurs za \u017eene fotoreportere 2010 - PCVesti","robots":{"index":"index","follow":"follow","max-snippet":"max-snippet:-1","max-image-preview":"max-image-preview:large","max-video-preview":"max-video-preview:-1"},"canonical":"https:\/\/www.pcvesti.com\/?p=14512","og_locale":"en_US","og_type":"article","og_title":"Canon i Udru\u017eenje \u017eena novinara raspisali nagradni konkurs za \u017eene fotoreportere 2010 - PCVesti","og_description":"Beograd 29. april 2010. \u2013\u00a0Kompanija Canon i Udru\u017eenje \u017eena novinara (Association des femmes Journalistes &#8211; AFJ), raspisali su, deseti po redu, konkurs za nagradu Canon \u017eena\u00a0 fotoreporter za 2010. godinu. Ovo priznanje, uz podr\u0161ku Magazina \u201eLe Figaro\u201c, dodeljuje se svake godine tokom Festivala \u201eVisa za sliku\u201c\u00a0(Visa pour l\u2019Image Festival) koji se odr\u017eava u Perprinjonu u Francuskoj. Kompanija Canon Francuska sponzori\u0161e, a Udru\u017eenje \u017eena novinara dodeljuje nagradu od 8.000 evra i fotoreporterski projekat.... Continue reading","og_url":"https:\/\/www.pcvesti.com\/?p=14512","og_site_name":"PCVesti","article_published_time":"2010-05-01T07:35:51+00:00","author":"newsmaster","twitter_card":"summary_large_image","twitter_misc":{"Written by":"newsmaster","Est. reading time":"2 minutes"},"schema":{"@context":"https:\/\/schema.org","@graph":[{"@type":"Article","@id":"https:\/\/www.pcvesti.com\/?p=14512#article","isPartOf":{"@id":"https:\/\/www.pcvesti.com\/?p=14512"},"author":{"name":"newsmaster","@id":"https:\/\/www.pcvesti.com\/#\/schema\/person\/d1e384f7c138a1fcda7af7425e55a6b2"},"headline":"Canon i Udru\u017eenje \u017eena novinara raspisali nagradni konkurs za \u017eene fotoreportere 2010","datePublished":"2010-05-01T07:35:51+00:00","mainEntityOfPage":{"@id":"https:\/\/www.pcvesti.com\/?p=14512"},"wordCount":496,"articleSection":["PC Vesti"],"inLanguage":"en-US"},{"@type":"WebPage","@id":"https:\/\/www.pcvesti.com\/?p=14512","url":"https:\/\/www.pcvesti.com\/?p=14512","name":"Canon i Udru\u017eenje \u017eena novinara raspisali nagradni konkurs za \u017eene fotoreportere 2010 - PCVesti","isPartOf":{"@id":"https:\/\/www.pcvesti.com\/#website"},"datePublished":"2010-05-01T07:35:51+00:00","author":{"@id":"https:\/\/www.pcvesti.com\/#\/schema\/person\/d1e384f7c138a1fcda7af7425e55a6b2"},"breadcrumb":{"@id":"https:\/\/www.pcvesti.com\/?p=14512#breadcrumb"},"inLanguage":"en-US","potentialAction":[{"@type":"ReadAction","target":["https:\/\/www.pcvesti.com\/?p=14512"]}]},{"@type":"BreadcrumbList","@id":"https:\/\/www.pcvesti.com\/?p=14512#breadcrumb","itemListElement":[{"@type":"ListItem","position":1,"name":"Home","item":"https:\/\/www.pcvesti.com\/"},{"@type":"ListItem","position":2,"name":"Canon i Udru\u017eenje \u017eena novinara raspisali nagradni konkurs za \u017eene fotoreportere 2010"}]},{"@type":"WebSite","@id":"https:\/\/www.pcvesti.com\/#website","url":"https:\/\/www.pcvesti.com\/","name":"PCVesti","description":"www.pcvesti.com","potentialAction":[{"@type":"SearchAction","target":{"@type":"EntryPoint","urlTemplate":"https:\/\/www.pcvesti.com\/?s={search_term_string}"},"query-input":{"@type":"PropertyValueSpecification","valueRequired":true,"valueName":"search_term_string"}}],"inLanguage":"en-US"},{"@type":"Person","@id":"https:\/\/www.pcvesti.com\/#\/schema\/person\/d1e384f7c138a1fcda7af7425e55a6b2","name":"newsmaster","image":{"@type":"ImageObject","inLanguage":"en-US","@id":"https:\/\/www.pcvesti.com\/wp-content\/uploads\/2018\/09\/avatar_user_5_1537115954-96x96.jpeg","url":"https:\/\/www.pcvesti.com\/wp-content\/uploads\/2018\/09\/avatar_user_5_1537115954-96x96.jpeg","contentUrl":"https:\/\/www.pcvesti.com\/wp-content\/uploads\/2018\/09\/avatar_user_5_1537115954-96x96.jpeg","caption":"newsmaster"},"url":"https:\/\/www.pcvesti.com\/?author=5"}]}},"_links":{"self":[{"href":"https:\/\/www.pcvesti.com\/index.php?rest_route=\/wp\/v2\/posts\/14512","targetHints":{"allow":["GET"]}}],"collection":[{"href":"https:\/\/www.pcvesti.com\/index.php?rest_route=\/wp\/v2\/posts"}],"about":[{"href":"https:\/\/www.pcvesti.com\/index.php?rest_route=\/wp\/v2\/types\/post"}],"author":[{"embeddable":true,"href":"https:\/\/www.pcvesti.com\/index.php?rest_route=\/wp\/v2\/users\/5"}],"replies":[{"embeddable":true,"href":"https:\/\/www.pcvesti.com\/index.php?rest_route=%2Fwp%2Fv2%2Fcomments&post=14512"}],"version-history":[{"count":0,"href":"https:\/\/www.pcvesti.com\/index.php?rest_route=\/wp\/v2\/posts\/14512\/revisions"}],"wp:attachment":[{"href":"https:\/\/www.pcvesti.com\/index.php?rest_route=%2Fwp%2Fv2%2Fmedia&parent=14512"}],"wp:term":[{"taxonomy":"category","embeddable":true,"href":"https:\/\/www.pcvesti.com\/index.php?rest_route=%2Fwp%2Fv2%2Fcategories&post=14512"},{"taxonomy":"post_tag","embeddable":true,"href":"https:\/\/www.pcvesti.com\/index.php?rest_route=%2Fwp%2Fv2%2Ftags&post=14512"}],"curies":[{"name":"wp","href":"https:\/\/api.w.org\/{rel}","templated":true}]}}