{"id":15287,"date":"2010-05-25T00:08:02","date_gmt":"2010-05-25T07:08:02","guid":{"rendered":"http:\/\/www.pcvesti.com\/?p=15287"},"modified":"2010-05-25T00:08:02","modified_gmt":"2010-05-25T07:08:02","slug":"intel-siri-seriju-procesora-2010-intel%c2%ae-core%e2%84%a2","status":"publish","type":"post","link":"https:\/\/www.pcvesti.com\/?p=15287","title":{"rendered":"Intel \u0161iri seriju procesora 2010 Intel\u00ae Core\u2122"},"content":{"rendered":"<p>SANTA KLARA,  Kalifornija, 24. maj\u00a0 2010. godine\u00a0 \u2013  Komapnija Intel je danas predstavila nove procesore serije <span style=\"text-decoration: underline;\">Intel\u00ae Core\u2122<\/span>, \u010dime je pro\u0161irila nagra\u0111ivanu  seriju procesora Intel Core na moderne i <span style=\"text-decoration: underline;\">izuzetno  tanke laptopove<\/span>. Lagani   prenosivi laptopovi, debljine manje od 2.5 cm i te\u017eine samo od 1 do  2.3 kg, omogu\u0107avaju potro\u0161a\u010dima odli\u010dne performanse, trajanje baterije,  kao i dobro povezivanje na mre\u017eu dok su u pokretu.<\/p>\n<p><!--more-->Zasnovani  na <a href=\"http:\/\/www.intel.com\/technology\/architecture-silicon\/32nm\/index.htm\" target=\"_blank\"><span style=\"text-decoration: underline;\">32   nanometarskoj (nm) tehnologiji<\/span><\/a> proizvodnje kompanije Intel, procesori su za vi\u0161e od 32 odsto manji\u00a0  i pru\u017eaju za 32 odsto bolje performanse, i sve to u okviru laganog  i tankog dizajna. Ovi novi procesori tako\u0111e smanjuju potro\u0161nju energije  za vi\u0161e od 15 odsto, \u0161to ima za posledicu nenadma\u0161no trajanje baterije.<\/p>\n<p>\u201ePotro\u0161a\u010di  \u017eude za laptopovima koji pru\u017eaju dobar stil i performanse, a novi  2010 Intel\u00ae Core\u2122 Ultra-Low Voltage procesori namenjeni <a href=\"http:\/\/www.intel.com\/consumer\/products\/style\/ultra-thin.htm\" target=\"_blank\"><span style=\"text-decoration: underline;\">izuzetno  tankim  laptopovima<\/span><\/a> objedinjuju obe karakteristike\u201d,  ka\u017ee Mooly Eden, potpredsednik i direktor PC grupe za rad sa klijentima  u okviru Intela. \u201eLiderstvo kompanije Intel u <a href=\"http:\/\/www.intel.com\/technology\/architecture-silicon\/32nm\/index.htm\" target=\"_blank\"><span style=\"text-decoration: underline;\">32nm<\/span><\/a> high-k metal gate tehnologiji izrade,  kombinovano sa naprednom arhitekturom i dizajnom omogu\u0107ilo je stvaranje  tanjih, lak\u0161ih i br\u017eih laptopova u odnosu na prethodne modele, uz  izuzetno dugotrajnu bateriju. Uz nove procesore, korisnici \u0107e biti  u prilici da iskuse kra\u0107e vreme odziva sistema i manje \u010dekanje. \u201d<\/p>\n<p>Procesori  koji poseduju <a href=\"http:\/\/www.intel.com\/technology\/turboboost\/\" target=\"_blank\"><span style=\"text-decoration: underline;\">Intel\u00ae  Turbo Boost tehnologiju<\/span><\/a> automatski \u0107e ubrzati performanse, u odnosu na obim posla, pru\u017eaju\u0107i  korisnicima trenutno poja\u010danje performansi kadgod je to potrebno. <a href=\"http:\/\/www.intel.com\/technology\/platform-technology\/hyper-threading\/index.htm\" target=\"_blank\"><span style=\"text-decoration: underline;\">Intel\u00ae   Hyper-Threading tehnologija<\/span><\/a>,  dostupna u serijama procesora <a href=\"http:\/\/www.intel.com\/products\/processor\/corei7\/mobile\/index.htm\" target=\"_blank\"><span style=\"text-decoration: underline;\">Intel\u00ae   Core\u2122 i7<\/span><\/a>, <a href=\"http:\/\/www.intel.com\/products\/processor\/corei5\/mobile\/index.htm\" target=\"_blank\"><span style=\"text-decoration: underline;\">Intel\u00ae  Core\u2122  i5<\/span><\/a> i <a href=\"http:\/\/www.intel.com\/products\/processor\/corei3\/mobile\/index.htm\" target=\"_blank\"><span style=\"text-decoration: underline;\">Intel\u00ae  Core\u2122  i3<\/span><\/a>, pru\u017ea odziv  i poma\u017ee da bude smanjena latentnost kada korisnik obavlja vi\u0161e zadataka   istovremeno.<\/p>\n<p>Zahvaljuju\u0107i  <a href=\"http:\/\/www.intel.com\/technology\/graphics\/intelhd.htm\" target=\"_blank\"><span style=\"text-decoration: underline;\">Intel\u00ae   HD grafici<\/span><\/a>,  procesori  pru\u017eaju kristalno jasne vizuelne efekte, rezonantne boje i video visoke  definicije (HD video) kao i audio reprodukcije.<\/p>\n<p>Povrh  svega, nedavno predstavljeni \u010dipset Mobile Intel\u00ae 5 Series Chipset,  dizajniran za upotrebu na ULV laptopovima, pro\u0161iruje podr\u0161ku za  vi\u0161estruke  video i audio opcije, unapre\u0111uje za\u0161titu podataka i PC-a zahvaljuju\u0107i <a href=\"http:\/\/www.intel.com\/technology\/anti-theft\/\" target=\"_blank\"><span style=\"text-decoration: underline;\">Intel\u00ae  Anti-Theft tehnologiji<\/span><\/a> i pru\u017ea robusnu za\u0161titu podataka za korisnike digitalnih sadr\u017eaja.<\/p>\n<p>O\u010dekuje  se da \u0107e proizvo\u0111a\u010di kompjutera kao \u0161to su Acer, Asus, Lenova i  MSI, predstaviti vi\u0161e od 40 modela laptopova koji \u0107e biti ponu\u0111eni  po razli\u010ditim cenama. Za dodatne informacije i fotografije proizvoda,  posetite <a href=\"http:\/\/www.intel.com\/pressroom\/kits\/ultrathin\" target=\"_blank\"><span style=\"text-decoration: underline;\">www.intel.com\/pressroom\/kits\/ultrathin<\/span><\/a>. Da saznate kako izuzetno tanak dizajn   mo\u017ee u\u010diniti va\u0161 \u017eivot u pokretu boljim, posetite blog <a href=\"http:\/\/scoop.intel.com\/\" target=\"_blank\"><span style=\"text-decoration: underline;\">Intel Inside Scoop<\/span><\/a><span style=\"text-decoration: underline;\">.<\/span><\/p>\n<p><strong>O kompaniji  Intel<\/strong><\/p>\n<p>Intel  (NASDAQ: INTC) je svetski lider u oblasti inovacija u ra\u010dunarskoj  industriji.  Kompanija razvija i proizvodi osnovne tehnologije koje slu\u017ee kao osnova  za ra\u010dunarske ure\u0111aje. Dodatne informacije o kompaniji Intel mo\u017eete  prona\u0107i na adresi <a href=\"http:\/\/www.intel.com\/pressroom\" target=\"_blank\"><span style=\"text-decoration: underline;\">www.intel.com\/pressroom<\/span><\/a> i <a href=\"http:\/\/blogs.intel.com\/\" target=\"_blank\"><span style=\"text-decoration: underline;\">blogs.intel.com<\/span><\/a>.<\/p>\n","protected":false},"excerpt":{"rendered":"<p>SANTA KLARA, Kalifornija, 24. maj\u00a0 2010. godine\u00a0 \u2013 Komapnija Intel je danas predstavila nove procesore serije Intel\u00ae Core\u2122, \u010dime je pro\u0161irila nagra\u0111ivanu seriju procesora Intel Core na moderne i izuzetno tanke laptopove. Lagani prenosivi laptopovi, debljine manje od 2.5 cm i te\u017eine samo od 1 do 2.3 kg, omogu\u0107avaju potro\u0161a\u010dima odli\u010dne performanse, trajanje baterije, kao i dobro povezivanje na mre\u017eu dok su u pokretu.<\/p>\n","protected":false},"author":5,"featured_media":0,"comment_status":"closed","ping_status":"closed","sticky":false,"template":"","format":"standard","meta":{"seo_booster_metabox":"","ngg_post_thumbnail":0,"slim_seo":{"title":"Intel \u0161iri seriju procesora 2010 Intel\u00ae Core\u2122 - PCVesti","description":"SANTA KLARA, Kalifornija, 24. maj\u00a0 2010. godine\u00a0 \u2013 Komapnija Intel je danas predstavila nove procesore serije Intel\u00ae Core\u2122 , \u010dime je pro\u0161irila nagra\u0111ivanu serij"},"footnotes":""},"categories":[5],"tags":[],"class_list":["post-15287","post","type-post","status-publish","format-standard","hentry","category-pc-vesti"],"yoast_head":"<!-- This site is optimized with the Yoast SEO plugin v27.5 - https:\/\/yoast.com\/product\/yoast-seo-wordpress\/ -->\n<title>Intel \u0161iri seriju procesora 2010 Intel\u00ae Core\u2122  - PCVesti<\/title>\n<meta name=\"robots\" content=\"index, follow, max-snippet:-1, max-image-preview:large, max-video-preview:-1\" \/>\n<link rel=\"canonical\" href=\"https:\/\/www.pcvesti.com\/?p=15287\" \/>\n<meta property=\"og:locale\" content=\"en_US\" \/>\n<meta property=\"og:type\" content=\"article\" \/>\n<meta property=\"og:title\" content=\"Intel \u0161iri seriju procesora 2010 Intel\u00ae Core\u2122  - PCVesti\" \/>\n<meta property=\"og:description\" content=\"SANTA KLARA, Kalifornija, 24. maj\u00a0 2010. godine\u00a0 \u2013 Komapnija Intel je danas predstavila nove procesore serije Intel\u00ae Core\u2122, \u010dime je pro\u0161irila nagra\u0111ivanu seriju procesora Intel Core na moderne i izuzetno tanke laptopove. Lagani prenosivi laptopovi, debljine manje od 2.5 cm i te\u017eine samo od 1 do 2.3 kg, omogu\u0107avaju potro\u0161a\u010dima odli\u010dne performanse, trajanje baterije, kao i dobro povezivanje na mre\u017eu dok su u pokretu.\" \/>\n<meta property=\"og:url\" content=\"https:\/\/www.pcvesti.com\/?p=15287\" \/>\n<meta property=\"og:site_name\" content=\"PCVesti\" \/>\n<meta property=\"article:published_time\" content=\"2010-05-25T07:08:02+00:00\" \/>\n<meta name=\"author\" content=\"newsmaster\" \/>\n<meta name=\"twitter:card\" content=\"summary_large_image\" \/>\n<meta name=\"twitter:label1\" content=\"Written by\" \/>\n\t<meta name=\"twitter:data1\" content=\"newsmaster\" \/>\n\t<meta name=\"twitter:label2\" content=\"Est. reading time\" \/>\n\t<meta name=\"twitter:data2\" content=\"2 minutes\" \/>\n<script type=\"application\/ld+json\" class=\"yoast-schema-graph\">{\"@context\":\"https:\\\/\\\/schema.org\",\"@graph\":[{\"@type\":\"Article\",\"@id\":\"https:\\\/\\\/www.pcvesti.com\\\/?p=15287#article\",\"isPartOf\":{\"@id\":\"https:\\\/\\\/www.pcvesti.com\\\/?p=15287\"},\"author\":{\"name\":\"newsmaster\",\"@id\":\"https:\\\/\\\/www.pcvesti.com\\\/#\\\/schema\\\/person\\\/d1e384f7c138a1fcda7af7425e55a6b2\"},\"headline\":\"Intel \u0161iri seriju procesora 2010 Intel\u00ae Core\u2122\",\"datePublished\":\"2010-05-25T07:08:02+00:00\",\"mainEntityOfPage\":{\"@id\":\"https:\\\/\\\/www.pcvesti.com\\\/?p=15287\"},\"wordCount\":475,\"articleSection\":[\"PC Vesti\"],\"inLanguage\":\"en-US\"},{\"@type\":\"WebPage\",\"@id\":\"https:\\\/\\\/www.pcvesti.com\\\/?p=15287\",\"url\":\"https:\\\/\\\/www.pcvesti.com\\\/?p=15287\",\"name\":\"Intel \u0161iri seriju procesora 2010 Intel\u00ae Core\u2122 - PCVesti\",\"isPartOf\":{\"@id\":\"https:\\\/\\\/www.pcvesti.com\\\/#website\"},\"datePublished\":\"2010-05-25T07:08:02+00:00\",\"author\":{\"@id\":\"https:\\\/\\\/www.pcvesti.com\\\/#\\\/schema\\\/person\\\/d1e384f7c138a1fcda7af7425e55a6b2\"},\"breadcrumb\":{\"@id\":\"https:\\\/\\\/www.pcvesti.com\\\/?p=15287#breadcrumb\"},\"inLanguage\":\"en-US\",\"potentialAction\":[{\"@type\":\"ReadAction\",\"target\":[\"https:\\\/\\\/www.pcvesti.com\\\/?p=15287\"]}]},{\"@type\":\"BreadcrumbList\",\"@id\":\"https:\\\/\\\/www.pcvesti.com\\\/?p=15287#breadcrumb\",\"itemListElement\":[{\"@type\":\"ListItem\",\"position\":1,\"name\":\"Home\",\"item\":\"https:\\\/\\\/www.pcvesti.com\\\/\"},{\"@type\":\"ListItem\",\"position\":2,\"name\":\"Intel \u0161iri seriju procesora 2010 Intel\u00ae Core\u2122\"}]},{\"@type\":\"WebSite\",\"@id\":\"https:\\\/\\\/www.pcvesti.com\\\/#website\",\"url\":\"https:\\\/\\\/www.pcvesti.com\\\/\",\"name\":\"PCVesti\",\"description\":\"www.pcvesti.com\",\"potentialAction\":[{\"@type\":\"SearchAction\",\"target\":{\"@type\":\"EntryPoint\",\"urlTemplate\":\"https:\\\/\\\/www.pcvesti.com\\\/?s={search_term_string}\"},\"query-input\":{\"@type\":\"PropertyValueSpecification\",\"valueRequired\":true,\"valueName\":\"search_term_string\"}}],\"inLanguage\":\"en-US\"},{\"@type\":\"Person\",\"@id\":\"https:\\\/\\\/www.pcvesti.com\\\/#\\\/schema\\\/person\\\/d1e384f7c138a1fcda7af7425e55a6b2\",\"name\":\"newsmaster\",\"image\":{\"@type\":\"ImageObject\",\"inLanguage\":\"en-US\",\"@id\":\"https:\\\/\\\/www.pcvesti.com\\\/wp-content\\\/uploads\\\/2018\\\/09\\\/avatar_user_5_1537115954-96x96.jpeg\",\"url\":\"https:\\\/\\\/www.pcvesti.com\\\/wp-content\\\/uploads\\\/2018\\\/09\\\/avatar_user_5_1537115954-96x96.jpeg\",\"contentUrl\":\"https:\\\/\\\/www.pcvesti.com\\\/wp-content\\\/uploads\\\/2018\\\/09\\\/avatar_user_5_1537115954-96x96.jpeg\",\"caption\":\"newsmaster\"},\"url\":\"https:\\\/\\\/www.pcvesti.com\\\/?author=5\"}]}<\/script>\n<!-- \/ Yoast SEO plugin. -->","yoast_head_json":{"title":"Intel \u0161iri seriju procesora 2010 Intel\u00ae Core\u2122  - PCVesti","robots":{"index":"index","follow":"follow","max-snippet":"max-snippet:-1","max-image-preview":"max-image-preview:large","max-video-preview":"max-video-preview:-1"},"canonical":"https:\/\/www.pcvesti.com\/?p=15287","og_locale":"en_US","og_type":"article","og_title":"Intel \u0161iri seriju procesora 2010 Intel\u00ae Core\u2122  - PCVesti","og_description":"SANTA KLARA, Kalifornija, 24. maj\u00a0 2010. godine\u00a0 \u2013 Komapnija Intel je danas predstavila nove procesore serije Intel\u00ae Core\u2122, \u010dime je pro\u0161irila nagra\u0111ivanu seriju procesora Intel Core na moderne i izuzetno tanke laptopove. Lagani prenosivi laptopovi, debljine manje od 2.5 cm i te\u017eine samo od 1 do 2.3 kg, omogu\u0107avaju potro\u0161a\u010dima odli\u010dne performanse, trajanje baterije, kao i dobro povezivanje na mre\u017eu dok su u pokretu.","og_url":"https:\/\/www.pcvesti.com\/?p=15287","og_site_name":"PCVesti","article_published_time":"2010-05-25T07:08:02+00:00","author":"newsmaster","twitter_card":"summary_large_image","twitter_misc":{"Written by":"newsmaster","Est. reading time":"2 minutes"},"schema":{"@context":"https:\/\/schema.org","@graph":[{"@type":"Article","@id":"https:\/\/www.pcvesti.com\/?p=15287#article","isPartOf":{"@id":"https:\/\/www.pcvesti.com\/?p=15287"},"author":{"name":"newsmaster","@id":"https:\/\/www.pcvesti.com\/#\/schema\/person\/d1e384f7c138a1fcda7af7425e55a6b2"},"headline":"Intel \u0161iri seriju procesora 2010 Intel\u00ae Core\u2122","datePublished":"2010-05-25T07:08:02+00:00","mainEntityOfPage":{"@id":"https:\/\/www.pcvesti.com\/?p=15287"},"wordCount":475,"articleSection":["PC Vesti"],"inLanguage":"en-US"},{"@type":"WebPage","@id":"https:\/\/www.pcvesti.com\/?p=15287","url":"https:\/\/www.pcvesti.com\/?p=15287","name":"Intel \u0161iri seriju procesora 2010 Intel\u00ae Core\u2122 - PCVesti","isPartOf":{"@id":"https:\/\/www.pcvesti.com\/#website"},"datePublished":"2010-05-25T07:08:02+00:00","author":{"@id":"https:\/\/www.pcvesti.com\/#\/schema\/person\/d1e384f7c138a1fcda7af7425e55a6b2"},"breadcrumb":{"@id":"https:\/\/www.pcvesti.com\/?p=15287#breadcrumb"},"inLanguage":"en-US","potentialAction":[{"@type":"ReadAction","target":["https:\/\/www.pcvesti.com\/?p=15287"]}]},{"@type":"BreadcrumbList","@id":"https:\/\/www.pcvesti.com\/?p=15287#breadcrumb","itemListElement":[{"@type":"ListItem","position":1,"name":"Home","item":"https:\/\/www.pcvesti.com\/"},{"@type":"ListItem","position":2,"name":"Intel \u0161iri seriju procesora 2010 Intel\u00ae Core\u2122"}]},{"@type":"WebSite","@id":"https:\/\/www.pcvesti.com\/#website","url":"https:\/\/www.pcvesti.com\/","name":"PCVesti","description":"www.pcvesti.com","potentialAction":[{"@type":"SearchAction","target":{"@type":"EntryPoint","urlTemplate":"https:\/\/www.pcvesti.com\/?s={search_term_string}"},"query-input":{"@type":"PropertyValueSpecification","valueRequired":true,"valueName":"search_term_string"}}],"inLanguage":"en-US"},{"@type":"Person","@id":"https:\/\/www.pcvesti.com\/#\/schema\/person\/d1e384f7c138a1fcda7af7425e55a6b2","name":"newsmaster","image":{"@type":"ImageObject","inLanguage":"en-US","@id":"https:\/\/www.pcvesti.com\/wp-content\/uploads\/2018\/09\/avatar_user_5_1537115954-96x96.jpeg","url":"https:\/\/www.pcvesti.com\/wp-content\/uploads\/2018\/09\/avatar_user_5_1537115954-96x96.jpeg","contentUrl":"https:\/\/www.pcvesti.com\/wp-content\/uploads\/2018\/09\/avatar_user_5_1537115954-96x96.jpeg","caption":"newsmaster"},"url":"https:\/\/www.pcvesti.com\/?author=5"}]}},"_links":{"self":[{"href":"https:\/\/www.pcvesti.com\/index.php?rest_route=\/wp\/v2\/posts\/15287","targetHints":{"allow":["GET"]}}],"collection":[{"href":"https:\/\/www.pcvesti.com\/index.php?rest_route=\/wp\/v2\/posts"}],"about":[{"href":"https:\/\/www.pcvesti.com\/index.php?rest_route=\/wp\/v2\/types\/post"}],"author":[{"embeddable":true,"href":"https:\/\/www.pcvesti.com\/index.php?rest_route=\/wp\/v2\/users\/5"}],"replies":[{"embeddable":true,"href":"https:\/\/www.pcvesti.com\/index.php?rest_route=%2Fwp%2Fv2%2Fcomments&post=15287"}],"version-history":[{"count":0,"href":"https:\/\/www.pcvesti.com\/index.php?rest_route=\/wp\/v2\/posts\/15287\/revisions"}],"wp:attachment":[{"href":"https:\/\/www.pcvesti.com\/index.php?rest_route=%2Fwp%2Fv2%2Fmedia&parent=15287"}],"wp:term":[{"taxonomy":"category","embeddable":true,"href":"https:\/\/www.pcvesti.com\/index.php?rest_route=%2Fwp%2Fv2%2Fcategories&post=15287"},{"taxonomy":"post_tag","embeddable":true,"href":"https:\/\/www.pcvesti.com\/index.php?rest_route=%2Fwp%2Fv2%2Ftags&post=15287"}],"curies":[{"name":"wp","href":"https:\/\/api.w.org\/{rel}","templated":true}]}}