{"id":15549,"date":"2010-06-02T02:59:40","date_gmt":"2010-06-02T09:59:40","guid":{"rendered":"http:\/\/www.pcvesti.com\/?p=15549"},"modified":"2010-06-02T02:59:40","modified_gmt":"2010-06-02T09:59:40","slug":"na-sajmu-computex-intal-predstavio-ambiciozne-planove-u-vezi-sa-atom-procesorom","status":"publish","type":"post","link":"https:\/\/www.pcvesti.com\/?p=15549","title":{"rendered":"Na sajmu Computex Intal predstavio ambiciozne planove u vezi sa Atom procesorom"},"content":{"rendered":"<p>COMPUTEX, Taipei, 1. jun 2010. \u2013  Danas je na sajmu <a href=\"http:\/\/www.intel.com\/pressroom\/kits\/events\/computex2010\/\" target=\"_blank\"><span style=\"text-decoration: underline;\">Computex<\/span><\/a>, kompanija Intel predstavila svoje  nove proizvode zasnovane na \u0161tedljivoj grupi procesora Intel\u00ae Atom\u2122,  uklju\u010duju\u0107i i planove o dodatnom razviju popularne notebook kategorije,  kao i pro\u0161irenje na nove tr\u017ei\u0161ne segmente izvan ve\u0107 naprednih PC,  laptop i server segmenata.<\/p>\n<p><!--more-->U  proteklih 45 dana, Intel i njegov Atom procesor su u\u0161li na razna tr\u017ei\u0161ta  prevazilaze\u0107i broj od pedeset miliona notebook ra\u010dunara zasnovanih  na Intel procesorima prodatih u protekle dve godine. Intel <a href=\"http:\/\/www.intel.com\/pressroom\/archive\/releases\/2010\/20100413comp.htm\" target=\"_blank\"><span style=\"text-decoration: underline;\">je objavio saradnju,  u vidu obezbe\u0111ivanja procesora i MeeGo* softvera<\/span><\/a>, sa  kineskim proizvo\u0111a\u010dem automobila HawTai Automobile na razvoju budu\u0107e  infotainment platforme koja \u0107e se nalaziti u vozilima. Intel je tako\u0111e  najavio <a href=\"http:\/\/www.intel.com\/pressroom\/archive\/releases\/2010\/20100504comp.htm\" target=\"_blank\"><span style=\"text-decoration: underline;\">novu  generaciju platformi zasnovanih na Atom\u2122 procesorima<\/span><\/a> sa vi\u0161e od pedeset puta manjom potro\u0161njom  energije namenjenu mobilnim ure\u0111ajima uklju\u010duju\u0107i smart telefone,  i <a href=\"http:\/\/www.intel.com\/pressroom\/archive\/releases\/2010\/20100520corp.htm\" target=\"_blank\"><span style=\"text-decoration: underline;\">ugovor  sklopljen sa kompanijama Google, Sony i Logitech<\/span><\/a> vezano  za projekat Smart TV.<\/p>\n<p>Intel  je nedavno najavio budu\u0107i sistem na \u010dipu (SoC) zasnovan na Atom procesoru  pod nazivom \u201c<a href=\"http:\/\/www.intel.com\/pressroom\/archive\/releases\/2010\/20100413comp.htm\" target=\"_blank\"><span style=\"text-decoration: underline;\">Tunnel  Creek<\/span><\/a>\u201d koji  \u0107e po prvi put, dozvoliti drugim kompanijama da pove\u017eu vlastiti silikonske  ure\u0111aje sa SoC proizvodom kompanije Intel. Intel Atom procesor tako\u0111e  pokre\u0107e <a href=\"http:\/\/www.intel.com\/healthcare\/reader\/\" target=\"_blank\"><span style=\"text-decoration: underline;\">Intel\u00ae  Reader<\/span><\/a> (Intelov \u010dita\u010d) i na osnovu ovog  proizvoda Intel je dobio vi\u0161e od tri hiljde ponuda za sardnju na kreiranju  proizvoda koji nisu iz oblasti ra\u010dunarstva, od sprave za lociranje  riba do golf kola.<\/p>\n<p>Tokom  svoje zavr\u0161ne re\u010di na sajmu Computex, Dejvid (Dadi) Perlmuter, potpredsednik  i direktor grupe Intel Architecture, govorio je o <a href=\"http:\/\/www.intel.com\/pressroom\/kits\/events\/computex2010\/\" target=\"_blank\"><span style=\"text-decoration: underline;\">ovim i drugim naporima  kompanije Intel<\/span><\/a>, \u0161to je obuhvatalo predstavljanje najtanjeg  notebook ra\u010dunara na svetu koga pokre\u0107e nova dual-core platforma,  \u201ePine Trial\u201d. Samo 14mm tanak, \u201e<a href=\"http:\/\/www.intel.com\/pressroom\/kits\/events\/computex2010\/\" target=\"_blank\"><span style=\"text-decoration: underline;\">Canoe  Lake<\/span><\/a>\u201d je 50 odsto  tanji od bilo kog notebook ra\u010dunara na tr\u017ei\u0161tu danas.<\/p>\n<p>\u201eIntel  veruje u snagu Atom fran\u0161ize kao i da ona mo\u017ee pomo\u0107i potro\u0161a\u010dima  da shvate pravi potencijal zajedni\u010dkog iskustva kako bi se omogu\u0107io  kompjuterski kontinuum\u201d, izjavio je Perlmuter. \u201eSa platformama koje  obuhvataju sve, od kompaktnih i prenosivih notebook ra\u010dunara, do smart  televizora i tablet ra\u010dunara inovativnog dizajna, Intel arhitektura  donosi inovativne proizvode zasnovane na jedinstvenoj \u201eport of choice\u201d  softverskoj strategiji.\u201d<\/p>\n<p><strong>Izdvajamo  iz zavr\u0161ne re\u010di<\/strong><\/p>\n<p>Navode\u0107i  da dnevno milion ra\u010dunara biva prodato, Perlmuter je istakao <a href=\"http:\/\/www.intel.com\/consumer\/products\/processors\/core-family.htm\" target=\"_blank\"><span style=\"text-decoration: underline;\">potpuno novu grupu  procesora 2010 Intel\u00ae Core\u2122<\/span><\/a>, uklju\u010duju\u0107i <a href=\"http:\/\/www.intel.com\/consumer\/products\/technology\/wirelessdisplay.htm\" target=\"_blank\"><span style=\"text-decoration: underline;\">Intel\u00ae Wireless  Display<\/span><\/a>, kao i novu generaciju Intel Core procesora  koja \u0107e koristiti Intel mikroarhitekturu pod kodnim imenom \u201eSandy  Bridge\u201d, \u010dija proizvodnja bi trebalo da po\u010dne krajem 2010.godine.<\/p>\n<p>Rene  D\u017eejms, potpredsednica i direktorka \u201eSoftware and Services Group\u201d  u kompaniji Intel, pridru\u017eila se Perlmuteru na bini u diskusiji na  temu na koji \u0107e na\u010din softver i izbor softvera pomo\u0107i ostvarivanju  vizije komapnije Intel koja se ti\u010de Atom procesora i iskustva rada  na unakrsnim ure\u0111ajima. To \u0107e stvoriti potro\u0161a\u010dku doslednost i mogu\u0107nost  da budu zadovoljni svojim izborom kompjutera i sli\u010dnih ure\u0111aja. D\u017eejms  je tako\u0111e najavila da \u0107e Asus biti prvi distributer koji \u0107e isporu\u010diti  instaliran i prilago\u0111en AppUp servis nazvan \u201eAsus App Store\u201d na  netbook ra\u010dunarima ove jeseni, po\u010dev\u0161i sa Windows-om preko MeeGo  zasnovanih sistema.<\/p>\n<p>Izvr\u0161ni  direktor kompanije <a href=\"http:\/\/www.acer.com\/\" target=\"_blank\">Acer<\/a>, Gianfranco Lanci, razgovarao je sa  Perlmuterom na temu budu\u0107ih netbook i tablet ra\u010dunara kompanije Acer  koji \u0107e biti zasnovani na Intel\u00ae Atom\u2122-procesoru, i raditi na MeeGo*  softverskoj platformi, a posedova\u0107e otvoren ekosistem inovacija.<\/p>\n<p>\u201cAcer  \u0107e imati spremne mobilne ure\u0111aje zasnovane na platformi MeeGo,\u201d\u00a0 izjavio je Lanci. \u201cOtvorena softverska platforma sistema MeeGo ponudi\u0107e  na\u0161im kupcima jo\u0161 jedan operativni sistem lak za upotrebu. Veliko  nam je zadovoljstvo da sara\u0111ujemo sa Intelom u nastojanju da obezbedimo  tehnologiju koja pru\u017ea velike mogu\u0107nosti na poslu, kod ku\u0107e \u2013 bilo  gde i bilo kad.\u201d<\/p>\n<p><strong>Novi  Intel\u00aeAtom\u2122 procesori<\/strong><\/p>\n<p>U  proizvodnji slede\u0107e nedelje, a na policama pre praznika, mobilni dual-core  Atom \u0107e doneti primetno br\u017ee, odgovornije potro\u0161a\u010dko iskustvo u  istim kompaktnim oblicima i veli\u010dinama, i sa istim trajanjem baterije.  Intel Atom procesori, N455 i N475, sa DDR3 podr\u0161kom za netbook ra\u010dunare  dostupni su danas, dok \u0107e D525 i D425 namenjeni osnovnom tr\u017ei\u0161tu  desktop ra\u010dunara, biti dostupni od 21. juna. \u201eOak Trail\u201d koji \u0107e  biti dostupan kupcima po\u010detkom 2011. godine, prilago\u0111en je elegantnim  tablet i netbook ra\u010dunarima, i done\u0107e i do 50 odsto smanjenu potro\u0161nju  elekti\u010dne energije sa potpunom HD video reprodukcijom i izborom softvera  uklju\u010duju\u0107i operativne sisteme MeeGo, Windows 7 i Google.<br \/>\n<strong>O kompaniji Intel<\/strong><\/p>\n<p>Intel  (NASDAQ: INTC) je svetski lider u oblasti inovacija u ra\u010dunarskoj industriji.  Kompanija razvija i proizvodi osnovne tehnologije koje slu\u017ee kao osnova  za ra\u010dunarske ure\u0111aje. Dodatne informacije o kompaniji Intel mo\u017eete  prona\u0107i na adresi <a href=\"http:\/\/www.intel.com\/pressroom\" target=\"_blank\"><span style=\"text-decoration: underline;\">www.intel.com\/pressroom<\/span><\/a> i <a href=\"http:\/\/blogs.intel.com\/\" target=\"_blank\"><span style=\"text-decoration: underline;\">blogs.intel.com<\/span><\/a>.<\/p>\n","protected":false},"excerpt":{"rendered":"<p>COMPUTEX, Taipei, 1. jun 2010. \u2013 Danas je na sajmu Computex, kompanija Intel predstavila svoje nove proizvode zasnovane na \u0161tedljivoj grupi procesora Intel\u00ae Atom\u2122, uklju\u010duju\u0107i i planove o dodatnom razviju popularne notebook kategorije, kao i pro\u0161irenje na nove tr\u017ei\u0161ne segmente izvan ve\u0107 naprednih PC, laptop i server segmenata.<\/p>\n","protected":false},"author":5,"featured_media":0,"comment_status":"closed","ping_status":"closed","sticky":false,"template":"","format":"standard","meta":{"seo_booster_metabox":"","ngg_post_thumbnail":0,"slim_seo":{"title":"Na sajmu Computex Intal predstavio ambiciozne planove u vezi sa Atom procesorom - PCVesti","description":"COMPUTEX, Taipei, 1. jun 2010. \u2013 Danas je na sajmu Computex , kompanija Intel predstavila svoje nove proizvode zasnovane na \u0161tedljivoj grupi procesora Intel\u00ae At"},"footnotes":""},"categories":[5],"tags":[],"class_list":["post-15549","post","type-post","status-publish","format-standard","hentry","category-pc-vesti"],"yoast_head":"<!-- This site is optimized with the Yoast SEO plugin v27.5 - https:\/\/yoast.com\/product\/yoast-seo-wordpress\/ -->\n<title>Na sajmu Computex Intal predstavio ambiciozne planove u vezi sa Atom procesorom - PCVesti<\/title>\n<meta name=\"robots\" content=\"index, follow, max-snippet:-1, max-image-preview:large, max-video-preview:-1\" \/>\n<link rel=\"canonical\" href=\"https:\/\/www.pcvesti.com\/?p=15549\" \/>\n<meta property=\"og:locale\" content=\"en_US\" \/>\n<meta property=\"og:type\" content=\"article\" \/>\n<meta property=\"og:title\" content=\"Na sajmu Computex Intal predstavio ambiciozne planove u vezi sa Atom procesorom - PCVesti\" \/>\n<meta property=\"og:description\" content=\"COMPUTEX, Taipei, 1. jun 2010. \u2013 Danas je na sajmu Computex, kompanija Intel predstavila svoje nove proizvode zasnovane na \u0161tedljivoj grupi procesora Intel\u00ae Atom\u2122, uklju\u010duju\u0107i i planove o dodatnom razviju popularne notebook kategorije, kao i pro\u0161irenje na nove tr\u017ei\u0161ne segmente izvan ve\u0107 naprednih PC, laptop i server segmenata.\" \/>\n<meta property=\"og:url\" content=\"https:\/\/www.pcvesti.com\/?p=15549\" \/>\n<meta property=\"og:site_name\" content=\"PCVesti\" \/>\n<meta property=\"article:published_time\" content=\"2010-06-02T09:59:40+00:00\" \/>\n<meta name=\"author\" content=\"newsmaster\" \/>\n<meta name=\"twitter:card\" content=\"summary_large_image\" \/>\n<meta name=\"twitter:label1\" content=\"Written by\" \/>\n\t<meta name=\"twitter:data1\" content=\"newsmaster\" \/>\n\t<meta name=\"twitter:label2\" content=\"Est. reading time\" \/>\n\t<meta name=\"twitter:data2\" content=\"4 minutes\" \/>\n<script type=\"application\/ld+json\" class=\"yoast-schema-graph\">{\"@context\":\"https:\\\/\\\/schema.org\",\"@graph\":[{\"@type\":\"Article\",\"@id\":\"https:\\\/\\\/www.pcvesti.com\\\/?p=15549#article\",\"isPartOf\":{\"@id\":\"https:\\\/\\\/www.pcvesti.com\\\/?p=15549\"},\"author\":{\"name\":\"newsmaster\",\"@id\":\"https:\\\/\\\/www.pcvesti.com\\\/#\\\/schema\\\/person\\\/d1e384f7c138a1fcda7af7425e55a6b2\"},\"headline\":\"Na sajmu Computex Intal predstavio ambiciozne planove u vezi sa Atom procesorom\",\"datePublished\":\"2010-06-02T09:59:40+00:00\",\"mainEntityOfPage\":{\"@id\":\"https:\\\/\\\/www.pcvesti.com\\\/?p=15549\"},\"wordCount\":832,\"articleSection\":[\"PC Vesti\"],\"inLanguage\":\"en-US\"},{\"@type\":\"WebPage\",\"@id\":\"https:\\\/\\\/www.pcvesti.com\\\/?p=15549\",\"url\":\"https:\\\/\\\/www.pcvesti.com\\\/?p=15549\",\"name\":\"Na sajmu Computex Intal predstavio ambiciozne planove u vezi sa Atom procesorom - PCVesti\",\"isPartOf\":{\"@id\":\"https:\\\/\\\/www.pcvesti.com\\\/#website\"},\"datePublished\":\"2010-06-02T09:59:40+00:00\",\"author\":{\"@id\":\"https:\\\/\\\/www.pcvesti.com\\\/#\\\/schema\\\/person\\\/d1e384f7c138a1fcda7af7425e55a6b2\"},\"breadcrumb\":{\"@id\":\"https:\\\/\\\/www.pcvesti.com\\\/?p=15549#breadcrumb\"},\"inLanguage\":\"en-US\",\"potentialAction\":[{\"@type\":\"ReadAction\",\"target\":[\"https:\\\/\\\/www.pcvesti.com\\\/?p=15549\"]}]},{\"@type\":\"BreadcrumbList\",\"@id\":\"https:\\\/\\\/www.pcvesti.com\\\/?p=15549#breadcrumb\",\"itemListElement\":[{\"@type\":\"ListItem\",\"position\":1,\"name\":\"Home\",\"item\":\"https:\\\/\\\/www.pcvesti.com\\\/\"},{\"@type\":\"ListItem\",\"position\":2,\"name\":\"Na sajmu Computex Intal predstavio ambiciozne planove u vezi sa Atom procesorom\"}]},{\"@type\":\"WebSite\",\"@id\":\"https:\\\/\\\/www.pcvesti.com\\\/#website\",\"url\":\"https:\\\/\\\/www.pcvesti.com\\\/\",\"name\":\"PCVesti\",\"description\":\"www.pcvesti.com\",\"potentialAction\":[{\"@type\":\"SearchAction\",\"target\":{\"@type\":\"EntryPoint\",\"urlTemplate\":\"https:\\\/\\\/www.pcvesti.com\\\/?s={search_term_string}\"},\"query-input\":{\"@type\":\"PropertyValueSpecification\",\"valueRequired\":true,\"valueName\":\"search_term_string\"}}],\"inLanguage\":\"en-US\"},{\"@type\":\"Person\",\"@id\":\"https:\\\/\\\/www.pcvesti.com\\\/#\\\/schema\\\/person\\\/d1e384f7c138a1fcda7af7425e55a6b2\",\"name\":\"newsmaster\",\"image\":{\"@type\":\"ImageObject\",\"inLanguage\":\"en-US\",\"@id\":\"https:\\\/\\\/www.pcvesti.com\\\/wp-content\\\/uploads\\\/2018\\\/09\\\/avatar_user_5_1537115954-96x96.jpeg\",\"url\":\"https:\\\/\\\/www.pcvesti.com\\\/wp-content\\\/uploads\\\/2018\\\/09\\\/avatar_user_5_1537115954-96x96.jpeg\",\"contentUrl\":\"https:\\\/\\\/www.pcvesti.com\\\/wp-content\\\/uploads\\\/2018\\\/09\\\/avatar_user_5_1537115954-96x96.jpeg\",\"caption\":\"newsmaster\"},\"url\":\"https:\\\/\\\/www.pcvesti.com\\\/?author=5\"}]}<\/script>\n<!-- \/ Yoast SEO plugin. -->","yoast_head_json":{"title":"Na sajmu Computex Intal predstavio ambiciozne planove u vezi sa Atom procesorom - PCVesti","robots":{"index":"index","follow":"follow","max-snippet":"max-snippet:-1","max-image-preview":"max-image-preview:large","max-video-preview":"max-video-preview:-1"},"canonical":"https:\/\/www.pcvesti.com\/?p=15549","og_locale":"en_US","og_type":"article","og_title":"Na sajmu Computex Intal predstavio ambiciozne planove u vezi sa Atom procesorom - PCVesti","og_description":"COMPUTEX, Taipei, 1. jun 2010. \u2013 Danas je na sajmu Computex, kompanija Intel predstavila svoje nove proizvode zasnovane na \u0161tedljivoj grupi procesora Intel\u00ae Atom\u2122, uklju\u010duju\u0107i i planove o dodatnom razviju popularne notebook kategorije, kao i pro\u0161irenje na nove tr\u017ei\u0161ne segmente izvan ve\u0107 naprednih PC, laptop i server segmenata.","og_url":"https:\/\/www.pcvesti.com\/?p=15549","og_site_name":"PCVesti","article_published_time":"2010-06-02T09:59:40+00:00","author":"newsmaster","twitter_card":"summary_large_image","twitter_misc":{"Written by":"newsmaster","Est. reading time":"4 minutes"},"schema":{"@context":"https:\/\/schema.org","@graph":[{"@type":"Article","@id":"https:\/\/www.pcvesti.com\/?p=15549#article","isPartOf":{"@id":"https:\/\/www.pcvesti.com\/?p=15549"},"author":{"name":"newsmaster","@id":"https:\/\/www.pcvesti.com\/#\/schema\/person\/d1e384f7c138a1fcda7af7425e55a6b2"},"headline":"Na sajmu Computex Intal predstavio ambiciozne planove u vezi sa Atom procesorom","datePublished":"2010-06-02T09:59:40+00:00","mainEntityOfPage":{"@id":"https:\/\/www.pcvesti.com\/?p=15549"},"wordCount":832,"articleSection":["PC Vesti"],"inLanguage":"en-US"},{"@type":"WebPage","@id":"https:\/\/www.pcvesti.com\/?p=15549","url":"https:\/\/www.pcvesti.com\/?p=15549","name":"Na sajmu Computex Intal predstavio ambiciozne planove u vezi sa Atom procesorom - PCVesti","isPartOf":{"@id":"https:\/\/www.pcvesti.com\/#website"},"datePublished":"2010-06-02T09:59:40+00:00","author":{"@id":"https:\/\/www.pcvesti.com\/#\/schema\/person\/d1e384f7c138a1fcda7af7425e55a6b2"},"breadcrumb":{"@id":"https:\/\/www.pcvesti.com\/?p=15549#breadcrumb"},"inLanguage":"en-US","potentialAction":[{"@type":"ReadAction","target":["https:\/\/www.pcvesti.com\/?p=15549"]}]},{"@type":"BreadcrumbList","@id":"https:\/\/www.pcvesti.com\/?p=15549#breadcrumb","itemListElement":[{"@type":"ListItem","position":1,"name":"Home","item":"https:\/\/www.pcvesti.com\/"},{"@type":"ListItem","position":2,"name":"Na sajmu Computex Intal predstavio ambiciozne planove u vezi sa Atom procesorom"}]},{"@type":"WebSite","@id":"https:\/\/www.pcvesti.com\/#website","url":"https:\/\/www.pcvesti.com\/","name":"PCVesti","description":"www.pcvesti.com","potentialAction":[{"@type":"SearchAction","target":{"@type":"EntryPoint","urlTemplate":"https:\/\/www.pcvesti.com\/?s={search_term_string}"},"query-input":{"@type":"PropertyValueSpecification","valueRequired":true,"valueName":"search_term_string"}}],"inLanguage":"en-US"},{"@type":"Person","@id":"https:\/\/www.pcvesti.com\/#\/schema\/person\/d1e384f7c138a1fcda7af7425e55a6b2","name":"newsmaster","image":{"@type":"ImageObject","inLanguage":"en-US","@id":"https:\/\/www.pcvesti.com\/wp-content\/uploads\/2018\/09\/avatar_user_5_1537115954-96x96.jpeg","url":"https:\/\/www.pcvesti.com\/wp-content\/uploads\/2018\/09\/avatar_user_5_1537115954-96x96.jpeg","contentUrl":"https:\/\/www.pcvesti.com\/wp-content\/uploads\/2018\/09\/avatar_user_5_1537115954-96x96.jpeg","caption":"newsmaster"},"url":"https:\/\/www.pcvesti.com\/?author=5"}]}},"_links":{"self":[{"href":"https:\/\/www.pcvesti.com\/index.php?rest_route=\/wp\/v2\/posts\/15549","targetHints":{"allow":["GET"]}}],"collection":[{"href":"https:\/\/www.pcvesti.com\/index.php?rest_route=\/wp\/v2\/posts"}],"about":[{"href":"https:\/\/www.pcvesti.com\/index.php?rest_route=\/wp\/v2\/types\/post"}],"author":[{"embeddable":true,"href":"https:\/\/www.pcvesti.com\/index.php?rest_route=\/wp\/v2\/users\/5"}],"replies":[{"embeddable":true,"href":"https:\/\/www.pcvesti.com\/index.php?rest_route=%2Fwp%2Fv2%2Fcomments&post=15549"}],"version-history":[{"count":0,"href":"https:\/\/www.pcvesti.com\/index.php?rest_route=\/wp\/v2\/posts\/15549\/revisions"}],"wp:attachment":[{"href":"https:\/\/www.pcvesti.com\/index.php?rest_route=%2Fwp%2Fv2%2Fmedia&parent=15549"}],"wp:term":[{"taxonomy":"category","embeddable":true,"href":"https:\/\/www.pcvesti.com\/index.php?rest_route=%2Fwp%2Fv2%2Fcategories&post=15549"},{"taxonomy":"post_tag","embeddable":true,"href":"https:\/\/www.pcvesti.com\/index.php?rest_route=%2Fwp%2Fv2%2Ftags&post=15549"}],"curies":[{"name":"wp","href":"https:\/\/api.w.org\/{rel}","templated":true}]}}