{"id":17647,"date":"2010-08-19T23:37:53","date_gmt":"2010-08-20T06:37:53","guid":{"rendered":"http:\/\/www.pcvesti.com\/?p=17647"},"modified":"2010-08-19T23:37:53","modified_gmt":"2010-08-20T06:37:53","slug":"unapreden-rad-sos-telefona-za-pomoc-osobama-sa-invaliditetom-zrtvama-nasilja-i-diskriminacije-u-porodici","status":"publish","type":"post","link":"https:\/\/www.pcvesti.com\/?p=17647","title":{"rendered":"UNAPRE\u0110EN RAD SOS TELEFONA ZA POMO\u0106 OSOBAMA SA INVALIDITETOM \u017dRTVAMA NASILJA I DISKRIMINACIJE U PORODICI"},"content":{"rendered":"<p><strong>Zahvaljuju\u0107i Telenor  fondaciji omogu\u0107eno stvaranje baze podataka, skladi\u0161tenje dokumenata  i evidentiranje svih korisnika SOS telefona<\/strong><\/p>\n<p><strong>19. avgust 2010.  \u2013<\/strong> Organizacija za za\u0161titu prava i podr\u0161ku osobama sa invaliditetom  \u201c&#8230;Iz kruga\u201d unapredila je rad SOS telefona, jedinog u Srbiji za  prijavljivanje nasilja i diskriminacije u porodici osoba sa invaliditetom.  Zahvaljuju\u0107i opremi koju je poklonila Telenor fondacija, ova nevladina  organizacija sada poseduje kompletne baze podataka i na taj na\u010din vodi  evidenciju poziva i podataka svih korisnika SOS telefona.<\/p>\n<p><!--more-->Ova modernizacija \u0107e  zna\u010dajno uticati na kvalitet rada organizacije, koja je za 13 godina  postojanja primila oko 5.500 poziva. Organizacija funkcioni\u0161e po principu  de\u017eurstva na telefonu, a spisak aktivnosti podrazumeva individualne  razgovore sa \u017eenama i decom koji izraze \u017eelju da do\u0111u li\u010dno na razgovor,  pri \u010demu im se pru\u017ea psiholo\u0161ka pomo\u0107, pomo\u0107 iz oblasti socijalne  politike, kao i pravna pomo\u0107. Advokat radi u proseku na 50 slu\u010dajeva  mese\u010dno, dok psiholog u organizaciji ima i do 15 korisnika dnevno.<\/p>\n<p>\u201eMi smo jedna od  prvih organizacija u ovom delu Evrope koja je po\u010dela da se bavi problemima  invalidnih \u017eena, dece i njihovih porodica koji su imali bilo kakvog  iskustva sa nasiljem. Smatrali smo da je to problem o kome ne samo da  se ne govori, ve\u0107 niko nije ni poku\u0161ao da radi na njemu. \u017dene sa  invaliditetom retko prijavljuju nasilje policiji, jer im se ne veruje  i jer se nasilje posle prijave drasti\u010dno pove\u0107ava. Na\u0161a zamisao je  da poku\u0161amo da promenimo sliku o svim \u017eenama invalidima, a ako uspemo  sa samo jednom, napravili smo veliki posao\u201c, ka\u017ee Lepojka \u010carevi\u0107  Mitanovski predsednica organizacije \u201e&#8230;Iz kruga\u201c.<\/p>\n<p>U Srbiji \u017eivi oko  800.000 osoba sa invaliditetom, a polovinu \u010dine \u017eene. Nezaposleno  je 80 odsto osoba sa invaliditetom, 70 odsto \u017eivi u siroma\u0161tvu, a  najve\u0107i broj jedva pre\u017eivljava od socijalne pomo\u0107i. Nasilju su naj\u010de\u0161\u0107e  izlo\u017eeni u porodici, zatim u rehabilitacionim centrima, domovima, specijalnim  \u0161kolama i dnevnim boravcima, a nasilnici su naj\u010de\u0161\u0107e bra\u010dni partneri,  roditelji, bra\u0107a i sestre, kom\u0161ije, porodi\u010dni prijatelji, zaposleni  u domovima i dnevnim boravcima i kolege na poslu.<\/p>\n<p>Organizacija \u201e&#8230;Iz  kruga\u201c suo\u010dava se sa problemom edukacije \u017eene invalida, podizanjem  svesti i uveravanjem da ono \u0161to im se de\u0161ava nije dobro, da nije ne\u0161to  \u0161to je svakodnevno i \u0161to je normalno. \u017dene \u010desto ne prepoznaju da  se radi o nasilju, ve\u0107 sve vezuju za invalidnost. SOS telefon je jedan  od na\u010dina da se pomogne i pru\u017ei sigurnost osobama sa invaliditetom,  a pogotovo \u017eenama.<\/p>\n<p>Do sada je organizacija  \u201e&#8230;Iz kruga\u201c realizovala vi\u0161e od 40 projekata, koji su imali dugoro\u010dni  cilj \u2013 unapre\u0111enje polo\u017eaja \u017eena sa invaliditetom u Srbiji i borba  protiv svih oblika nasilja i diskriminacije.<\/p>\n","protected":false},"excerpt":{"rendered":"<p>Zahvaljuju\u0107i Telenor fondaciji omogu\u0107eno stvaranje baze podataka, skladi\u0161tenje dokumenata i evidentiranje svih korisnika SOS telefona 19. avgust 2010. \u2013 Organizacija za za\u0161titu prava i podr\u0161ku osobama sa invaliditetom \u201c&#8230;Iz kruga\u201d unapredila je rad SOS telefona, jedinog u Srbiji za prijavljivanje nasilja i diskriminacije u porodici osoba sa invaliditetom. Zahvaljuju\u0107i opremi koju je poklonila Telenor fondacija, ova nevladina organizacija sada poseduje kompletne baze podataka i na taj na\u010din vodi evidenciju poziva i podataka&#8230; <\/p>\n<div class=\"more-container\"><a class=\"more-link\" href=\"https:\/\/www.pcvesti.com\/?p=17647\" itemprop=\"url\">Continue reading<\/a><\/div>\n","protected":false},"author":5,"featured_media":0,"comment_status":"closed","ping_status":"closed","sticky":false,"template":"","format":"standard","meta":{"seo_booster_metabox":"","ngg_post_thumbnail":0,"slim_seo":{"title":"UNAPRE\u0110EN RAD SOS TELEFONA ZA POMO\u0106 OSOBAMA SA INVALIDITETOM \u017dRTVAMA NASILJA I DISKRIMINACIJE U PORODICI - PCVesti","description":"Zahvaljuju\u0107i Telenor fondaciji omogu\u0107eno stvaranje baze podataka, skladi\u0161tenje dokumenata i evidentiranje svih korisnika SOS telefona 19. avgust 2010. \u2013 Organiz"},"footnotes":""},"categories":[9,5],"tags":[],"class_list":["post-17647","post","type-post","status-publish","format-standard","hentry","category-dogadjaji","category-pc-vesti"],"yoast_head":"<!-- This site is optimized with the Yoast SEO plugin v27.5 - https:\/\/yoast.com\/product\/yoast-seo-wordpress\/ -->\n<title>UNAPRE\u0110EN RAD SOS TELEFONA ZA POMO\u0106 OSOBAMA SA INVALIDITETOM \u017dRTVAMA NASILJA I DISKRIMINACIJE U PORODICI - PCVesti<\/title>\n<meta name=\"robots\" content=\"index, follow, max-snippet:-1, max-image-preview:large, max-video-preview:-1\" \/>\n<link rel=\"canonical\" href=\"https:\/\/www.pcvesti.com\/?p=17647\" \/>\n<meta property=\"og:locale\" content=\"en_US\" \/>\n<meta property=\"og:type\" content=\"article\" \/>\n<meta property=\"og:title\" content=\"UNAPRE\u0110EN RAD SOS TELEFONA ZA POMO\u0106 OSOBAMA SA INVALIDITETOM \u017dRTVAMA NASILJA I DISKRIMINACIJE U PORODICI - PCVesti\" \/>\n<meta property=\"og:description\" content=\"Zahvaljuju\u0107i Telenor fondaciji omogu\u0107eno stvaranje baze podataka, skladi\u0161tenje dokumenata i evidentiranje svih korisnika SOS telefona 19. avgust 2010. \u2013 Organizacija za za\u0161titu prava i podr\u0161ku osobama sa invaliditetom \u201c&#8230;Iz kruga\u201d unapredila je rad SOS telefona, jedinog u Srbiji za prijavljivanje nasilja i diskriminacije u porodici osoba sa invaliditetom. Zahvaljuju\u0107i opremi koju je poklonila Telenor fondacija, ova nevladina organizacija sada poseduje kompletne baze podataka i na taj na\u010din vodi evidenciju poziva i podataka... Continue reading\" \/>\n<meta property=\"og:url\" content=\"https:\/\/www.pcvesti.com\/?p=17647\" \/>\n<meta property=\"og:site_name\" content=\"PCVesti\" \/>\n<meta property=\"article:published_time\" content=\"2010-08-20T06:37:53+00:00\" \/>\n<meta name=\"author\" content=\"newsmaster\" \/>\n<meta name=\"twitter:card\" content=\"summary_large_image\" \/>\n<meta name=\"twitter:label1\" content=\"Written by\" \/>\n\t<meta name=\"twitter:data1\" content=\"newsmaster\" \/>\n\t<meta name=\"twitter:label2\" content=\"Est. reading time\" \/>\n\t<meta name=\"twitter:data2\" content=\"2 minutes\" \/>\n<script type=\"application\/ld+json\" class=\"yoast-schema-graph\">{\"@context\":\"https:\\\/\\\/schema.org\",\"@graph\":[{\"@type\":\"Article\",\"@id\":\"https:\\\/\\\/www.pcvesti.com\\\/?p=17647#article\",\"isPartOf\":{\"@id\":\"https:\\\/\\\/www.pcvesti.com\\\/?p=17647\"},\"author\":{\"name\":\"newsmaster\",\"@id\":\"https:\\\/\\\/www.pcvesti.com\\\/#\\\/schema\\\/person\\\/d1e384f7c138a1fcda7af7425e55a6b2\"},\"headline\":\"UNAPRE\u0110EN RAD SOS TELEFONA ZA POMO\u0106 OSOBAMA SA INVALIDITETOM \u017dRTVAMA NASILJA I DISKRIMINACIJE U PORODICI\",\"datePublished\":\"2010-08-20T06:37:53+00:00\",\"mainEntityOfPage\":{\"@id\":\"https:\\\/\\\/www.pcvesti.com\\\/?p=17647\"},\"wordCount\":474,\"articleSection\":[\"Dogadjaji\",\"PC Vesti\"],\"inLanguage\":\"en-US\"},{\"@type\":\"WebPage\",\"@id\":\"https:\\\/\\\/www.pcvesti.com\\\/?p=17647\",\"url\":\"https:\\\/\\\/www.pcvesti.com\\\/?p=17647\",\"name\":\"UNAPRE\u0110EN RAD SOS TELEFONA ZA POMO\u0106 OSOBAMA SA INVALIDITETOM \u017dRTVAMA NASILJA I DISKRIMINACIJE U PORODICI - PCVesti\",\"isPartOf\":{\"@id\":\"https:\\\/\\\/www.pcvesti.com\\\/#website\"},\"datePublished\":\"2010-08-20T06:37:53+00:00\",\"author\":{\"@id\":\"https:\\\/\\\/www.pcvesti.com\\\/#\\\/schema\\\/person\\\/d1e384f7c138a1fcda7af7425e55a6b2\"},\"breadcrumb\":{\"@id\":\"https:\\\/\\\/www.pcvesti.com\\\/?p=17647#breadcrumb\"},\"inLanguage\":\"en-US\",\"potentialAction\":[{\"@type\":\"ReadAction\",\"target\":[\"https:\\\/\\\/www.pcvesti.com\\\/?p=17647\"]}]},{\"@type\":\"BreadcrumbList\",\"@id\":\"https:\\\/\\\/www.pcvesti.com\\\/?p=17647#breadcrumb\",\"itemListElement\":[{\"@type\":\"ListItem\",\"position\":1,\"name\":\"Home\",\"item\":\"https:\\\/\\\/www.pcvesti.com\\\/\"},{\"@type\":\"ListItem\",\"position\":2,\"name\":\"UNAPRE\u0110EN RAD SOS TELEFONA ZA POMO\u0106 OSOBAMA SA INVALIDITETOM \u017dRTVAMA NASILJA I DISKRIMINACIJE U PORODICI\"}]},{\"@type\":\"WebSite\",\"@id\":\"https:\\\/\\\/www.pcvesti.com\\\/#website\",\"url\":\"https:\\\/\\\/www.pcvesti.com\\\/\",\"name\":\"PCVesti\",\"description\":\"www.pcvesti.com\",\"potentialAction\":[{\"@type\":\"SearchAction\",\"target\":{\"@type\":\"EntryPoint\",\"urlTemplate\":\"https:\\\/\\\/www.pcvesti.com\\\/?s={search_term_string}\"},\"query-input\":{\"@type\":\"PropertyValueSpecification\",\"valueRequired\":true,\"valueName\":\"search_term_string\"}}],\"inLanguage\":\"en-US\"},{\"@type\":\"Person\",\"@id\":\"https:\\\/\\\/www.pcvesti.com\\\/#\\\/schema\\\/person\\\/d1e384f7c138a1fcda7af7425e55a6b2\",\"name\":\"newsmaster\",\"image\":{\"@type\":\"ImageObject\",\"inLanguage\":\"en-US\",\"@id\":\"https:\\\/\\\/www.pcvesti.com\\\/wp-content\\\/uploads\\\/2018\\\/09\\\/avatar_user_5_1537115954-96x96.jpeg\",\"url\":\"https:\\\/\\\/www.pcvesti.com\\\/wp-content\\\/uploads\\\/2018\\\/09\\\/avatar_user_5_1537115954-96x96.jpeg\",\"contentUrl\":\"https:\\\/\\\/www.pcvesti.com\\\/wp-content\\\/uploads\\\/2018\\\/09\\\/avatar_user_5_1537115954-96x96.jpeg\",\"caption\":\"newsmaster\"},\"url\":\"https:\\\/\\\/www.pcvesti.com\\\/?author=5\"}]}<\/script>\n<!-- \/ Yoast SEO plugin. -->","yoast_head_json":{"title":"UNAPRE\u0110EN RAD SOS TELEFONA ZA POMO\u0106 OSOBAMA SA INVALIDITETOM \u017dRTVAMA NASILJA I DISKRIMINACIJE U PORODICI - PCVesti","robots":{"index":"index","follow":"follow","max-snippet":"max-snippet:-1","max-image-preview":"max-image-preview:large","max-video-preview":"max-video-preview:-1"},"canonical":"https:\/\/www.pcvesti.com\/?p=17647","og_locale":"en_US","og_type":"article","og_title":"UNAPRE\u0110EN RAD SOS TELEFONA ZA POMO\u0106 OSOBAMA SA INVALIDITETOM \u017dRTVAMA NASILJA I DISKRIMINACIJE U PORODICI - PCVesti","og_description":"Zahvaljuju\u0107i Telenor fondaciji omogu\u0107eno stvaranje baze podataka, skladi\u0161tenje dokumenata i evidentiranje svih korisnika SOS telefona 19. avgust 2010. \u2013 Organizacija za za\u0161titu prava i podr\u0161ku osobama sa invaliditetom \u201c&#8230;Iz kruga\u201d unapredila je rad SOS telefona, jedinog u Srbiji za prijavljivanje nasilja i diskriminacije u porodici osoba sa invaliditetom. Zahvaljuju\u0107i opremi koju je poklonila Telenor fondacija, ova nevladina organizacija sada poseduje kompletne baze podataka i na taj na\u010din vodi evidenciju poziva i podataka... Continue reading","og_url":"https:\/\/www.pcvesti.com\/?p=17647","og_site_name":"PCVesti","article_published_time":"2010-08-20T06:37:53+00:00","author":"newsmaster","twitter_card":"summary_large_image","twitter_misc":{"Written by":"newsmaster","Est. reading time":"2 minutes"},"schema":{"@context":"https:\/\/schema.org","@graph":[{"@type":"Article","@id":"https:\/\/www.pcvesti.com\/?p=17647#article","isPartOf":{"@id":"https:\/\/www.pcvesti.com\/?p=17647"},"author":{"name":"newsmaster","@id":"https:\/\/www.pcvesti.com\/#\/schema\/person\/d1e384f7c138a1fcda7af7425e55a6b2"},"headline":"UNAPRE\u0110EN RAD SOS TELEFONA ZA POMO\u0106 OSOBAMA SA INVALIDITETOM \u017dRTVAMA NASILJA I DISKRIMINACIJE U PORODICI","datePublished":"2010-08-20T06:37:53+00:00","mainEntityOfPage":{"@id":"https:\/\/www.pcvesti.com\/?p=17647"},"wordCount":474,"articleSection":["Dogadjaji","PC Vesti"],"inLanguage":"en-US"},{"@type":"WebPage","@id":"https:\/\/www.pcvesti.com\/?p=17647","url":"https:\/\/www.pcvesti.com\/?p=17647","name":"UNAPRE\u0110EN RAD SOS TELEFONA ZA POMO\u0106 OSOBAMA SA INVALIDITETOM \u017dRTVAMA NASILJA I DISKRIMINACIJE U PORODICI - PCVesti","isPartOf":{"@id":"https:\/\/www.pcvesti.com\/#website"},"datePublished":"2010-08-20T06:37:53+00:00","author":{"@id":"https:\/\/www.pcvesti.com\/#\/schema\/person\/d1e384f7c138a1fcda7af7425e55a6b2"},"breadcrumb":{"@id":"https:\/\/www.pcvesti.com\/?p=17647#breadcrumb"},"inLanguage":"en-US","potentialAction":[{"@type":"ReadAction","target":["https:\/\/www.pcvesti.com\/?p=17647"]}]},{"@type":"BreadcrumbList","@id":"https:\/\/www.pcvesti.com\/?p=17647#breadcrumb","itemListElement":[{"@type":"ListItem","position":1,"name":"Home","item":"https:\/\/www.pcvesti.com\/"},{"@type":"ListItem","position":2,"name":"UNAPRE\u0110EN RAD SOS TELEFONA ZA POMO\u0106 OSOBAMA SA INVALIDITETOM \u017dRTVAMA NASILJA I DISKRIMINACIJE U PORODICI"}]},{"@type":"WebSite","@id":"https:\/\/www.pcvesti.com\/#website","url":"https:\/\/www.pcvesti.com\/","name":"PCVesti","description":"www.pcvesti.com","potentialAction":[{"@type":"SearchAction","target":{"@type":"EntryPoint","urlTemplate":"https:\/\/www.pcvesti.com\/?s={search_term_string}"},"query-input":{"@type":"PropertyValueSpecification","valueRequired":true,"valueName":"search_term_string"}}],"inLanguage":"en-US"},{"@type":"Person","@id":"https:\/\/www.pcvesti.com\/#\/schema\/person\/d1e384f7c138a1fcda7af7425e55a6b2","name":"newsmaster","image":{"@type":"ImageObject","inLanguage":"en-US","@id":"https:\/\/www.pcvesti.com\/wp-content\/uploads\/2018\/09\/avatar_user_5_1537115954-96x96.jpeg","url":"https:\/\/www.pcvesti.com\/wp-content\/uploads\/2018\/09\/avatar_user_5_1537115954-96x96.jpeg","contentUrl":"https:\/\/www.pcvesti.com\/wp-content\/uploads\/2018\/09\/avatar_user_5_1537115954-96x96.jpeg","caption":"newsmaster"},"url":"https:\/\/www.pcvesti.com\/?author=5"}]}},"_links":{"self":[{"href":"https:\/\/www.pcvesti.com\/index.php?rest_route=\/wp\/v2\/posts\/17647","targetHints":{"allow":["GET"]}}],"collection":[{"href":"https:\/\/www.pcvesti.com\/index.php?rest_route=\/wp\/v2\/posts"}],"about":[{"href":"https:\/\/www.pcvesti.com\/index.php?rest_route=\/wp\/v2\/types\/post"}],"author":[{"embeddable":true,"href":"https:\/\/www.pcvesti.com\/index.php?rest_route=\/wp\/v2\/users\/5"}],"replies":[{"embeddable":true,"href":"https:\/\/www.pcvesti.com\/index.php?rest_route=%2Fwp%2Fv2%2Fcomments&post=17647"}],"version-history":[{"count":0,"href":"https:\/\/www.pcvesti.com\/index.php?rest_route=\/wp\/v2\/posts\/17647\/revisions"}],"wp:attachment":[{"href":"https:\/\/www.pcvesti.com\/index.php?rest_route=%2Fwp%2Fv2%2Fmedia&parent=17647"}],"wp:term":[{"taxonomy":"category","embeddable":true,"href":"https:\/\/www.pcvesti.com\/index.php?rest_route=%2Fwp%2Fv2%2Fcategories&post=17647"},{"taxonomy":"post_tag","embeddable":true,"href":"https:\/\/www.pcvesti.com\/index.php?rest_route=%2Fwp%2Fv2%2Ftags&post=17647"}],"curies":[{"name":"wp","href":"https:\/\/api.w.org\/{rel}","templated":true}]}}