{"id":18892,"date":"2010-10-13T01:31:28","date_gmt":"2010-10-13T08:31:28","guid":{"rendered":"http:\/\/www.pcvesti.com\/?p=18892"},"modified":"2010-10-13T01:31:28","modified_gmt":"2010-10-13T08:31:28","slug":"cebit-ucvrscuje-partnerstvo-sa-turskom","status":"publish","type":"post","link":"https:\/\/www.pcvesti.com\/?p=18892","title":{"rendered":"CeBIT u\u010dvr\u0161\u0107uje partnerstvo sa Turskom"},"content":{"rendered":"<p><strong>Hannover\/Istanbul.<\/strong> Hightech-Partnerstvo izme\u0111u Nema\u010dke i Turske slede\u0107e godine je zape\u010da\u010deno.  Uve\u010de 7. oktobra Deutsche Messe AG, Privredna komora istanbula ITO,  nema\u010dko hightech-udru\u017eenje BITKOM i tursko gransko udru\u017eenje T\u00dcBISAD  potpisali su u Istanbulu ugovore o saradnji. Turska je 2011. godine  zemlja-partner sajma CeBIT i nema\u010dke IKT-industrije.<\/p>\n<p>\u201eSa Turskom na  sajmu CeBIT 2011 u Hanoveru ima\u0107emo kao gosta jednu od evropskih zemalja  sa najve\u0107om stopom rasta\u201c, rekao je Ernst Raue, CeBIT-predsednik  Deutschen Messe AG. \u201eTurska preduze\u0107a predstavi\u0107e se kao anga\u017eovani  i kompetentni IT-ponu\u0111a\u010di i korisnici i dokazati svoj enormni potencijal\u201c,  dodao je Raue.<!--more--><\/p>\n<p>Koncept zemlje-partnera  sajma CeBIT sprovodi se ve\u0107 godinama veoma uspe\u0161no, kako za izlaga\u010de  tako i za korisnike  prisutne na sajmu CeBIT. Firme profitiraju pritom  i od prisustva visokih politi\u010dkih li\u010dnosti i pa\u017enje \u0161irom sveta,  koja se posti\u017ee preko internacionalnih medija. Veliki broj potencijalnih  novih poslovnih partnera iz celog sveta, koji mo\u017ee da ponudi samo CeBIT,\u00a0  je jedinstven. \u201eSajam CeBIT omogu\u0107uje izlaga\u010dima iz zemlje-partnera  jedinstvenu zapa\u017eenost na internacionalnom tr\u017ei\u0161tu i uti\u010de na trajne  efekte, koji mogu da dovedu do sklapanja ugovora u visini od nekoliko  milijardi\u201c, rekao je Raue.<\/p>\n<p>Idealnu osnovu za  nove poslove \u010dine dugogodi\u0161nji biulateralni privredni odnosi izme\u0111u  Turske i Savezne Republike. \u201eNema\u010dka je ve\u0107 godinama najva\u017eniji  trgovinski partner Turske\u201c, rekao je potpredsednik BITKOM-a Hajnc  Paul Bon (Heinz Paul Bonn). \u201eSa svojim iskustvom u Evropi i\u00a0  Aziji turska preduze\u0107a su veoma interesantan kooperacioni partner.  Nema\u010dke firme \u0107e da profitiraju u jakoj raumeni.\u201c<\/p>\n<p>Software AG je na  pr. ve\u0107 22 godine prisutno u Turskoj. Karl-Hajnc \u0160trajbih (Karl-Heinz  Streibich), Predsednik predsedni\u0161tva Software AG je naglasio: \u201eTurska  je danas zemlja sa IT-tr\u017ei\u0161tem, koje je jedno od najja\u010dih u svetu.  Zbog toga se samo po sebi podrazumeva to \u0161to smo podr\u017eali odluku da  Turska bude zemlja-partner sajma CeBIT..\u201c Za \u0160trajbiha CeBIT cebit  je prava pozornica za zajedni\u010dki nastup u High-Tech-Sektoru: \u201eCeBIT  je na\u0161 zajedni\u010dki katalizator.\u201c<\/p>\n<p>Turska \u0107e se na  sajmu CeBIT 2011 predstaviti u nekoliko izlo\u017ebenih oblasti. Centralna  prezentacija bi\u0107e na glavnom \u0161tandu u segmentu CeBIT pro,  sa op\u0161tim  informacijama o zemlji-partneru. Tako\u0111e u okviru CeBIT pro bi\u0107e organizovana  dva grupna \u0161tanda u oblasti Business IT i po jedan \u0161tand u oblastima  Banking &amp; Finance i Business Communications. Slede\u0107i \u0161tand bi\u0107e  u oblasti CeBIT lab. Highlight u programu zemlje-partnera bi\u0107e Nema\u010dko-turski  IKT-sastanak na vrhu 1. marta 2011.<\/p>\n<p>Ve\u0107\u00a020 godina  turska IT-preduze\u0107a u\u010destvuju na sajmu CeBIT u Hanoveru. Prisustvo  Turske zapo\u010deto je 1989. sa dva izlaga\u010da. U \u201ePartnerskoj godini\u201c  2011. o\u010dekuje se u\u010de\u0161\u0107e oko 50 preduze\u0107a na 3\u00a0000 m2 izlo\u017ebene  povr\u0161ine.<\/p>\n<p>Turska se danas ubraja  me\u0111u najja\u010de privrede sveta i va\u017ei kao most koji povezuje Bliski  i Srednji Istok. Deutsche Messe AG tako\u0111e ima dugogodi\u0161nje kontakte  sa turskim preduze\u0107ima i institucijama. Pre16 godina Hanover je u Istanbulu  osnovao sopstvenu firmu-\u0107erku. Ve\u0107 11 godina Deutsche Messe tamo uspe\u0161no  organizuje va\u017ene IKT-sajmove za ceo evro-azijski prostor, sajam CeBIT  Bili\u015fim.  Aktuelni sajam  2010. upravo je zavr\u0161en 10. oktobra na sajmi\u0161tu TUYAP  u Istanbulu.<\/p>\n<p>Zemlje-partneri sajma  CeBIT prethodnih godina bile su: \u0160panija (2010), Kalifornija (2009),  Francuska (2008) i Rusija (2007).<\/p>\n<p><span style=\"text-decoration: underline;\">O sajmu CeBIT<\/span><\/p>\n<p>CeBIT je u svetu  najva\u017eniji internacionalni doga\u0111aj digitalne industrije. Svojom jedinstvenom  kombinacijom internacionalnog sajma, konferencija, Keynotes, Corporate  Events i Lounges on je najzna\u010dajniji pokreta\u010d novih poslova i privrednog  uspeha. Od 1. do 5. marta 2011. sajam CeBIT fokusira centralne teme  IKT-bran\u0161e u \u010detiri platforme, prema oblastima primene. CeBIT pro  je jezgro sajma CeBIT, koje prikazuje ekonomi\u010dna i sigurna IKT-re\u0161enja  za preduze\u0107a. CeBIT gov predstavlja IKT-primenu u javnoj upravi i zdravstvu.  CeBIT life \u010dini IKT \u017eivom i informi\u0161e o novim poslovnim modelima,  koji postaju mogu\u0107i promenom uloge konzumenata. CeBIT lab prikazuje  aktuelna IKT-re\u0161enja i trendove sutra\u0161njice. Zemlja-partner sajma  CeBIT 2011 jeste Turska. Dodatne informacije i fotgrafije na\u0107i \u0107ete  na adresi <a href=\"http:\/\/www.cebit.de\/\" target=\"_blank\"><span style=\"text-decoration: underline;\">www.cebit.de<\/span><\/a>.<\/p>\n","protected":false},"excerpt":{"rendered":"<p>Hannover\/Istanbul. Hightech-Partnerstvo izme\u0111u Nema\u010dke i Turske slede\u0107e godine je zape\u010da\u010deno. Uve\u010de 7. oktobra Deutsche Messe AG, Privredna komora istanbula ITO, nema\u010dko hightech-udru\u017eenje BITKOM i tursko gransko udru\u017eenje T\u00dcBISAD potpisali su u Istanbulu ugovore o saradnji. Turska je 2011. godine zemlja-partner sajma CeBIT i nema\u010dke IKT-industrije. \u201eSa Turskom na sajmu CeBIT 2011 u Hanoveru ima\u0107emo kao gosta jednu od evropskih zemalja sa najve\u0107om stopom rasta\u201c, rekao je Ernst Raue, CeBIT-predsednik Deutschen Messe AG&#8230;. <\/p>\n<div class=\"more-container\"><a class=\"more-link\" href=\"https:\/\/www.pcvesti.com\/?p=18892\" itemprop=\"url\">Continue reading<\/a><\/div>\n","protected":false},"author":5,"featured_media":0,"comment_status":"closed","ping_status":"closed","sticky":false,"template":"","format":"standard","meta":{"seo_booster_metabox":"","ngg_post_thumbnail":0,"slim_seo":{"title":"CeBIT u\u010dvr\u0161\u0107uje partnerstvo sa Turskom - PCVesti","description":"Hannover\/Istanbul. Hightech-Partnerstvo izme\u0111u Nema\u010dke i Turske slede\u0107e godine je zape\u010da\u010deno. Uve\u010de 7. oktobra Deutsche Messe AG, Privredna komora istanbula ITO"},"footnotes":""},"categories":[5],"tags":[],"class_list":["post-18892","post","type-post","status-publish","format-standard","hentry","category-pc-vesti"],"yoast_head":"<!-- This site is optimized with the Yoast SEO plugin v27.5 - https:\/\/yoast.com\/product\/yoast-seo-wordpress\/ -->\n<title>CeBIT u\u010dvr\u0161\u0107uje partnerstvo sa Turskom - PCVesti<\/title>\n<meta name=\"robots\" content=\"index, follow, max-snippet:-1, max-image-preview:large, max-video-preview:-1\" \/>\n<link rel=\"canonical\" href=\"https:\/\/www.pcvesti.com\/?p=18892\" \/>\n<meta property=\"og:locale\" content=\"en_US\" \/>\n<meta property=\"og:type\" content=\"article\" \/>\n<meta property=\"og:title\" content=\"CeBIT u\u010dvr\u0161\u0107uje partnerstvo sa Turskom - PCVesti\" \/>\n<meta property=\"og:description\" content=\"Hannover\/Istanbul. Hightech-Partnerstvo izme\u0111u Nema\u010dke i Turske slede\u0107e godine je zape\u010da\u010deno. Uve\u010de 7. oktobra Deutsche Messe AG, Privredna komora istanbula ITO, nema\u010dko hightech-udru\u017eenje BITKOM i tursko gransko udru\u017eenje T\u00dcBISAD potpisali su u Istanbulu ugovore o saradnji. Turska je 2011. godine zemlja-partner sajma CeBIT i nema\u010dke IKT-industrije. \u201eSa Turskom na sajmu CeBIT 2011 u Hanoveru ima\u0107emo kao gosta jednu od evropskih zemalja sa najve\u0107om stopom rasta\u201c, rekao je Ernst Raue, CeBIT-predsednik Deutschen Messe AG.... Continue reading\" \/>\n<meta property=\"og:url\" content=\"https:\/\/www.pcvesti.com\/?p=18892\" \/>\n<meta property=\"og:site_name\" content=\"PCVesti\" \/>\n<meta property=\"article:published_time\" content=\"2010-10-13T08:31:28+00:00\" \/>\n<meta name=\"author\" content=\"newsmaster\" \/>\n<meta name=\"twitter:card\" content=\"summary_large_image\" \/>\n<meta name=\"twitter:label1\" content=\"Written by\" \/>\n\t<meta name=\"twitter:data1\" content=\"newsmaster\" \/>\n\t<meta name=\"twitter:label2\" content=\"Est. reading time\" \/>\n\t<meta name=\"twitter:data2\" content=\"3 minutes\" \/>\n<script type=\"application\/ld+json\" class=\"yoast-schema-graph\">{\"@context\":\"https:\\\/\\\/schema.org\",\"@graph\":[{\"@type\":\"Article\",\"@id\":\"https:\\\/\\\/www.pcvesti.com\\\/?p=18892#article\",\"isPartOf\":{\"@id\":\"https:\\\/\\\/www.pcvesti.com\\\/?p=18892\"},\"author\":{\"name\":\"newsmaster\",\"@id\":\"https:\\\/\\\/www.pcvesti.com\\\/#\\\/schema\\\/person\\\/d1e384f7c138a1fcda7af7425e55a6b2\"},\"headline\":\"CeBIT u\u010dvr\u0161\u0107uje partnerstvo sa Turskom\",\"datePublished\":\"2010-10-13T08:31:28+00:00\",\"mainEntityOfPage\":{\"@id\":\"https:\\\/\\\/www.pcvesti.com\\\/?p=18892\"},\"wordCount\":681,\"articleSection\":[\"PC Vesti\"],\"inLanguage\":\"en-US\"},{\"@type\":\"WebPage\",\"@id\":\"https:\\\/\\\/www.pcvesti.com\\\/?p=18892\",\"url\":\"https:\\\/\\\/www.pcvesti.com\\\/?p=18892\",\"name\":\"CeBIT u\u010dvr\u0161\u0107uje partnerstvo sa Turskom - PCVesti\",\"isPartOf\":{\"@id\":\"https:\\\/\\\/www.pcvesti.com\\\/#website\"},\"datePublished\":\"2010-10-13T08:31:28+00:00\",\"author\":{\"@id\":\"https:\\\/\\\/www.pcvesti.com\\\/#\\\/schema\\\/person\\\/d1e384f7c138a1fcda7af7425e55a6b2\"},\"breadcrumb\":{\"@id\":\"https:\\\/\\\/www.pcvesti.com\\\/?p=18892#breadcrumb\"},\"inLanguage\":\"en-US\",\"potentialAction\":[{\"@type\":\"ReadAction\",\"target\":[\"https:\\\/\\\/www.pcvesti.com\\\/?p=18892\"]}]},{\"@type\":\"BreadcrumbList\",\"@id\":\"https:\\\/\\\/www.pcvesti.com\\\/?p=18892#breadcrumb\",\"itemListElement\":[{\"@type\":\"ListItem\",\"position\":1,\"name\":\"Home\",\"item\":\"https:\\\/\\\/www.pcvesti.com\\\/\"},{\"@type\":\"ListItem\",\"position\":2,\"name\":\"CeBIT u\u010dvr\u0161\u0107uje partnerstvo sa Turskom\"}]},{\"@type\":\"WebSite\",\"@id\":\"https:\\\/\\\/www.pcvesti.com\\\/#website\",\"url\":\"https:\\\/\\\/www.pcvesti.com\\\/\",\"name\":\"PCVesti\",\"description\":\"www.pcvesti.com\",\"potentialAction\":[{\"@type\":\"SearchAction\",\"target\":{\"@type\":\"EntryPoint\",\"urlTemplate\":\"https:\\\/\\\/www.pcvesti.com\\\/?s={search_term_string}\"},\"query-input\":{\"@type\":\"PropertyValueSpecification\",\"valueRequired\":true,\"valueName\":\"search_term_string\"}}],\"inLanguage\":\"en-US\"},{\"@type\":\"Person\",\"@id\":\"https:\\\/\\\/www.pcvesti.com\\\/#\\\/schema\\\/person\\\/d1e384f7c138a1fcda7af7425e55a6b2\",\"name\":\"newsmaster\",\"image\":{\"@type\":\"ImageObject\",\"inLanguage\":\"en-US\",\"@id\":\"https:\\\/\\\/www.pcvesti.com\\\/wp-content\\\/uploads\\\/2018\\\/09\\\/avatar_user_5_1537115954-96x96.jpeg\",\"url\":\"https:\\\/\\\/www.pcvesti.com\\\/wp-content\\\/uploads\\\/2018\\\/09\\\/avatar_user_5_1537115954-96x96.jpeg\",\"contentUrl\":\"https:\\\/\\\/www.pcvesti.com\\\/wp-content\\\/uploads\\\/2018\\\/09\\\/avatar_user_5_1537115954-96x96.jpeg\",\"caption\":\"newsmaster\"},\"url\":\"https:\\\/\\\/www.pcvesti.com\\\/?author=5\"}]}<\/script>\n<!-- \/ Yoast SEO plugin. -->","yoast_head_json":{"title":"CeBIT u\u010dvr\u0161\u0107uje partnerstvo sa Turskom - PCVesti","robots":{"index":"index","follow":"follow","max-snippet":"max-snippet:-1","max-image-preview":"max-image-preview:large","max-video-preview":"max-video-preview:-1"},"canonical":"https:\/\/www.pcvesti.com\/?p=18892","og_locale":"en_US","og_type":"article","og_title":"CeBIT u\u010dvr\u0161\u0107uje partnerstvo sa Turskom - PCVesti","og_description":"Hannover\/Istanbul. Hightech-Partnerstvo izme\u0111u Nema\u010dke i Turske slede\u0107e godine je zape\u010da\u010deno. Uve\u010de 7. oktobra Deutsche Messe AG, Privredna komora istanbula ITO, nema\u010dko hightech-udru\u017eenje BITKOM i tursko gransko udru\u017eenje T\u00dcBISAD potpisali su u Istanbulu ugovore o saradnji. Turska je 2011. godine zemlja-partner sajma CeBIT i nema\u010dke IKT-industrije. \u201eSa Turskom na sajmu CeBIT 2011 u Hanoveru ima\u0107emo kao gosta jednu od evropskih zemalja sa najve\u0107om stopom rasta\u201c, rekao je Ernst Raue, CeBIT-predsednik Deutschen Messe AG.... Continue reading","og_url":"https:\/\/www.pcvesti.com\/?p=18892","og_site_name":"PCVesti","article_published_time":"2010-10-13T08:31:28+00:00","author":"newsmaster","twitter_card":"summary_large_image","twitter_misc":{"Written by":"newsmaster","Est. reading time":"3 minutes"},"schema":{"@context":"https:\/\/schema.org","@graph":[{"@type":"Article","@id":"https:\/\/www.pcvesti.com\/?p=18892#article","isPartOf":{"@id":"https:\/\/www.pcvesti.com\/?p=18892"},"author":{"name":"newsmaster","@id":"https:\/\/www.pcvesti.com\/#\/schema\/person\/d1e384f7c138a1fcda7af7425e55a6b2"},"headline":"CeBIT u\u010dvr\u0161\u0107uje partnerstvo sa Turskom","datePublished":"2010-10-13T08:31:28+00:00","mainEntityOfPage":{"@id":"https:\/\/www.pcvesti.com\/?p=18892"},"wordCount":681,"articleSection":["PC Vesti"],"inLanguage":"en-US"},{"@type":"WebPage","@id":"https:\/\/www.pcvesti.com\/?p=18892","url":"https:\/\/www.pcvesti.com\/?p=18892","name":"CeBIT u\u010dvr\u0161\u0107uje partnerstvo sa Turskom - PCVesti","isPartOf":{"@id":"https:\/\/www.pcvesti.com\/#website"},"datePublished":"2010-10-13T08:31:28+00:00","author":{"@id":"https:\/\/www.pcvesti.com\/#\/schema\/person\/d1e384f7c138a1fcda7af7425e55a6b2"},"breadcrumb":{"@id":"https:\/\/www.pcvesti.com\/?p=18892#breadcrumb"},"inLanguage":"en-US","potentialAction":[{"@type":"ReadAction","target":["https:\/\/www.pcvesti.com\/?p=18892"]}]},{"@type":"BreadcrumbList","@id":"https:\/\/www.pcvesti.com\/?p=18892#breadcrumb","itemListElement":[{"@type":"ListItem","position":1,"name":"Home","item":"https:\/\/www.pcvesti.com\/"},{"@type":"ListItem","position":2,"name":"CeBIT u\u010dvr\u0161\u0107uje partnerstvo sa Turskom"}]},{"@type":"WebSite","@id":"https:\/\/www.pcvesti.com\/#website","url":"https:\/\/www.pcvesti.com\/","name":"PCVesti","description":"www.pcvesti.com","potentialAction":[{"@type":"SearchAction","target":{"@type":"EntryPoint","urlTemplate":"https:\/\/www.pcvesti.com\/?s={search_term_string}"},"query-input":{"@type":"PropertyValueSpecification","valueRequired":true,"valueName":"search_term_string"}}],"inLanguage":"en-US"},{"@type":"Person","@id":"https:\/\/www.pcvesti.com\/#\/schema\/person\/d1e384f7c138a1fcda7af7425e55a6b2","name":"newsmaster","image":{"@type":"ImageObject","inLanguage":"en-US","@id":"https:\/\/www.pcvesti.com\/wp-content\/uploads\/2018\/09\/avatar_user_5_1537115954-96x96.jpeg","url":"https:\/\/www.pcvesti.com\/wp-content\/uploads\/2018\/09\/avatar_user_5_1537115954-96x96.jpeg","contentUrl":"https:\/\/www.pcvesti.com\/wp-content\/uploads\/2018\/09\/avatar_user_5_1537115954-96x96.jpeg","caption":"newsmaster"},"url":"https:\/\/www.pcvesti.com\/?author=5"}]}},"_links":{"self":[{"href":"https:\/\/www.pcvesti.com\/index.php?rest_route=\/wp\/v2\/posts\/18892","targetHints":{"allow":["GET"]}}],"collection":[{"href":"https:\/\/www.pcvesti.com\/index.php?rest_route=\/wp\/v2\/posts"}],"about":[{"href":"https:\/\/www.pcvesti.com\/index.php?rest_route=\/wp\/v2\/types\/post"}],"author":[{"embeddable":true,"href":"https:\/\/www.pcvesti.com\/index.php?rest_route=\/wp\/v2\/users\/5"}],"replies":[{"embeddable":true,"href":"https:\/\/www.pcvesti.com\/index.php?rest_route=%2Fwp%2Fv2%2Fcomments&post=18892"}],"version-history":[{"count":0,"href":"https:\/\/www.pcvesti.com\/index.php?rest_route=\/wp\/v2\/posts\/18892\/revisions"}],"wp:attachment":[{"href":"https:\/\/www.pcvesti.com\/index.php?rest_route=%2Fwp%2Fv2%2Fmedia&parent=18892"}],"wp:term":[{"taxonomy":"category","embeddable":true,"href":"https:\/\/www.pcvesti.com\/index.php?rest_route=%2Fwp%2Fv2%2Fcategories&post=18892"},{"taxonomy":"post_tag","embeddable":true,"href":"https:\/\/www.pcvesti.com\/index.php?rest_route=%2Fwp%2Fv2%2Ftags&post=18892"}],"curies":[{"name":"wp","href":"https:\/\/api.w.org\/{rel}","templated":true}]}}