{"id":19603,"date":"2010-11-28T00:58:26","date_gmt":"2010-11-28T07:58:26","guid":{"rendered":"http:\/\/www.pcvesti.com\/?p=19603"},"modified":"2010-11-28T00:58:26","modified_gmt":"2010-11-28T07:58:26","slug":"nastavljena-tradicionalna-izlozba-fotografija-%e2%80%9cprimenjena-nostalgija%e2%80%9d","status":"publish","type":"post","link":"https:\/\/www.pcvesti.com\/?p=19603","title":{"rendered":"Nastavljena tradicionalna izlo\u017eba fotografija \u201cPrimenjena Nostalgija\u201d"},"content":{"rendered":"<p><strong>Beograd, Srbija  \u2014 26 Novembar 2010. \u2014 <\/strong>Kompanija Epson nastavila je sa u\u010de\u0161\u0107em  u projektu &#8220;Primenjena nostalgija&#8221; koji putem izlo\u017ebe fotografija  povezuje sli\u010dnosti glavnih gradova predsedavaju\u0107ih zemalja \u010dlanica  Evropske unije sa Beogradom. Nakon Madrida koji je predstavljen sredinom  ove godine, ovog puta, Beograd se povezao sa Briselom, povodom zavr\u0161etka  belgijskog predsedavanja Evropskom unijom gde su prikazane fotografije  belgijskog autora D\u017eima Samkea i na\u0161e autore Goranke Mati\u0107. Izlo\u017eba  \u0107e trajati od 19. Novembra do 31. decembra  2010, u galeriji RTS-a,  Takovska 10.<\/p>\n<p>Projekat \u201cPrimenjena  Nostalgija\u201d\u00a0je zami\u0161ljen kao serija zajedni\u010dkih izlo\u017ebi fotografija  dva eminentna fotografa \u2013 jednog iz Srbije i jednog iz zemlje presedavaju\u0107e  EU. Autor iz Srbije, Goranka Mati\u0107, boravila je nedelju dana u Briselu  u toku kojih je fotografisala mesta, doga\u0111aje, scene i ljude koji su  je podsetili na Beograd.  Autor iz Belgije, D\u017eim Samke,\u00a0 posetio  je Beograd\u00a0 i fotografisao grad objektivom \u201cnostalgi\u010dnog\u201c  fotografa. Svaki autor je odabrao 20 fotografija i prikazao ih je na  ovoj izlo\u017ebi.<\/p>\n<p><!--more-->\u201cNakon zbli\u017eavanja Beograda i Madrida,  kroz izlo\u017ebu fotografija \u201cPrimenjena Nostalgija\u201d, kompanija Epson  i dalje sna\u017eno podr\u017eava ovaj projekat i svojim doprinosom, \u010dini da  se dve evropske metropole kakve su Beograd i Brisel ose\u0107aju bli\u017ee\u201d  izjavio je gospodin Marko Jovanovi\u0107, predstavnik kompanije Epson za  Srbiju. \u201c S obzirom da su na\u0161i \u0161tampa\u010di velikog formata Espon Stylus  Pro 9880 i 9900, prepoznati kao izbor profesionalnih fotografa \u0161irom  sveta, i da su sve fotografije na izlo\u017ebi od\u0161tampane uz pomo\u0107 ovih  ure\u0111aja na najkvalitetnijem papiru, verujemo da \u0107emo sa ovim sponzorstvom  biti jo\u0161 bli\u017ei fotografiji\u201d.<\/p>\n<p>Obe izlo\u017ebe otvara  potpredsednik Vlade Republike Srbije za evropske integracije gospodin  Bo\u017eidar \u0110eli\u0107, zajedno sa ambasadorom Republike Srbije u Belgiji  i ambasadorom Belgije u Republici Srbiji.<\/p>\n<p><a href=\"http:\/\/www.epson.co.jp\/e\" target=\"_blank\"><strong>O  kompaniji<\/strong><\/a><strong> Epson<\/strong><\/p>\n<p>Kompanija Epson je  globalni lider u inovacijama i proizvodnji ure\u0111aja za prikaz slike,  posve\u0107ena pro\u0161irivanju vizije korisnicima \u0161irom sveta kroz kompaktne,  energetski efikasne i precizne tehnologije, sa paletom proizvoda od  \u0161tampa\u010da i 3LCD projektora za poslovnu i ku\u0107nu upotrebu do elektronskih  i ure\u0111aja sa kristalnim oscilatorima. Epson Grupu, na \u010delu sa Seiko  Epson Korporacijom baziranom u Japanu, \u010dini vi\u0161e od 70.000 zaposlenih  u 106 kompanija \u0161irom sveta. Epson \u017eeli da pro\u0161iri o\u010dekivanja i  vizije svojih korisnika sa proizvodima i uslugama koji omogu\u0107avaju  kreiranje vedrijeg i bogatijeg \u017eivotnog stila.<\/p>\n<p><a href=\"http:\/\/global.epson.com\/\" target=\"_blank\"><span style=\"text-decoration: underline;\">http:\/\/global.epson.com<\/span><\/a><\/p>\n<p><a href=\"http:\/\/www.epson-europe.com\/\" target=\"_blank\"><strong>O  kompaniji Epson Europe <\/strong><\/a><\/p>\n<p>Kompanija Epson Europe  B.V., bazirana u Amsterdamu je regionalna centrala kompanije za Evropu,  Bliski Istok, Rusiju i Afriku. Sa 2.400 zaposlenih kompanija Epson Europe  je ostvarila u fiskalnoj 2009. godini prihode od 1.875 miliona evra.<\/p>\n<p><a href=\"http:\/\/www.epson-europe.com\/\" target=\"_blank\"><span style=\"text-decoration: underline;\">http:\/\/www.epson-europe.com<\/span><\/a>\/<\/p>\n<p><strong>Environmental Vision  2050<\/strong><\/p>\n<p><a href=\"http:\/\/eco.epson.com\/\" target=\"_blank\"><span style=\"text-decoration: underline;\">http:\/\/eco.epson.com\/<\/span><\/a><\/p>\n","protected":false},"excerpt":{"rendered":"<p>Beograd, Srbija \u2014 26 Novembar 2010. \u2014 Kompanija Epson nastavila je sa u\u010de\u0161\u0107em u projektu &#8220;Primenjena nostalgija&#8221; koji putem izlo\u017ebe fotografija povezuje sli\u010dnosti glavnih gradova predsedavaju\u0107ih zemalja \u010dlanica Evropske unije sa Beogradom. Nakon Madrida koji je predstavljen sredinom ove godine, ovog puta, Beograd se povezao sa Briselom, povodom zavr\u0161etka belgijskog predsedavanja Evropskom unijom gde su prikazane fotografije belgijskog autora D\u017eima Samkea i na\u0161e autore Goranke Mati\u0107. Izlo\u017eba \u0107e trajati od 19. Novembra&#8230; <\/p>\n<div class=\"more-container\"><a class=\"more-link\" href=\"https:\/\/www.pcvesti.com\/?p=19603\" itemprop=\"url\">Continue reading<\/a><\/div>\n","protected":false},"author":5,"featured_media":0,"comment_status":"closed","ping_status":"closed","sticky":false,"template":"","format":"standard","meta":{"seo_booster_metabox":"","ngg_post_thumbnail":0,"slim_seo":{"title":"Nastavljena tradicionalna izlo\u017eba fotografija \u201cPrimenjena Nostalgija\u201d - PCVesti","description":"Beograd, Srbija \u2014 26 Novembar 2010. \u2014 Kompanija Epson nastavila je sa u\u010de\u0161\u0107em u projektu \"Primenjena nostalgija\" koji putem izlo\u017ebe fotografija povezuje sli\u010dnos"},"footnotes":""},"categories":[9,5],"tags":[],"class_list":["post-19603","post","type-post","status-publish","format-standard","hentry","category-dogadjaji","category-pc-vesti"],"yoast_head":"<!-- This site is optimized with the Yoast SEO plugin v27.5 - https:\/\/yoast.com\/product\/yoast-seo-wordpress\/ -->\n<title>Nastavljena tradicionalna izlo\u017eba fotografija \u201cPrimenjena Nostalgija\u201d - PCVesti<\/title>\n<meta name=\"robots\" content=\"index, follow, max-snippet:-1, max-image-preview:large, max-video-preview:-1\" \/>\n<link rel=\"canonical\" href=\"https:\/\/www.pcvesti.com\/?p=19603\" \/>\n<meta property=\"og:locale\" content=\"en_US\" \/>\n<meta property=\"og:type\" content=\"article\" \/>\n<meta property=\"og:title\" content=\"Nastavljena tradicionalna izlo\u017eba fotografija \u201cPrimenjena Nostalgija\u201d - PCVesti\" \/>\n<meta property=\"og:description\" content=\"Beograd, Srbija \u2014 26 Novembar 2010. \u2014 Kompanija Epson nastavila je sa u\u010de\u0161\u0107em u projektu &#8220;Primenjena nostalgija&#8221; koji putem izlo\u017ebe fotografija povezuje sli\u010dnosti glavnih gradova predsedavaju\u0107ih zemalja \u010dlanica Evropske unije sa Beogradom. Nakon Madrida koji je predstavljen sredinom ove godine, ovog puta, Beograd se povezao sa Briselom, povodom zavr\u0161etka belgijskog predsedavanja Evropskom unijom gde su prikazane fotografije belgijskog autora D\u017eima Samkea i na\u0161e autore Goranke Mati\u0107. Izlo\u017eba \u0107e trajati od 19. Novembra... Continue reading\" \/>\n<meta property=\"og:url\" content=\"https:\/\/www.pcvesti.com\/?p=19603\" \/>\n<meta property=\"og:site_name\" content=\"PCVesti\" \/>\n<meta property=\"article:published_time\" content=\"2010-11-28T07:58:26+00:00\" \/>\n<meta name=\"author\" content=\"newsmaster\" \/>\n<meta name=\"twitter:card\" content=\"summary_large_image\" \/>\n<meta name=\"twitter:label1\" content=\"Written by\" \/>\n\t<meta name=\"twitter:data1\" content=\"newsmaster\" \/>\n\t<meta name=\"twitter:label2\" content=\"Est. reading time\" \/>\n\t<meta name=\"twitter:data2\" content=\"2 minutes\" \/>\n<script type=\"application\/ld+json\" class=\"yoast-schema-graph\">{\"@context\":\"https:\\\/\\\/schema.org\",\"@graph\":[{\"@type\":\"Article\",\"@id\":\"https:\\\/\\\/www.pcvesti.com\\\/?p=19603#article\",\"isPartOf\":{\"@id\":\"https:\\\/\\\/www.pcvesti.com\\\/?p=19603\"},\"author\":{\"name\":\"newsmaster\",\"@id\":\"https:\\\/\\\/www.pcvesti.com\\\/#\\\/schema\\\/person\\\/d1e384f7c138a1fcda7af7425e55a6b2\"},\"headline\":\"Nastavljena tradicionalna izlo\u017eba fotografija \u201cPrimenjena Nostalgija\u201d\",\"datePublished\":\"2010-11-28T07:58:26+00:00\",\"mainEntityOfPage\":{\"@id\":\"https:\\\/\\\/www.pcvesti.com\\\/?p=19603\"},\"wordCount\":450,\"articleSection\":[\"Dogadjaji\",\"PC Vesti\"],\"inLanguage\":\"en-US\"},{\"@type\":\"WebPage\",\"@id\":\"https:\\\/\\\/www.pcvesti.com\\\/?p=19603\",\"url\":\"https:\\\/\\\/www.pcvesti.com\\\/?p=19603\",\"name\":\"Nastavljena tradicionalna izlo\u017eba fotografija \u201cPrimenjena Nostalgija\u201d - PCVesti\",\"isPartOf\":{\"@id\":\"https:\\\/\\\/www.pcvesti.com\\\/#website\"},\"datePublished\":\"2010-11-28T07:58:26+00:00\",\"author\":{\"@id\":\"https:\\\/\\\/www.pcvesti.com\\\/#\\\/schema\\\/person\\\/d1e384f7c138a1fcda7af7425e55a6b2\"},\"breadcrumb\":{\"@id\":\"https:\\\/\\\/www.pcvesti.com\\\/?p=19603#breadcrumb\"},\"inLanguage\":\"en-US\",\"potentialAction\":[{\"@type\":\"ReadAction\",\"target\":[\"https:\\\/\\\/www.pcvesti.com\\\/?p=19603\"]}]},{\"@type\":\"BreadcrumbList\",\"@id\":\"https:\\\/\\\/www.pcvesti.com\\\/?p=19603#breadcrumb\",\"itemListElement\":[{\"@type\":\"ListItem\",\"position\":1,\"name\":\"Home\",\"item\":\"https:\\\/\\\/www.pcvesti.com\\\/\"},{\"@type\":\"ListItem\",\"position\":2,\"name\":\"Nastavljena tradicionalna izlo\u017eba fotografija \u201cPrimenjena Nostalgija\u201d\"}]},{\"@type\":\"WebSite\",\"@id\":\"https:\\\/\\\/www.pcvesti.com\\\/#website\",\"url\":\"https:\\\/\\\/www.pcvesti.com\\\/\",\"name\":\"PCVesti\",\"description\":\"www.pcvesti.com\",\"potentialAction\":[{\"@type\":\"SearchAction\",\"target\":{\"@type\":\"EntryPoint\",\"urlTemplate\":\"https:\\\/\\\/www.pcvesti.com\\\/?s={search_term_string}\"},\"query-input\":{\"@type\":\"PropertyValueSpecification\",\"valueRequired\":true,\"valueName\":\"search_term_string\"}}],\"inLanguage\":\"en-US\"},{\"@type\":\"Person\",\"@id\":\"https:\\\/\\\/www.pcvesti.com\\\/#\\\/schema\\\/person\\\/d1e384f7c138a1fcda7af7425e55a6b2\",\"name\":\"newsmaster\",\"image\":{\"@type\":\"ImageObject\",\"inLanguage\":\"en-US\",\"@id\":\"https:\\\/\\\/www.pcvesti.com\\\/wp-content\\\/uploads\\\/2018\\\/09\\\/avatar_user_5_1537115954-96x96.jpeg\",\"url\":\"https:\\\/\\\/www.pcvesti.com\\\/wp-content\\\/uploads\\\/2018\\\/09\\\/avatar_user_5_1537115954-96x96.jpeg\",\"contentUrl\":\"https:\\\/\\\/www.pcvesti.com\\\/wp-content\\\/uploads\\\/2018\\\/09\\\/avatar_user_5_1537115954-96x96.jpeg\",\"caption\":\"newsmaster\"},\"url\":\"https:\\\/\\\/www.pcvesti.com\\\/?author=5\"}]}<\/script>\n<!-- \/ Yoast SEO plugin. -->","yoast_head_json":{"title":"Nastavljena tradicionalna izlo\u017eba fotografija \u201cPrimenjena Nostalgija\u201d - PCVesti","robots":{"index":"index","follow":"follow","max-snippet":"max-snippet:-1","max-image-preview":"max-image-preview:large","max-video-preview":"max-video-preview:-1"},"canonical":"https:\/\/www.pcvesti.com\/?p=19603","og_locale":"en_US","og_type":"article","og_title":"Nastavljena tradicionalna izlo\u017eba fotografija \u201cPrimenjena Nostalgija\u201d - PCVesti","og_description":"Beograd, Srbija \u2014 26 Novembar 2010. \u2014 Kompanija Epson nastavila je sa u\u010de\u0161\u0107em u projektu &#8220;Primenjena nostalgija&#8221; koji putem izlo\u017ebe fotografija povezuje sli\u010dnosti glavnih gradova predsedavaju\u0107ih zemalja \u010dlanica Evropske unije sa Beogradom. Nakon Madrida koji je predstavljen sredinom ove godine, ovog puta, Beograd se povezao sa Briselom, povodom zavr\u0161etka belgijskog predsedavanja Evropskom unijom gde su prikazane fotografije belgijskog autora D\u017eima Samkea i na\u0161e autore Goranke Mati\u0107. Izlo\u017eba \u0107e trajati od 19. Novembra... Continue reading","og_url":"https:\/\/www.pcvesti.com\/?p=19603","og_site_name":"PCVesti","article_published_time":"2010-11-28T07:58:26+00:00","author":"newsmaster","twitter_card":"summary_large_image","twitter_misc":{"Written by":"newsmaster","Est. reading time":"2 minutes"},"schema":{"@context":"https:\/\/schema.org","@graph":[{"@type":"Article","@id":"https:\/\/www.pcvesti.com\/?p=19603#article","isPartOf":{"@id":"https:\/\/www.pcvesti.com\/?p=19603"},"author":{"name":"newsmaster","@id":"https:\/\/www.pcvesti.com\/#\/schema\/person\/d1e384f7c138a1fcda7af7425e55a6b2"},"headline":"Nastavljena tradicionalna izlo\u017eba fotografija \u201cPrimenjena Nostalgija\u201d","datePublished":"2010-11-28T07:58:26+00:00","mainEntityOfPage":{"@id":"https:\/\/www.pcvesti.com\/?p=19603"},"wordCount":450,"articleSection":["Dogadjaji","PC Vesti"],"inLanguage":"en-US"},{"@type":"WebPage","@id":"https:\/\/www.pcvesti.com\/?p=19603","url":"https:\/\/www.pcvesti.com\/?p=19603","name":"Nastavljena tradicionalna izlo\u017eba fotografija \u201cPrimenjena Nostalgija\u201d - PCVesti","isPartOf":{"@id":"https:\/\/www.pcvesti.com\/#website"},"datePublished":"2010-11-28T07:58:26+00:00","author":{"@id":"https:\/\/www.pcvesti.com\/#\/schema\/person\/d1e384f7c138a1fcda7af7425e55a6b2"},"breadcrumb":{"@id":"https:\/\/www.pcvesti.com\/?p=19603#breadcrumb"},"inLanguage":"en-US","potentialAction":[{"@type":"ReadAction","target":["https:\/\/www.pcvesti.com\/?p=19603"]}]},{"@type":"BreadcrumbList","@id":"https:\/\/www.pcvesti.com\/?p=19603#breadcrumb","itemListElement":[{"@type":"ListItem","position":1,"name":"Home","item":"https:\/\/www.pcvesti.com\/"},{"@type":"ListItem","position":2,"name":"Nastavljena tradicionalna izlo\u017eba fotografija \u201cPrimenjena Nostalgija\u201d"}]},{"@type":"WebSite","@id":"https:\/\/www.pcvesti.com\/#website","url":"https:\/\/www.pcvesti.com\/","name":"PCVesti","description":"www.pcvesti.com","potentialAction":[{"@type":"SearchAction","target":{"@type":"EntryPoint","urlTemplate":"https:\/\/www.pcvesti.com\/?s={search_term_string}"},"query-input":{"@type":"PropertyValueSpecification","valueRequired":true,"valueName":"search_term_string"}}],"inLanguage":"en-US"},{"@type":"Person","@id":"https:\/\/www.pcvesti.com\/#\/schema\/person\/d1e384f7c138a1fcda7af7425e55a6b2","name":"newsmaster","image":{"@type":"ImageObject","inLanguage":"en-US","@id":"https:\/\/www.pcvesti.com\/wp-content\/uploads\/2018\/09\/avatar_user_5_1537115954-96x96.jpeg","url":"https:\/\/www.pcvesti.com\/wp-content\/uploads\/2018\/09\/avatar_user_5_1537115954-96x96.jpeg","contentUrl":"https:\/\/www.pcvesti.com\/wp-content\/uploads\/2018\/09\/avatar_user_5_1537115954-96x96.jpeg","caption":"newsmaster"},"url":"https:\/\/www.pcvesti.com\/?author=5"}]}},"_links":{"self":[{"href":"https:\/\/www.pcvesti.com\/index.php?rest_route=\/wp\/v2\/posts\/19603","targetHints":{"allow":["GET"]}}],"collection":[{"href":"https:\/\/www.pcvesti.com\/index.php?rest_route=\/wp\/v2\/posts"}],"about":[{"href":"https:\/\/www.pcvesti.com\/index.php?rest_route=\/wp\/v2\/types\/post"}],"author":[{"embeddable":true,"href":"https:\/\/www.pcvesti.com\/index.php?rest_route=\/wp\/v2\/users\/5"}],"replies":[{"embeddable":true,"href":"https:\/\/www.pcvesti.com\/index.php?rest_route=%2Fwp%2Fv2%2Fcomments&post=19603"}],"version-history":[{"count":0,"href":"https:\/\/www.pcvesti.com\/index.php?rest_route=\/wp\/v2\/posts\/19603\/revisions"}],"wp:attachment":[{"href":"https:\/\/www.pcvesti.com\/index.php?rest_route=%2Fwp%2Fv2%2Fmedia&parent=19603"}],"wp:term":[{"taxonomy":"category","embeddable":true,"href":"https:\/\/www.pcvesti.com\/index.php?rest_route=%2Fwp%2Fv2%2Fcategories&post=19603"},{"taxonomy":"post_tag","embeddable":true,"href":"https:\/\/www.pcvesti.com\/index.php?rest_route=%2Fwp%2Fv2%2Ftags&post=19603"}],"curies":[{"name":"wp","href":"https:\/\/api.w.org\/{rel}","templated":true}]}}