{"id":19620,"date":"2010-11-28T01:10:10","date_gmt":"2010-11-28T08:10:10","guid":{"rendered":"http:\/\/www.pcvesti.com\/?p=19620"},"modified":"2010-11-28T01:10:10","modified_gmt":"2010-11-28T08:10:10","slug":"asistivna-tehnologija-%e2%80%93-prozor-ka-znanju-zaposljavanju-izrazavanju-osoba-sa-invaliditetom","status":"publish","type":"post","link":"https:\/\/www.pcvesti.com\/?p=19620","title":{"rendered":"ASISTIVNA TEHNOLOGIJA \u2013 PROZOR KA ZNANJU, ZAPO\u0160LJAVANJU I IZRA\u017dAVANJU OSOBA SA INVALIDITETOM"},"content":{"rendered":"<p><strong>Beograd, 26.  septembar<\/strong> &#8211; Radionica <a href=\"http:\/\/www.ian.org.rs\/dogadjaji\/kliknikaevropi\/asisitivnetehnologije.htm\" target=\"_blank\"><strong><em><span style=\"text-decoration: underline;\">IKT  Asistivne tehnologije<\/span><\/em><\/strong><\/a> koju je <a href=\"http:\/\/www.ian.org.rs\/\" target=\"_blank\"><span style=\"text-decoration: underline;\">IAN  Me\u0111unarodna mre\u017ea pomo\u0107i<\/span><\/a> organizovala 22. i 23. novembra u Beogradu privukla je veliku pa\u017enju  osoba sa invaliditetom, njihovih udru\u017eenja, \u0161kola koje rade sa decom  sa invaliditetom i udru\u017eenja gra\u0111ana koje podr\u017eavaju osobe sa invaliditetom  u njihovom punom uklju\u010divanju u na\u0161e dru\u0161tvo. Radionica je deo \u0161ireg  projekta <a href=\"http:\/\/www.ian.org.rs\/dogadjaji\/kliknikaevropi\/index.htm\" target=\"_blank\"><em><span style=\"text-decoration: underline;\">Klikni  ka Evropi<\/span><\/em><\/a> koji  podr\u017eava Evropska unija.<\/p>\n<p>Sa ciljem da poka\u017ee  zna\u010daj omogu\u0107avanja osobama sa invaliditetom da koriste ra\u010dunare  i druge informaciono-komunikacione tehnologije kako bi bili ravnopravno  uklju\u010deni u savremeno dru\u0161tvo, radionica je predstavila razli\u010dita  hardverska i softverska pomagala koja smanjuju ili otklanjaju barijere  sa kojima se suo\u010davaju odrasli i deca sa invaliditetom pri kori\u0161\u0107enju  ra\u010dunara.<\/p>\nngg_shortcode_0_placeholder\n<p><!--more-->Na radionici je  u\u010destvovalo 17 predava\u010da, a predstavljena su iskustva, proizvodi i  primeri dobre prakse iz Makedonije, Austrije i Srbije. Asistivna IKT  danas omogu\u0107ava osobama sa odre\u0111enim oblicima invaliditeta da koriste  gotovo sve mogu\u0107nosti ra\u010dunara i iska\u017eu svoje pune kapacitete. Ova  tehnologija olak\u0161anog pristupa mo\u017ee se koristiti u obrazovanju kao  i pri prilago\u0111avanju radnog mesta zaposlenima sa invaliditetom.<\/p>\n<p>\u201eDanas IKT asistivne  tehnologije menjaju \u017eivot osoba sa invaliditetom. Uzimaju\u0107i u obzir  da se savremeni \u017eivot ne mo\u017ee zamisliti bez ra\u010dunara, jer ve\u0107ina  zanimanja zahteva rad na ra\u010dunaru, jer Internet predstavlja nepregledan  izvor znanja i sastavni je deo procesa celo\u017eivotnog u\u010denja, jer je  komunikacija i dru\u017eenje putem ra\u010dunara neodvojivi deo socijalizacije  me\u0111u ljudima danas, omogu\u0107avanjem ili olak\u0161avanjem upotrebe ra\u010dunara  osobama sa invaliditetom, oni zapravo lak\u0161e ostvaruju ono \u0161to spada  u domen osnovnih ljudskih prava \u2013 pravo na rad, pravo na \u0161kolovanje,  pravo na kreativno izra\u017eavanje. Zato digitalna inkluzija osoba sa invaliditetom  mora da bude sastavni deo njihove op\u0161te inkluzije u dru\u0161tvo\u201c, rekla  je Menad\u017eerka projekta Gordana Stankov Stojilovi\u0107 iz IAN-a.<\/p>\n<p>Na radionici su  prakti\u010dno demonstrirani brojni ure\u0111aji poput alternativnih tastatura  razli\u010ditih veli\u010dina i sa razli\u010ditim dodacima, softveri za savladavanje  gradiva i ve\u017ebanje rada na ra\u010dunaru za decu i odrasle, Brajev red,  specijalna zvu\u010dna tastatura, alternativni mi\u0161evi a me\u0111u njima i specijalan  tzv. Integra mi\u0161 austrijske organizacije <a href=\"http:\/\/www.lifetool.at\/show_content.php?sid=70\" target=\"_blank\"><em><span style=\"text-decoration: underline;\">LifeTool<\/span><\/em><\/a> koji omogu\u0107ava osobama sa invaliditetom  koje mogu da pokre\u0107u samo glavu, da usisavanjem vazduha ili duvanjem  uspe\u0161no koriste ra\u010dunar.<\/p>\n<p>U\u010desnici su imali  i mogu\u0107nost da se bolje upoznaju sa asistivnim tehnologijama ve\u0107\u00a0 ugra\u0111enim u Majkrosoft softver, uklju\u010duju\u0107i i virtuelnu tastaturu  na ekranu, uveli\u010davanje delova ekrana pomo\u0107u lupe, mogu\u0107nost uveli\u010davanja  i adaptiranja prikazivanja pokaziva\u010da na ekranu, pode\u0161avanje brzine  klika mi\u0161em, kucanja, itd.<\/p>\n<p>Premijerno je  demonstrirana i najnovija verzije AnReader-a, sintetizatora govora koji  slepim ljudima omogu\u0107ava da u potpunosti \u010ditaju odnosno slu\u0161aju i  vrlo obimne tekstove na srpskom jeziku, a koji su razvili Fakultet tehni\u010dkih  nauka iz Novog Sada i kompanija <a href=\"http:\/\/www.alfanum.co.rs\/\" target=\"_blank\"><span style=\"text-decoration: underline;\">AlfaNum<\/span><\/a>.<\/p>\n<p>Organizacija Otvorite  prozore iz Makedonije prikazala je sjajne ure\u0111aje koje oni sami konstruisali  u svom inovativnom centru kako bi ih u\u010dinili pristupa\u010dnijim korisnicima,  po\u0161to je jedan od velikih problema koji prati asistivne tehnologije  u na\u0161em regionu njihova visoka cena i nemogu\u0107nost nabavke, jer za  ve\u0107inu opreme nema zvani\u010dnih uvoznika.<\/p>\n<p>Najopremljeniji  i zapravo jedini centar kom osobe sa invaliditetom mogu da se obrate  za pomo\u0107 pri izboru opreme, dobiju pomo\u0107 u procesu izbora i isprobaju  razli\u010dite vrste asistivnih ure\u0111aja jeste <a href=\"http:\/\/resursnicentar.ehons.org\/rs\/o-nama\/eho-print\/\" target=\"_blank\"><span style=\"text-decoration: underline;\">EHO  Resursni centar za osobe sa invaliditetom<\/span><\/a> u Novom Sadu.<\/p>\n<p>Prezentacije 17  pojedinaca i organizacija koji su govorili na radionici kao i vi\u0161e  informacija o samoj radinoci dostupni su na <a href=\"http:\/\/www.ian.org.rs\/dogadjaji\/kliknikaevropi\/asisitivnetehnologije.htm\" target=\"_blank\"><span style=\"text-decoration: underline;\">http:\/\/www.ian.org.rs\/dogadjaji\/kliknikaevropi\/asisitivnetehnologije.htm<\/span><\/a><\/p>\n<p>Zahvaljuju\u0107i  agenciji INSERT cela radionica je imala direktan audio prenos putem  Interneta, a me\u0111u slu\u0161aocima su, izme\u0111u ostalih, bile i slepe i slabovide  osobe iz Srbije, Bosne i Hercegovine i Makedonije.<\/p>\n<p>Osnovni problem  u na\u0161oj dr\u017eavi koji su \u010desnici radionice isticali je nepostojanje  sistemske podr\u0161ke u informisanosti, izboru, nabavci asistivnih tehnologija,  odnosno da se do bilo kakvih informacija te\u0161ko dolazi, a nabavka ve\u0107ine  hardverskih i softverskih pomagala jo\u0161 uvek uglavnom zavisi isklju\u010divo  od snala\u017eljivosti i materijalnih mogu\u0107nosti svake pojedina\u010dne osobe  sa invaliditetom ili manjeg broja organizacija li institucija koje im  pru\u017eaju podr\u0161ku.<\/p>\n","protected":false},"excerpt":{"rendered":"<p>Beograd, 26. septembar &#8211; Radionica IKT Asistivne tehnologije koju je IAN Me\u0111unarodna mre\u017ea pomo\u0107i organizovala 22. i 23. novembra u Beogradu privukla je veliku pa\u017enju osoba sa invaliditetom, njihovih udru\u017eenja, \u0161kola koje rade sa decom sa invaliditetom i udru\u017eenja gra\u0111ana koje podr\u017eavaju osobe sa invaliditetom u njihovom punom uklju\u010divanju u na\u0161e dru\u0161tvo. Radionica je deo \u0161ireg projekta Klikni ka Evropi koji podr\u017eava Evropska unija. Sa ciljem da poka\u017ee zna\u010daj omogu\u0107avanja osobama sa&#8230; <\/p>\n<div class=\"more-container\"><a class=\"more-link\" href=\"https:\/\/www.pcvesti.com\/?p=19620\" itemprop=\"url\">Continue reading<\/a><\/div>\n","protected":false},"author":5,"featured_media":0,"comment_status":"closed","ping_status":"closed","sticky":false,"template":"","format":"standard","meta":{"seo_booster_metabox":"","ngg_post_thumbnail":0,"slim_seo":{"title":"ASISTIVNA TEHNOLOGIJA \u2013 PROZOR KA ZNANJU, ZAPO\u0160LJAVANJU I IZRA\u017dAVANJU OSOBA SA INVALIDITETOM - PCVesti","description":"Beograd, 26. septembar - Radionica IKT Asistivne tehnologije koju je IAN Me\u0111unarodna mre\u017ea pomo\u0107i organizovala 22. i 23. novembra u Beogradu privukla je veliku"},"footnotes":""},"categories":[5],"tags":[],"class_list":["post-19620","post","type-post","status-publish","format-standard","hentry","category-pc-vesti"],"yoast_head":"<!-- This site is optimized with the Yoast SEO plugin v27.5 - https:\/\/yoast.com\/product\/yoast-seo-wordpress\/ -->\n<title>ASISTIVNA TEHNOLOGIJA \u2013 PROZOR KA ZNANJU, ZAPO\u0160LJAVANJU I IZRA\u017dAVANJU OSOBA SA INVALIDITETOM  - PCVesti<\/title>\n<meta name=\"robots\" content=\"index, follow, max-snippet:-1, max-image-preview:large, max-video-preview:-1\" \/>\n<link rel=\"canonical\" href=\"https:\/\/www.pcvesti.com\/?p=19620\" \/>\n<meta property=\"og:locale\" content=\"en_US\" \/>\n<meta property=\"og:type\" content=\"article\" \/>\n<meta property=\"og:title\" content=\"ASISTIVNA TEHNOLOGIJA \u2013 PROZOR KA ZNANJU, ZAPO\u0160LJAVANJU I IZRA\u017dAVANJU OSOBA SA INVALIDITETOM  - PCVesti\" \/>\n<meta property=\"og:description\" content=\"Beograd, 26. septembar &#8211; Radionica IKT Asistivne tehnologije koju je IAN Me\u0111unarodna mre\u017ea pomo\u0107i organizovala 22. i 23. novembra u Beogradu privukla je veliku pa\u017enju osoba sa invaliditetom, njihovih udru\u017eenja, \u0161kola koje rade sa decom sa invaliditetom i udru\u017eenja gra\u0111ana koje podr\u017eavaju osobe sa invaliditetom u njihovom punom uklju\u010divanju u na\u0161e dru\u0161tvo. Radionica je deo \u0161ireg projekta Klikni ka Evropi koji podr\u017eava Evropska unija. Sa ciljem da poka\u017ee zna\u010daj omogu\u0107avanja osobama sa... Continue reading\" \/>\n<meta property=\"og:url\" content=\"https:\/\/www.pcvesti.com\/?p=19620\" \/>\n<meta property=\"og:site_name\" content=\"PCVesti\" \/>\n<meta property=\"article:published_time\" content=\"2010-11-28T08:10:10+00:00\" \/>\n<meta name=\"author\" content=\"newsmaster\" \/>\n<meta name=\"twitter:card\" content=\"summary_large_image\" \/>\n<meta name=\"twitter:label1\" content=\"Written by\" \/>\n\t<meta name=\"twitter:data1\" content=\"newsmaster\" \/>\n\t<meta name=\"twitter:label2\" content=\"Est. reading time\" \/>\n\t<meta name=\"twitter:data2\" content=\"4 minutes\" \/>\n<script type=\"application\/ld+json\" class=\"yoast-schema-graph\">{\"@context\":\"https:\\\/\\\/schema.org\",\"@graph\":[{\"@type\":\"Article\",\"@id\":\"https:\\\/\\\/www.pcvesti.com\\\/?p=19620#article\",\"isPartOf\":{\"@id\":\"https:\\\/\\\/www.pcvesti.com\\\/?p=19620\"},\"author\":{\"name\":\"newsmaster\",\"@id\":\"https:\\\/\\\/www.pcvesti.com\\\/#\\\/schema\\\/person\\\/d1e384f7c138a1fcda7af7425e55a6b2\"},\"headline\":\"ASISTIVNA TEHNOLOGIJA \u2013 PROZOR KA ZNANJU, ZAPO\u0160LJAVANJU I IZRA\u017dAVANJU OSOBA SA INVALIDITETOM\",\"datePublished\":\"2010-11-28T08:10:10+00:00\",\"mainEntityOfPage\":{\"@id\":\"https:\\\/\\\/www.pcvesti.com\\\/?p=19620\"},\"wordCount\":752,\"articleSection\":[\"PC Vesti\"],\"inLanguage\":\"en-US\"},{\"@type\":\"WebPage\",\"@id\":\"https:\\\/\\\/www.pcvesti.com\\\/?p=19620\",\"url\":\"https:\\\/\\\/www.pcvesti.com\\\/?p=19620\",\"name\":\"ASISTIVNA TEHNOLOGIJA \u2013 PROZOR KA ZNANJU, ZAPO\u0160LJAVANJU I IZRA\u017dAVANJU OSOBA SA INVALIDITETOM - PCVesti\",\"isPartOf\":{\"@id\":\"https:\\\/\\\/www.pcvesti.com\\\/#website\"},\"datePublished\":\"2010-11-28T08:10:10+00:00\",\"author\":{\"@id\":\"https:\\\/\\\/www.pcvesti.com\\\/#\\\/schema\\\/person\\\/d1e384f7c138a1fcda7af7425e55a6b2\"},\"breadcrumb\":{\"@id\":\"https:\\\/\\\/www.pcvesti.com\\\/?p=19620#breadcrumb\"},\"inLanguage\":\"en-US\",\"potentialAction\":[{\"@type\":\"ReadAction\",\"target\":[\"https:\\\/\\\/www.pcvesti.com\\\/?p=19620\"]}]},{\"@type\":\"BreadcrumbList\",\"@id\":\"https:\\\/\\\/www.pcvesti.com\\\/?p=19620#breadcrumb\",\"itemListElement\":[{\"@type\":\"ListItem\",\"position\":1,\"name\":\"Home\",\"item\":\"https:\\\/\\\/www.pcvesti.com\\\/\"},{\"@type\":\"ListItem\",\"position\":2,\"name\":\"ASISTIVNA TEHNOLOGIJA \u2013 PROZOR KA ZNANJU, ZAPO\u0160LJAVANJU I IZRA\u017dAVANJU OSOBA SA INVALIDITETOM\"}]},{\"@type\":\"WebSite\",\"@id\":\"https:\\\/\\\/www.pcvesti.com\\\/#website\",\"url\":\"https:\\\/\\\/www.pcvesti.com\\\/\",\"name\":\"PCVesti\",\"description\":\"www.pcvesti.com\",\"potentialAction\":[{\"@type\":\"SearchAction\",\"target\":{\"@type\":\"EntryPoint\",\"urlTemplate\":\"https:\\\/\\\/www.pcvesti.com\\\/?s={search_term_string}\"},\"query-input\":{\"@type\":\"PropertyValueSpecification\",\"valueRequired\":true,\"valueName\":\"search_term_string\"}}],\"inLanguage\":\"en-US\"},{\"@type\":\"Person\",\"@id\":\"https:\\\/\\\/www.pcvesti.com\\\/#\\\/schema\\\/person\\\/d1e384f7c138a1fcda7af7425e55a6b2\",\"name\":\"newsmaster\",\"image\":{\"@type\":\"ImageObject\",\"inLanguage\":\"en-US\",\"@id\":\"https:\\\/\\\/www.pcvesti.com\\\/wp-content\\\/uploads\\\/2018\\\/09\\\/avatar_user_5_1537115954-96x96.jpeg\",\"url\":\"https:\\\/\\\/www.pcvesti.com\\\/wp-content\\\/uploads\\\/2018\\\/09\\\/avatar_user_5_1537115954-96x96.jpeg\",\"contentUrl\":\"https:\\\/\\\/www.pcvesti.com\\\/wp-content\\\/uploads\\\/2018\\\/09\\\/avatar_user_5_1537115954-96x96.jpeg\",\"caption\":\"newsmaster\"},\"url\":\"https:\\\/\\\/www.pcvesti.com\\\/?author=5\"}]}<\/script>\n<!-- \/ Yoast SEO plugin. -->","yoast_head_json":{"title":"ASISTIVNA TEHNOLOGIJA \u2013 PROZOR KA ZNANJU, ZAPO\u0160LJAVANJU I IZRA\u017dAVANJU OSOBA SA INVALIDITETOM  - PCVesti","robots":{"index":"index","follow":"follow","max-snippet":"max-snippet:-1","max-image-preview":"max-image-preview:large","max-video-preview":"max-video-preview:-1"},"canonical":"https:\/\/www.pcvesti.com\/?p=19620","og_locale":"en_US","og_type":"article","og_title":"ASISTIVNA TEHNOLOGIJA \u2013 PROZOR KA ZNANJU, ZAPO\u0160LJAVANJU I IZRA\u017dAVANJU OSOBA SA INVALIDITETOM  - PCVesti","og_description":"Beograd, 26. septembar &#8211; Radionica IKT Asistivne tehnologije koju je IAN Me\u0111unarodna mre\u017ea pomo\u0107i organizovala 22. i 23. novembra u Beogradu privukla je veliku pa\u017enju osoba sa invaliditetom, njihovih udru\u017eenja, \u0161kola koje rade sa decom sa invaliditetom i udru\u017eenja gra\u0111ana koje podr\u017eavaju osobe sa invaliditetom u njihovom punom uklju\u010divanju u na\u0161e dru\u0161tvo. Radionica je deo \u0161ireg projekta Klikni ka Evropi koji podr\u017eava Evropska unija. Sa ciljem da poka\u017ee zna\u010daj omogu\u0107avanja osobama sa... Continue reading","og_url":"https:\/\/www.pcvesti.com\/?p=19620","og_site_name":"PCVesti","article_published_time":"2010-11-28T08:10:10+00:00","author":"newsmaster","twitter_card":"summary_large_image","twitter_misc":{"Written by":"newsmaster","Est. reading time":"4 minutes"},"schema":{"@context":"https:\/\/schema.org","@graph":[{"@type":"Article","@id":"https:\/\/www.pcvesti.com\/?p=19620#article","isPartOf":{"@id":"https:\/\/www.pcvesti.com\/?p=19620"},"author":{"name":"newsmaster","@id":"https:\/\/www.pcvesti.com\/#\/schema\/person\/d1e384f7c138a1fcda7af7425e55a6b2"},"headline":"ASISTIVNA TEHNOLOGIJA \u2013 PROZOR KA ZNANJU, ZAPO\u0160LJAVANJU I IZRA\u017dAVANJU OSOBA SA INVALIDITETOM","datePublished":"2010-11-28T08:10:10+00:00","mainEntityOfPage":{"@id":"https:\/\/www.pcvesti.com\/?p=19620"},"wordCount":752,"articleSection":["PC Vesti"],"inLanguage":"en-US"},{"@type":"WebPage","@id":"https:\/\/www.pcvesti.com\/?p=19620","url":"https:\/\/www.pcvesti.com\/?p=19620","name":"ASISTIVNA TEHNOLOGIJA \u2013 PROZOR KA ZNANJU, ZAPO\u0160LJAVANJU I IZRA\u017dAVANJU OSOBA SA INVALIDITETOM - PCVesti","isPartOf":{"@id":"https:\/\/www.pcvesti.com\/#website"},"datePublished":"2010-11-28T08:10:10+00:00","author":{"@id":"https:\/\/www.pcvesti.com\/#\/schema\/person\/d1e384f7c138a1fcda7af7425e55a6b2"},"breadcrumb":{"@id":"https:\/\/www.pcvesti.com\/?p=19620#breadcrumb"},"inLanguage":"en-US","potentialAction":[{"@type":"ReadAction","target":["https:\/\/www.pcvesti.com\/?p=19620"]}]},{"@type":"BreadcrumbList","@id":"https:\/\/www.pcvesti.com\/?p=19620#breadcrumb","itemListElement":[{"@type":"ListItem","position":1,"name":"Home","item":"https:\/\/www.pcvesti.com\/"},{"@type":"ListItem","position":2,"name":"ASISTIVNA TEHNOLOGIJA \u2013 PROZOR KA ZNANJU, ZAPO\u0160LJAVANJU I IZRA\u017dAVANJU OSOBA SA INVALIDITETOM"}]},{"@type":"WebSite","@id":"https:\/\/www.pcvesti.com\/#website","url":"https:\/\/www.pcvesti.com\/","name":"PCVesti","description":"www.pcvesti.com","potentialAction":[{"@type":"SearchAction","target":{"@type":"EntryPoint","urlTemplate":"https:\/\/www.pcvesti.com\/?s={search_term_string}"},"query-input":{"@type":"PropertyValueSpecification","valueRequired":true,"valueName":"search_term_string"}}],"inLanguage":"en-US"},{"@type":"Person","@id":"https:\/\/www.pcvesti.com\/#\/schema\/person\/d1e384f7c138a1fcda7af7425e55a6b2","name":"newsmaster","image":{"@type":"ImageObject","inLanguage":"en-US","@id":"https:\/\/www.pcvesti.com\/wp-content\/uploads\/2018\/09\/avatar_user_5_1537115954-96x96.jpeg","url":"https:\/\/www.pcvesti.com\/wp-content\/uploads\/2018\/09\/avatar_user_5_1537115954-96x96.jpeg","contentUrl":"https:\/\/www.pcvesti.com\/wp-content\/uploads\/2018\/09\/avatar_user_5_1537115954-96x96.jpeg","caption":"newsmaster"},"url":"https:\/\/www.pcvesti.com\/?author=5"}]}},"_links":{"self":[{"href":"https:\/\/www.pcvesti.com\/index.php?rest_route=\/wp\/v2\/posts\/19620","targetHints":{"allow":["GET"]}}],"collection":[{"href":"https:\/\/www.pcvesti.com\/index.php?rest_route=\/wp\/v2\/posts"}],"about":[{"href":"https:\/\/www.pcvesti.com\/index.php?rest_route=\/wp\/v2\/types\/post"}],"author":[{"embeddable":true,"href":"https:\/\/www.pcvesti.com\/index.php?rest_route=\/wp\/v2\/users\/5"}],"replies":[{"embeddable":true,"href":"https:\/\/www.pcvesti.com\/index.php?rest_route=%2Fwp%2Fv2%2Fcomments&post=19620"}],"version-history":[{"count":0,"href":"https:\/\/www.pcvesti.com\/index.php?rest_route=\/wp\/v2\/posts\/19620\/revisions"}],"wp:attachment":[{"href":"https:\/\/www.pcvesti.com\/index.php?rest_route=%2Fwp%2Fv2%2Fmedia&parent=19620"}],"wp:term":[{"taxonomy":"category","embeddable":true,"href":"https:\/\/www.pcvesti.com\/index.php?rest_route=%2Fwp%2Fv2%2Fcategories&post=19620"},{"taxonomy":"post_tag","embeddable":true,"href":"https:\/\/www.pcvesti.com\/index.php?rest_route=%2Fwp%2Fv2%2Ftags&post=19620"}],"curies":[{"name":"wp","href":"https:\/\/api.w.org\/{rel}","templated":true}]}}