{"id":20607,"date":"2011-01-26T12:51:20","date_gmt":"2011-01-26T19:51:20","guid":{"rendered":"http:\/\/www.pcvesti.com\/?p=20607"},"modified":"2011-01-26T12:51:20","modified_gmt":"2011-01-26T19:51:20","slug":"intel-saraduje-sa-will-i-am-om-frontmenom-grupe-black-eyed-peas","status":"publish","type":"post","link":"https:\/\/www.pcvesti.com\/?p=20607","title":{"rendered":"Intel sara\u0111uje sa will.i.am-om, frontmenom grupe Black Eyed Peas"},"content":{"rendered":"<p>NAHEIM, Kalifornija, 25. januar, 2011 \u2013 Iako ga svi znaju kao umetnika, producenta i frontmena grupe Black Eyed Peas,\u00a0<a href=\"http:\/\/will.i.am\/\" target=\"_blank\">will.i.am<\/a> je tako\u0111e i inovator, ljubitelj tehnologije, preduzetnik i filantrop. Sedmostruki dobitnik nagrade Gremi, dodao je danas, u Anaheim Convention Centru, jo\u0161 jedno zanimanje svom rezimeu: \u201edirektor kreativnih inovacija.\u201d<\/p>\n<p>Kao nastavak svoje velike fasciniranosti tehnologijom, koja igra bitnu ulogu u njegovom profesionalnom i privatnom \u017eivotu,\u00a0<a href=\"http:\/\/will.i.am\/\" target=\"_blank\">will.i.am<\/a> \u0107e sara\u0111ivati sa kompanijom Intel u oblasti kreative. On ve\u0107 poseduje identifikacionu karticu kompanije Intel, koju je ponosno pokazao na konferenciji za \u0161tampu u Anaheimu, gde kompanija Intel odr\u017eava internu konferenciju.<\/p>\n<p><!--more-->\u201eGotovo sve \u0161to radim podrazumeva upotrebu procesora i kompjutera, a kada vidim \u010dip kompanije Intel pomislim na sve one kreativne umove koji su mi omogu\u0107ili da pove\u0107am svoju kreativnost,\u201d izjavio je\u00a0<a href=\"http:\/\/will.i.am\/\" target=\"_blank\">will.i.am<\/a>. \u201eUdr\u017eivanje sa nau\u010dnicima, istra\u017eiva\u010dima i programerima kompanije Intel radi saradnje i razvoja novih na\u010dina komunikacije, kreativnosti, informisanja i zabave predstavlja\u0107e neverovatno iskustvo za mene.\u201d<\/p>\n<p>Debora Konrad, potpredsednica kompanije Intel i direktorka marketinga, dodala je: \u201eOdu\u0161evljeni smo \u0161to \u0107emo biti u prilici da zavirimo u bezgrani\u010dnu kreativnost koju nam\u00a0<a href=\"http:\/\/will.i.am\/\" target=\"_blank\">will.i.am<\/a> donosi. On ne samo da je sjajan umetnik i producent, ve\u0107 je i inovator koji pomera granice tehnologije, i na poslovnom i na li\u010dnom planu.\u201d<\/p>\n<p>U svojoj jedinstvenoj ulozi,\u00a0<a href=\"http:\/\/will.i.am\/\" target=\"_blank\">will.i.am<\/a> \u0107e sara\u0111ivati sa kompanijom Intel na mnogim kreativnim i tehnolo\u0161kim projektima koji \u0107e obuhvatati ure\u0111aje poput laptopova, smart telefona i tablet ra\u010dunara. Dopunjuju\u0107i svoju ulogu frontmena grupe The Black Eyed Peas,\u00a0<a href=\"http:\/\/will.i.am\/\" target=\"_blank\">will.i.am<\/a> ve\u0107 radi na komponovanju muzike za Intel.<\/p>\n<p>Detalji jo\u0161\u00a0 nisu poznati ali Konrad izjavljuje da partnerstvo izme\u0111u\u00a0will.i.am-a i Intela predstavlja spajanje dva sveta \u2013 zabave i tehnologije \u2013 kako bi se do\u0161lo do \u201cultimativnog iskustva.\u201d<\/p>\n<p><strong>O kompaniji Intel<\/strong><\/p>\n<p>Intel (NASDAQ: INTC), svetski lider u oblasti inovacija u ra\u010dunarskoj industriji, razvija tehnologije, proizvode i pokre\u0107e inicijative koje slu\u017ee kao osnova ra\u010dunarskih ure\u0111aja. Dodatne informacije o kompaniji Intel dostupne su na\u00a0<a href=\"http:\/\/www.intel.com\/pressroom\/\" target=\"_blank\"><span style=\"text-decoration: underline;\">http:\/\/www.intel.com\/pressroom\/<\/span><\/a> i\u00a0<a href=\"http:\/\/blogs.intel.com\/\" target=\"_blank\">blogs.intel.com<\/a>.<\/p>\n","protected":false},"excerpt":{"rendered":"<p>NAHEIM, Kalifornija, 25. januar, 2011 \u2013 Iako ga svi znaju kao umetnika, producenta i frontmena grupe Black Eyed Peas,\u00a0will.i.am je tako\u0111e i inovator, ljubitelj tehnologije, preduzetnik i filantrop. Sedmostruki dobitnik nagrade Gremi, dodao je danas, u Anaheim Convention Centru, jo\u0161 jedno zanimanje svom rezimeu: \u201edirektor kreativnih inovacija.\u201d Kao nastavak svoje velike fasciniranosti tehnologijom, koja igra bitnu ulogu u njegovom profesionalnom i privatnom \u017eivotu,\u00a0will.i.am \u0107e sara\u0111ivati sa kompanijom Intel u oblasti kreative. On&#8230; <\/p>\n<div class=\"more-container\"><a class=\"more-link\" href=\"https:\/\/www.pcvesti.com\/?p=20607\" itemprop=\"url\">Continue reading<\/a><\/div>\n","protected":false},"author":5,"featured_media":0,"comment_status":"closed","ping_status":"closed","sticky":false,"template":"","format":"standard","meta":{"seo_booster_metabox":"","ngg_post_thumbnail":0,"slim_seo":{"title":"Intel sara\u0111uje sa will.i.am-om, frontmenom grupe Black Eyed Peas - PCVesti","description":"NAHEIM, Kalifornija, 25. januar, 2011 \u2013 Iako ga svi znaju kao umetnika, producenta i frontmena grupe Black Eyed Peas,\u00a0 will.i.am je tako\u0111e i inovator, ljubitelj"},"footnotes":""},"categories":[5],"tags":[],"class_list":["post-20607","post","type-post","status-publish","format-standard","hentry","category-pc-vesti"],"yoast_head":"<!-- This site is optimized with the Yoast SEO plugin v27.5 - https:\/\/yoast.com\/product\/yoast-seo-wordpress\/ -->\n<title>Intel sara\u0111uje sa will.i.am-om, frontmenom grupe Black Eyed Peas - PCVesti<\/title>\n<meta name=\"robots\" content=\"index, follow, max-snippet:-1, max-image-preview:large, max-video-preview:-1\" \/>\n<link rel=\"canonical\" href=\"https:\/\/www.pcvesti.com\/?p=20607\" \/>\n<meta property=\"og:locale\" content=\"en_US\" \/>\n<meta property=\"og:type\" content=\"article\" \/>\n<meta property=\"og:title\" content=\"Intel sara\u0111uje sa will.i.am-om, frontmenom grupe Black Eyed Peas - PCVesti\" \/>\n<meta property=\"og:description\" content=\"NAHEIM, Kalifornija, 25. januar, 2011 \u2013 Iako ga svi znaju kao umetnika, producenta i frontmena grupe Black Eyed Peas,\u00a0will.i.am je tako\u0111e i inovator, ljubitelj tehnologije, preduzetnik i filantrop. Sedmostruki dobitnik nagrade Gremi, dodao je danas, u Anaheim Convention Centru, jo\u0161 jedno zanimanje svom rezimeu: \u201edirektor kreativnih inovacija.\u201d Kao nastavak svoje velike fasciniranosti tehnologijom, koja igra bitnu ulogu u njegovom profesionalnom i privatnom \u017eivotu,\u00a0will.i.am \u0107e sara\u0111ivati sa kompanijom Intel u oblasti kreative. On... Continue reading\" \/>\n<meta property=\"og:url\" content=\"https:\/\/www.pcvesti.com\/?p=20607\" \/>\n<meta property=\"og:site_name\" content=\"PCVesti\" \/>\n<meta property=\"article:published_time\" content=\"2011-01-26T19:51:20+00:00\" \/>\n<meta name=\"author\" content=\"newsmaster\" \/>\n<meta name=\"twitter:card\" content=\"summary_large_image\" \/>\n<meta name=\"twitter:label1\" content=\"Written by\" \/>\n\t<meta name=\"twitter:data1\" content=\"newsmaster\" \/>\n\t<meta name=\"twitter:label2\" content=\"Est. reading time\" \/>\n\t<meta name=\"twitter:data2\" content=\"2 minutes\" \/>\n<script type=\"application\/ld+json\" class=\"yoast-schema-graph\">{\"@context\":\"https:\\\/\\\/schema.org\",\"@graph\":[{\"@type\":\"Article\",\"@id\":\"https:\\\/\\\/www.pcvesti.com\\\/?p=20607#article\",\"isPartOf\":{\"@id\":\"https:\\\/\\\/www.pcvesti.com\\\/?p=20607\"},\"author\":{\"name\":\"newsmaster\",\"@id\":\"https:\\\/\\\/www.pcvesti.com\\\/#\\\/schema\\\/person\\\/d1e384f7c138a1fcda7af7425e55a6b2\"},\"headline\":\"Intel sara\u0111uje sa will.i.am-om, frontmenom grupe Black Eyed Peas\",\"datePublished\":\"2011-01-26T19:51:20+00:00\",\"mainEntityOfPage\":{\"@id\":\"https:\\\/\\\/www.pcvesti.com\\\/?p=20607\"},\"wordCount\":365,\"articleSection\":[\"PC Vesti\"],\"inLanguage\":\"en-US\"},{\"@type\":\"WebPage\",\"@id\":\"https:\\\/\\\/www.pcvesti.com\\\/?p=20607\",\"url\":\"https:\\\/\\\/www.pcvesti.com\\\/?p=20607\",\"name\":\"Intel sara\u0111uje sa will.i.am-om, frontmenom grupe Black Eyed Peas - PCVesti\",\"isPartOf\":{\"@id\":\"https:\\\/\\\/www.pcvesti.com\\\/#website\"},\"datePublished\":\"2011-01-26T19:51:20+00:00\",\"author\":{\"@id\":\"https:\\\/\\\/www.pcvesti.com\\\/#\\\/schema\\\/person\\\/d1e384f7c138a1fcda7af7425e55a6b2\"},\"breadcrumb\":{\"@id\":\"https:\\\/\\\/www.pcvesti.com\\\/?p=20607#breadcrumb\"},\"inLanguage\":\"en-US\",\"potentialAction\":[{\"@type\":\"ReadAction\",\"target\":[\"https:\\\/\\\/www.pcvesti.com\\\/?p=20607\"]}]},{\"@type\":\"BreadcrumbList\",\"@id\":\"https:\\\/\\\/www.pcvesti.com\\\/?p=20607#breadcrumb\",\"itemListElement\":[{\"@type\":\"ListItem\",\"position\":1,\"name\":\"Home\",\"item\":\"https:\\\/\\\/www.pcvesti.com\\\/\"},{\"@type\":\"ListItem\",\"position\":2,\"name\":\"Intel sara\u0111uje sa will.i.am-om, frontmenom grupe Black Eyed Peas\"}]},{\"@type\":\"WebSite\",\"@id\":\"https:\\\/\\\/www.pcvesti.com\\\/#website\",\"url\":\"https:\\\/\\\/www.pcvesti.com\\\/\",\"name\":\"PCVesti\",\"description\":\"www.pcvesti.com\",\"potentialAction\":[{\"@type\":\"SearchAction\",\"target\":{\"@type\":\"EntryPoint\",\"urlTemplate\":\"https:\\\/\\\/www.pcvesti.com\\\/?s={search_term_string}\"},\"query-input\":{\"@type\":\"PropertyValueSpecification\",\"valueRequired\":true,\"valueName\":\"search_term_string\"}}],\"inLanguage\":\"en-US\"},{\"@type\":\"Person\",\"@id\":\"https:\\\/\\\/www.pcvesti.com\\\/#\\\/schema\\\/person\\\/d1e384f7c138a1fcda7af7425e55a6b2\",\"name\":\"newsmaster\",\"image\":{\"@type\":\"ImageObject\",\"inLanguage\":\"en-US\",\"@id\":\"https:\\\/\\\/www.pcvesti.com\\\/wp-content\\\/uploads\\\/2018\\\/09\\\/avatar_user_5_1537115954-96x96.jpeg\",\"url\":\"https:\\\/\\\/www.pcvesti.com\\\/wp-content\\\/uploads\\\/2018\\\/09\\\/avatar_user_5_1537115954-96x96.jpeg\",\"contentUrl\":\"https:\\\/\\\/www.pcvesti.com\\\/wp-content\\\/uploads\\\/2018\\\/09\\\/avatar_user_5_1537115954-96x96.jpeg\",\"caption\":\"newsmaster\"},\"url\":\"https:\\\/\\\/www.pcvesti.com\\\/?author=5\"}]}<\/script>\n<!-- \/ Yoast SEO plugin. -->","yoast_head_json":{"title":"Intel sara\u0111uje sa will.i.am-om, frontmenom grupe Black Eyed Peas - PCVesti","robots":{"index":"index","follow":"follow","max-snippet":"max-snippet:-1","max-image-preview":"max-image-preview:large","max-video-preview":"max-video-preview:-1"},"canonical":"https:\/\/www.pcvesti.com\/?p=20607","og_locale":"en_US","og_type":"article","og_title":"Intel sara\u0111uje sa will.i.am-om, frontmenom grupe Black Eyed Peas - PCVesti","og_description":"NAHEIM, Kalifornija, 25. januar, 2011 \u2013 Iako ga svi znaju kao umetnika, producenta i frontmena grupe Black Eyed Peas,\u00a0will.i.am je tako\u0111e i inovator, ljubitelj tehnologije, preduzetnik i filantrop. Sedmostruki dobitnik nagrade Gremi, dodao je danas, u Anaheim Convention Centru, jo\u0161 jedno zanimanje svom rezimeu: \u201edirektor kreativnih inovacija.\u201d Kao nastavak svoje velike fasciniranosti tehnologijom, koja igra bitnu ulogu u njegovom profesionalnom i privatnom \u017eivotu,\u00a0will.i.am \u0107e sara\u0111ivati sa kompanijom Intel u oblasti kreative. On... Continue reading","og_url":"https:\/\/www.pcvesti.com\/?p=20607","og_site_name":"PCVesti","article_published_time":"2011-01-26T19:51:20+00:00","author":"newsmaster","twitter_card":"summary_large_image","twitter_misc":{"Written by":"newsmaster","Est. reading time":"2 minutes"},"schema":{"@context":"https:\/\/schema.org","@graph":[{"@type":"Article","@id":"https:\/\/www.pcvesti.com\/?p=20607#article","isPartOf":{"@id":"https:\/\/www.pcvesti.com\/?p=20607"},"author":{"name":"newsmaster","@id":"https:\/\/www.pcvesti.com\/#\/schema\/person\/d1e384f7c138a1fcda7af7425e55a6b2"},"headline":"Intel sara\u0111uje sa will.i.am-om, frontmenom grupe Black Eyed Peas","datePublished":"2011-01-26T19:51:20+00:00","mainEntityOfPage":{"@id":"https:\/\/www.pcvesti.com\/?p=20607"},"wordCount":365,"articleSection":["PC Vesti"],"inLanguage":"en-US"},{"@type":"WebPage","@id":"https:\/\/www.pcvesti.com\/?p=20607","url":"https:\/\/www.pcvesti.com\/?p=20607","name":"Intel sara\u0111uje sa will.i.am-om, frontmenom grupe Black Eyed Peas - PCVesti","isPartOf":{"@id":"https:\/\/www.pcvesti.com\/#website"},"datePublished":"2011-01-26T19:51:20+00:00","author":{"@id":"https:\/\/www.pcvesti.com\/#\/schema\/person\/d1e384f7c138a1fcda7af7425e55a6b2"},"breadcrumb":{"@id":"https:\/\/www.pcvesti.com\/?p=20607#breadcrumb"},"inLanguage":"en-US","potentialAction":[{"@type":"ReadAction","target":["https:\/\/www.pcvesti.com\/?p=20607"]}]},{"@type":"BreadcrumbList","@id":"https:\/\/www.pcvesti.com\/?p=20607#breadcrumb","itemListElement":[{"@type":"ListItem","position":1,"name":"Home","item":"https:\/\/www.pcvesti.com\/"},{"@type":"ListItem","position":2,"name":"Intel sara\u0111uje sa will.i.am-om, frontmenom grupe Black Eyed Peas"}]},{"@type":"WebSite","@id":"https:\/\/www.pcvesti.com\/#website","url":"https:\/\/www.pcvesti.com\/","name":"PCVesti","description":"www.pcvesti.com","potentialAction":[{"@type":"SearchAction","target":{"@type":"EntryPoint","urlTemplate":"https:\/\/www.pcvesti.com\/?s={search_term_string}"},"query-input":{"@type":"PropertyValueSpecification","valueRequired":true,"valueName":"search_term_string"}}],"inLanguage":"en-US"},{"@type":"Person","@id":"https:\/\/www.pcvesti.com\/#\/schema\/person\/d1e384f7c138a1fcda7af7425e55a6b2","name":"newsmaster","image":{"@type":"ImageObject","inLanguage":"en-US","@id":"https:\/\/www.pcvesti.com\/wp-content\/uploads\/2018\/09\/avatar_user_5_1537115954-96x96.jpeg","url":"https:\/\/www.pcvesti.com\/wp-content\/uploads\/2018\/09\/avatar_user_5_1537115954-96x96.jpeg","contentUrl":"https:\/\/www.pcvesti.com\/wp-content\/uploads\/2018\/09\/avatar_user_5_1537115954-96x96.jpeg","caption":"newsmaster"},"url":"https:\/\/www.pcvesti.com\/?author=5"}]}},"_links":{"self":[{"href":"https:\/\/www.pcvesti.com\/index.php?rest_route=\/wp\/v2\/posts\/20607","targetHints":{"allow":["GET"]}}],"collection":[{"href":"https:\/\/www.pcvesti.com\/index.php?rest_route=\/wp\/v2\/posts"}],"about":[{"href":"https:\/\/www.pcvesti.com\/index.php?rest_route=\/wp\/v2\/types\/post"}],"author":[{"embeddable":true,"href":"https:\/\/www.pcvesti.com\/index.php?rest_route=\/wp\/v2\/users\/5"}],"replies":[{"embeddable":true,"href":"https:\/\/www.pcvesti.com\/index.php?rest_route=%2Fwp%2Fv2%2Fcomments&post=20607"}],"version-history":[{"count":0,"href":"https:\/\/www.pcvesti.com\/index.php?rest_route=\/wp\/v2\/posts\/20607\/revisions"}],"wp:attachment":[{"href":"https:\/\/www.pcvesti.com\/index.php?rest_route=%2Fwp%2Fv2%2Fmedia&parent=20607"}],"wp:term":[{"taxonomy":"category","embeddable":true,"href":"https:\/\/www.pcvesti.com\/index.php?rest_route=%2Fwp%2Fv2%2Fcategories&post=20607"},{"taxonomy":"post_tag","embeddable":true,"href":"https:\/\/www.pcvesti.com\/index.php?rest_route=%2Fwp%2Fv2%2Ftags&post=20607"}],"curies":[{"name":"wp","href":"https:\/\/api.w.org\/{rel}","templated":true}]}}