{"id":21085,"date":"2011-02-27T02:54:11","date_gmt":"2011-02-27T09:54:11","guid":{"rendered":"http:\/\/www.pcvesti.com\/?p=21085"},"modified":"2011-02-27T02:59:41","modified_gmt":"2011-02-27T09:59:41","slug":"apple-predstavlja-novi-macbook-pro","status":"publish","type":"post","link":"https:\/\/www.pcvesti.com\/?p=21085","title":{"rendered":"Apple predstavlja novi MacBook Pro"},"content":{"rendered":"<p style=\"text-align: center;\"><span style=\"font-family: 'Lucida Grande'; font-size: x-large;\"><strong>Apple predstavlja novi MacBook Pro sa<\/strong><\/span><\/p>\n<p style=\"text-align: center;\"><span style=\"font-family: 'Lucida Grande'; font-size: x-large;\"><strong>novom generacijom procesora, grafike i Thunderbolt I\/O tehnologijom<\/strong><\/span><\/p>\n<p>&nbsp;<\/p>\n<p><span style=\"font-family: 'Lucida Grande'; font-size: small;\">KUPERTINO, Kalifornija \u2013\u00a0 24. februar, 2011. &#8211; Apple\u00ae\u00a0je danas predstavio novu MacBook\u00ae\u00a0 Pro familiju laptop ra\u010dunara sa novom generacijom procesora i grafike, Thunderbolt I\/O tehnologijom, kao i sa novom FaceTime\u00ae HD kamerom. Ove ra\u010dunare karakteri\u0161u najnoviji dvojezgarni i \u010detvorojezgarni Intel procesori, pa je cela nova linija MacBook Pro ra\u010dunara dva puta br\u017ea od prethodne generacije.*<\/span><\/p>\n<p><span style=\"font-family: 'Lucida Grande'; font-size: small;\">\u201cNovi MacBook Pro donosi novu generaciju dvojezgarnih i \u010detvorojezgarnih procesora, grafiku visokih performansi, Thunderbolt tehnologiju i FaceTime HD, uz odli\u010dan dizajn koji vole na\u0161i pro korisnici,\u201d izjavio je Filip \u0160iler, vi\u0161i potpredsednik za marketing na globalnom nivou u kompaniji Apple. \u201cThunderbolt je revolucionarna nova I\/O tehnologija koja donosi fantasti\u010dnih 10 gigabita po sekundi i koja podr\u017eava svaki va\u017ean I\/O standard, \u0161to je idealno za novi MacBook Pro.\u201d<\/span><\/p>\n<p><span style=\"font-family: 'Lucida Grande'; font-size: small;\">Novi MacBook Pro od 13 in\u010da nudi odli\u010dnu vrednost i performanse u kompaktnom dizajnu. Veoma portabilan 13-in\u010dni MacBook Pro sadr\u017ei Intel Core i5 i Core i7 dvojezgarne procesore do 2.7 GHz i Intel HD 3000 grafiku. Mo\u0107ni 15-in\u010dni i 17-in\u010dni MacBook Pro modeli poseduju \u010detvorojezgarne i7 procesore koji rade na 2.3 GHz i AMD Radeon HD grafi\u010dke procesore od 1 GB video memorije za visoke performanse u igranju, profesionalnu video monta\u017eu i aplikacije koje zahtevaju sna\u017enu grafiku.<\/span><\/p>\n<p><span style=\"font-family: 'Lucida Grande'; font-size: small;\"><!--more-->MacBook Pro je prvi kompjuter na tr\u017ei\u0161tu koji sadr\u017ei inovativnu Thunderbolt I\/O tehnologiju. Razvijena od strane kompanije Intel i u saradnji sa kompanijom Apple, Thunderbolt omogu\u0107ava pro\u0161irivost koja do sada nije bila mogu\u0107a na laptop ra\u010dunaru. Sadr\u017ei dva dvosmerna kanala sa brzinama transfera do fantasti\u010dnih 10 gigabita. Thunderbolt donosi PCI Express direktno do eksternih periferijskih ure\u0111aja visokih performansi, kao \u0161to su RAID sistemi i mo\u017ee da podr\u017ei FireWire i USB korisni\u010dke ure\u0111aje, kao i Gigabit Ethernet mre\u017ee putem adaptera. Thunderbolt tako\u0111e podr\u017eava DisplayPort za monitore visoke rezolucije i radi sa postoje\u0107im adapterima za HDMI, DVI i VGA ekrane. Dostupna besplatno za implementaciju na sistemima, kablovima i ure\u0111ajima, Thunderbolt tehnologija se o\u010dekuje da bude \u0161iroko prihva\u0107ena kao novi standard za I\/O visokih performansi.<\/span><\/p>\n<p><span style=\"font-family: 'Lucida Grande'; font-size: small;\">MacBook Pro sada uklju\u010duje ugra\u0111enu FaceTime HD kameru sa tri puta ve\u0107om rezolucijom u pore\u0111enju sa pro\u0161lom generacijom, za jasne video pozive u \u0161irokom (widescreen) formatu. Sa inovativnim FaceTime\u00a0 softverom za video pozive kompanije Apple, nova kamera omogu\u0107ava video pozive visoke definicije izme\u0111u svih MacBook Pro modela i podr\u017eava pozive standardne rezolucije sa ostalim Macintosh ra\u010dunarima baziranim na Intel platformi, iPhone\u00ae i aktuelnim iPod Touch\u00ae ure\u0111ajima. FaceTime je uklju\u010den u sve nove MacBook Pro modele i dostupan je za ostale Mac ra\u010dunare bazirane na Intel platformi u Mac\u00ae App Store\u2122 radnji za 99 centi. Linija MacBook Pro ra\u010dunara nastavlja sa predivnim aluminijumskim unibody dizajnom, staklastim Multi-Touch\u2122 trekpedom, \u0161irokim ekranom sa LED pozadinskim osvetljenjem, punom tastaturom sa pozadinskim osvetljenjem i baterijom koja traje 7 sati.**<\/span><\/p>\n<p><span style=\"font-family: 'Lucida Grande'; font-size: small;\">Kao \u2018najzelenija\u2019\u00a0linija laptop ra\u010dunara u industriji, svaki Mac laptop posti\u017ee EPEAT zlatni status i ispunjava Energy Star 5.0 zahteve, i tako gradi standard za laptop dizajn koji je prihvatljiv za \u017eivotnu sredinu.** Svaki unibody ra\u010dunar je napravljen od aluminijuma koji je mogu\u0107e reciklirati i dolazi sa energetski efikasnim ekranom sa LED pozadinskim osvetljenjem koji ne sadr\u017ei \u017eivu i napravljen je od stakla koje ne sadr\u017ei arsenik. Mac laptop ra\u010dunari ne sadr\u017ee bromirane komponente i PVC i napravljeni su od materijala koji se recikliraju.<\/span><\/p>\n<p><span style=\"font-family: 'Lucida Grande'; font-size: small;\">Svaki Mac dolazi sa Mac OS\u00ae\u00a0 X Snow Leopard\u00ae, najnaprednijim operativnim sistemom na svetu, sa iLife\u00ae, inovativnim softverskim paketom kompanije Apple za kreiranje i deljenje fotografija, filmova i muzike. Snow Leopard predstavlja vi\u0161e od decenije inovacija i sadr\u017ei mnogo karakteristika za portabilno ra\u010dunarstvo kao \u0161to su Multi-Touch navigacija, napredne be\u017ei\u010dne mre\u017ee, jednostavno deljenje fajlova, automatski bekap podataka i inteligentni energetski menad\u017ement. Novi iLife \u201911 sadr\u017ei iPhoto\u00ae sa fantasti\u010dnim pogledom preko celog ekrana za pregled, monta\u017eu i deljenje fotografija; iMovie\u00ae sa mo\u0107nim alatima koji su jednostavni za kori\u0161\u0107enje i transformi\u0161u ku\u0107ne video sadr\u017eaje u zabavne filmske trejlere; i GarageBand\u00ae sa novim na\u010dinima da unapredite sviranje i kreirate pesme koje zvu\u010de odli\u010dno.<\/span><\/p>\n<p><span style=\"font-family: 'Lucida Grande'; font-size: small;\">Cene i dostupnost na tr\u017ei\u0161tu Srbije bi\u0107e objavljene naknadno.<\/span><\/p>\n<p><span style=\"font-family: 'Lucida Grande'; font-size: small;\"><strong>Vi\u0161e informacija:<\/strong><\/span><\/p>\n<p><a href=\"http:\/\/www.apple.com\/l\" target=\"_blank\"><span style=\"color: #0000ff; font-family: 'Lucida Grande'; font-size: small;\"><span style=\"text-decoration: underline;\">http:\/\/www.apple.com\/<\/span><\/span><\/a><\/p>\n<p><span style=\"font-family: 'Lucida Grande'; font-size: x-small;\">O kompaniji Apple, Inc.<\/span><\/p>\n<p><span style=\"color: #808080; font-family: 'Lucida Grande'; font-size: x-small;\"><strong>Apple<\/strong> dizajnira Mac-ove, najbolje ra\u010dunare na svetu, OS X, iLife, iWork i profesionalni software. Apple predvodi u digitalnoj muzi\u010dkoj revoluciji sa iPodom i iTunes internet prodavnici. Apple je redizajnirao mobilni telefon sa revolucionarnim iPhoneom i App Storeom i skoro je predstavio magi\u010dni iPad koji defini\u0161e budu\u0107nost mobilnih medija i ra\u010dunarskih ure\u0111aja.<\/span><\/p>\n<p><span style=\"font-family: 'Lucida Grande'; font-size: x-small;\">O kompaniji Powercom Imaging<\/span><\/p>\n<p><span style=\"color: #808080; font-family: 'Lucida Grande'; font-size: x-small;\">Powercom\u00a0Imaging, d.o.o. je ponosni \u010dlan MIDIS\/Apcom grupe, sa sedi\u0161tem u Beogradu. Dru\u0161tvo osnovano\u00a02000. godine ovla\u0161\u0107eni je Apple Value Added Distributor zadu\u017een\u00a0za razvoj\u00a0tr\u017ei\u0161ta, marketing, prodaju i podr\u0161ku Apple i povezanih proizvoda.<\/span><\/p>\n<p><span style=\"font-family: 'Lucida Grande'; font-size: x-small;\">###<\/span><\/p>\n<p>&nbsp;<\/p>\n","protected":false},"excerpt":{"rendered":"<p>Apple predstavlja novi MacBook Pro sa novom generacijom procesora, grafike i Thunderbolt I\/O tehnologijom &nbsp; KUPERTINO, Kalifornija \u2013\u00a0 24. februar, 2011. &#8211; Apple\u00ae\u00a0je danas predstavio novu MacBook\u00ae\u00a0 Pro familiju laptop ra\u010dunara sa novom generacijom procesora i grafike, Thunderbolt I\/O tehnologijom, kao i sa novom FaceTime\u00ae HD kamerom. Ove ra\u010dunare karakteri\u0161u najnoviji dvojezgarni i \u010detvorojezgarni Intel procesori, pa je cela nova linija MacBook Pro ra\u010dunara dva puta br\u017ea od prethodne generacije.* \u201cNovi MacBook&#8230; <\/p>\n<div class=\"more-container\"><a class=\"more-link\" href=\"https:\/\/www.pcvesti.com\/?p=21085\" itemprop=\"url\">Continue reading<\/a><\/div>\n","protected":false},"author":5,"featured_media":0,"comment_status":"closed","ping_status":"closed","sticky":false,"template":"","format":"standard","meta":{"seo_booster_metabox":"","ngg_post_thumbnail":0,"slim_seo":{"title":"Apple predstavlja novi MacBook Pro - PCVesti","description":"Apple predstavlja novi MacBook Pro sa novom generacijom procesora, grafike i Thunderbolt I\/O tehnologijom &nbsp; KUPERTINO, Kalifornija \u2013\u00a0 24. februar, 2011. -"},"footnotes":""},"categories":[7,5],"tags":[],"class_list":["post-21085","post","type-post","status-publish","format-standard","hentry","category-mac","category-pc-vesti"],"yoast_head":"<!-- This site is optimized with the Yoast SEO plugin v27.5 - https:\/\/yoast.com\/product\/yoast-seo-wordpress\/ -->\n<title>Apple predstavlja novi MacBook Pro - PCVesti<\/title>\n<meta name=\"robots\" content=\"index, follow, max-snippet:-1, max-image-preview:large, max-video-preview:-1\" \/>\n<link rel=\"canonical\" href=\"https:\/\/www.pcvesti.com\/?p=21085\" \/>\n<meta property=\"og:locale\" content=\"en_US\" \/>\n<meta property=\"og:type\" content=\"article\" \/>\n<meta property=\"og:title\" content=\"Apple predstavlja novi MacBook Pro - PCVesti\" \/>\n<meta property=\"og:description\" content=\"Apple predstavlja novi MacBook Pro sa novom generacijom procesora, grafike i Thunderbolt I\/O tehnologijom &nbsp; KUPERTINO, Kalifornija \u2013\u00a0 24. februar, 2011. &#8211; Apple\u00ae\u00a0je danas predstavio novu MacBook\u00ae\u00a0 Pro familiju laptop ra\u010dunara sa novom generacijom procesora i grafike, Thunderbolt I\/O tehnologijom, kao i sa novom FaceTime\u00ae HD kamerom. Ove ra\u010dunare karakteri\u0161u najnoviji dvojezgarni i \u010detvorojezgarni Intel procesori, pa je cela nova linija MacBook Pro ra\u010dunara dva puta br\u017ea od prethodne generacije.* \u201cNovi MacBook... Continue reading\" \/>\n<meta property=\"og:url\" content=\"https:\/\/www.pcvesti.com\/?p=21085\" \/>\n<meta property=\"og:site_name\" content=\"PCVesti\" \/>\n<meta property=\"article:published_time\" content=\"2011-02-27T09:54:11+00:00\" \/>\n<meta property=\"article:modified_time\" content=\"2011-02-27T09:59:41+00:00\" \/>\n<meta name=\"author\" content=\"newsmaster\" \/>\n<meta name=\"twitter:card\" content=\"summary_large_image\" \/>\n<meta name=\"twitter:label1\" content=\"Written by\" \/>\n\t<meta name=\"twitter:data1\" content=\"newsmaster\" \/>\n\t<meta name=\"twitter:label2\" content=\"Est. reading time\" \/>\n\t<meta name=\"twitter:data2\" content=\"4 minutes\" \/>\n<script type=\"application\/ld+json\" class=\"yoast-schema-graph\">{\"@context\":\"https:\\\/\\\/schema.org\",\"@graph\":[{\"@type\":\"Article\",\"@id\":\"https:\\\/\\\/www.pcvesti.com\\\/?p=21085#article\",\"isPartOf\":{\"@id\":\"https:\\\/\\\/www.pcvesti.com\\\/?p=21085\"},\"author\":{\"name\":\"newsmaster\",\"@id\":\"https:\\\/\\\/www.pcvesti.com\\\/#\\\/schema\\\/person\\\/d1e384f7c138a1fcda7af7425e55a6b2\"},\"headline\":\"Apple predstavlja novi MacBook Pro\",\"datePublished\":\"2011-02-27T09:54:11+00:00\",\"dateModified\":\"2011-02-27T09:59:41+00:00\",\"mainEntityOfPage\":{\"@id\":\"https:\\\/\\\/www.pcvesti.com\\\/?p=21085\"},\"wordCount\":862,\"articleSection\":[\"Mac\",\"PC Vesti\"],\"inLanguage\":\"en-US\"},{\"@type\":\"WebPage\",\"@id\":\"https:\\\/\\\/www.pcvesti.com\\\/?p=21085\",\"url\":\"https:\\\/\\\/www.pcvesti.com\\\/?p=21085\",\"name\":\"Apple predstavlja novi MacBook Pro - PCVesti\",\"isPartOf\":{\"@id\":\"https:\\\/\\\/www.pcvesti.com\\\/#website\"},\"datePublished\":\"2011-02-27T09:54:11+00:00\",\"dateModified\":\"2011-02-27T09:59:41+00:00\",\"author\":{\"@id\":\"https:\\\/\\\/www.pcvesti.com\\\/#\\\/schema\\\/person\\\/d1e384f7c138a1fcda7af7425e55a6b2\"},\"breadcrumb\":{\"@id\":\"https:\\\/\\\/www.pcvesti.com\\\/?p=21085#breadcrumb\"},\"inLanguage\":\"en-US\",\"potentialAction\":[{\"@type\":\"ReadAction\",\"target\":[\"https:\\\/\\\/www.pcvesti.com\\\/?p=21085\"]}]},{\"@type\":\"BreadcrumbList\",\"@id\":\"https:\\\/\\\/www.pcvesti.com\\\/?p=21085#breadcrumb\",\"itemListElement\":[{\"@type\":\"ListItem\",\"position\":1,\"name\":\"Home\",\"item\":\"https:\\\/\\\/www.pcvesti.com\\\/\"},{\"@type\":\"ListItem\",\"position\":2,\"name\":\"Apple predstavlja novi MacBook Pro\"}]},{\"@type\":\"WebSite\",\"@id\":\"https:\\\/\\\/www.pcvesti.com\\\/#website\",\"url\":\"https:\\\/\\\/www.pcvesti.com\\\/\",\"name\":\"PCVesti\",\"description\":\"www.pcvesti.com\",\"potentialAction\":[{\"@type\":\"SearchAction\",\"target\":{\"@type\":\"EntryPoint\",\"urlTemplate\":\"https:\\\/\\\/www.pcvesti.com\\\/?s={search_term_string}\"},\"query-input\":{\"@type\":\"PropertyValueSpecification\",\"valueRequired\":true,\"valueName\":\"search_term_string\"}}],\"inLanguage\":\"en-US\"},{\"@type\":\"Person\",\"@id\":\"https:\\\/\\\/www.pcvesti.com\\\/#\\\/schema\\\/person\\\/d1e384f7c138a1fcda7af7425e55a6b2\",\"name\":\"newsmaster\",\"image\":{\"@type\":\"ImageObject\",\"inLanguage\":\"en-US\",\"@id\":\"https:\\\/\\\/www.pcvesti.com\\\/wp-content\\\/uploads\\\/2018\\\/09\\\/avatar_user_5_1537115954-96x96.jpeg\",\"url\":\"https:\\\/\\\/www.pcvesti.com\\\/wp-content\\\/uploads\\\/2018\\\/09\\\/avatar_user_5_1537115954-96x96.jpeg\",\"contentUrl\":\"https:\\\/\\\/www.pcvesti.com\\\/wp-content\\\/uploads\\\/2018\\\/09\\\/avatar_user_5_1537115954-96x96.jpeg\",\"caption\":\"newsmaster\"},\"url\":\"https:\\\/\\\/www.pcvesti.com\\\/?author=5\"}]}<\/script>\n<!-- \/ Yoast SEO plugin. -->","yoast_head_json":{"title":"Apple predstavlja novi MacBook Pro - PCVesti","robots":{"index":"index","follow":"follow","max-snippet":"max-snippet:-1","max-image-preview":"max-image-preview:large","max-video-preview":"max-video-preview:-1"},"canonical":"https:\/\/www.pcvesti.com\/?p=21085","og_locale":"en_US","og_type":"article","og_title":"Apple predstavlja novi MacBook Pro - PCVesti","og_description":"Apple predstavlja novi MacBook Pro sa novom generacijom procesora, grafike i Thunderbolt I\/O tehnologijom &nbsp; KUPERTINO, Kalifornija \u2013\u00a0 24. februar, 2011. &#8211; Apple\u00ae\u00a0je danas predstavio novu MacBook\u00ae\u00a0 Pro familiju laptop ra\u010dunara sa novom generacijom procesora i grafike, Thunderbolt I\/O tehnologijom, kao i sa novom FaceTime\u00ae HD kamerom. Ove ra\u010dunare karakteri\u0161u najnoviji dvojezgarni i \u010detvorojezgarni Intel procesori, pa je cela nova linija MacBook Pro ra\u010dunara dva puta br\u017ea od prethodne generacije.* \u201cNovi MacBook... Continue reading","og_url":"https:\/\/www.pcvesti.com\/?p=21085","og_site_name":"PCVesti","article_published_time":"2011-02-27T09:54:11+00:00","article_modified_time":"2011-02-27T09:59:41+00:00","author":"newsmaster","twitter_card":"summary_large_image","twitter_misc":{"Written by":"newsmaster","Est. reading time":"4 minutes"},"schema":{"@context":"https:\/\/schema.org","@graph":[{"@type":"Article","@id":"https:\/\/www.pcvesti.com\/?p=21085#article","isPartOf":{"@id":"https:\/\/www.pcvesti.com\/?p=21085"},"author":{"name":"newsmaster","@id":"https:\/\/www.pcvesti.com\/#\/schema\/person\/d1e384f7c138a1fcda7af7425e55a6b2"},"headline":"Apple predstavlja novi MacBook Pro","datePublished":"2011-02-27T09:54:11+00:00","dateModified":"2011-02-27T09:59:41+00:00","mainEntityOfPage":{"@id":"https:\/\/www.pcvesti.com\/?p=21085"},"wordCount":862,"articleSection":["Mac","PC Vesti"],"inLanguage":"en-US"},{"@type":"WebPage","@id":"https:\/\/www.pcvesti.com\/?p=21085","url":"https:\/\/www.pcvesti.com\/?p=21085","name":"Apple predstavlja novi MacBook Pro - PCVesti","isPartOf":{"@id":"https:\/\/www.pcvesti.com\/#website"},"datePublished":"2011-02-27T09:54:11+00:00","dateModified":"2011-02-27T09:59:41+00:00","author":{"@id":"https:\/\/www.pcvesti.com\/#\/schema\/person\/d1e384f7c138a1fcda7af7425e55a6b2"},"breadcrumb":{"@id":"https:\/\/www.pcvesti.com\/?p=21085#breadcrumb"},"inLanguage":"en-US","potentialAction":[{"@type":"ReadAction","target":["https:\/\/www.pcvesti.com\/?p=21085"]}]},{"@type":"BreadcrumbList","@id":"https:\/\/www.pcvesti.com\/?p=21085#breadcrumb","itemListElement":[{"@type":"ListItem","position":1,"name":"Home","item":"https:\/\/www.pcvesti.com\/"},{"@type":"ListItem","position":2,"name":"Apple predstavlja novi MacBook Pro"}]},{"@type":"WebSite","@id":"https:\/\/www.pcvesti.com\/#website","url":"https:\/\/www.pcvesti.com\/","name":"PCVesti","description":"www.pcvesti.com","potentialAction":[{"@type":"SearchAction","target":{"@type":"EntryPoint","urlTemplate":"https:\/\/www.pcvesti.com\/?s={search_term_string}"},"query-input":{"@type":"PropertyValueSpecification","valueRequired":true,"valueName":"search_term_string"}}],"inLanguage":"en-US"},{"@type":"Person","@id":"https:\/\/www.pcvesti.com\/#\/schema\/person\/d1e384f7c138a1fcda7af7425e55a6b2","name":"newsmaster","image":{"@type":"ImageObject","inLanguage":"en-US","@id":"https:\/\/www.pcvesti.com\/wp-content\/uploads\/2018\/09\/avatar_user_5_1537115954-96x96.jpeg","url":"https:\/\/www.pcvesti.com\/wp-content\/uploads\/2018\/09\/avatar_user_5_1537115954-96x96.jpeg","contentUrl":"https:\/\/www.pcvesti.com\/wp-content\/uploads\/2018\/09\/avatar_user_5_1537115954-96x96.jpeg","caption":"newsmaster"},"url":"https:\/\/www.pcvesti.com\/?author=5"}]}},"_links":{"self":[{"href":"https:\/\/www.pcvesti.com\/index.php?rest_route=\/wp\/v2\/posts\/21085","targetHints":{"allow":["GET"]}}],"collection":[{"href":"https:\/\/www.pcvesti.com\/index.php?rest_route=\/wp\/v2\/posts"}],"about":[{"href":"https:\/\/www.pcvesti.com\/index.php?rest_route=\/wp\/v2\/types\/post"}],"author":[{"embeddable":true,"href":"https:\/\/www.pcvesti.com\/index.php?rest_route=\/wp\/v2\/users\/5"}],"replies":[{"embeddable":true,"href":"https:\/\/www.pcvesti.com\/index.php?rest_route=%2Fwp%2Fv2%2Fcomments&post=21085"}],"version-history":[{"count":0,"href":"https:\/\/www.pcvesti.com\/index.php?rest_route=\/wp\/v2\/posts\/21085\/revisions"}],"wp:attachment":[{"href":"https:\/\/www.pcvesti.com\/index.php?rest_route=%2Fwp%2Fv2%2Fmedia&parent=21085"}],"wp:term":[{"taxonomy":"category","embeddable":true,"href":"https:\/\/www.pcvesti.com\/index.php?rest_route=%2Fwp%2Fv2%2Fcategories&post=21085"},{"taxonomy":"post_tag","embeddable":true,"href":"https:\/\/www.pcvesti.com\/index.php?rest_route=%2Fwp%2Fv2%2Ftags&post=21085"}],"curies":[{"name":"wp","href":"https:\/\/api.w.org\/{rel}","templated":true}]}}