{"id":21229,"date":"2011-03-09T00:24:07","date_gmt":"2011-03-09T07:24:07","guid":{"rendered":"http:\/\/www.pcvesti.com\/?p=21229"},"modified":"2011-03-09T00:24:07","modified_gmt":"2011-03-09T07:24:07","slug":"konferencija-udruzenje-poslovnih-zena-srbije","status":"publish","type":"post","link":"https:\/\/www.pcvesti.com\/?p=21229","title":{"rendered":"Konferencija udru\u017eenje poslovnih \u017eena Srbije"},"content":{"rendered":"<p><strong>Udru\u017eenje poslovnih  \u017eena Srbije<\/strong> organizovalo je konferenciju pod nazivom <strong>\u201eBiznis  portal za preduzetnice iz Srbije i Nema\u010dke\u201c. <\/strong> Ovaj internet portal osna\u017euje ekonomsku i poslovnu saradnju  preduzetnica  iz dveju zemalja, uspostavljaju\u0107i me\u0111unarodnu \u017eensku  poslovnu mre\u017eu.  Na konferenciji je predstavljena i publikacija <strong>\u201ePearls of Exellence\u201c <\/strong> koja objedinjuje pedeset preduzetni\u010dkih pri\u010da poslovnih \u017eena iz Srbije   i Nema\u010dke.  Dana\u0161nju konferenciju su otvorili \u0160ef Delegacije Evropske   unije u<\/p>\n<p><!--more-->Srbiji <strong>Vensan De\u017eer<\/strong>,  a u uvodnom delu, skupu su se obratili i ministarka za telekomunikacije  i informaciono dru\u0161tvo <strong>Jasna Mati\u0107<\/strong>, ambasador Nema\u010dke u Srbiji <strong> Volfram Mas <\/strong>i dr\u017eavna sekretarka u Ministarstvu ekonomije i regionalnog  razvoja <strong>Dragijana Radonji\u0107 \u2013  Petrovi\u0107<\/strong>.<\/p>\n<p>Na  konferenciji je zvani\u010dno  ozna\u010den po\u010detak rada web portala po nema\u010dkoj  licenci, koji preduzetnicama  iz Srbije omogu\u0107ava pristup nema\u010dkim  \u017eenskim preduze\u0107ima iz razli\u010ditih  sektora. Srpske i nema\u010dke firme  kojima rukovode \u017eene, a koje se budu  registrovale na ovom jedinstvenom   poslovnom portalu, sara\u0111iva\u0107e me\u0111usobno,  doprinose\u0107i stvaranju  jedinstvene, virtuelne, \u017eenske poslovne mre\u017ee.  Portal je rezultat  bilateralne saradnje na projektu \u201ePreduzetnice  preduzetnicama otvaraju  nove mogu\u0107nosti za razvoj \u017eenskog preduzetni\u0161tva\u201c  (WE Create  Opportunities and Solutions for W.E. in Serbia). Glavna funkcija  web  portala nije samo umre\u017eavanje preduzetnica iz Srbije i Nema\u010dke,  ve\u0107 i  lak\u0161i pristup poslovnim vestima, korisnim linkovima sa informacijama   va\u017enim za poslovanje u Srbiji ali i informacijama o EU fondovima koji   mogu da koriste MSP sektoru.<\/p>\n<p>Web portal <a href=\"http:\/\/www.xyglobal.net\/index.php?p=248\" target=\"_blank\"><strong>xyglobal.net<\/strong><\/a> predstavlja i nudi:<\/p>\n<ul>\n<li>Informacije \u2013 aktuelnosti,    najave doga\u0111aja, pri\u010de uspe\u0161nih preduzetnica, bazu institucija, savetodavnih    tela i udru\u017eenja<\/li>\n<li>Mesto  za umre\u017eavanje \u2013    brze funkcije pretra\u017eivanja, upravljanje  kontaktima, a\u017euriranje profila,    stvaranje i odr\u017eavanje mre\u017ee<\/li>\n<li>Nagra\u0111ivanje  najuspe\u0161nijih    \u2013 spisak dosada\u0161njih dobitnica priznanja \u201eCvet uspeha  za \u017eenu    zmaja\u201c, prijavljivanje na aktuelne konkurse<\/li>\n<li>Poslovna  partnerstva \u2013    informacije koje doprinose razvoju biznisa,  pronala\u017eenje poslovnih    partnera, kori\u0161\u0107enje poslovnih baza<\/li>\n<\/ul>\n<p>&nbsp;<\/p>\n<p>\u017denska  preduze\u0107a koja  \u017eele, mogu da se registruju na web portalu, \u010dime  dobijaju pristup  nema\u010dkom tr\u017ei\u0161tu, iz bilo kog dela Srbije.\u00a0 Portal \u0107e  se  biti  promovisan u Ni\u0161u, \u010ca\u010dku, Sremskoj Mitrovici, Valjevu, \u0160apcu i  Novom  Sadu.<\/p>\n<p>Srbija  je prva zemlja  u Evropi sa kojom Nema\u010dka razvija ovakav projekat, \u010dime  svoju licencu  internacionalizuje. Na portalu je, trenutno,  registrovano 1.500 nema\u010dkih  \u017eenskih firmi koje \u0107e biti\u00a0 povezivane sa  srpskim \u017eenskim preduze\u0107ima.<\/p>\n<p><strong>Udru\u017eenje poslovnih  \u017eena Srbije<\/strong> postoji ve\u0107 12 godina i sve to vreme nastoji da pove\u017ee  poslovne \u017eene  na lokalnom, regionalnom, nacionalnom i me\u0111unarodnom  nivou. Udru\u017eenje  poma\u017ee promovisanju poslovnih interesa \u017eena, olak\u0161ava  im uspostavljanje  odnosa sa sli\u010dnim udru\u017eenjima u inostranstvu i pru\u017ea  podr\u0161ku  profitabilnim, kreativnim i specijalizovanim projektima.<\/p>\n","protected":false},"excerpt":{"rendered":"<p>Udru\u017eenje poslovnih \u017eena Srbije organizovalo je konferenciju pod nazivom \u201eBiznis portal za preduzetnice iz Srbije i Nema\u010dke\u201c. Ovaj internet portal osna\u017euje ekonomsku i poslovnu saradnju preduzetnica iz dveju zemalja, uspostavljaju\u0107i me\u0111unarodnu \u017eensku poslovnu mre\u017eu. Na konferenciji je predstavljena i publikacija \u201ePearls of Exellence\u201c koja objedinjuje pedeset preduzetni\u010dkih pri\u010da poslovnih \u017eena iz Srbije i Nema\u010dke. Dana\u0161nju konferenciju su otvorili \u0160ef Delegacije Evropske unije u<\/p>\n","protected":false},"author":5,"featured_media":0,"comment_status":"closed","ping_status":"closed","sticky":false,"template":"","format":"standard","meta":{"seo_booster_metabox":"","ngg_post_thumbnail":0,"slim_seo":{"title":"Konferencija udru\u017eenje poslovnih \u017eena Srbije - PCVesti","description":"Udru\u017eenje poslovnih \u017eena Srbije organizovalo je konferenciju pod nazivom \u201eBiznis portal za preduzetnice iz Srbije i Nema\u010dke\u201c. Ovaj internet portal osna\u017euje ekon"},"footnotes":""},"categories":[5],"tags":[],"class_list":["post-21229","post","type-post","status-publish","format-standard","hentry","category-pc-vesti"],"yoast_head":"<!-- This site is optimized with the Yoast SEO plugin v27.5 - https:\/\/yoast.com\/product\/yoast-seo-wordpress\/ -->\n<title>Konferencija udru\u017eenje poslovnih \u017eena Srbije - PCVesti<\/title>\n<meta name=\"robots\" content=\"index, follow, max-snippet:-1, max-image-preview:large, max-video-preview:-1\" \/>\n<link rel=\"canonical\" href=\"https:\/\/www.pcvesti.com\/?p=21229\" \/>\n<meta property=\"og:locale\" content=\"en_US\" \/>\n<meta property=\"og:type\" content=\"article\" \/>\n<meta property=\"og:title\" content=\"Konferencija udru\u017eenje poslovnih \u017eena Srbije - PCVesti\" \/>\n<meta property=\"og:description\" content=\"Udru\u017eenje poslovnih \u017eena Srbije organizovalo je konferenciju pod nazivom \u201eBiznis portal za preduzetnice iz Srbije i Nema\u010dke\u201c. Ovaj internet portal osna\u017euje ekonomsku i poslovnu saradnju preduzetnica iz dveju zemalja, uspostavljaju\u0107i me\u0111unarodnu \u017eensku poslovnu mre\u017eu. Na konferenciji je predstavljena i publikacija \u201ePearls of Exellence\u201c koja objedinjuje pedeset preduzetni\u010dkih pri\u010da poslovnih \u017eena iz Srbije i Nema\u010dke. Dana\u0161nju konferenciju su otvorili \u0160ef Delegacije Evropske unije u\" \/>\n<meta property=\"og:url\" content=\"https:\/\/www.pcvesti.com\/?p=21229\" \/>\n<meta property=\"og:site_name\" content=\"PCVesti\" \/>\n<meta property=\"article:published_time\" content=\"2011-03-09T07:24:07+00:00\" \/>\n<meta name=\"author\" content=\"newsmaster\" \/>\n<meta name=\"twitter:card\" content=\"summary_large_image\" \/>\n<meta name=\"twitter:label1\" content=\"Written by\" \/>\n\t<meta name=\"twitter:data1\" content=\"newsmaster\" \/>\n\t<meta name=\"twitter:label2\" content=\"Est. reading time\" \/>\n\t<meta name=\"twitter:data2\" content=\"2 minutes\" \/>\n<script type=\"application\/ld+json\" class=\"yoast-schema-graph\">{\"@context\":\"https:\\\/\\\/schema.org\",\"@graph\":[{\"@type\":\"Article\",\"@id\":\"https:\\\/\\\/www.pcvesti.com\\\/?p=21229#article\",\"isPartOf\":{\"@id\":\"https:\\\/\\\/www.pcvesti.com\\\/?p=21229\"},\"author\":{\"name\":\"newsmaster\",\"@id\":\"https:\\\/\\\/www.pcvesti.com\\\/#\\\/schema\\\/person\\\/d1e384f7c138a1fcda7af7425e55a6b2\"},\"headline\":\"Konferencija udru\u017eenje poslovnih \u017eena Srbije\",\"datePublished\":\"2011-03-09T07:24:07+00:00\",\"mainEntityOfPage\":{\"@id\":\"https:\\\/\\\/www.pcvesti.com\\\/?p=21229\"},\"wordCount\":466,\"articleSection\":[\"PC Vesti\"],\"inLanguage\":\"en-US\"},{\"@type\":\"WebPage\",\"@id\":\"https:\\\/\\\/www.pcvesti.com\\\/?p=21229\",\"url\":\"https:\\\/\\\/www.pcvesti.com\\\/?p=21229\",\"name\":\"Konferencija udru\u017eenje poslovnih \u017eena Srbije - PCVesti\",\"isPartOf\":{\"@id\":\"https:\\\/\\\/www.pcvesti.com\\\/#website\"},\"datePublished\":\"2011-03-09T07:24:07+00:00\",\"author\":{\"@id\":\"https:\\\/\\\/www.pcvesti.com\\\/#\\\/schema\\\/person\\\/d1e384f7c138a1fcda7af7425e55a6b2\"},\"breadcrumb\":{\"@id\":\"https:\\\/\\\/www.pcvesti.com\\\/?p=21229#breadcrumb\"},\"inLanguage\":\"en-US\",\"potentialAction\":[{\"@type\":\"ReadAction\",\"target\":[\"https:\\\/\\\/www.pcvesti.com\\\/?p=21229\"]}]},{\"@type\":\"BreadcrumbList\",\"@id\":\"https:\\\/\\\/www.pcvesti.com\\\/?p=21229#breadcrumb\",\"itemListElement\":[{\"@type\":\"ListItem\",\"position\":1,\"name\":\"Home\",\"item\":\"https:\\\/\\\/www.pcvesti.com\\\/\"},{\"@type\":\"ListItem\",\"position\":2,\"name\":\"Konferencija udru\u017eenje poslovnih \u017eena Srbije\"}]},{\"@type\":\"WebSite\",\"@id\":\"https:\\\/\\\/www.pcvesti.com\\\/#website\",\"url\":\"https:\\\/\\\/www.pcvesti.com\\\/\",\"name\":\"PCVesti\",\"description\":\"www.pcvesti.com\",\"potentialAction\":[{\"@type\":\"SearchAction\",\"target\":{\"@type\":\"EntryPoint\",\"urlTemplate\":\"https:\\\/\\\/www.pcvesti.com\\\/?s={search_term_string}\"},\"query-input\":{\"@type\":\"PropertyValueSpecification\",\"valueRequired\":true,\"valueName\":\"search_term_string\"}}],\"inLanguage\":\"en-US\"},{\"@type\":\"Person\",\"@id\":\"https:\\\/\\\/www.pcvesti.com\\\/#\\\/schema\\\/person\\\/d1e384f7c138a1fcda7af7425e55a6b2\",\"name\":\"newsmaster\",\"image\":{\"@type\":\"ImageObject\",\"inLanguage\":\"en-US\",\"@id\":\"https:\\\/\\\/www.pcvesti.com\\\/wp-content\\\/uploads\\\/2018\\\/09\\\/avatar_user_5_1537115954-96x96.jpeg\",\"url\":\"https:\\\/\\\/www.pcvesti.com\\\/wp-content\\\/uploads\\\/2018\\\/09\\\/avatar_user_5_1537115954-96x96.jpeg\",\"contentUrl\":\"https:\\\/\\\/www.pcvesti.com\\\/wp-content\\\/uploads\\\/2018\\\/09\\\/avatar_user_5_1537115954-96x96.jpeg\",\"caption\":\"newsmaster\"},\"url\":\"https:\\\/\\\/www.pcvesti.com\\\/?author=5\"}]}<\/script>\n<!-- \/ Yoast SEO plugin. -->","yoast_head_json":{"title":"Konferencija udru\u017eenje poslovnih \u017eena Srbije - PCVesti","robots":{"index":"index","follow":"follow","max-snippet":"max-snippet:-1","max-image-preview":"max-image-preview:large","max-video-preview":"max-video-preview:-1"},"canonical":"https:\/\/www.pcvesti.com\/?p=21229","og_locale":"en_US","og_type":"article","og_title":"Konferencija udru\u017eenje poslovnih \u017eena Srbije - PCVesti","og_description":"Udru\u017eenje poslovnih \u017eena Srbije organizovalo je konferenciju pod nazivom \u201eBiznis portal za preduzetnice iz Srbije i Nema\u010dke\u201c. Ovaj internet portal osna\u017euje ekonomsku i poslovnu saradnju preduzetnica iz dveju zemalja, uspostavljaju\u0107i me\u0111unarodnu \u017eensku poslovnu mre\u017eu. Na konferenciji je predstavljena i publikacija \u201ePearls of Exellence\u201c koja objedinjuje pedeset preduzetni\u010dkih pri\u010da poslovnih \u017eena iz Srbije i Nema\u010dke. Dana\u0161nju konferenciju su otvorili \u0160ef Delegacije Evropske unije u","og_url":"https:\/\/www.pcvesti.com\/?p=21229","og_site_name":"PCVesti","article_published_time":"2011-03-09T07:24:07+00:00","author":"newsmaster","twitter_card":"summary_large_image","twitter_misc":{"Written by":"newsmaster","Est. reading time":"2 minutes"},"schema":{"@context":"https:\/\/schema.org","@graph":[{"@type":"Article","@id":"https:\/\/www.pcvesti.com\/?p=21229#article","isPartOf":{"@id":"https:\/\/www.pcvesti.com\/?p=21229"},"author":{"name":"newsmaster","@id":"https:\/\/www.pcvesti.com\/#\/schema\/person\/d1e384f7c138a1fcda7af7425e55a6b2"},"headline":"Konferencija udru\u017eenje poslovnih \u017eena Srbije","datePublished":"2011-03-09T07:24:07+00:00","mainEntityOfPage":{"@id":"https:\/\/www.pcvesti.com\/?p=21229"},"wordCount":466,"articleSection":["PC Vesti"],"inLanguage":"en-US"},{"@type":"WebPage","@id":"https:\/\/www.pcvesti.com\/?p=21229","url":"https:\/\/www.pcvesti.com\/?p=21229","name":"Konferencija udru\u017eenje poslovnih \u017eena Srbije - PCVesti","isPartOf":{"@id":"https:\/\/www.pcvesti.com\/#website"},"datePublished":"2011-03-09T07:24:07+00:00","author":{"@id":"https:\/\/www.pcvesti.com\/#\/schema\/person\/d1e384f7c138a1fcda7af7425e55a6b2"},"breadcrumb":{"@id":"https:\/\/www.pcvesti.com\/?p=21229#breadcrumb"},"inLanguage":"en-US","potentialAction":[{"@type":"ReadAction","target":["https:\/\/www.pcvesti.com\/?p=21229"]}]},{"@type":"BreadcrumbList","@id":"https:\/\/www.pcvesti.com\/?p=21229#breadcrumb","itemListElement":[{"@type":"ListItem","position":1,"name":"Home","item":"https:\/\/www.pcvesti.com\/"},{"@type":"ListItem","position":2,"name":"Konferencija udru\u017eenje poslovnih \u017eena Srbije"}]},{"@type":"WebSite","@id":"https:\/\/www.pcvesti.com\/#website","url":"https:\/\/www.pcvesti.com\/","name":"PCVesti","description":"www.pcvesti.com","potentialAction":[{"@type":"SearchAction","target":{"@type":"EntryPoint","urlTemplate":"https:\/\/www.pcvesti.com\/?s={search_term_string}"},"query-input":{"@type":"PropertyValueSpecification","valueRequired":true,"valueName":"search_term_string"}}],"inLanguage":"en-US"},{"@type":"Person","@id":"https:\/\/www.pcvesti.com\/#\/schema\/person\/d1e384f7c138a1fcda7af7425e55a6b2","name":"newsmaster","image":{"@type":"ImageObject","inLanguage":"en-US","@id":"https:\/\/www.pcvesti.com\/wp-content\/uploads\/2018\/09\/avatar_user_5_1537115954-96x96.jpeg","url":"https:\/\/www.pcvesti.com\/wp-content\/uploads\/2018\/09\/avatar_user_5_1537115954-96x96.jpeg","contentUrl":"https:\/\/www.pcvesti.com\/wp-content\/uploads\/2018\/09\/avatar_user_5_1537115954-96x96.jpeg","caption":"newsmaster"},"url":"https:\/\/www.pcvesti.com\/?author=5"}]}},"_links":{"self":[{"href":"https:\/\/www.pcvesti.com\/index.php?rest_route=\/wp\/v2\/posts\/21229","targetHints":{"allow":["GET"]}}],"collection":[{"href":"https:\/\/www.pcvesti.com\/index.php?rest_route=\/wp\/v2\/posts"}],"about":[{"href":"https:\/\/www.pcvesti.com\/index.php?rest_route=\/wp\/v2\/types\/post"}],"author":[{"embeddable":true,"href":"https:\/\/www.pcvesti.com\/index.php?rest_route=\/wp\/v2\/users\/5"}],"replies":[{"embeddable":true,"href":"https:\/\/www.pcvesti.com\/index.php?rest_route=%2Fwp%2Fv2%2Fcomments&post=21229"}],"version-history":[{"count":0,"href":"https:\/\/www.pcvesti.com\/index.php?rest_route=\/wp\/v2\/posts\/21229\/revisions"}],"wp:attachment":[{"href":"https:\/\/www.pcvesti.com\/index.php?rest_route=%2Fwp%2Fv2%2Fmedia&parent=21229"}],"wp:term":[{"taxonomy":"category","embeddable":true,"href":"https:\/\/www.pcvesti.com\/index.php?rest_route=%2Fwp%2Fv2%2Fcategories&post=21229"},{"taxonomy":"post_tag","embeddable":true,"href":"https:\/\/www.pcvesti.com\/index.php?rest_route=%2Fwp%2Fv2%2Ftags&post=21229"}],"curies":[{"name":"wp","href":"https:\/\/api.w.org\/{rel}","templated":true}]}}