{"id":21829,"date":"2011-04-23T23:42:07","date_gmt":"2011-04-24T06:42:07","guid":{"rendered":"http:\/\/www.pcvesti.com\/?p=21829"},"modified":"2011-04-23T23:42:07","modified_gmt":"2011-04-24T06:42:07","slug":"noc-muzeja-dobila-nagradu-grada-beograda","status":"publish","type":"post","link":"https:\/\/www.pcvesti.com\/?p=21829","title":{"rendered":"No\u0107  muzeja dobila Nagradu grada Beograda!"},"content":{"rendered":"<p>&nbsp;<\/p>\n<p><span style=\"font-family: Arial; font-size: small;\">Za izuzetan doprinos u relizaciji doga\u0111aja  od zna\u010daja za Beograd \u2013\u00a0Umetni\u010dko-produkcijska grupa \u201eNo\u0107\u00a0 muzeja\u201d, na \u010delu sa Anom Jovanovi\u0107\u00a0i Mladenom Petrovi\u0107em kao  osniva\u010dima, dobila je Nagradu grada Beograda.<\/span><\/p>\n<p><span style=\"font-family: Arial; font-size: small;\">Nagrada grada Beograda uru\u010dena je ju\u010de  na sve\u010danoj dodeli u Skup\u0161tini grada i to za realizaciju pro\u0161logodi\u0161nje  manifestacije No\u0107\u00a0muzeja.<\/span><\/p>\n<p><span style=\"font-family: Arial; font-size: small;\">U obrazlo\u017eenju nagrade, izme\u0111u ostalog,  navodi se poseban doprinos No\u0107i muzeja za okupljanje i umre\u017eavanje  raznovrsnih kulturnih i umetni\u010dkih institucija u jedinstvenu manifestaciju  ali i predstavljanje do tada marginalizovanih i medijski zapostavljenih  prostora. <\/span><\/p>\n<p><span style=\"font-family: Arial; font-size: small;\">&#8220;No\u0107\u00a0muzeja&#8221; je umetni\u010dko-produkcijska  grupa koja okuplja umetnike, istori\u010dare umetnosti, sociologe kulture  i nastala je sa ciljem da se afirmi\u0161u univerzalne kulturno-umetni\u010dke  vrednosti kroz kreativne inicijative.<\/span><\/p>\n<p><span style=\"font-family: Arial; font-size: small;\">Ove godine No\u0107\u00a0muzeja \u0107e se 14.  maja odigrati u 40 zemalja u Evropi, 60 mesta u Srbiji i 65 muzeja i  galerija u Beogradu.<\/span><\/p>\n<p><span style=\"font-family: Arial; font-size: small;\">Detaljne informacije prona\u0111ite\u00a0  na sajtu <\/span><a href=\"http:\/\/www.nocmuzeja.rs\/\" target=\"_blank\"><span style=\"color: #0000ff; font-family: Arial; font-size: small;\"><span style=\"text-decoration: underline;\">www.nocmuzeja.rs<\/span><\/span><\/a><\/p>\n<p><span style=\"font-family: Arial; font-size: small;\"> <\/span><\/p>\n<p><span style=\"font-family: Arial; font-size: small;\">Do skorog vi\u0111enja,<\/span><\/p>\n<p><span style=\"font-family: Arial; font-size: small;\">Umetni\u010dko-produkcijska grupa No\u0107\u00a0 muzeja<\/span><\/p>\n","protected":false},"excerpt":{"rendered":"<p>&nbsp; Za izuzetan doprinos u relizaciji doga\u0111aja od zna\u010daja za Beograd \u2013\u00a0Umetni\u010dko-produkcijska grupa \u201eNo\u0107\u00a0 muzeja\u201d, na \u010delu sa Anom Jovanovi\u0107\u00a0i Mladenom Petrovi\u0107em kao osniva\u010dima, dobila je Nagradu grada Beograda. Nagrada grada Beograda uru\u010dena je ju\u010de na sve\u010danoj dodeli u Skup\u0161tini grada i to za realizaciju pro\u0161logodi\u0161nje manifestacije No\u0107\u00a0muzeja. U obrazlo\u017eenju nagrade, izme\u0111u ostalog, navodi se poseban doprinos No\u0107i muzeja za okupljanje i umre\u017eavanje raznovrsnih kulturnih i umetni\u010dkih institucija u jedinstvenu manifestaciju ali&#8230; <\/p>\n<div class=\"more-container\"><a class=\"more-link\" href=\"https:\/\/www.pcvesti.com\/?p=21829\" itemprop=\"url\">Continue reading<\/a><\/div>\n","protected":false},"author":5,"featured_media":0,"comment_status":"closed","ping_status":"closed","sticky":false,"template":"","format":"standard","meta":{"seo_booster_metabox":"","ngg_post_thumbnail":0,"slim_seo":{"title":"No\u0107 muzeja dobila Nagradu grada Beograda! - PCVesti","description":"&nbsp; Za izuzetan doprinos u relizaciji doga\u0111aja od zna\u010daja za Beograd \u2013\u00a0Umetni\u010dko-produkcijska grupa \u201eNo\u0107\u00a0 muzeja\u201d, na \u010delu sa Anom Jovanovi\u0107\u00a0i Mladenom Petro"},"footnotes":""},"categories":[10,5],"tags":[],"class_list":["post-21829","post","type-post","status-publish","format-standard","hentry","category-ostalo","category-pc-vesti"],"yoast_head":"<!-- This site is optimized with the Yoast SEO plugin v27.5 - https:\/\/yoast.com\/product\/yoast-seo-wordpress\/ -->\n<title>No\u0107 muzeja dobila Nagradu grada Beograda!  - PCVesti<\/title>\n<meta name=\"robots\" content=\"index, follow, max-snippet:-1, max-image-preview:large, max-video-preview:-1\" \/>\n<link rel=\"canonical\" href=\"https:\/\/www.pcvesti.com\/?p=21829\" \/>\n<meta property=\"og:locale\" content=\"en_US\" \/>\n<meta property=\"og:type\" content=\"article\" \/>\n<meta property=\"og:title\" content=\"No\u0107 muzeja dobila Nagradu grada Beograda!  - PCVesti\" \/>\n<meta property=\"og:description\" content=\"&nbsp; Za izuzetan doprinos u relizaciji doga\u0111aja od zna\u010daja za Beograd \u2013\u00a0Umetni\u010dko-produkcijska grupa \u201eNo\u0107\u00a0 muzeja\u201d, na \u010delu sa Anom Jovanovi\u0107\u00a0i Mladenom Petrovi\u0107em kao osniva\u010dima, dobila je Nagradu grada Beograda. Nagrada grada Beograda uru\u010dena je ju\u010de na sve\u010danoj dodeli u Skup\u0161tini grada i to za realizaciju pro\u0161logodi\u0161nje manifestacije No\u0107\u00a0muzeja. U obrazlo\u017eenju nagrade, izme\u0111u ostalog, navodi se poseban doprinos No\u0107i muzeja za okupljanje i umre\u017eavanje raznovrsnih kulturnih i umetni\u010dkih institucija u jedinstvenu manifestaciju ali... Continue reading\" \/>\n<meta property=\"og:url\" content=\"https:\/\/www.pcvesti.com\/?p=21829\" \/>\n<meta property=\"og:site_name\" content=\"PCVesti\" \/>\n<meta property=\"article:published_time\" content=\"2011-04-24T06:42:07+00:00\" \/>\n<meta name=\"author\" content=\"newsmaster\" \/>\n<meta name=\"twitter:card\" content=\"summary_large_image\" \/>\n<meta name=\"twitter:label1\" content=\"Written by\" \/>\n\t<meta name=\"twitter:data1\" content=\"newsmaster\" \/>\n\t<meta name=\"twitter:label2\" content=\"Est. reading time\" \/>\n\t<meta name=\"twitter:data2\" content=\"1 minute\" \/>\n<script type=\"application\/ld+json\" class=\"yoast-schema-graph\">{\"@context\":\"https:\\\/\\\/schema.org\",\"@graph\":[{\"@type\":\"Article\",\"@id\":\"https:\\\/\\\/www.pcvesti.com\\\/?p=21829#article\",\"isPartOf\":{\"@id\":\"https:\\\/\\\/www.pcvesti.com\\\/?p=21829\"},\"author\":{\"name\":\"newsmaster\",\"@id\":\"https:\\\/\\\/www.pcvesti.com\\\/#\\\/schema\\\/person\\\/d1e384f7c138a1fcda7af7425e55a6b2\"},\"headline\":\"No\u0107 muzeja dobila Nagradu grada Beograda!\",\"datePublished\":\"2011-04-24T06:42:07+00:00\",\"mainEntityOfPage\":{\"@id\":\"https:\\\/\\\/www.pcvesti.com\\\/?p=21829\"},\"wordCount\":174,\"articleSection\":[\"Ostalo\",\"PC Vesti\"],\"inLanguage\":\"en-US\"},{\"@type\":\"WebPage\",\"@id\":\"https:\\\/\\\/www.pcvesti.com\\\/?p=21829\",\"url\":\"https:\\\/\\\/www.pcvesti.com\\\/?p=21829\",\"name\":\"No\u0107 muzeja dobila Nagradu grada Beograda! - PCVesti\",\"isPartOf\":{\"@id\":\"https:\\\/\\\/www.pcvesti.com\\\/#website\"},\"datePublished\":\"2011-04-24T06:42:07+00:00\",\"author\":{\"@id\":\"https:\\\/\\\/www.pcvesti.com\\\/#\\\/schema\\\/person\\\/d1e384f7c138a1fcda7af7425e55a6b2\"},\"breadcrumb\":{\"@id\":\"https:\\\/\\\/www.pcvesti.com\\\/?p=21829#breadcrumb\"},\"inLanguage\":\"en-US\",\"potentialAction\":[{\"@type\":\"ReadAction\",\"target\":[\"https:\\\/\\\/www.pcvesti.com\\\/?p=21829\"]}]},{\"@type\":\"BreadcrumbList\",\"@id\":\"https:\\\/\\\/www.pcvesti.com\\\/?p=21829#breadcrumb\",\"itemListElement\":[{\"@type\":\"ListItem\",\"position\":1,\"name\":\"Home\",\"item\":\"https:\\\/\\\/www.pcvesti.com\\\/\"},{\"@type\":\"ListItem\",\"position\":2,\"name\":\"No\u0107 muzeja dobila Nagradu grada Beograda!\"}]},{\"@type\":\"WebSite\",\"@id\":\"https:\\\/\\\/www.pcvesti.com\\\/#website\",\"url\":\"https:\\\/\\\/www.pcvesti.com\\\/\",\"name\":\"PCVesti\",\"description\":\"www.pcvesti.com\",\"potentialAction\":[{\"@type\":\"SearchAction\",\"target\":{\"@type\":\"EntryPoint\",\"urlTemplate\":\"https:\\\/\\\/www.pcvesti.com\\\/?s={search_term_string}\"},\"query-input\":{\"@type\":\"PropertyValueSpecification\",\"valueRequired\":true,\"valueName\":\"search_term_string\"}}],\"inLanguage\":\"en-US\"},{\"@type\":\"Person\",\"@id\":\"https:\\\/\\\/www.pcvesti.com\\\/#\\\/schema\\\/person\\\/d1e384f7c138a1fcda7af7425e55a6b2\",\"name\":\"newsmaster\",\"image\":{\"@type\":\"ImageObject\",\"inLanguage\":\"en-US\",\"@id\":\"https:\\\/\\\/www.pcvesti.com\\\/wp-content\\\/uploads\\\/2018\\\/09\\\/avatar_user_5_1537115954-96x96.jpeg\",\"url\":\"https:\\\/\\\/www.pcvesti.com\\\/wp-content\\\/uploads\\\/2018\\\/09\\\/avatar_user_5_1537115954-96x96.jpeg\",\"contentUrl\":\"https:\\\/\\\/www.pcvesti.com\\\/wp-content\\\/uploads\\\/2018\\\/09\\\/avatar_user_5_1537115954-96x96.jpeg\",\"caption\":\"newsmaster\"},\"url\":\"https:\\\/\\\/www.pcvesti.com\\\/?author=5\"}]}<\/script>\n<!-- \/ Yoast SEO plugin. -->","yoast_head_json":{"title":"No\u0107 muzeja dobila Nagradu grada Beograda!  - PCVesti","robots":{"index":"index","follow":"follow","max-snippet":"max-snippet:-1","max-image-preview":"max-image-preview:large","max-video-preview":"max-video-preview:-1"},"canonical":"https:\/\/www.pcvesti.com\/?p=21829","og_locale":"en_US","og_type":"article","og_title":"No\u0107 muzeja dobila Nagradu grada Beograda!  - PCVesti","og_description":"&nbsp; Za izuzetan doprinos u relizaciji doga\u0111aja od zna\u010daja za Beograd \u2013\u00a0Umetni\u010dko-produkcijska grupa \u201eNo\u0107\u00a0 muzeja\u201d, na \u010delu sa Anom Jovanovi\u0107\u00a0i Mladenom Petrovi\u0107em kao osniva\u010dima, dobila je Nagradu grada Beograda. Nagrada grada Beograda uru\u010dena je ju\u010de na sve\u010danoj dodeli u Skup\u0161tini grada i to za realizaciju pro\u0161logodi\u0161nje manifestacije No\u0107\u00a0muzeja. U obrazlo\u017eenju nagrade, izme\u0111u ostalog, navodi se poseban doprinos No\u0107i muzeja za okupljanje i umre\u017eavanje raznovrsnih kulturnih i umetni\u010dkih institucija u jedinstvenu manifestaciju ali... Continue reading","og_url":"https:\/\/www.pcvesti.com\/?p=21829","og_site_name":"PCVesti","article_published_time":"2011-04-24T06:42:07+00:00","author":"newsmaster","twitter_card":"summary_large_image","twitter_misc":{"Written by":"newsmaster","Est. reading time":"1 minute"},"schema":{"@context":"https:\/\/schema.org","@graph":[{"@type":"Article","@id":"https:\/\/www.pcvesti.com\/?p=21829#article","isPartOf":{"@id":"https:\/\/www.pcvesti.com\/?p=21829"},"author":{"name":"newsmaster","@id":"https:\/\/www.pcvesti.com\/#\/schema\/person\/d1e384f7c138a1fcda7af7425e55a6b2"},"headline":"No\u0107 muzeja dobila Nagradu grada Beograda!","datePublished":"2011-04-24T06:42:07+00:00","mainEntityOfPage":{"@id":"https:\/\/www.pcvesti.com\/?p=21829"},"wordCount":174,"articleSection":["Ostalo","PC Vesti"],"inLanguage":"en-US"},{"@type":"WebPage","@id":"https:\/\/www.pcvesti.com\/?p=21829","url":"https:\/\/www.pcvesti.com\/?p=21829","name":"No\u0107 muzeja dobila Nagradu grada Beograda! - PCVesti","isPartOf":{"@id":"https:\/\/www.pcvesti.com\/#website"},"datePublished":"2011-04-24T06:42:07+00:00","author":{"@id":"https:\/\/www.pcvesti.com\/#\/schema\/person\/d1e384f7c138a1fcda7af7425e55a6b2"},"breadcrumb":{"@id":"https:\/\/www.pcvesti.com\/?p=21829#breadcrumb"},"inLanguage":"en-US","potentialAction":[{"@type":"ReadAction","target":["https:\/\/www.pcvesti.com\/?p=21829"]}]},{"@type":"BreadcrumbList","@id":"https:\/\/www.pcvesti.com\/?p=21829#breadcrumb","itemListElement":[{"@type":"ListItem","position":1,"name":"Home","item":"https:\/\/www.pcvesti.com\/"},{"@type":"ListItem","position":2,"name":"No\u0107 muzeja dobila Nagradu grada Beograda!"}]},{"@type":"WebSite","@id":"https:\/\/www.pcvesti.com\/#website","url":"https:\/\/www.pcvesti.com\/","name":"PCVesti","description":"www.pcvesti.com","potentialAction":[{"@type":"SearchAction","target":{"@type":"EntryPoint","urlTemplate":"https:\/\/www.pcvesti.com\/?s={search_term_string}"},"query-input":{"@type":"PropertyValueSpecification","valueRequired":true,"valueName":"search_term_string"}}],"inLanguage":"en-US"},{"@type":"Person","@id":"https:\/\/www.pcvesti.com\/#\/schema\/person\/d1e384f7c138a1fcda7af7425e55a6b2","name":"newsmaster","image":{"@type":"ImageObject","inLanguage":"en-US","@id":"https:\/\/www.pcvesti.com\/wp-content\/uploads\/2018\/09\/avatar_user_5_1537115954-96x96.jpeg","url":"https:\/\/www.pcvesti.com\/wp-content\/uploads\/2018\/09\/avatar_user_5_1537115954-96x96.jpeg","contentUrl":"https:\/\/www.pcvesti.com\/wp-content\/uploads\/2018\/09\/avatar_user_5_1537115954-96x96.jpeg","caption":"newsmaster"},"url":"https:\/\/www.pcvesti.com\/?author=5"}]}},"_links":{"self":[{"href":"https:\/\/www.pcvesti.com\/index.php?rest_route=\/wp\/v2\/posts\/21829","targetHints":{"allow":["GET"]}}],"collection":[{"href":"https:\/\/www.pcvesti.com\/index.php?rest_route=\/wp\/v2\/posts"}],"about":[{"href":"https:\/\/www.pcvesti.com\/index.php?rest_route=\/wp\/v2\/types\/post"}],"author":[{"embeddable":true,"href":"https:\/\/www.pcvesti.com\/index.php?rest_route=\/wp\/v2\/users\/5"}],"replies":[{"embeddable":true,"href":"https:\/\/www.pcvesti.com\/index.php?rest_route=%2Fwp%2Fv2%2Fcomments&post=21829"}],"version-history":[{"count":0,"href":"https:\/\/www.pcvesti.com\/index.php?rest_route=\/wp\/v2\/posts\/21829\/revisions"}],"wp:attachment":[{"href":"https:\/\/www.pcvesti.com\/index.php?rest_route=%2Fwp%2Fv2%2Fmedia&parent=21829"}],"wp:term":[{"taxonomy":"category","embeddable":true,"href":"https:\/\/www.pcvesti.com\/index.php?rest_route=%2Fwp%2Fv2%2Fcategories&post=21829"},{"taxonomy":"post_tag","embeddable":true,"href":"https:\/\/www.pcvesti.com\/index.php?rest_route=%2Fwp%2Fv2%2Ftags&post=21829"}],"curies":[{"name":"wp","href":"https:\/\/api.w.org\/{rel}","templated":true}]}}