{"id":22081,"date":"2011-05-19T10:51:04","date_gmt":"2011-05-19T17:51:04","guid":{"rendered":"http:\/\/www.pcvesti.com\/?p=22081"},"modified":"2011-05-19T10:51:04","modified_gmt":"2011-05-19T17:51:04","slug":"reprodukcija-radova-internacionalnih-dizajnera-na-canon-laserskim-stampacima","status":"publish","type":"post","link":"https:\/\/www.pcvesti.com\/?p=22081","title":{"rendered":"Reprodukcija radova internacionalnih dizajnera na Canon laserskim \u0161tampa\u010dima"},"content":{"rendered":"<div>\n<p><strong>Beograd, 17. maj 2011 \u2013 <\/strong>Preko 140 mladih kreativaca i dizajnera iz celog sveta dobili su priliku da na\u00a0<a href=\"http:\/\/www.laserskisamit.com\/sr\/\" target=\"_blank\">Internacionalnom Prole\u0107nom Laserskom Samitu Jeftine Grafike<\/a> izlo\u017ee svoje radove, u Centru za kulturnu dekontaminaciju u Beogradu.<a href=\"http:\/\/www.canon.rs\/\" target=\"_blank\">Kompanija Canon<\/a> podr\u017eala je tre\u0107i po redu Samit, koji ove godine nastupa pod nazivom \u201eUmetnost do kraja\u201c, omogu\u0107iv\u0161i slobodnu upotrebu \u010detiri\u00a0Canon laserska \u0161tampa\u010da. Po\u0161tuju\u0107i koncept izlo\u017ebe \u2013 reprodukciju na standardnom kancelarijskom papiru A4 formata, kao i Canon lasersko \u0161tampanje u crno beloj tehnici, mladim dizajnerima je omogu\u0107eno da se \u0161ira javnost upozna sa njihovim delima i da posetioci, za simboli\u010dnu cenu, nabave originalne radove.<\/p>\n<p>\u201ePrate\u0107i trend svetskih metropola, veoma nam je drago da se i u Beogradu organizuje manifestacija kao \u0161to je Laserski Samit Jeftine Grafike. Promovisanjem radova mladih internacionalnih umetnika, kroz reprodukciju na Canon laserskim \u0161tampa\u010dima, na\u0161a kompanija na simboli\u010dan na\u010din daje doprinos razvoju modernih tendencija na sceni vizuelnih komunikacija\u201c, izjavila je Mirjana Ekert, Account Manager Canona za Srbiju i Crnu Goru.<\/p>\n<p><!--more-->Laserski samit jeftine grafike ima za cilj da sa podjednakom pa\u017enjom predstavi radove najve\u0107ih zvezda svetskog dizajna, kao i talentovanih mladih stvaraoca \u010dije vreme tek dolazi. Ovaj doga\u0111aj na originalan na\u010din oslikava duh vremena i otvoreno govori o polo\u017eaju dizajnera i umetnika u savremenom dru\u0161tvu.<\/p>\n<p>Nakon izlo\u017ebe u Srbiji,\u00a0Laserski samit jeftine grafike zapo\u010dinje regionalnu turneju u Hrvatskoj i Sloveniji. U saradnji sa lokalnim partnerima, dvodnevni doga\u0111aji i izlo\u017eba sa radovima iz Beograda, bi\u0107e realizovana u glavnim gradovima \u2013 Zagrebu i Ljubljani.<\/p>\n<p>O kompaniji Canon Europe<\/p>\n<p>Canon Europe je regionalna prodajna i marketin\u0161ka ispostava kompanije\u00a0<a href=\"http:\/\/www.canon.com\/\" target=\"_blank\">Canon Inc.<\/a>koja je prisutna u 116 zemalja i zapo\u0161ljava vi\u0161e od 11.000 ljudi \u0161irom Evrope, Srednjeg Istoka i Afrike (EMEA region).<\/p>\n<p>Kompanija je osnovana 1937. godine sa ciljem da napravi fotoaparate najvi\u0161eg kvaliteta, a dostupnih potro\u0161a\u010dima. Canon-ova neumorna strast prema \u201eSnazi slike\u201c je od tada izazvala da se ova tehnologija pro\u0161iri na brojna tr\u017ei\u0161ta i tako je kompanija zauzela mesto svetskog lidera i u domenu potro\u0161a\u010dkih proizvoda i u\u00a0<a href=\"http:\/\/www.canon.rs\/For_work\/\" target=\"_blank\">domenu poslovnih re\u0161enja<\/a>.\u00a0Njena re\u0161enja obuhvataju proizvode, od kompaktnih\u00a0<a href=\"http:\/\/www.canon.rs\/For_Home\/Product_Finder\/Cameras\/Digital_Camera\/index.aspx\" target=\"_blank\">digitalnih<\/a> i\u00a0<a href=\"http:\/\/www.canon.rs\/For_Home\/Product_Finder\/Cameras\/Digital_SLR\/index.aspx\" target=\"_blank\">SLR fotoaparata<\/a>, preko emisione optike i prenosivih aparata sa X-zracima, do multifunkcijskih i\u00a0<a href=\"http:\/\/www.canon.rs\/For_Work\/Products\/Professional_Print\/Large_Format\/index.aspx\" target=\"_blank\">produkcijskih \u0161tampa\u010da<\/a>, a sve ih podr\u017eava asortiman usluga dodate vrednosti.<\/p>\n<p>Canon mnogo ula\u017ee u istra\u017eivanje i razvoj kako bi proizveo najbogatije i najinovativnije proizvode i usluge koje \u0107e zadovoljiti kreativne potrebe korisnika. Od fotografa do kompanija koje se profesionalno bave \u0161tampom, Canon svakom korisniku omogu\u0107ava da razvije svoju strast prema slici.<\/p>\n<p>Canon veruje da je vo\u0111enje ra\u010duna o interesima dru\u0161tva i \u017eivotne sredine integralan deo dobre poslovne prakse. Ovo je utemeljeno u korporativnu filozofiju kompanije, \u201e<a href=\"http:\/\/www.canon.rs\/About_Us\/About_Canon\/Philosophy\/Index.asp\" target=\"_blank\">Kyosei<\/a>\u201c, koja se fokusira na zajedni\u010dki rad i \u017eivot u cilju op\u0161te dobrobiti.<\/p>\n<p>Detaljnije informacije o kompaniji Canon Europe dostupne su na adresi\u00a0<a href=\"http:\/\/www.canon-europe.com\/\" target=\"_blank\">www.canon-europe.com<\/a><\/p>\n<p>O Canonu CEE GmbH, Predstavni\u0161tvo u Srbiji<\/p>\n<p>Canon CEE GmbH, Predstavni\u0161tvo u Republici Srbiji ima sedi\u0161te u Beogradu i u vlasni\u0161tvu je kompanije Canon CEE (Canon Central and East Europe). Delatnost Canonovog predstavni\u0161tva jeste promocija Canon inovativnih proizvoda i re\u0161enja, koji pojedincima i profesionalnim korisnicima omogu\u0107avaju ostvarenje postavljenih poslovnih ciljeva.\u00a0Uloga predstavni\u0161tva jeste i pru\u017eanje potpune podr\u0161ke partnerima i distributerima kao i savetovanje prilikom tra\u017eenja novih poslovnih prilika i uvo\u0111enja novih poslovnih strategija kako bi se poslovna ulaganja \u0161to bolje iskoristila.<\/p>\n<p>Vi\u0161e informacija na\u00a0<a href=\"http:\/\/www.canon.rs\/\" target=\"_blank\">www.canon.rs<\/a><\/p>\n<\/div>\n<p><span style=\"font-family: DendaNewCE; font-size: xx-small;\"><strong><br \/>\n<\/strong><\/span><\/p>\n","protected":false},"excerpt":{"rendered":"<p>Beograd, 17. maj 2011 \u2013 Preko 140 mladih kreativaca i dizajnera iz celog sveta dobili su priliku da na\u00a0Internacionalnom Prole\u0107nom Laserskom Samitu Jeftine Grafike izlo\u017ee svoje radove, u Centru za kulturnu dekontaminaciju u Beogradu.Kompanija Canon podr\u017eala je tre\u0107i po redu Samit, koji ove godine nastupa pod nazivom \u201eUmetnost do kraja\u201c, omogu\u0107iv\u0161i slobodnu upotrebu \u010detiri\u00a0Canon laserska \u0161tampa\u010da. Po\u0161tuju\u0107i koncept izlo\u017ebe \u2013 reprodukciju na standardnom kancelarijskom papiru A4 formata, kao i Canon lasersko \u0161tampanje&#8230; <\/p>\n<div class=\"more-container\"><a class=\"more-link\" href=\"https:\/\/www.pcvesti.com\/?p=22081\" itemprop=\"url\">Continue reading<\/a><\/div>\n","protected":false},"author":5,"featured_media":0,"comment_status":"closed","ping_status":"closed","sticky":false,"template":"","format":"standard","meta":{"seo_booster_metabox":"","ngg_post_thumbnail":0,"slim_seo":{"title":"Reprodukcija radova internacionalnih dizajnera na Canon laserskim \u0161tampa\u010dima - PCVesti","description":"Beograd, 17. maj 2011 \u2013 Preko 140 mladih kreativaca i dizajnera iz celog sveta dobili su priliku da na\u00a0 Internacionalnom Prole\u0107nom Laserskom Samitu Jeftine Graf"},"footnotes":""},"categories":[9,5],"tags":[],"class_list":["post-22081","post","type-post","status-publish","format-standard","hentry","category-dogadjaji","category-pc-vesti"],"yoast_head":"<!-- This site is optimized with the Yoast SEO plugin v27.5 - https:\/\/yoast.com\/product\/yoast-seo-wordpress\/ -->\n<title>Reprodukcija radova internacionalnih dizajnera na Canon laserskim \u0161tampa\u010dima - PCVesti<\/title>\n<meta name=\"robots\" content=\"index, follow, max-snippet:-1, max-image-preview:large, max-video-preview:-1\" \/>\n<link rel=\"canonical\" href=\"https:\/\/www.pcvesti.com\/?p=22081\" \/>\n<meta property=\"og:locale\" content=\"en_US\" \/>\n<meta property=\"og:type\" content=\"article\" \/>\n<meta property=\"og:title\" content=\"Reprodukcija radova internacionalnih dizajnera na Canon laserskim \u0161tampa\u010dima - PCVesti\" \/>\n<meta property=\"og:description\" content=\"Beograd, 17. maj 2011 \u2013 Preko 140 mladih kreativaca i dizajnera iz celog sveta dobili su priliku da na\u00a0Internacionalnom Prole\u0107nom Laserskom Samitu Jeftine Grafike izlo\u017ee svoje radove, u Centru za kulturnu dekontaminaciju u Beogradu.Kompanija Canon podr\u017eala je tre\u0107i po redu Samit, koji ove godine nastupa pod nazivom \u201eUmetnost do kraja\u201c, omogu\u0107iv\u0161i slobodnu upotrebu \u010detiri\u00a0Canon laserska \u0161tampa\u010da. Po\u0161tuju\u0107i koncept izlo\u017ebe \u2013 reprodukciju na standardnom kancelarijskom papiru A4 formata, kao i Canon lasersko \u0161tampanje... Continue reading\" \/>\n<meta property=\"og:url\" content=\"https:\/\/www.pcvesti.com\/?p=22081\" \/>\n<meta property=\"og:site_name\" content=\"PCVesti\" \/>\n<meta property=\"article:published_time\" content=\"2011-05-19T17:51:04+00:00\" \/>\n<meta name=\"author\" content=\"newsmaster\" \/>\n<meta name=\"twitter:card\" content=\"summary_large_image\" \/>\n<meta name=\"twitter:label1\" content=\"Written by\" \/>\n\t<meta name=\"twitter:data1\" content=\"newsmaster\" \/>\n\t<meta name=\"twitter:label2\" content=\"Est. reading time\" \/>\n\t<meta name=\"twitter:data2\" content=\"3 minutes\" \/>\n<script type=\"application\/ld+json\" class=\"yoast-schema-graph\">{\"@context\":\"https:\\\/\\\/schema.org\",\"@graph\":[{\"@type\":\"Article\",\"@id\":\"https:\\\/\\\/www.pcvesti.com\\\/?p=22081#article\",\"isPartOf\":{\"@id\":\"https:\\\/\\\/www.pcvesti.com\\\/?p=22081\"},\"author\":{\"name\":\"newsmaster\",\"@id\":\"https:\\\/\\\/www.pcvesti.com\\\/#\\\/schema\\\/person\\\/d1e384f7c138a1fcda7af7425e55a6b2\"},\"headline\":\"Reprodukcija radova internacionalnih dizajnera na Canon laserskim \u0161tampa\u010dima\",\"datePublished\":\"2011-05-19T17:51:04+00:00\",\"mainEntityOfPage\":{\"@id\":\"https:\\\/\\\/www.pcvesti.com\\\/?p=22081\"},\"wordCount\":600,\"articleSection\":[\"Dogadjaji\",\"PC Vesti\"],\"inLanguage\":\"en-US\"},{\"@type\":\"WebPage\",\"@id\":\"https:\\\/\\\/www.pcvesti.com\\\/?p=22081\",\"url\":\"https:\\\/\\\/www.pcvesti.com\\\/?p=22081\",\"name\":\"Reprodukcija radova internacionalnih dizajnera na Canon laserskim \u0161tampa\u010dima - PCVesti\",\"isPartOf\":{\"@id\":\"https:\\\/\\\/www.pcvesti.com\\\/#website\"},\"datePublished\":\"2011-05-19T17:51:04+00:00\",\"author\":{\"@id\":\"https:\\\/\\\/www.pcvesti.com\\\/#\\\/schema\\\/person\\\/d1e384f7c138a1fcda7af7425e55a6b2\"},\"breadcrumb\":{\"@id\":\"https:\\\/\\\/www.pcvesti.com\\\/?p=22081#breadcrumb\"},\"inLanguage\":\"en-US\",\"potentialAction\":[{\"@type\":\"ReadAction\",\"target\":[\"https:\\\/\\\/www.pcvesti.com\\\/?p=22081\"]}]},{\"@type\":\"BreadcrumbList\",\"@id\":\"https:\\\/\\\/www.pcvesti.com\\\/?p=22081#breadcrumb\",\"itemListElement\":[{\"@type\":\"ListItem\",\"position\":1,\"name\":\"Home\",\"item\":\"https:\\\/\\\/www.pcvesti.com\\\/\"},{\"@type\":\"ListItem\",\"position\":2,\"name\":\"Reprodukcija radova internacionalnih dizajnera na Canon laserskim \u0161tampa\u010dima\"}]},{\"@type\":\"WebSite\",\"@id\":\"https:\\\/\\\/www.pcvesti.com\\\/#website\",\"url\":\"https:\\\/\\\/www.pcvesti.com\\\/\",\"name\":\"PCVesti\",\"description\":\"www.pcvesti.com\",\"potentialAction\":[{\"@type\":\"SearchAction\",\"target\":{\"@type\":\"EntryPoint\",\"urlTemplate\":\"https:\\\/\\\/www.pcvesti.com\\\/?s={search_term_string}\"},\"query-input\":{\"@type\":\"PropertyValueSpecification\",\"valueRequired\":true,\"valueName\":\"search_term_string\"}}],\"inLanguage\":\"en-US\"},{\"@type\":\"Person\",\"@id\":\"https:\\\/\\\/www.pcvesti.com\\\/#\\\/schema\\\/person\\\/d1e384f7c138a1fcda7af7425e55a6b2\",\"name\":\"newsmaster\",\"image\":{\"@type\":\"ImageObject\",\"inLanguage\":\"en-US\",\"@id\":\"https:\\\/\\\/www.pcvesti.com\\\/wp-content\\\/uploads\\\/2018\\\/09\\\/avatar_user_5_1537115954-96x96.jpeg\",\"url\":\"https:\\\/\\\/www.pcvesti.com\\\/wp-content\\\/uploads\\\/2018\\\/09\\\/avatar_user_5_1537115954-96x96.jpeg\",\"contentUrl\":\"https:\\\/\\\/www.pcvesti.com\\\/wp-content\\\/uploads\\\/2018\\\/09\\\/avatar_user_5_1537115954-96x96.jpeg\",\"caption\":\"newsmaster\"},\"url\":\"https:\\\/\\\/www.pcvesti.com\\\/?author=5\"}]}<\/script>\n<!-- \/ Yoast SEO plugin. -->","yoast_head_json":{"title":"Reprodukcija radova internacionalnih dizajnera na Canon laserskim \u0161tampa\u010dima - PCVesti","robots":{"index":"index","follow":"follow","max-snippet":"max-snippet:-1","max-image-preview":"max-image-preview:large","max-video-preview":"max-video-preview:-1"},"canonical":"https:\/\/www.pcvesti.com\/?p=22081","og_locale":"en_US","og_type":"article","og_title":"Reprodukcija radova internacionalnih dizajnera na Canon laserskim \u0161tampa\u010dima - PCVesti","og_description":"Beograd, 17. maj 2011 \u2013 Preko 140 mladih kreativaca i dizajnera iz celog sveta dobili su priliku da na\u00a0Internacionalnom Prole\u0107nom Laserskom Samitu Jeftine Grafike izlo\u017ee svoje radove, u Centru za kulturnu dekontaminaciju u Beogradu.Kompanija Canon podr\u017eala je tre\u0107i po redu Samit, koji ove godine nastupa pod nazivom \u201eUmetnost do kraja\u201c, omogu\u0107iv\u0161i slobodnu upotrebu \u010detiri\u00a0Canon laserska \u0161tampa\u010da. Po\u0161tuju\u0107i koncept izlo\u017ebe \u2013 reprodukciju na standardnom kancelarijskom papiru A4 formata, kao i Canon lasersko \u0161tampanje... Continue reading","og_url":"https:\/\/www.pcvesti.com\/?p=22081","og_site_name":"PCVesti","article_published_time":"2011-05-19T17:51:04+00:00","author":"newsmaster","twitter_card":"summary_large_image","twitter_misc":{"Written by":"newsmaster","Est. reading time":"3 minutes"},"schema":{"@context":"https:\/\/schema.org","@graph":[{"@type":"Article","@id":"https:\/\/www.pcvesti.com\/?p=22081#article","isPartOf":{"@id":"https:\/\/www.pcvesti.com\/?p=22081"},"author":{"name":"newsmaster","@id":"https:\/\/www.pcvesti.com\/#\/schema\/person\/d1e384f7c138a1fcda7af7425e55a6b2"},"headline":"Reprodukcija radova internacionalnih dizajnera na Canon laserskim \u0161tampa\u010dima","datePublished":"2011-05-19T17:51:04+00:00","mainEntityOfPage":{"@id":"https:\/\/www.pcvesti.com\/?p=22081"},"wordCount":600,"articleSection":["Dogadjaji","PC Vesti"],"inLanguage":"en-US"},{"@type":"WebPage","@id":"https:\/\/www.pcvesti.com\/?p=22081","url":"https:\/\/www.pcvesti.com\/?p=22081","name":"Reprodukcija radova internacionalnih dizajnera na Canon laserskim \u0161tampa\u010dima - PCVesti","isPartOf":{"@id":"https:\/\/www.pcvesti.com\/#website"},"datePublished":"2011-05-19T17:51:04+00:00","author":{"@id":"https:\/\/www.pcvesti.com\/#\/schema\/person\/d1e384f7c138a1fcda7af7425e55a6b2"},"breadcrumb":{"@id":"https:\/\/www.pcvesti.com\/?p=22081#breadcrumb"},"inLanguage":"en-US","potentialAction":[{"@type":"ReadAction","target":["https:\/\/www.pcvesti.com\/?p=22081"]}]},{"@type":"BreadcrumbList","@id":"https:\/\/www.pcvesti.com\/?p=22081#breadcrumb","itemListElement":[{"@type":"ListItem","position":1,"name":"Home","item":"https:\/\/www.pcvesti.com\/"},{"@type":"ListItem","position":2,"name":"Reprodukcija radova internacionalnih dizajnera na Canon laserskim \u0161tampa\u010dima"}]},{"@type":"WebSite","@id":"https:\/\/www.pcvesti.com\/#website","url":"https:\/\/www.pcvesti.com\/","name":"PCVesti","description":"www.pcvesti.com","potentialAction":[{"@type":"SearchAction","target":{"@type":"EntryPoint","urlTemplate":"https:\/\/www.pcvesti.com\/?s={search_term_string}"},"query-input":{"@type":"PropertyValueSpecification","valueRequired":true,"valueName":"search_term_string"}}],"inLanguage":"en-US"},{"@type":"Person","@id":"https:\/\/www.pcvesti.com\/#\/schema\/person\/d1e384f7c138a1fcda7af7425e55a6b2","name":"newsmaster","image":{"@type":"ImageObject","inLanguage":"en-US","@id":"https:\/\/www.pcvesti.com\/wp-content\/uploads\/2018\/09\/avatar_user_5_1537115954-96x96.jpeg","url":"https:\/\/www.pcvesti.com\/wp-content\/uploads\/2018\/09\/avatar_user_5_1537115954-96x96.jpeg","contentUrl":"https:\/\/www.pcvesti.com\/wp-content\/uploads\/2018\/09\/avatar_user_5_1537115954-96x96.jpeg","caption":"newsmaster"},"url":"https:\/\/www.pcvesti.com\/?author=5"}]}},"_links":{"self":[{"href":"https:\/\/www.pcvesti.com\/index.php?rest_route=\/wp\/v2\/posts\/22081","targetHints":{"allow":["GET"]}}],"collection":[{"href":"https:\/\/www.pcvesti.com\/index.php?rest_route=\/wp\/v2\/posts"}],"about":[{"href":"https:\/\/www.pcvesti.com\/index.php?rest_route=\/wp\/v2\/types\/post"}],"author":[{"embeddable":true,"href":"https:\/\/www.pcvesti.com\/index.php?rest_route=\/wp\/v2\/users\/5"}],"replies":[{"embeddable":true,"href":"https:\/\/www.pcvesti.com\/index.php?rest_route=%2Fwp%2Fv2%2Fcomments&post=22081"}],"version-history":[{"count":0,"href":"https:\/\/www.pcvesti.com\/index.php?rest_route=\/wp\/v2\/posts\/22081\/revisions"}],"wp:attachment":[{"href":"https:\/\/www.pcvesti.com\/index.php?rest_route=%2Fwp%2Fv2%2Fmedia&parent=22081"}],"wp:term":[{"taxonomy":"category","embeddable":true,"href":"https:\/\/www.pcvesti.com\/index.php?rest_route=%2Fwp%2Fv2%2Fcategories&post=22081"},{"taxonomy":"post_tag","embeddable":true,"href":"https:\/\/www.pcvesti.com\/index.php?rest_route=%2Fwp%2Fv2%2Ftags&post=22081"}],"curies":[{"name":"wp","href":"https:\/\/api.w.org\/{rel}","templated":true}]}}