{"id":22123,"date":"2011-05-22T04:08:01","date_gmt":"2011-05-22T11:08:01","guid":{"rendered":"http:\/\/www.pcvesti.com\/?p=22123"},"modified":"2011-05-22T04:08:01","modified_gmt":"2011-05-22T11:08:01","slug":"zaposleni-kompaniji-intel-sampioni-korporativne-odgovornosti","status":"publish","type":"post","link":"https:\/\/www.pcvesti.com\/?p=22123","title":{"rendered":"Zaposleni u kompaniji Intel \u0161ampioni korporativne odgovornosti"},"content":{"rendered":"<div>\n<p><strong>Objavljen Izve\u0161taj o korporativnoj dru\u0161tevnoj odgovornosti za 2010. <\/strong><\/p>\n<p>SANTA KLARA, Kalifornija, 20. maj, 2011 \u2013 Izve\u0161taj o korporativnoj dru\u0161tevnoj odgovornosti za 2010. godinu kompanije Intel objavljen je danas. Izve\u0161taj navodi napore koje je kompanija \u010dinila u oblasti primene svojih tehnologija i odlu\u010dnosti svojih zaposlenih da transformi\u0161u pristup obrazovanju i tehnologiji uop\u0161te, kao i da unaprede ekonomsku i ekolo\u0161ku odr\u017eivost \u0161irom sveta.<strong> <\/strong>Izve\u0161taj tako\u0111e objedinjuje aktivnosti koje \u010dini kompanija Intel kako bi dodatno podr\u017eala koncept korporativne odgovornosti i dono\u0161enja odluka, po\u010dev\u0161i od finansiranja inovativnih projekata zaposlenih, do toga da zaposleni deo svojih primanja namenjuju o\u010duvanju \u017eivotne sredine. \u00a0<strong> <\/strong><\/p>\n<p><!--more-->\u201eU kompaniji Intel, korporativna odgovornost je deo na\u0161eg posla \u2013 to je deo na\u0161e globalne strategije,\u201c izjavio je Majkl Jakobson, direktor korporativne odgovornosti u komapniji Intel. \u201eBriga za na\u0161e ljude, na\u0161u planetu i\u00a0 inspirisanje mladih generacija je korporativna strategija koja \u0107e biti ostvarena putem zajedni\u010dkih napora na\u0161ih zaposlenih, bilo da oni rade u fabrici, dizajniraju proizvode ili interfejs sa korisnicima ili dobavlja\u010dima.\u201d<\/p>\n<p>Najva\u017eniji podaci iz izve\u0161taja za 2010. uklju\u010duju:<\/p>\n<p><strong>Obrazovanje<\/strong><\/p>\n<ul>\n<li>Vi\u0161e od 9 miliona u\u010ditelja \u0161irom sveta bilo je deo Intel u\u010diteljskog programa koji nudi profesionalni razvoj za K-12 u\u010ditelje svih predmeta, poma\u017eu\u0107i im da integri\u0161u tehnologiju u svoja predavanja.<\/li>\n<li>U saradnji sa\u00a0 kampanjom ameri\u010dkog predsednika Baraka Obame \u201eObrazovanje za inovacije\u201d Intel je najavio ulaganje 200 milona dolara za unapre\u0111enje obrazovanja u oblasti matemati\u010dkih i prirodnih nauka.<\/li>\n<li>Tokom pro\u0161le decenije, Intel i Intel Fondacija ulo\u017eili su vi\u0161e od jedne milijarde dolara za unapre\u0111enje globalnog obrazovanja, partnerstva sa obrazovnim institucijama, vladama i ostalim kompanijama da bi razvili transformativne programe i tehnolo\u0161ka re\u0161enja.<\/li>\n<\/ul>\n<p>&nbsp;<\/p>\n<p><strong>\u017divotna sredina<\/strong><\/p>\n<ul>\n<li>Intel je zadr\u017eao svoju poziciju najve\u0107eg dobrovoljnog kupca obnovljive energije u Americi, i radio je sa drugim kompanijama na tr\u017ei\u0161tu da bi kompletirao devet solarnih elektri\u010dnih instalacija na Intel lokacijama u \u010detiri zemlje Sjedinjenih dr\u017eava i Izraelu, koje zajedni\u010dki proizvode 3.8 miliona kilovata \u010diste energije godi\u0161nje.<\/li>\n<li>Dizajn centar u Haifi, Izraelu bio je prva Intelova zgrada sa LEED sertifikatom (Liderstvo u oblasti energije i dizajna okru\u017eenja) i prva zgrada u Izraelu koja je dobila LEED Gold sertifikat. Intel je tako\u0111e dobio osnovni LEED sertifikat za svoju fabriku i poslovnu zgradu u Kulimu, Malazija.<\/li>\n<li>Od 1998. godine, kao rezultat Intelovih napora za o\u010duvanje \u017eivotnih resursa, 40 milijardi galona vode, ili \u0161to je dovljno za otprilike 370.000 ameri\u010dkih domova godi\u0161nje, bilo je sa\u010duvano.<\/li>\n<li>U toku 2010. godine, 62 pojedinca i tima bili su nominovani za nagradu Intel Environmental Excellence Awards koja biva dodeljena zaposlenima koji su pomogli da Intel smanji uticaj na \u017eivotno okru\u017eenje. Ovakvi projekti zaposlenih rezultirali su u\u0161tedom od 135 milona dolara.<\/li>\n<li>Kao deo programa \u201eOdr\u017eivost u akciji\u201c, Intel je donirao 100.000 dolara za finansiranje 13 projekata zaposlenih.<\/li>\n<\/ul>\n<p>&nbsp;<\/p>\n<p><strong>Radno mesto i zajednica<\/strong><\/p>\n<ul>\n<li>U toku 2010. godine, gotovo polovina (48 odsto) Intelovih zaposlenih donirala je vi\u0161e od jednog miliona radnih sati, dok je Intelova Fondacija donorala 7.9 miliona dolara za oko 4.900 \u0161kola i neprofitnih organizacija u kojima su Intelovi zaposleni radili dobrovoljno.<\/li>\n<li>Jedna od Intelovih \u0161est glavnih karakteristika je \u201eSjajno mesto za rad\u201d koja nagla\u0161ava va\u017enost pozitivnoh odnosa me\u0111u zaposlenima kao klju\u010dnu komponentu uspeha. U 2010. godini, Intel je ostvario zapa\u017eeno mesto na godi\u0161njoj listi \u201e100 najboljih kompanija za rad\u201d magazina Fortune.<\/li>\n<li>Intel nastavlja da ula\u017ee u niz razli\u010ditih inicijativa, uklju\u010duju\u0107i podr\u0161ku grupama zaposlenih kao \u0161to je Mre\u017ea \u017eena zaposlenih u Intelu. Od 2004, broj \u017eena u Intelu je porastao za 24 odsto. \u0160tavi\u0161e, \u017eene \u010dine 30 odsto trenutnog Upravnog odbora kompanije Intel.<\/li>\n<\/ul>\n<p>&nbsp;<\/p>\n<p>Da biste pro\u010ditali novi izve\u0161taj posetite\u00a0<a href=\"http:\/\/www.intel.com\/go\/responsibility\" target=\"_blank\">www.intel.com\/go\/responsibility<\/a>. Vi\u0161e informacija o Intelovoj korporativnoj odgovornosti mo\u017eete na\u0107i na\u00a0<a href=\"http:\/\/blogs.intel.com\/csr\/\" target=\"_blank\">CSR@Intel blog<\/a> i na Twitteru na\u00a0<a href=\"http:\/\/www.twitter.com\/intel_csr\" target=\"_blank\">@Intel_CSR<\/a>.<\/p>\n<p><strong>O kompaniji Intel<\/strong><\/p>\n<p>Intel (NASDAQ: INTC), svetski lider u oblasti inovacija u ra\u010dunarskoj industriji, razvija tehnologije, proizvode i pokre\u0107e inicijative koje slu\u017ee kao osnova ra\u010dunarskih ure\u0111aja. Dodatne informacije o kompaniji Intel dostupne su na\u00a0<a href=\"http:\/\/www.intel.com\/pressroom\/\" target=\"_blank\">http:\/\/www.intel.com\/pressroom\/<\/a> i<a href=\"http:\/\/blogs.intel.com\/\" target=\"_blank\">blogs.intel.com<\/a><\/p>\n<\/div>\n","protected":false},"excerpt":{"rendered":"<p>Objavljen Izve\u0161taj o korporativnoj dru\u0161tevnoj odgovornosti za 2010. SANTA KLARA, Kalifornija, 20. maj, 2011 \u2013 Izve\u0161taj o korporativnoj dru\u0161tevnoj odgovornosti za 2010. godinu kompanije Intel objavljen je danas. Izve\u0161taj navodi napore koje je kompanija \u010dinila u oblasti primene svojih tehnologija i odlu\u010dnosti svojih zaposlenih da transformi\u0161u pristup obrazovanju i tehnologiji uop\u0161te, kao i da unaprede ekonomsku i ekolo\u0161ku odr\u017eivost \u0161irom sveta. Izve\u0161taj tako\u0111e objedinjuje aktivnosti koje \u010dini kompanija Intel kako bi dodatno&#8230; <\/p>\n<div class=\"more-container\"><a class=\"more-link\" href=\"https:\/\/www.pcvesti.com\/?p=22123\" itemprop=\"url\">Continue reading<\/a><\/div>\n","protected":false},"author":5,"featured_media":0,"comment_status":"closed","ping_status":"closed","sticky":false,"template":"","format":"standard","meta":{"seo_booster_metabox":"","ngg_post_thumbnail":0,"slim_seo":{"title":"Zaposleni u kompaniji Intel \u0161ampioni korporativne odgovornosti - PCVesti","description":"Objavljen Izve\u0161taj o korporativnoj dru\u0161tevnoj odgovornosti za 2010. SANTA KLARA, Kalifornija, 20. maj, 2011 \u2013 Izve\u0161taj o korporativnoj dru\u0161tevnoj odgovornosti z"},"footnotes":""},"categories":[10],"tags":[],"class_list":["post-22123","post","type-post","status-publish","format-standard","hentry","category-ostalo"],"yoast_head":"<!-- This site is optimized with the Yoast SEO plugin v27.5 - https:\/\/yoast.com\/product\/yoast-seo-wordpress\/ -->\n<title>Zaposleni u kompaniji Intel \u0161ampioni korporativne odgovornosti - PCVesti<\/title>\n<meta name=\"robots\" content=\"index, follow, max-snippet:-1, max-image-preview:large, max-video-preview:-1\" \/>\n<link rel=\"canonical\" href=\"https:\/\/www.pcvesti.com\/?p=22123\" \/>\n<meta property=\"og:locale\" content=\"en_US\" \/>\n<meta property=\"og:type\" content=\"article\" \/>\n<meta property=\"og:title\" content=\"Zaposleni u kompaniji Intel \u0161ampioni korporativne odgovornosti - PCVesti\" \/>\n<meta property=\"og:description\" content=\"Objavljen Izve\u0161taj o korporativnoj dru\u0161tevnoj odgovornosti za 2010. SANTA KLARA, Kalifornija, 20. maj, 2011 \u2013 Izve\u0161taj o korporativnoj dru\u0161tevnoj odgovornosti za 2010. godinu kompanije Intel objavljen je danas. Izve\u0161taj navodi napore koje je kompanija \u010dinila u oblasti primene svojih tehnologija i odlu\u010dnosti svojih zaposlenih da transformi\u0161u pristup obrazovanju i tehnologiji uop\u0161te, kao i da unaprede ekonomsku i ekolo\u0161ku odr\u017eivost \u0161irom sveta. Izve\u0161taj tako\u0111e objedinjuje aktivnosti koje \u010dini kompanija Intel kako bi dodatno... Continue reading\" \/>\n<meta property=\"og:url\" content=\"https:\/\/www.pcvesti.com\/?p=22123\" \/>\n<meta property=\"og:site_name\" content=\"PCVesti\" \/>\n<meta property=\"article:published_time\" content=\"2011-05-22T11:08:01+00:00\" \/>\n<meta name=\"author\" content=\"newsmaster\" \/>\n<meta name=\"twitter:card\" content=\"summary_large_image\" \/>\n<meta name=\"twitter:label1\" content=\"Written by\" \/>\n\t<meta name=\"twitter:data1\" content=\"newsmaster\" \/>\n\t<meta name=\"twitter:label2\" content=\"Est. reading time\" \/>\n\t<meta name=\"twitter:data2\" content=\"3 minutes\" \/>\n<script type=\"application\/ld+json\" class=\"yoast-schema-graph\">{\"@context\":\"https:\\\/\\\/schema.org\",\"@graph\":[{\"@type\":\"Article\",\"@id\":\"https:\\\/\\\/www.pcvesti.com\\\/?p=22123#article\",\"isPartOf\":{\"@id\":\"https:\\\/\\\/www.pcvesti.com\\\/?p=22123\"},\"author\":{\"name\":\"newsmaster\",\"@id\":\"https:\\\/\\\/www.pcvesti.com\\\/#\\\/schema\\\/person\\\/d1e384f7c138a1fcda7af7425e55a6b2\"},\"headline\":\"Zaposleni u kompaniji Intel \u0161ampioni korporativne odgovornosti\",\"datePublished\":\"2011-05-22T11:08:01+00:00\",\"mainEntityOfPage\":{\"@id\":\"https:\\\/\\\/www.pcvesti.com\\\/?p=22123\"},\"wordCount\":700,\"articleSection\":[\"Ostalo\"],\"inLanguage\":\"en-US\"},{\"@type\":\"WebPage\",\"@id\":\"https:\\\/\\\/www.pcvesti.com\\\/?p=22123\",\"url\":\"https:\\\/\\\/www.pcvesti.com\\\/?p=22123\",\"name\":\"Zaposleni u kompaniji Intel \u0161ampioni korporativne odgovornosti - PCVesti\",\"isPartOf\":{\"@id\":\"https:\\\/\\\/www.pcvesti.com\\\/#website\"},\"datePublished\":\"2011-05-22T11:08:01+00:00\",\"author\":{\"@id\":\"https:\\\/\\\/www.pcvesti.com\\\/#\\\/schema\\\/person\\\/d1e384f7c138a1fcda7af7425e55a6b2\"},\"breadcrumb\":{\"@id\":\"https:\\\/\\\/www.pcvesti.com\\\/?p=22123#breadcrumb\"},\"inLanguage\":\"en-US\",\"potentialAction\":[{\"@type\":\"ReadAction\",\"target\":[\"https:\\\/\\\/www.pcvesti.com\\\/?p=22123\"]}]},{\"@type\":\"BreadcrumbList\",\"@id\":\"https:\\\/\\\/www.pcvesti.com\\\/?p=22123#breadcrumb\",\"itemListElement\":[{\"@type\":\"ListItem\",\"position\":1,\"name\":\"Home\",\"item\":\"https:\\\/\\\/www.pcvesti.com\\\/\"},{\"@type\":\"ListItem\",\"position\":2,\"name\":\"Zaposleni u kompaniji Intel \u0161ampioni korporativne odgovornosti\"}]},{\"@type\":\"WebSite\",\"@id\":\"https:\\\/\\\/www.pcvesti.com\\\/#website\",\"url\":\"https:\\\/\\\/www.pcvesti.com\\\/\",\"name\":\"PCVesti\",\"description\":\"www.pcvesti.com\",\"potentialAction\":[{\"@type\":\"SearchAction\",\"target\":{\"@type\":\"EntryPoint\",\"urlTemplate\":\"https:\\\/\\\/www.pcvesti.com\\\/?s={search_term_string}\"},\"query-input\":{\"@type\":\"PropertyValueSpecification\",\"valueRequired\":true,\"valueName\":\"search_term_string\"}}],\"inLanguage\":\"en-US\"},{\"@type\":\"Person\",\"@id\":\"https:\\\/\\\/www.pcvesti.com\\\/#\\\/schema\\\/person\\\/d1e384f7c138a1fcda7af7425e55a6b2\",\"name\":\"newsmaster\",\"image\":{\"@type\":\"ImageObject\",\"inLanguage\":\"en-US\",\"@id\":\"https:\\\/\\\/www.pcvesti.com\\\/wp-content\\\/uploads\\\/2018\\\/09\\\/avatar_user_5_1537115954-96x96.jpeg\",\"url\":\"https:\\\/\\\/www.pcvesti.com\\\/wp-content\\\/uploads\\\/2018\\\/09\\\/avatar_user_5_1537115954-96x96.jpeg\",\"contentUrl\":\"https:\\\/\\\/www.pcvesti.com\\\/wp-content\\\/uploads\\\/2018\\\/09\\\/avatar_user_5_1537115954-96x96.jpeg\",\"caption\":\"newsmaster\"},\"url\":\"https:\\\/\\\/www.pcvesti.com\\\/?author=5\"}]}<\/script>\n<!-- \/ Yoast SEO plugin. -->","yoast_head_json":{"title":"Zaposleni u kompaniji Intel \u0161ampioni korporativne odgovornosti - PCVesti","robots":{"index":"index","follow":"follow","max-snippet":"max-snippet:-1","max-image-preview":"max-image-preview:large","max-video-preview":"max-video-preview:-1"},"canonical":"https:\/\/www.pcvesti.com\/?p=22123","og_locale":"en_US","og_type":"article","og_title":"Zaposleni u kompaniji Intel \u0161ampioni korporativne odgovornosti - PCVesti","og_description":"Objavljen Izve\u0161taj o korporativnoj dru\u0161tevnoj odgovornosti za 2010. SANTA KLARA, Kalifornija, 20. maj, 2011 \u2013 Izve\u0161taj o korporativnoj dru\u0161tevnoj odgovornosti za 2010. godinu kompanije Intel objavljen je danas. Izve\u0161taj navodi napore koje je kompanija \u010dinila u oblasti primene svojih tehnologija i odlu\u010dnosti svojih zaposlenih da transformi\u0161u pristup obrazovanju i tehnologiji uop\u0161te, kao i da unaprede ekonomsku i ekolo\u0161ku odr\u017eivost \u0161irom sveta. Izve\u0161taj tako\u0111e objedinjuje aktivnosti koje \u010dini kompanija Intel kako bi dodatno... Continue reading","og_url":"https:\/\/www.pcvesti.com\/?p=22123","og_site_name":"PCVesti","article_published_time":"2011-05-22T11:08:01+00:00","author":"newsmaster","twitter_card":"summary_large_image","twitter_misc":{"Written by":"newsmaster","Est. reading time":"3 minutes"},"schema":{"@context":"https:\/\/schema.org","@graph":[{"@type":"Article","@id":"https:\/\/www.pcvesti.com\/?p=22123#article","isPartOf":{"@id":"https:\/\/www.pcvesti.com\/?p=22123"},"author":{"name":"newsmaster","@id":"https:\/\/www.pcvesti.com\/#\/schema\/person\/d1e384f7c138a1fcda7af7425e55a6b2"},"headline":"Zaposleni u kompaniji Intel \u0161ampioni korporativne odgovornosti","datePublished":"2011-05-22T11:08:01+00:00","mainEntityOfPage":{"@id":"https:\/\/www.pcvesti.com\/?p=22123"},"wordCount":700,"articleSection":["Ostalo"],"inLanguage":"en-US"},{"@type":"WebPage","@id":"https:\/\/www.pcvesti.com\/?p=22123","url":"https:\/\/www.pcvesti.com\/?p=22123","name":"Zaposleni u kompaniji Intel \u0161ampioni korporativne odgovornosti - PCVesti","isPartOf":{"@id":"https:\/\/www.pcvesti.com\/#website"},"datePublished":"2011-05-22T11:08:01+00:00","author":{"@id":"https:\/\/www.pcvesti.com\/#\/schema\/person\/d1e384f7c138a1fcda7af7425e55a6b2"},"breadcrumb":{"@id":"https:\/\/www.pcvesti.com\/?p=22123#breadcrumb"},"inLanguage":"en-US","potentialAction":[{"@type":"ReadAction","target":["https:\/\/www.pcvesti.com\/?p=22123"]}]},{"@type":"BreadcrumbList","@id":"https:\/\/www.pcvesti.com\/?p=22123#breadcrumb","itemListElement":[{"@type":"ListItem","position":1,"name":"Home","item":"https:\/\/www.pcvesti.com\/"},{"@type":"ListItem","position":2,"name":"Zaposleni u kompaniji Intel \u0161ampioni korporativne odgovornosti"}]},{"@type":"WebSite","@id":"https:\/\/www.pcvesti.com\/#website","url":"https:\/\/www.pcvesti.com\/","name":"PCVesti","description":"www.pcvesti.com","potentialAction":[{"@type":"SearchAction","target":{"@type":"EntryPoint","urlTemplate":"https:\/\/www.pcvesti.com\/?s={search_term_string}"},"query-input":{"@type":"PropertyValueSpecification","valueRequired":true,"valueName":"search_term_string"}}],"inLanguage":"en-US"},{"@type":"Person","@id":"https:\/\/www.pcvesti.com\/#\/schema\/person\/d1e384f7c138a1fcda7af7425e55a6b2","name":"newsmaster","image":{"@type":"ImageObject","inLanguage":"en-US","@id":"https:\/\/www.pcvesti.com\/wp-content\/uploads\/2018\/09\/avatar_user_5_1537115954-96x96.jpeg","url":"https:\/\/www.pcvesti.com\/wp-content\/uploads\/2018\/09\/avatar_user_5_1537115954-96x96.jpeg","contentUrl":"https:\/\/www.pcvesti.com\/wp-content\/uploads\/2018\/09\/avatar_user_5_1537115954-96x96.jpeg","caption":"newsmaster"},"url":"https:\/\/www.pcvesti.com\/?author=5"}]}},"_links":{"self":[{"href":"https:\/\/www.pcvesti.com\/index.php?rest_route=\/wp\/v2\/posts\/22123","targetHints":{"allow":["GET"]}}],"collection":[{"href":"https:\/\/www.pcvesti.com\/index.php?rest_route=\/wp\/v2\/posts"}],"about":[{"href":"https:\/\/www.pcvesti.com\/index.php?rest_route=\/wp\/v2\/types\/post"}],"author":[{"embeddable":true,"href":"https:\/\/www.pcvesti.com\/index.php?rest_route=\/wp\/v2\/users\/5"}],"replies":[{"embeddable":true,"href":"https:\/\/www.pcvesti.com\/index.php?rest_route=%2Fwp%2Fv2%2Fcomments&post=22123"}],"version-history":[{"count":0,"href":"https:\/\/www.pcvesti.com\/index.php?rest_route=\/wp\/v2\/posts\/22123\/revisions"}],"wp:attachment":[{"href":"https:\/\/www.pcvesti.com\/index.php?rest_route=%2Fwp%2Fv2%2Fmedia&parent=22123"}],"wp:term":[{"taxonomy":"category","embeddable":true,"href":"https:\/\/www.pcvesti.com\/index.php?rest_route=%2Fwp%2Fv2%2Fcategories&post=22123"},{"taxonomy":"post_tag","embeddable":true,"href":"https:\/\/www.pcvesti.com\/index.php?rest_route=%2Fwp%2Fv2%2Ftags&post=22123"}],"curies":[{"name":"wp","href":"https:\/\/api.w.org\/{rel}","templated":true}]}}