{"id":22989,"date":"2011-11-05T16:23:59","date_gmt":"2011-11-05T15:23:59","guid":{"rendered":"http:\/\/www.pcvesti.com\/?p=22989"},"modified":"2011-11-05T16:23:59","modified_gmt":"2011-11-05T15:23:59","slug":"najveci-regionalni-festival-nauke-2-3-4-decembra-beogradu","status":"publish","type":"post","link":"https:\/\/www.pcvesti.com\/?p=22989","title":{"rendered":"Najve\u0107i regionalni Festival nauke  &#8211;  2, 3. i 4. decembra u Beogradu"},"content":{"rendered":"<p>Najve\u0107i regionalni Festival nauke tradicionalno \u0107e biti odr\u017ean 2, 3. i 4. decembra i dalje sa jasnom svrhom \u2013 da predstavi, objasni i promovi\u0161e nauku na na\u010din podjednako blizak i jasan svima, bez obzira na godine i obrazovanje.<\/p>\n<p>Obele\u017ei\u0107e ga non-stop eksperimenti, nau\u010dni \u0161ou programi, predavanja, debate i intervjui, izlo\u017ebe, de\u010dije radionice, zona za talente kao i deo festivala koji spaja nauku, tehnologiju i umetnost.<\/p>\n<p>Peti Festival nauke bi\u0107e odr\u017ean na \u010dak \u010detiri lokacije: u biv\u0161oj Robnoj ku\u0107i \u201cKluz\u201d, Studentskom kulturnom centru, galeriji Narodne banke Srbije i u potpuno novom prostoru \u2013 sceni teatra Bojan Stupica. Spajanjem ove \u010detiri lokacije u neposrednoj blizini, Beograd \u0107e na tri dana dobiti pravu nau\u010dno-festivalsku \u010detvrt.<\/p>\n<p>\u201cNauka bez prestanka\u201d, \u201cFantasti\u010dno-nau\u010dna bina\u201d, \u201cDaje se na znanje\u201d, \u201cEksperTinejd\u017eeri\u201d, \u201eSUTRA\u201c i \u201cNau\u010dne igraonice\u201d programske su celine koje \u0107e publici predstaviti 300 mladih nau\u010dnika iz 32 nau\u010dne institucije, iz Srbije i inostranstva, u tri decembarska dana. <!--more--><\/p>\n<p>Festival nauke napravio je korak dalje, jer su posetiocima od ove godine na raspolaganju i bogati internacionalni programi.<\/p>\n<p>U saradnji sa Francuskim institutom u Beograd sti\u017eu nau\u010dni \u0161ou programi \u201cKarike koje nedostaju\u201d na \u010delu sa nau\u010dnim klovnom Fabiom Fabuleom, Osidijana \u201cLjudo\u017ederka\u201d kao i radionica \u201cneizvodljivih\u201d eksperimenata nere\u0161ivih problema koja \u0107e nam testirati inteligenciju, prakti\u010dnost i kriti\u010dko mi\u0161ljenje.<\/p>\n<p>Pored raznovrsnog programa iz Francuske, na petom Festivalu nauke predstavi\u0107e se i gosti iz \u0160vajcarske, \u0160vedske, Austrije, Estonije i Hrvatske.<\/p>\n<p>Festival nauke je, u oktobru ove godine, tre\u0107i put gostovao na najve\u0107em evropskom festivalu nauke u \u0110enovi. Samo prvog dana na\u0161u postavku &#8220;Matemati\u010dko kupatilo&#8221;, sme\u0161tenu u najve\u0107oj palati u samom centru grada, videlo je vi\u0161e od 300 posetilaca. Postavka govori o uobi\u010dajenim predmetima sa kojima se svakodnevno susre\u0107emo, modifikovanim da objasne teme iz geometrije, teorije grafova i topologije.<\/p>\n<p>Generalni sponzor Festivala nauke i ove godine je MT:S.<\/p>\n<p>Prijatelj manifestacije je Erste banka a pokrovitelj Centar za promociju nauke.<\/p>\n<p>Peti Festival nauke, prvog vikenda u decembru, bi\u0107e odr\u017ean pod sloganom \u201ePADAM NA PAMET\u201c.<\/p>\n<p>Vidimo se uskoro!<\/p>\n","protected":false},"excerpt":{"rendered":"<p>Najve\u0107i regionalni Festival nauke tradicionalno \u0107e biti odr\u017ean 2, 3. i 4. decembra i dalje sa jasnom svrhom \u2013 da predstavi, objasni i promovi\u0161e nauku na na\u010din podjednako blizak i jasan svima, bez obzira na godine i obrazovanje. Obele\u017ei\u0107e ga non-stop eksperimenti, nau\u010dni \u0161ou programi, predavanja, debate i intervjui, izlo\u017ebe, de\u010dije radionice, zona za talente kao i deo festivala koji spaja nauku, tehnologiju i umetnost. Peti Festival nauke bi\u0107e odr\u017ean na \u010dak&#8230; <\/p>\n<div class=\"more-container\"><a class=\"more-link\" href=\"https:\/\/www.pcvesti.com\/?p=22989\" itemprop=\"url\">Continue reading<\/a><\/div>\n","protected":false},"author":5,"featured_media":0,"comment_status":"closed","ping_status":"closed","sticky":false,"template":"","format":"standard","meta":{"seo_booster_metabox":"","ngg_post_thumbnail":0,"slim_seo":{"title":"Najve\u0107i regionalni Festival nauke - 2, 3. i 4. decembra u Beogradu - PCVesti","description":"Najve\u0107i regionalni Festival nauke tradicionalno \u0107e biti odr\u017ean 2, 3. i 4. decembra i dalje sa jasnom svrhom \u2013 da predstavi, objasni i promovi\u0161e nauku na na\u010din p"},"footnotes":""},"categories":[5],"tags":[],"class_list":["post-22989","post","type-post","status-publish","format-standard","hentry","category-pc-vesti"],"yoast_head":"<!-- This site is optimized with the Yoast SEO plugin v27.5 - https:\/\/yoast.com\/product\/yoast-seo-wordpress\/ -->\n<title>Najve\u0107i regionalni Festival nauke - 2, 3. i 4. decembra u Beogradu - PCVesti<\/title>\n<meta name=\"robots\" content=\"index, follow, max-snippet:-1, max-image-preview:large, max-video-preview:-1\" \/>\n<link rel=\"canonical\" href=\"https:\/\/www.pcvesti.com\/?p=22989\" \/>\n<meta property=\"og:locale\" content=\"en_US\" \/>\n<meta property=\"og:type\" content=\"article\" \/>\n<meta property=\"og:title\" content=\"Najve\u0107i regionalni Festival nauke - 2, 3. i 4. decembra u Beogradu - PCVesti\" \/>\n<meta property=\"og:description\" content=\"Najve\u0107i regionalni Festival nauke tradicionalno \u0107e biti odr\u017ean 2, 3. i 4. decembra i dalje sa jasnom svrhom \u2013 da predstavi, objasni i promovi\u0161e nauku na na\u010din podjednako blizak i jasan svima, bez obzira na godine i obrazovanje. Obele\u017ei\u0107e ga non-stop eksperimenti, nau\u010dni \u0161ou programi, predavanja, debate i intervjui, izlo\u017ebe, de\u010dije radionice, zona za talente kao i deo festivala koji spaja nauku, tehnologiju i umetnost. Peti Festival nauke bi\u0107e odr\u017ean na \u010dak... Continue reading\" \/>\n<meta property=\"og:url\" content=\"https:\/\/www.pcvesti.com\/?p=22989\" \/>\n<meta property=\"og:site_name\" content=\"PCVesti\" \/>\n<meta property=\"article:published_time\" content=\"2011-11-05T15:23:59+00:00\" \/>\n<meta name=\"author\" content=\"newsmaster\" \/>\n<meta name=\"twitter:card\" content=\"summary_large_image\" \/>\n<meta name=\"twitter:label1\" content=\"Written by\" \/>\n\t<meta name=\"twitter:data1\" content=\"newsmaster\" \/>\n\t<meta name=\"twitter:label2\" content=\"Est. reading time\" \/>\n\t<meta name=\"twitter:data2\" content=\"2 minutes\" \/>\n<script type=\"application\/ld+json\" class=\"yoast-schema-graph\">{\"@context\":\"https:\\\/\\\/schema.org\",\"@graph\":[{\"@type\":\"Article\",\"@id\":\"https:\\\/\\\/www.pcvesti.com\\\/?p=22989#article\",\"isPartOf\":{\"@id\":\"https:\\\/\\\/www.pcvesti.com\\\/?p=22989\"},\"author\":{\"name\":\"newsmaster\",\"@id\":\"https:\\\/\\\/www.pcvesti.com\\\/#\\\/schema\\\/person\\\/d1e384f7c138a1fcda7af7425e55a6b2\"},\"headline\":\"Najve\u0107i regionalni Festival nauke &#8211; 2, 3. i 4. decembra u Beogradu\",\"datePublished\":\"2011-11-05T15:23:59+00:00\",\"mainEntityOfPage\":{\"@id\":\"https:\\\/\\\/www.pcvesti.com\\\/?p=22989\"},\"wordCount\":363,\"articleSection\":[\"PC Vesti\"],\"inLanguage\":\"en-US\"},{\"@type\":\"WebPage\",\"@id\":\"https:\\\/\\\/www.pcvesti.com\\\/?p=22989\",\"url\":\"https:\\\/\\\/www.pcvesti.com\\\/?p=22989\",\"name\":\"Najve\u0107i regionalni Festival nauke - 2, 3. i 4. decembra u Beogradu - PCVesti\",\"isPartOf\":{\"@id\":\"https:\\\/\\\/www.pcvesti.com\\\/#website\"},\"datePublished\":\"2011-11-05T15:23:59+00:00\",\"author\":{\"@id\":\"https:\\\/\\\/www.pcvesti.com\\\/#\\\/schema\\\/person\\\/d1e384f7c138a1fcda7af7425e55a6b2\"},\"breadcrumb\":{\"@id\":\"https:\\\/\\\/www.pcvesti.com\\\/?p=22989#breadcrumb\"},\"inLanguage\":\"en-US\",\"potentialAction\":[{\"@type\":\"ReadAction\",\"target\":[\"https:\\\/\\\/www.pcvesti.com\\\/?p=22989\"]}]},{\"@type\":\"BreadcrumbList\",\"@id\":\"https:\\\/\\\/www.pcvesti.com\\\/?p=22989#breadcrumb\",\"itemListElement\":[{\"@type\":\"ListItem\",\"position\":1,\"name\":\"Home\",\"item\":\"https:\\\/\\\/www.pcvesti.com\\\/\"},{\"@type\":\"ListItem\",\"position\":2,\"name\":\"Najve\u0107i regionalni Festival nauke &#8211; 2, 3. i 4. decembra u Beogradu\"}]},{\"@type\":\"WebSite\",\"@id\":\"https:\\\/\\\/www.pcvesti.com\\\/#website\",\"url\":\"https:\\\/\\\/www.pcvesti.com\\\/\",\"name\":\"PCVesti\",\"description\":\"www.pcvesti.com\",\"potentialAction\":[{\"@type\":\"SearchAction\",\"target\":{\"@type\":\"EntryPoint\",\"urlTemplate\":\"https:\\\/\\\/www.pcvesti.com\\\/?s={search_term_string}\"},\"query-input\":{\"@type\":\"PropertyValueSpecification\",\"valueRequired\":true,\"valueName\":\"search_term_string\"}}],\"inLanguage\":\"en-US\"},{\"@type\":\"Person\",\"@id\":\"https:\\\/\\\/www.pcvesti.com\\\/#\\\/schema\\\/person\\\/d1e384f7c138a1fcda7af7425e55a6b2\",\"name\":\"newsmaster\",\"image\":{\"@type\":\"ImageObject\",\"inLanguage\":\"en-US\",\"@id\":\"https:\\\/\\\/www.pcvesti.com\\\/wp-content\\\/uploads\\\/2018\\\/09\\\/avatar_user_5_1537115954-96x96.jpeg\",\"url\":\"https:\\\/\\\/www.pcvesti.com\\\/wp-content\\\/uploads\\\/2018\\\/09\\\/avatar_user_5_1537115954-96x96.jpeg\",\"contentUrl\":\"https:\\\/\\\/www.pcvesti.com\\\/wp-content\\\/uploads\\\/2018\\\/09\\\/avatar_user_5_1537115954-96x96.jpeg\",\"caption\":\"newsmaster\"},\"url\":\"https:\\\/\\\/www.pcvesti.com\\\/?author=5\"}]}<\/script>\n<!-- \/ Yoast SEO plugin. -->","yoast_head_json":{"title":"Najve\u0107i regionalni Festival nauke - 2, 3. i 4. decembra u Beogradu - PCVesti","robots":{"index":"index","follow":"follow","max-snippet":"max-snippet:-1","max-image-preview":"max-image-preview:large","max-video-preview":"max-video-preview:-1"},"canonical":"https:\/\/www.pcvesti.com\/?p=22989","og_locale":"en_US","og_type":"article","og_title":"Najve\u0107i regionalni Festival nauke - 2, 3. i 4. decembra u Beogradu - PCVesti","og_description":"Najve\u0107i regionalni Festival nauke tradicionalno \u0107e biti odr\u017ean 2, 3. i 4. decembra i dalje sa jasnom svrhom \u2013 da predstavi, objasni i promovi\u0161e nauku na na\u010din podjednako blizak i jasan svima, bez obzira na godine i obrazovanje. Obele\u017ei\u0107e ga non-stop eksperimenti, nau\u010dni \u0161ou programi, predavanja, debate i intervjui, izlo\u017ebe, de\u010dije radionice, zona za talente kao i deo festivala koji spaja nauku, tehnologiju i umetnost. Peti Festival nauke bi\u0107e odr\u017ean na \u010dak... Continue reading","og_url":"https:\/\/www.pcvesti.com\/?p=22989","og_site_name":"PCVesti","article_published_time":"2011-11-05T15:23:59+00:00","author":"newsmaster","twitter_card":"summary_large_image","twitter_misc":{"Written by":"newsmaster","Est. reading time":"2 minutes"},"schema":{"@context":"https:\/\/schema.org","@graph":[{"@type":"Article","@id":"https:\/\/www.pcvesti.com\/?p=22989#article","isPartOf":{"@id":"https:\/\/www.pcvesti.com\/?p=22989"},"author":{"name":"newsmaster","@id":"https:\/\/www.pcvesti.com\/#\/schema\/person\/d1e384f7c138a1fcda7af7425e55a6b2"},"headline":"Najve\u0107i regionalni Festival nauke &#8211; 2, 3. i 4. decembra u Beogradu","datePublished":"2011-11-05T15:23:59+00:00","mainEntityOfPage":{"@id":"https:\/\/www.pcvesti.com\/?p=22989"},"wordCount":363,"articleSection":["PC Vesti"],"inLanguage":"en-US"},{"@type":"WebPage","@id":"https:\/\/www.pcvesti.com\/?p=22989","url":"https:\/\/www.pcvesti.com\/?p=22989","name":"Najve\u0107i regionalni Festival nauke - 2, 3. i 4. decembra u Beogradu - PCVesti","isPartOf":{"@id":"https:\/\/www.pcvesti.com\/#website"},"datePublished":"2011-11-05T15:23:59+00:00","author":{"@id":"https:\/\/www.pcvesti.com\/#\/schema\/person\/d1e384f7c138a1fcda7af7425e55a6b2"},"breadcrumb":{"@id":"https:\/\/www.pcvesti.com\/?p=22989#breadcrumb"},"inLanguage":"en-US","potentialAction":[{"@type":"ReadAction","target":["https:\/\/www.pcvesti.com\/?p=22989"]}]},{"@type":"BreadcrumbList","@id":"https:\/\/www.pcvesti.com\/?p=22989#breadcrumb","itemListElement":[{"@type":"ListItem","position":1,"name":"Home","item":"https:\/\/www.pcvesti.com\/"},{"@type":"ListItem","position":2,"name":"Najve\u0107i regionalni Festival nauke &#8211; 2, 3. i 4. decembra u Beogradu"}]},{"@type":"WebSite","@id":"https:\/\/www.pcvesti.com\/#website","url":"https:\/\/www.pcvesti.com\/","name":"PCVesti","description":"www.pcvesti.com","potentialAction":[{"@type":"SearchAction","target":{"@type":"EntryPoint","urlTemplate":"https:\/\/www.pcvesti.com\/?s={search_term_string}"},"query-input":{"@type":"PropertyValueSpecification","valueRequired":true,"valueName":"search_term_string"}}],"inLanguage":"en-US"},{"@type":"Person","@id":"https:\/\/www.pcvesti.com\/#\/schema\/person\/d1e384f7c138a1fcda7af7425e55a6b2","name":"newsmaster","image":{"@type":"ImageObject","inLanguage":"en-US","@id":"https:\/\/www.pcvesti.com\/wp-content\/uploads\/2018\/09\/avatar_user_5_1537115954-96x96.jpeg","url":"https:\/\/www.pcvesti.com\/wp-content\/uploads\/2018\/09\/avatar_user_5_1537115954-96x96.jpeg","contentUrl":"https:\/\/www.pcvesti.com\/wp-content\/uploads\/2018\/09\/avatar_user_5_1537115954-96x96.jpeg","caption":"newsmaster"},"url":"https:\/\/www.pcvesti.com\/?author=5"}]}},"_links":{"self":[{"href":"https:\/\/www.pcvesti.com\/index.php?rest_route=\/wp\/v2\/posts\/22989","targetHints":{"allow":["GET"]}}],"collection":[{"href":"https:\/\/www.pcvesti.com\/index.php?rest_route=\/wp\/v2\/posts"}],"about":[{"href":"https:\/\/www.pcvesti.com\/index.php?rest_route=\/wp\/v2\/types\/post"}],"author":[{"embeddable":true,"href":"https:\/\/www.pcvesti.com\/index.php?rest_route=\/wp\/v2\/users\/5"}],"replies":[{"embeddable":true,"href":"https:\/\/www.pcvesti.com\/index.php?rest_route=%2Fwp%2Fv2%2Fcomments&post=22989"}],"version-history":[{"count":0,"href":"https:\/\/www.pcvesti.com\/index.php?rest_route=\/wp\/v2\/posts\/22989\/revisions"}],"wp:attachment":[{"href":"https:\/\/www.pcvesti.com\/index.php?rest_route=%2Fwp%2Fv2%2Fmedia&parent=22989"}],"wp:term":[{"taxonomy":"category","embeddable":true,"href":"https:\/\/www.pcvesti.com\/index.php?rest_route=%2Fwp%2Fv2%2Fcategories&post=22989"},{"taxonomy":"post_tag","embeddable":true,"href":"https:\/\/www.pcvesti.com\/index.php?rest_route=%2Fwp%2Fv2%2Ftags&post=22989"}],"curies":[{"name":"wp","href":"https:\/\/api.w.org\/{rel}","templated":true}]}}