{"id":23019,"date":"2011-11-25T12:09:24","date_gmt":"2011-11-25T11:09:24","guid":{"rendered":"http:\/\/www.pcvesti.com\/?p=23019"},"modified":"2011-11-25T12:09:24","modified_gmt":"2011-11-25T11:09:24","slug":"intel-regionalna-vlada-kastilje-leona-domacini-intelovog-obrazovnog-samita","status":"publish","type":"post","link":"https:\/\/www.pcvesti.com\/?p=23019","title":{"rendered":"Intel i regionalna vlada Kastilje i Leona doma\u0107ini  Intelovog obrazovnog samita"},"content":{"rendered":"<p align=\"center\"><strong>Vode\u0107i svetski u\u010ditelji, donosioci odluka i privatne institucije razmatraju ulogu tehnologije u obrazovanju 21. veka koja ima za cilj ekonomski razvoj <\/strong><\/p>\n<p>&nbsp;<\/p>\n<p>SALAMANKA, \u0160panija, 24. novembar 2011 \u2013 Kompanija Intel i regionalna vlada Kastilje i Leona, organizovali su danas osmi godi\u0161nji <a href=\"http:\/\/www.salamancasummit.com\/\">Intelov obrazovni samit<\/a> (24. i 25. novembar 2011, Salamanka, \u0160panija) kako bi razmatrali ulogu informacionih i komunikacionih tehnologija u transformaciji obrazovanja koje treba da pru\u017ei ve\u0161tine neophodne za 21. vek.<\/p>\n<p>U dru\u0161tvu vode\u0107ih svetskih predstavnika iz oblasti obrazovanja, vladinog i privatnog sektora, uklju\u010duju\u0107i Fernanda San\u010deza Paskala, upravika na nivou svih \u0161kola, unutar Ministarstva obrazovanja Kastilje i Leona, samit i plenarna radna grupa imali su za cilj da identifikuju na\u010din na koji tehnologija pokre\u0107e ekonomske i obrazovne reforme. \u00a0<!--more--><\/p>\n<p>Pored klju\u010dnih obra\u0107anja na teme uklju\u010duju\u0107i potrebu sistematskih promena u obrazovanju i izazova i prilika za obrazovanje u novoj ekonomiji, plenarna sesija \u0107e obezbediti prakti\u010dne primere iz Evrope u oblastima kao \u0161to su uloga javnog i privatnog partnerstva u kultivisanju ve\u0161tina potrebnih privatnom sektoru u okviru obrazovnog sistema. Samit \u0107e tako\u0111e proslaviti <a href=\"http:\/\/10millionteachers.intel.com\/\">Intel\u00ae Teach<\/a>, Intelov program namenjen profesionalnom razvoju, kroz koji je pro\u0161lo 10 miliona u\u010ditelja globalno kako bi efikasno integrisali tehnologiju u svoja predavanja. U\u010ditelji koji su pro\u0161li program Intel Teach obrazovali su 300 miliona u\u010denika \u0161irom sveta.<\/p>\n<p>\u201eDana\u0161nja omladina su budu\u0107i inovatori koji \u0107e kreirati nova radna mesta,\u201d izjavila je Bernadet Andrieti, direktor kompanije Intel Europe. \u201eVeoma je va\u017eno da identifikujemo nove na\u010dine na koje \u0107emo im pru\u017eiti ve\u0161tine koje su im neophodne da na najbolji na\u010din iskoriste prilike koje im se pru\u017eaju u globalnom okru\u017eenju sklonom brzim promenama. Tehnologija igra odlu\u010duju\u0107u ulogu u transformaciji obrazovanaj 21. veka.\u201d<\/p>\n<p>Oblast Kastilja i Leon odabrana je za doma\u0107ina Intelovog samita jer je ova oblast vode\u0107a u primeni i kori\u0161\u0107enju tehnologija u obrazovanju kroz svoj projekat \u201eEstrategia Red XXI\u201c (Strategija povezivanja za 21. vek), koji se smatra jednom od klju\u010dnih obrazovnih strategija. Regionalna vlada koristi alate kao \u0161to je \u201eIntel\u00ae Teach napredna online i kolaborativna zajednica za profesionalni razvoj\u201c koja podr\u017eava i razvija sposobne i inovativne u\u010ditelje i poma\u017ee im da u potpunosti iskoriste prednosti pedago\u0161ke prakse i tehnologije 21. veka. Sistem poma\u017ee transformaciju obrazovanja kroz veoma kvalitetne treninge, podr\u0161ku i kolaborativne alate razvijene u saradnji sa u\u010diteljima, i za u\u010ditelje.<\/p>\n<p>&nbsp;<\/p>\n<p>&nbsp;<\/p>\n<p><strong>O kompaniji Intel<\/strong><\/p>\n<p>Intel (NASDAQ: INTC), svetski lider u oblasti inovacija u ra\u010dunarskoj industriji, razvija tehnologije, proizvode i pokre\u0107e inicijative koje slu\u017ee kao osnova ra\u010dunarskih ure\u0111aja. Dodatne informacije o kompaniji Intel dostupne su na<a href=\"http:\/\/newsroom.intel.com\/\">newsroom.intel.com<\/a> i <a href=\"http:\/\/blogs.intel.com\/\">blogs.intel.com<\/a>.<\/p>\n","protected":false},"excerpt":{"rendered":"<p>Vode\u0107i svetski u\u010ditelji, donosioci odluka i privatne institucije razmatraju ulogu tehnologije u obrazovanju 21. veka koja ima za cilj ekonomski razvoj &nbsp; SALAMANKA, \u0160panija, 24. novembar 2011 \u2013 Kompanija Intel i regionalna vlada Kastilje i Leona, organizovali su danas osmi godi\u0161nji Intelov obrazovni samit (24. i 25. novembar 2011, Salamanka, \u0160panija) kako bi razmatrali ulogu informacionih i komunikacionih tehnologija u transformaciji obrazovanja koje treba da pru\u017ei ve\u0161tine neophodne za 21. vek. U&#8230; <\/p>\n<div class=\"more-container\"><a class=\"more-link\" href=\"https:\/\/www.pcvesti.com\/?p=23019\" itemprop=\"url\">Continue reading<\/a><\/div>\n","protected":false},"author":5,"featured_media":0,"comment_status":"closed","ping_status":"closed","sticky":false,"template":"","format":"standard","meta":{"seo_booster_metabox":"","ngg_post_thumbnail":0,"slim_seo":{"title":"Intel i regionalna vlada Kastilje i Leona doma\u0107ini Intelovog obrazovnog samita - PCVesti","description":"Vode\u0107i svetski u\u010ditelji, donosioci odluka i privatne institucije razmatraju ulogu tehnologije u obrazovanju 21. veka koja ima za cilj ekonomski razvoj &nbsp; SA"},"footnotes":""},"categories":[9,5],"tags":[],"class_list":["post-23019","post","type-post","status-publish","format-standard","hentry","category-dogadjaji","category-pc-vesti"],"yoast_head":"<!-- This site is optimized with the Yoast SEO plugin v27.5 - https:\/\/yoast.com\/product\/yoast-seo-wordpress\/ -->\n<title>Intel i regionalna vlada Kastilje i Leona doma\u0107ini Intelovog obrazovnog samita - PCVesti<\/title>\n<meta name=\"robots\" content=\"index, follow, max-snippet:-1, max-image-preview:large, max-video-preview:-1\" \/>\n<link rel=\"canonical\" href=\"https:\/\/www.pcvesti.com\/?p=23019\" \/>\n<meta property=\"og:locale\" content=\"en_US\" \/>\n<meta property=\"og:type\" content=\"article\" \/>\n<meta property=\"og:title\" content=\"Intel i regionalna vlada Kastilje i Leona doma\u0107ini Intelovog obrazovnog samita - PCVesti\" \/>\n<meta property=\"og:description\" content=\"Vode\u0107i svetski u\u010ditelji, donosioci odluka i privatne institucije razmatraju ulogu tehnologije u obrazovanju 21. veka koja ima za cilj ekonomski razvoj &nbsp; SALAMANKA, \u0160panija, 24. novembar 2011 \u2013 Kompanija Intel i regionalna vlada Kastilje i Leona, organizovali su danas osmi godi\u0161nji Intelov obrazovni samit (24. i 25. novembar 2011, Salamanka, \u0160panija) kako bi razmatrali ulogu informacionih i komunikacionih tehnologija u transformaciji obrazovanja koje treba da pru\u017ei ve\u0161tine neophodne za 21. vek. U... Continue reading\" \/>\n<meta property=\"og:url\" content=\"https:\/\/www.pcvesti.com\/?p=23019\" \/>\n<meta property=\"og:site_name\" content=\"PCVesti\" \/>\n<meta property=\"article:published_time\" content=\"2011-11-25T11:09:24+00:00\" \/>\n<meta name=\"author\" content=\"newsmaster\" \/>\n<meta name=\"twitter:card\" content=\"summary_large_image\" \/>\n<meta name=\"twitter:label1\" content=\"Written by\" \/>\n\t<meta name=\"twitter:data1\" content=\"newsmaster\" \/>\n\t<meta name=\"twitter:label2\" content=\"Est. reading time\" \/>\n\t<meta name=\"twitter:data2\" content=\"2 minutes\" \/>\n<script type=\"application\/ld+json\" class=\"yoast-schema-graph\">{\"@context\":\"https:\\\/\\\/schema.org\",\"@graph\":[{\"@type\":\"Article\",\"@id\":\"https:\\\/\\\/www.pcvesti.com\\\/?p=23019#article\",\"isPartOf\":{\"@id\":\"https:\\\/\\\/www.pcvesti.com\\\/?p=23019\"},\"author\":{\"name\":\"newsmaster\",\"@id\":\"https:\\\/\\\/www.pcvesti.com\\\/#\\\/schema\\\/person\\\/d1e384f7c138a1fcda7af7425e55a6b2\"},\"headline\":\"Intel i regionalna vlada Kastilje i Leona doma\u0107ini Intelovog obrazovnog samita\",\"datePublished\":\"2011-11-25T11:09:24+00:00\",\"mainEntityOfPage\":{\"@id\":\"https:\\\/\\\/www.pcvesti.com\\\/?p=23019\"},\"wordCount\":461,\"articleSection\":[\"Dogadjaji\",\"PC Vesti\"],\"inLanguage\":\"en-US\"},{\"@type\":\"WebPage\",\"@id\":\"https:\\\/\\\/www.pcvesti.com\\\/?p=23019\",\"url\":\"https:\\\/\\\/www.pcvesti.com\\\/?p=23019\",\"name\":\"Intel i regionalna vlada Kastilje i Leona doma\u0107ini Intelovog obrazovnog samita - PCVesti\",\"isPartOf\":{\"@id\":\"https:\\\/\\\/www.pcvesti.com\\\/#website\"},\"datePublished\":\"2011-11-25T11:09:24+00:00\",\"author\":{\"@id\":\"https:\\\/\\\/www.pcvesti.com\\\/#\\\/schema\\\/person\\\/d1e384f7c138a1fcda7af7425e55a6b2\"},\"breadcrumb\":{\"@id\":\"https:\\\/\\\/www.pcvesti.com\\\/?p=23019#breadcrumb\"},\"inLanguage\":\"en-US\",\"potentialAction\":[{\"@type\":\"ReadAction\",\"target\":[\"https:\\\/\\\/www.pcvesti.com\\\/?p=23019\"]}]},{\"@type\":\"BreadcrumbList\",\"@id\":\"https:\\\/\\\/www.pcvesti.com\\\/?p=23019#breadcrumb\",\"itemListElement\":[{\"@type\":\"ListItem\",\"position\":1,\"name\":\"Home\",\"item\":\"https:\\\/\\\/www.pcvesti.com\\\/\"},{\"@type\":\"ListItem\",\"position\":2,\"name\":\"Intel i regionalna vlada Kastilje i Leona doma\u0107ini Intelovog obrazovnog samita\"}]},{\"@type\":\"WebSite\",\"@id\":\"https:\\\/\\\/www.pcvesti.com\\\/#website\",\"url\":\"https:\\\/\\\/www.pcvesti.com\\\/\",\"name\":\"PCVesti\",\"description\":\"www.pcvesti.com\",\"potentialAction\":[{\"@type\":\"SearchAction\",\"target\":{\"@type\":\"EntryPoint\",\"urlTemplate\":\"https:\\\/\\\/www.pcvesti.com\\\/?s={search_term_string}\"},\"query-input\":{\"@type\":\"PropertyValueSpecification\",\"valueRequired\":true,\"valueName\":\"search_term_string\"}}],\"inLanguage\":\"en-US\"},{\"@type\":\"Person\",\"@id\":\"https:\\\/\\\/www.pcvesti.com\\\/#\\\/schema\\\/person\\\/d1e384f7c138a1fcda7af7425e55a6b2\",\"name\":\"newsmaster\",\"image\":{\"@type\":\"ImageObject\",\"inLanguage\":\"en-US\",\"@id\":\"https:\\\/\\\/www.pcvesti.com\\\/wp-content\\\/uploads\\\/2018\\\/09\\\/avatar_user_5_1537115954-96x96.jpeg\",\"url\":\"https:\\\/\\\/www.pcvesti.com\\\/wp-content\\\/uploads\\\/2018\\\/09\\\/avatar_user_5_1537115954-96x96.jpeg\",\"contentUrl\":\"https:\\\/\\\/www.pcvesti.com\\\/wp-content\\\/uploads\\\/2018\\\/09\\\/avatar_user_5_1537115954-96x96.jpeg\",\"caption\":\"newsmaster\"},\"url\":\"https:\\\/\\\/www.pcvesti.com\\\/?author=5\"}]}<\/script>\n<!-- \/ Yoast SEO plugin. -->","yoast_head_json":{"title":"Intel i regionalna vlada Kastilje i Leona doma\u0107ini Intelovog obrazovnog samita - PCVesti","robots":{"index":"index","follow":"follow","max-snippet":"max-snippet:-1","max-image-preview":"max-image-preview:large","max-video-preview":"max-video-preview:-1"},"canonical":"https:\/\/www.pcvesti.com\/?p=23019","og_locale":"en_US","og_type":"article","og_title":"Intel i regionalna vlada Kastilje i Leona doma\u0107ini Intelovog obrazovnog samita - PCVesti","og_description":"Vode\u0107i svetski u\u010ditelji, donosioci odluka i privatne institucije razmatraju ulogu tehnologije u obrazovanju 21. veka koja ima za cilj ekonomski razvoj &nbsp; SALAMANKA, \u0160panija, 24. novembar 2011 \u2013 Kompanija Intel i regionalna vlada Kastilje i Leona, organizovali su danas osmi godi\u0161nji Intelov obrazovni samit (24. i 25. novembar 2011, Salamanka, \u0160panija) kako bi razmatrali ulogu informacionih i komunikacionih tehnologija u transformaciji obrazovanja koje treba da pru\u017ei ve\u0161tine neophodne za 21. vek. U... Continue reading","og_url":"https:\/\/www.pcvesti.com\/?p=23019","og_site_name":"PCVesti","article_published_time":"2011-11-25T11:09:24+00:00","author":"newsmaster","twitter_card":"summary_large_image","twitter_misc":{"Written by":"newsmaster","Est. reading time":"2 minutes"},"schema":{"@context":"https:\/\/schema.org","@graph":[{"@type":"Article","@id":"https:\/\/www.pcvesti.com\/?p=23019#article","isPartOf":{"@id":"https:\/\/www.pcvesti.com\/?p=23019"},"author":{"name":"newsmaster","@id":"https:\/\/www.pcvesti.com\/#\/schema\/person\/d1e384f7c138a1fcda7af7425e55a6b2"},"headline":"Intel i regionalna vlada Kastilje i Leona doma\u0107ini Intelovog obrazovnog samita","datePublished":"2011-11-25T11:09:24+00:00","mainEntityOfPage":{"@id":"https:\/\/www.pcvesti.com\/?p=23019"},"wordCount":461,"articleSection":["Dogadjaji","PC Vesti"],"inLanguage":"en-US"},{"@type":"WebPage","@id":"https:\/\/www.pcvesti.com\/?p=23019","url":"https:\/\/www.pcvesti.com\/?p=23019","name":"Intel i regionalna vlada Kastilje i Leona doma\u0107ini Intelovog obrazovnog samita - PCVesti","isPartOf":{"@id":"https:\/\/www.pcvesti.com\/#website"},"datePublished":"2011-11-25T11:09:24+00:00","author":{"@id":"https:\/\/www.pcvesti.com\/#\/schema\/person\/d1e384f7c138a1fcda7af7425e55a6b2"},"breadcrumb":{"@id":"https:\/\/www.pcvesti.com\/?p=23019#breadcrumb"},"inLanguage":"en-US","potentialAction":[{"@type":"ReadAction","target":["https:\/\/www.pcvesti.com\/?p=23019"]}]},{"@type":"BreadcrumbList","@id":"https:\/\/www.pcvesti.com\/?p=23019#breadcrumb","itemListElement":[{"@type":"ListItem","position":1,"name":"Home","item":"https:\/\/www.pcvesti.com\/"},{"@type":"ListItem","position":2,"name":"Intel i regionalna vlada Kastilje i Leona doma\u0107ini Intelovog obrazovnog samita"}]},{"@type":"WebSite","@id":"https:\/\/www.pcvesti.com\/#website","url":"https:\/\/www.pcvesti.com\/","name":"PCVesti","description":"www.pcvesti.com","potentialAction":[{"@type":"SearchAction","target":{"@type":"EntryPoint","urlTemplate":"https:\/\/www.pcvesti.com\/?s={search_term_string}"},"query-input":{"@type":"PropertyValueSpecification","valueRequired":true,"valueName":"search_term_string"}}],"inLanguage":"en-US"},{"@type":"Person","@id":"https:\/\/www.pcvesti.com\/#\/schema\/person\/d1e384f7c138a1fcda7af7425e55a6b2","name":"newsmaster","image":{"@type":"ImageObject","inLanguage":"en-US","@id":"https:\/\/www.pcvesti.com\/wp-content\/uploads\/2018\/09\/avatar_user_5_1537115954-96x96.jpeg","url":"https:\/\/www.pcvesti.com\/wp-content\/uploads\/2018\/09\/avatar_user_5_1537115954-96x96.jpeg","contentUrl":"https:\/\/www.pcvesti.com\/wp-content\/uploads\/2018\/09\/avatar_user_5_1537115954-96x96.jpeg","caption":"newsmaster"},"url":"https:\/\/www.pcvesti.com\/?author=5"}]}},"_links":{"self":[{"href":"https:\/\/www.pcvesti.com\/index.php?rest_route=\/wp\/v2\/posts\/23019","targetHints":{"allow":["GET"]}}],"collection":[{"href":"https:\/\/www.pcvesti.com\/index.php?rest_route=\/wp\/v2\/posts"}],"about":[{"href":"https:\/\/www.pcvesti.com\/index.php?rest_route=\/wp\/v2\/types\/post"}],"author":[{"embeddable":true,"href":"https:\/\/www.pcvesti.com\/index.php?rest_route=\/wp\/v2\/users\/5"}],"replies":[{"embeddable":true,"href":"https:\/\/www.pcvesti.com\/index.php?rest_route=%2Fwp%2Fv2%2Fcomments&post=23019"}],"version-history":[{"count":0,"href":"https:\/\/www.pcvesti.com\/index.php?rest_route=\/wp\/v2\/posts\/23019\/revisions"}],"wp:attachment":[{"href":"https:\/\/www.pcvesti.com\/index.php?rest_route=%2Fwp%2Fv2%2Fmedia&parent=23019"}],"wp:term":[{"taxonomy":"category","embeddable":true,"href":"https:\/\/www.pcvesti.com\/index.php?rest_route=%2Fwp%2Fv2%2Fcategories&post=23019"},{"taxonomy":"post_tag","embeddable":true,"href":"https:\/\/www.pcvesti.com\/index.php?rest_route=%2Fwp%2Fv2%2Ftags&post=23019"}],"curies":[{"name":"wp","href":"https:\/\/api.w.org\/{rel}","templated":true}]}}