{"id":23664,"date":"2012-02-28T09:23:32","date_gmt":"2012-02-28T08:23:32","guid":{"rendered":"http:\/\/www.pcvesti.com\/?p=23664"},"modified":"2012-02-28T09:23:32","modified_gmt":"2012-02-28T08:23:32","slug":"nauciti-pobediti-primeniti-aiesec","status":"publish","type":"post","link":"https:\/\/www.pcvesti.com\/?p=23664","title":{"rendered":"naucITi &#8211; pobedITi &#8211; primenITi &#8211; AIESEC"},"content":{"rendered":"<p align=\"justify\">\u201dIT Week\u201d predstavlja novi projekat koji \u0107e se od 12. do 30. marta ove godine na fakultetu Tehni\u010dkih nauka u Novom Sadu prvi put organizovati od strane lokalne AIESEC kancelarije koja \u0107e pruziti mogu\u0107nost mladima za pronalazenje na\u010dina za usavr\u0161avanje u oblastima informacionih tehnologija. Projekat \u0107e se sastojati od edukativnog i takmi\u010darskog dela u kojem \u0107e mo\u0107i da u\u010destvuju svi zainteresovani srednjo\u0161kolci i studenti iz regiona Vojvodine.<\/p>\n<p align=\"justify\">Edukativni deo \u0107e biti realizovan od 12.do 15. marta u vidu trodnevnog seminara na kome \u0107e studenti imati priliku da \u010duju o aktuelnostima iz oblasti informacionih tehnologija od vode\u0107ih kompanija i stru\u010dnjaka na na\u0161em tr\u017ei\u0161tu.<\/p>\n<p align=\"justify\">Takmi\u010darski deo u programiranju bi\u0107e odr\u017ean 25. marta za sve zainteresovane srednjo\u0161kolce nazvano \u201eIT weekend\u201d na kome \u0107e mo\u0107i da primene svoje dosada\u0161nje znanje re\u0161avaju\u0107i zadatke iz polja informacionih tehologija. Studenti, koji \u0107e zadatke dobijati i re\u0161avati putem mejla, za njih \u0107e takmi\u010denje po\u010deti najkasnije 19. marta.<\/p>\n<p align=\"justify\">Za poslednji dan projekta je predvi\u0111ena \u201cYouth 2 Business\u201d &#8211; panel diskusija \u010dija \u0107e tema biti \u201cKako skratiti put od amfiteatra do radnog mesta\u201d, i na kojoj \u0107e biti progla\u0161enje pobednika i dodela nagrada.<\/p>\n<p align=\"justify\">Projektom\u00a0 \u017eelimo da pruzimo vise informacija\u00a0 maturantima i studentima da se edukuju, motivi\u0161u na individualan razvoj i pru\u017eimo im dodatno prakti\u010dno znanje koje im mo\u017ee koristiti u daljem radu,\u00a0 \u017eivotu,\u00a0 a pogotovo prilikom zaposlenja.<br \/>\n<!--more--><\/p>\n<p align=\"center\"><strong>O AIESEC-u<\/strong><\/p>\n<p align=\"justify\">Prisustvom na preko 2.100 univerziteta u preko 110 zemalja sa preko 60.000 \u010dlanova, AIESEC, najve\u0107a studentska organizacija na svetu, je me\u0111unarodna platforma koja omogu\u0107ava mladim ljudima da otkriju i razviju sopstvene potencijale kako bi imali pozitivan uticaj na dru\u0161tvo.<\/p>\n<p align=\"justify\">Kako bi postigli ovaj cilj, organizujemo vi\u0161e od 470 konferencija, pru\u017eamo preko 10.000 mogu\u0107nosti za stru\u010dnu praksu u inostranstvu i vi\u0161e od 10.000 liderskih mogu\u0107nosti na\u0161im \u010dlanovima svake godine. AIESEC ima inovativan pristup razvijanju mladih ljudi fokusirajuci se na izgradnju li\u010dnih mre\u017ea i istra\u017euju\u0107i njihovo usmerenje i ambicije za budu\u0107nost.<\/p>\n","protected":false},"excerpt":{"rendered":"<p>\u201dIT Week\u201d predstavlja novi projekat koji \u0107e se od 12. do 30. marta ove godine na fakultetu Tehni\u010dkih nauka u Novom Sadu prvi put organizovati od strane lokalne AIESEC kancelarije koja \u0107e pruziti mogu\u0107nost mladima za pronalazenje na\u010dina za usavr\u0161avanje u oblastima informacionih tehnologija. Projekat \u0107e se sastojati od edukativnog i takmi\u010darskog dela u kojem \u0107e mo\u0107i da u\u010destvuju svi zainteresovani srednjo\u0161kolci i studenti iz regiona Vojvodine. Edukativni deo \u0107e biti realizovan&#8230; <\/p>\n<div class=\"more-container\"><a class=\"more-link\" href=\"https:\/\/www.pcvesti.com\/?p=23664\" itemprop=\"url\">Continue reading<\/a><\/div>\n","protected":false},"author":5,"featured_media":0,"comment_status":"closed","ping_status":"closed","sticky":false,"template":"","format":"standard","meta":{"seo_booster_metabox":"","ngg_post_thumbnail":0,"slim_seo":{"title":"naucITi - pobedITi - primenITi - AIESEC - PCVesti","description":"\u201dIT Week\u201d predstavlja novi projekat koji \u0107e se od 12. do 30. marta ove godine na fakultetu Tehni\u010dkih nauka u Novom Sadu prvi put organizovati od strane lokalne"},"footnotes":""},"categories":[9,5],"tags":[],"class_list":["post-23664","post","type-post","status-publish","format-standard","hentry","category-dogadjaji","category-pc-vesti"],"yoast_head":"<!-- This site is optimized with the Yoast SEO plugin v27.5 - https:\/\/yoast.com\/product\/yoast-seo-wordpress\/ -->\n<title>naucITi - pobedITi - primenITi - AIESEC - PC Vesti - www.pcvesti.com<\/title>\n<meta name=\"description\" content=\"\u201dIT Week\u201d predstavlja novi projekat koji \u0107e se od 12. do 30. marta ove godine na fakultetu Tehni\u010dkih nauka u Novom Sadu prvi put organizovati od strane lokalne AIESEC kancelarije koja \u0107e pruziti mogu\u0107nost mladima za pronalazenje na\u010dina za usavr\u0161avanje u oblastima informacionih tehnologija. Projekat \u0107e se sastojati od edukativnog i takmi\u010darskog dela u kojem \u0107e mo\u0107i da u\u010destvuju svi zainteresovani srednjo\u0161kolci i studenti iz regiona Vojvodine.\" \/>\n<meta name=\"robots\" content=\"index, follow, max-snippet:-1, max-image-preview:large, max-video-preview:-1\" \/>\n<link rel=\"canonical\" href=\"https:\/\/www.pcvesti.com\/?p=23664\" \/>\n<meta property=\"og:locale\" content=\"en_US\" \/>\n<meta property=\"og:type\" content=\"article\" \/>\n<meta property=\"og:title\" content=\"naucITi - pobedITi - primenITi - AIESEC - PC Vesti - www.pcvesti.com\" \/>\n<meta property=\"og:description\" content=\"\u201dIT Week\u201d predstavlja novi projekat koji \u0107e se od 12. do 30. marta ove godine na fakultetu Tehni\u010dkih nauka u Novom Sadu prvi put organizovati od strane lokalne AIESEC kancelarije koja \u0107e pruziti mogu\u0107nost mladima za pronalazenje na\u010dina za usavr\u0161avanje u oblastima informacionih tehnologija. Projekat \u0107e se sastojati od edukativnog i takmi\u010darskog dela u kojem \u0107e mo\u0107i da u\u010destvuju svi zainteresovani srednjo\u0161kolci i studenti iz regiona Vojvodine.\" \/>\n<meta property=\"og:url\" content=\"https:\/\/www.pcvesti.com\/?p=23664\" \/>\n<meta property=\"og:site_name\" content=\"PCVesti\" \/>\n<meta property=\"article:published_time\" content=\"2012-02-28T08:23:32+00:00\" \/>\n<meta name=\"author\" content=\"newsmaster\" \/>\n<meta name=\"twitter:card\" content=\"summary_large_image\" \/>\n<meta name=\"twitter:label1\" content=\"Written by\" \/>\n\t<meta name=\"twitter:data1\" content=\"newsmaster\" \/>\n\t<meta name=\"twitter:label2\" content=\"Est. reading time\" \/>\n\t<meta name=\"twitter:data2\" content=\"2 minutes\" \/>\n<script type=\"application\/ld+json\" class=\"yoast-schema-graph\">{\"@context\":\"https:\\\/\\\/schema.org\",\"@graph\":[{\"@type\":\"Article\",\"@id\":\"https:\\\/\\\/www.pcvesti.com\\\/?p=23664#article\",\"isPartOf\":{\"@id\":\"https:\\\/\\\/www.pcvesti.com\\\/?p=23664\"},\"author\":{\"name\":\"newsmaster\",\"@id\":\"https:\\\/\\\/www.pcvesti.com\\\/#\\\/schema\\\/person\\\/d1e384f7c138a1fcda7af7425e55a6b2\"},\"headline\":\"naucITi &#8211; pobedITi &#8211; primenITi &#8211; AIESEC\",\"datePublished\":\"2012-02-28T08:23:32+00:00\",\"mainEntityOfPage\":{\"@id\":\"https:\\\/\\\/www.pcvesti.com\\\/?p=23664\"},\"wordCount\":349,\"articleSection\":[\"Dogadjaji\",\"PC Vesti\"],\"inLanguage\":\"en-US\"},{\"@type\":\"WebPage\",\"@id\":\"https:\\\/\\\/www.pcvesti.com\\\/?p=23664\",\"url\":\"https:\\\/\\\/www.pcvesti.com\\\/?p=23664\",\"name\":\"naucITi - pobedITi - primenITi - AIESEC - PC Vesti - www.pcvesti.com\",\"isPartOf\":{\"@id\":\"https:\\\/\\\/www.pcvesti.com\\\/#website\"},\"datePublished\":\"2012-02-28T08:23:32+00:00\",\"author\":{\"@id\":\"https:\\\/\\\/www.pcvesti.com\\\/#\\\/schema\\\/person\\\/d1e384f7c138a1fcda7af7425e55a6b2\"},\"description\":\"\u201dIT Week\u201d predstavlja novi projekat koji \u0107e se od 12. do 30. marta ove godine na fakultetu Tehni\u010dkih nauka u Novom Sadu prvi put organizovati od strane lokalne AIESEC kancelarije koja \u0107e pruziti mogu\u0107nost mladima za pronalazenje na\u010dina za usavr\u0161avanje u oblastima informacionih tehnologija. Projekat \u0107e se sastojati od edukativnog i takmi\u010darskog dela u kojem \u0107e mo\u0107i da u\u010destvuju svi zainteresovani srednjo\u0161kolci i studenti iz regiona Vojvodine.\",\"breadcrumb\":{\"@id\":\"https:\\\/\\\/www.pcvesti.com\\\/?p=23664#breadcrumb\"},\"inLanguage\":\"en-US\",\"potentialAction\":[{\"@type\":\"ReadAction\",\"target\":[\"https:\\\/\\\/www.pcvesti.com\\\/?p=23664\"]}]},{\"@type\":\"BreadcrumbList\",\"@id\":\"https:\\\/\\\/www.pcvesti.com\\\/?p=23664#breadcrumb\",\"itemListElement\":[{\"@type\":\"ListItem\",\"position\":1,\"name\":\"Home\",\"item\":\"https:\\\/\\\/www.pcvesti.com\\\/\"},{\"@type\":\"ListItem\",\"position\":2,\"name\":\"naucITi &#8211; pobedITi &#8211; primenITi &#8211; AIESEC\"}]},{\"@type\":\"WebSite\",\"@id\":\"https:\\\/\\\/www.pcvesti.com\\\/#website\",\"url\":\"https:\\\/\\\/www.pcvesti.com\\\/\",\"name\":\"PCVesti\",\"description\":\"www.pcvesti.com\",\"potentialAction\":[{\"@type\":\"SearchAction\",\"target\":{\"@type\":\"EntryPoint\",\"urlTemplate\":\"https:\\\/\\\/www.pcvesti.com\\\/?s={search_term_string}\"},\"query-input\":{\"@type\":\"PropertyValueSpecification\",\"valueRequired\":true,\"valueName\":\"search_term_string\"}}],\"inLanguage\":\"en-US\"},{\"@type\":\"Person\",\"@id\":\"https:\\\/\\\/www.pcvesti.com\\\/#\\\/schema\\\/person\\\/d1e384f7c138a1fcda7af7425e55a6b2\",\"name\":\"newsmaster\",\"image\":{\"@type\":\"ImageObject\",\"inLanguage\":\"en-US\",\"@id\":\"https:\\\/\\\/www.pcvesti.com\\\/wp-content\\\/uploads\\\/2018\\\/09\\\/avatar_user_5_1537115954-96x96.jpeg\",\"url\":\"https:\\\/\\\/www.pcvesti.com\\\/wp-content\\\/uploads\\\/2018\\\/09\\\/avatar_user_5_1537115954-96x96.jpeg\",\"contentUrl\":\"https:\\\/\\\/www.pcvesti.com\\\/wp-content\\\/uploads\\\/2018\\\/09\\\/avatar_user_5_1537115954-96x96.jpeg\",\"caption\":\"newsmaster\"},\"url\":\"https:\\\/\\\/www.pcvesti.com\\\/?author=5\"}]}<\/script>\n<!-- \/ Yoast SEO plugin. -->","yoast_head_json":{"title":"naucITi - pobedITi - primenITi - AIESEC - PC Vesti - www.pcvesti.com","description":"\u201dIT Week\u201d predstavlja novi projekat koji \u0107e se od 12. do 30. marta ove godine na fakultetu Tehni\u010dkih nauka u Novom Sadu prvi put organizovati od strane lokalne AIESEC kancelarije koja \u0107e pruziti mogu\u0107nost mladima za pronalazenje na\u010dina za usavr\u0161avanje u oblastima informacionih tehnologija. Projekat \u0107e se sastojati od edukativnog i takmi\u010darskog dela u kojem \u0107e mo\u0107i da u\u010destvuju svi zainteresovani srednjo\u0161kolci i studenti iz regiona Vojvodine.","robots":{"index":"index","follow":"follow","max-snippet":"max-snippet:-1","max-image-preview":"max-image-preview:large","max-video-preview":"max-video-preview:-1"},"canonical":"https:\/\/www.pcvesti.com\/?p=23664","og_locale":"en_US","og_type":"article","og_title":"naucITi - pobedITi - primenITi - AIESEC - PC Vesti - www.pcvesti.com","og_description":"\u201dIT Week\u201d predstavlja novi projekat koji \u0107e se od 12. do 30. marta ove godine na fakultetu Tehni\u010dkih nauka u Novom Sadu prvi put organizovati od strane lokalne AIESEC kancelarije koja \u0107e pruziti mogu\u0107nost mladima za pronalazenje na\u010dina za usavr\u0161avanje u oblastima informacionih tehnologija. Projekat \u0107e se sastojati od edukativnog i takmi\u010darskog dela u kojem \u0107e mo\u0107i da u\u010destvuju svi zainteresovani srednjo\u0161kolci i studenti iz regiona Vojvodine.","og_url":"https:\/\/www.pcvesti.com\/?p=23664","og_site_name":"PCVesti","article_published_time":"2012-02-28T08:23:32+00:00","author":"newsmaster","twitter_card":"summary_large_image","twitter_misc":{"Written by":"newsmaster","Est. reading time":"2 minutes"},"schema":{"@context":"https:\/\/schema.org","@graph":[{"@type":"Article","@id":"https:\/\/www.pcvesti.com\/?p=23664#article","isPartOf":{"@id":"https:\/\/www.pcvesti.com\/?p=23664"},"author":{"name":"newsmaster","@id":"https:\/\/www.pcvesti.com\/#\/schema\/person\/d1e384f7c138a1fcda7af7425e55a6b2"},"headline":"naucITi &#8211; pobedITi &#8211; primenITi &#8211; AIESEC","datePublished":"2012-02-28T08:23:32+00:00","mainEntityOfPage":{"@id":"https:\/\/www.pcvesti.com\/?p=23664"},"wordCount":349,"articleSection":["Dogadjaji","PC Vesti"],"inLanguage":"en-US"},{"@type":"WebPage","@id":"https:\/\/www.pcvesti.com\/?p=23664","url":"https:\/\/www.pcvesti.com\/?p=23664","name":"naucITi - pobedITi - primenITi - AIESEC - PC Vesti - www.pcvesti.com","isPartOf":{"@id":"https:\/\/www.pcvesti.com\/#website"},"datePublished":"2012-02-28T08:23:32+00:00","author":{"@id":"https:\/\/www.pcvesti.com\/#\/schema\/person\/d1e384f7c138a1fcda7af7425e55a6b2"},"description":"\u201dIT Week\u201d predstavlja novi projekat koji \u0107e se od 12. do 30. marta ove godine na fakultetu Tehni\u010dkih nauka u Novom Sadu prvi put organizovati od strane lokalne AIESEC kancelarije koja \u0107e pruziti mogu\u0107nost mladima za pronalazenje na\u010dina za usavr\u0161avanje u oblastima informacionih tehnologija. Projekat \u0107e se sastojati od edukativnog i takmi\u010darskog dela u kojem \u0107e mo\u0107i da u\u010destvuju svi zainteresovani srednjo\u0161kolci i studenti iz regiona Vojvodine.","breadcrumb":{"@id":"https:\/\/www.pcvesti.com\/?p=23664#breadcrumb"},"inLanguage":"en-US","potentialAction":[{"@type":"ReadAction","target":["https:\/\/www.pcvesti.com\/?p=23664"]}]},{"@type":"BreadcrumbList","@id":"https:\/\/www.pcvesti.com\/?p=23664#breadcrumb","itemListElement":[{"@type":"ListItem","position":1,"name":"Home","item":"https:\/\/www.pcvesti.com\/"},{"@type":"ListItem","position":2,"name":"naucITi &#8211; pobedITi &#8211; primenITi &#8211; AIESEC"}]},{"@type":"WebSite","@id":"https:\/\/www.pcvesti.com\/#website","url":"https:\/\/www.pcvesti.com\/","name":"PCVesti","description":"www.pcvesti.com","potentialAction":[{"@type":"SearchAction","target":{"@type":"EntryPoint","urlTemplate":"https:\/\/www.pcvesti.com\/?s={search_term_string}"},"query-input":{"@type":"PropertyValueSpecification","valueRequired":true,"valueName":"search_term_string"}}],"inLanguage":"en-US"},{"@type":"Person","@id":"https:\/\/www.pcvesti.com\/#\/schema\/person\/d1e384f7c138a1fcda7af7425e55a6b2","name":"newsmaster","image":{"@type":"ImageObject","inLanguage":"en-US","@id":"https:\/\/www.pcvesti.com\/wp-content\/uploads\/2018\/09\/avatar_user_5_1537115954-96x96.jpeg","url":"https:\/\/www.pcvesti.com\/wp-content\/uploads\/2018\/09\/avatar_user_5_1537115954-96x96.jpeg","contentUrl":"https:\/\/www.pcvesti.com\/wp-content\/uploads\/2018\/09\/avatar_user_5_1537115954-96x96.jpeg","caption":"newsmaster"},"url":"https:\/\/www.pcvesti.com\/?author=5"}]}},"_links":{"self":[{"href":"https:\/\/www.pcvesti.com\/index.php?rest_route=\/wp\/v2\/posts\/23664","targetHints":{"allow":["GET"]}}],"collection":[{"href":"https:\/\/www.pcvesti.com\/index.php?rest_route=\/wp\/v2\/posts"}],"about":[{"href":"https:\/\/www.pcvesti.com\/index.php?rest_route=\/wp\/v2\/types\/post"}],"author":[{"embeddable":true,"href":"https:\/\/www.pcvesti.com\/index.php?rest_route=\/wp\/v2\/users\/5"}],"replies":[{"embeddable":true,"href":"https:\/\/www.pcvesti.com\/index.php?rest_route=%2Fwp%2Fv2%2Fcomments&post=23664"}],"version-history":[{"count":0,"href":"https:\/\/www.pcvesti.com\/index.php?rest_route=\/wp\/v2\/posts\/23664\/revisions"}],"wp:attachment":[{"href":"https:\/\/www.pcvesti.com\/index.php?rest_route=%2Fwp%2Fv2%2Fmedia&parent=23664"}],"wp:term":[{"taxonomy":"category","embeddable":true,"href":"https:\/\/www.pcvesti.com\/index.php?rest_route=%2Fwp%2Fv2%2Fcategories&post=23664"},{"taxonomy":"post_tag","embeddable":true,"href":"https:\/\/www.pcvesti.com\/index.php?rest_route=%2Fwp%2Fv2%2Ftags&post=23664"}],"curies":[{"name":"wp","href":"https:\/\/api.w.org\/{rel}","templated":true}]}}