{"id":23764,"date":"2012-03-15T09:46:48","date_gmt":"2012-03-15T08:46:48","guid":{"rendered":"http:\/\/www.pcvesti.com\/?p=23764"},"modified":"2012-03-15T09:46:48","modified_gmt":"2012-03-15T08:46:48","slug":"cebit-ikt-bransa-pruzaju-odgovore-na-pitanje-poverenja","status":"publish","type":"post","link":"https:\/\/www.pcvesti.com\/?p=23764","title":{"rendered":"CeBIT i IKT-bran\u0161a pru\u017eaju odgovore na pitanje poverenja"},"content":{"rendered":"<p>Hannover. Me\u0111unarodna IKT-bran\u0161a i CeBIT 2012, u svetu najva\u017enija priredba digitalne privrede, postavili su globalne impulse. \u201eOva privredna grana i sajam CeBIT dali su sveobuhvatne odgovore na pitanje poverenja\u201c, rekao je Ernst Raue, CeBIT-predsednik u Deutsche Messe AG, u subotu u Hanoveru. \u201eOve godine bio je to CeBIT odlu\u010dnosti \u2013 u mnogim aspektima.\u201c<br \/>\n<!--more--><br \/>\n\u201eCeBIT je u pravo vreme uveo klju\u010dnu temu \u201aManaging Trust\u2018 i usadio je u me\u0111unarodne diskusije\u201c, rekao je Raue. \u201eNa sajmu CeBIT me\u0111unarodna IKT bran\u0161a je pokazala, da je spremna da teme Poverenje i Bezbednost proglasi za prioritetne.\u201c Na sajmi\u0161tu je postalo sasvim jasno, da je bran\u0161i iskreno stalo, ne samo da se diskutuje o temama, ve\u0107 da se pre\u0111e na konkretne rezultate. \u201eNa sve\u010danom otvaranju, na CeBIT Global Conferences i na preko 1 500 seminara i radionica, kao i na \u0161tandovima \u201aManaging Trust\u2018 je bila centralna tema\u201c, rekao je Raue.<\/p>\n<p>Tako je na primer savezna ministarka za poslove potro\u0161a\u010da  Ilze Ajgner (Ilse Aigner) startovala novi Web-Portal na temu Internet-nadle\u017enost za decu i omladinu. U slu\u010dajevima kao \u0161to je Online-Mobbing o\u0161te\u0107eni \u0107e tu na\u0107i sagovornika i stru\u010dnu pomo\u0107. Hightech-Udru\u017eenje BITKOM najavilo je na sajmu CeBIT zajedno sa Saveznim ministarstvom za bezbednost u informacionoj tehnici (BSI) osnivanje \u201eAlijanse za Cyber-bezbednost\u201c. Raue: \u201ePoverenje u digitalna re\u0161enja bran\u0161a mora sama da zaradi \u2013 na sajmu CeBIT ona je pokazala, da je spremna da to i uradi.\u201c<\/p>\n<p>Vi\u0161e od 130 privredno-politi\u010dkih delegacija iz zemlje i inostranstva, kao i  EU-komesari Neelie Kroes i Viviane Reding, tako\u0111e su se intenzivno bavile temom poverenja i bezbednosti u digitalnom svetu.<\/p>\n<p>Na posetioce sajma CeBIT poseban utisak su ostavile brojne kreativne ideje preduze\u0107a, koja su u\u010destvovala na me\u0111unarodnom Start-up-takmi\u010denju CODE_n. Od preko 400 takmi\u010dara iz 42 zemlje njih 50 dobilo je najbolju priliku, da svoj poslovni model prika\u017eu internacionalnoj publici na sajmu CeBIT. \u201eZa mnoge finansijere i investitore bilo je fascinantno da do\u017eive, sa kakvom odlu\u010dno\u0161\u0107u po\u010detnici slede svoje ideje i plasiraju ih na tr\u017ei\u0161te\u201c, rekao je Raue.<\/p>\n<p>Za u\u010desnike sajam CeBIT 2012 je pro\u0161ao izuzetno uspe\u0161no. Dosledno su svi izjavili da su u pore\u0111enju sa pro\u0161lom godinom imali pove\u0107an broj kontakata sa postoje\u0107im i novim klijentima. \u0160tandovi su bili izrazito dobro pose\u0107eni. \u201eOpet je obavljeno preko sedam miliona poslovnih razgovora. Stru\u010dni posetioci su u razgovorima bili veoma odlu\u010dni, brzo su prelazili na glavnu temu i diskutovali o konkretnim investicijama u IKT-projekte\u201c, rekao je Raue. \u201eCeBIT je zbog toga u svetu neosporno broj jedan u oblasti efikasnog zapo\u010dinjanja poslova.\u201c<\/p>\n<p>Tome je svakako doprineo konsekventan razvoj i unapre\u0111enje sajma CeBIT proteklih godina. \u201eIntenzivno smo radili na tome, da onima koji imaju najvi\u0161e uticaja na dono\u0161enje odluka u korisni\u010dkoj industriji obezbedimo \u010dvrsto mesto na CeBIT-u. Prezentacija House of CIOs, koja se ve\u0107 tre\u0107i put organizuje na CeBIT \u2013u, pokazala je da nam je to kona\u010dno po\u0161lo za rukom\u201c, rekao je Raue. Na sajmu CeBIT 2012 prvi put sam javnosti predstavio novo udru\u017eenje korisnika \u201eVoice\u201c. U udru\u017eenju su odgovorna lica iz IKT-odelenja koncerna DAX i mnogih drugih velikih firmi. Oni godi\u0161nje investiraju preko 50 milijardi Euro u IKT-re\u0161enja.<\/p>\n<p>Poseban vid poverenja posetioci sajma CeBIT i stanovnici Hanovera mogli su da do\u017eive za vreme \u0161trajka u javnom gradskom saobra\u0107aju. Uz pomo\u0107 mini-buseva i dodatnih vozova Nema\u010dkih \u017eeleznica preko 10 000 ljudi ipak je stiglo na sajmi\u0161te u \u010detvrtak 8. marta , zahvaljuju\u0107i akciji \u201eRoter Punkt\u201c(Crvena ta\u010dka). Poziv koji je uputilo Deutsche Messe AG nai\u0161ao je na veliku podr\u0161ku me\u0111u stanovni\u0161tvom. \u201eSajamski gosti iz celog sveta ulazili su u automobile Hanoveranaca  koji su ih vozili do sajma CeBIT. Mi kao organizatori sajma CeBIT u ime na\u0161ih posetilaca i izlaga\u010da iz celog sveta zahvaljujemo na\u0161em rodnom gradu Hanoveru. Ceo grad je pokazao koliko je svet ovde dobrodo\u0161ao\u201c, rekao je Raue<\/p>\n<p>\u201eJo\u0161 je i \u0161trajk pogodio CeBIT. Za na\u0161e klijente \u2013 posetioce i izlaga\u010de \u2013 je za \u017ealjenje \u0161to je na hiljade poslovnih prilika ostalo neiskori\u0161\u0107eno. \u0160trajk je usledio ba\u0161 na dan kada je obi\u010dno najja\u010da poseta, i to nas je ko\u0161talo odsustva brojnih posetilaca. Mnogi su se otvoreno upla\u0161ili prete\u0107eg saobra\u0107ajnog haosa u Hanoveru i odustali od odlaska na sajam\u201c, rekao je Raue. Treba po\u0107i od toga da \u0107e do subote uve\u010de preko 300 000 ljudi iz 110 zemalja posetiti CeBIT 2012, od kojih su preko 50 000 posetioci iz inostranstva.<\/p>\n<p>Raue je zahvalio Brazilu, koji je ove godine bio gostuju\u0107a zemlja-partner, \u0161to je na sajmu CeBIT 2012 veoma upe\u010datljivo potvrdio svoju privrednu snagu i u Hanoveru se predstavio sa 130 preduze\u0107a i organizacija. Predsednica Brazila Dilma Rousseff zajedno sa saveznom kancelarkom Dr. Angelom Merkel otvorila je CeBIT 2012. Sve\u010danom otvaranju prisustvovalo je vi\u0161e od 2 500 odu\u0161evljenih gostiju. Ceremonija je tako\u0111e pra\u0107ena i preko interneta sa velikim interesovanjem. Preko 16 000 gledalaca pratilo je prenos u\u017eivo preko interneta. Vrhunac na sve\u010danom otvaranju bilo je uklju\u010denje u\u017eivo u svemir. Raue: \u201eOvde smo mi kao organizator sajma prikazali efikasnost komunikacionih tehnologija. Ovakav prenos u svemir pred internacionalnom publikom do sada jo\u0161 nije vi\u0111en.\u201c<\/p>\n<p>Deutsche Messe AG \u0107e da organizuje CeBIT 2013 od 5. do 9. marta u Hanoveru. <\/p>\n","protected":false},"excerpt":{"rendered":"<p>Hannover. Me\u0111unarodna IKT-bran\u0161a i CeBIT 2012, u svetu najva\u017enija priredba digitalne privrede, postavili su globalne impulse. \u201eOva privredna grana i sajam CeBIT dali su sveobuhvatne odgovore na pitanje poverenja\u201c, rekao je Ernst Raue, CeBIT-predsednik u Deutsche Messe AG, u subotu u Hanoveru. \u201eOve godine bio je to CeBIT odlu\u010dnosti \u2013 u mnogim aspektima.\u201c<\/p>\n","protected":false},"author":5,"featured_media":0,"comment_status":"closed","ping_status":"closed","sticky":false,"template":"","format":"standard","meta":{"seo_booster_metabox":"","ngg_post_thumbnail":0,"slim_seo":{"title":"CeBIT i IKT-bran\u0161a pru\u017eaju odgovore na pitanje poverenja - PCVesti","description":"Hannover. Me\u0111unarodna IKT-bran\u0161a i CeBIT 2012, u svetu najva\u017enija priredba digitalne privrede, postavili su globalne impulse. \u201eOva privredna grana i sajam CeBIT"},"footnotes":""},"categories":[9,5],"tags":[],"class_list":["post-23764","post","type-post","status-publish","format-standard","hentry","category-dogadjaji","category-pc-vesti"],"yoast_head":"<!-- This site is optimized with the Yoast SEO plugin v27.5 - https:\/\/yoast.com\/product\/yoast-seo-wordpress\/ -->\n<title>CeBIT i IKT-bran\u0161a pru\u017eaju odgovore na pitanje poverenja - PC Vesti - www.pcvesti.com<\/title>\n<meta name=\"description\" content=\"CeBIT je u pravo vreme uveo klju\u010dnu temu \u201aManaging Trust\u2018 i usadio je u me\u0111unarodne diskusije\u201c, rekao je Raue. \u201eNa sajmu CeBIT me\u0111unarodna IKT bran\u0161a je pokazala, da je spremna da teme Poverenje i Bezbednost proglasi za prioritetne.\u201c Na sajmi\u0161tu je postalo sasvim jasno, da je bran\u0161i iskreno stalo, ne samo da se diskutuje o temama, ve\u0107 da se pre\u0111e na konkretne rezultate. \u201eNa sve\u010danom otvaranju, na CeBIT Global Conferences i na preko 1 500 seminara i radionica, kao i na \u0161tandovima \u201aManaging Trust\u2018 je bila centralna tema\u201c, rekao je Raue.\" \/>\n<meta name=\"robots\" content=\"index, follow, max-snippet:-1, max-image-preview:large, max-video-preview:-1\" \/>\n<link rel=\"canonical\" href=\"https:\/\/www.pcvesti.com\/?p=23764\" \/>\n<meta property=\"og:locale\" content=\"en_US\" \/>\n<meta property=\"og:type\" content=\"article\" \/>\n<meta property=\"og:title\" content=\"CeBIT i IKT-bran\u0161a pru\u017eaju odgovore na pitanje poverenja - PC Vesti - www.pcvesti.com\" \/>\n<meta property=\"og:description\" content=\"CeBIT je u pravo vreme uveo klju\u010dnu temu \u201aManaging Trust\u2018 i usadio je u me\u0111unarodne diskusije\u201c, rekao je Raue. \u201eNa sajmu CeBIT me\u0111unarodna IKT bran\u0161a je pokazala, da je spremna da teme Poverenje i Bezbednost proglasi za prioritetne.\u201c Na sajmi\u0161tu je postalo sasvim jasno, da je bran\u0161i iskreno stalo, ne samo da se diskutuje o temama, ve\u0107 da se pre\u0111e na konkretne rezultate. \u201eNa sve\u010danom otvaranju, na CeBIT Global Conferences i na preko 1 500 seminara i radionica, kao i na \u0161tandovima \u201aManaging Trust\u2018 je bila centralna tema\u201c, rekao je Raue.\" \/>\n<meta property=\"og:url\" content=\"https:\/\/www.pcvesti.com\/?p=23764\" \/>\n<meta property=\"og:site_name\" content=\"PCVesti\" \/>\n<meta property=\"article:published_time\" content=\"2012-03-15T08:46:48+00:00\" \/>\n<meta name=\"author\" content=\"newsmaster\" \/>\n<meta name=\"twitter:card\" content=\"summary_large_image\" \/>\n<meta name=\"twitter:label1\" content=\"Written by\" \/>\n\t<meta name=\"twitter:data1\" content=\"newsmaster\" \/>\n\t<meta name=\"twitter:label2\" content=\"Est. reading time\" \/>\n\t<meta name=\"twitter:data2\" content=\"4 minutes\" \/>\n<script type=\"application\/ld+json\" class=\"yoast-schema-graph\">{\"@context\":\"https:\\\/\\\/schema.org\",\"@graph\":[{\"@type\":\"Article\",\"@id\":\"https:\\\/\\\/www.pcvesti.com\\\/?p=23764#article\",\"isPartOf\":{\"@id\":\"https:\\\/\\\/www.pcvesti.com\\\/?p=23764\"},\"author\":{\"name\":\"newsmaster\",\"@id\":\"https:\\\/\\\/www.pcvesti.com\\\/#\\\/schema\\\/person\\\/d1e384f7c138a1fcda7af7425e55a6b2\"},\"headline\":\"CeBIT i IKT-bran\u0161a pru\u017eaju odgovore na pitanje poverenja\",\"datePublished\":\"2012-03-15T08:46:48+00:00\",\"mainEntityOfPage\":{\"@id\":\"https:\\\/\\\/www.pcvesti.com\\\/?p=23764\"},\"wordCount\":901,\"articleSection\":[\"Dogadjaji\",\"PC Vesti\"],\"inLanguage\":\"en-US\"},{\"@type\":\"WebPage\",\"@id\":\"https:\\\/\\\/www.pcvesti.com\\\/?p=23764\",\"url\":\"https:\\\/\\\/www.pcvesti.com\\\/?p=23764\",\"name\":\"CeBIT i IKT-bran\u0161a pru\u017eaju odgovore na pitanje poverenja - PC Vesti - www.pcvesti.com\",\"isPartOf\":{\"@id\":\"https:\\\/\\\/www.pcvesti.com\\\/#website\"},\"datePublished\":\"2012-03-15T08:46:48+00:00\",\"author\":{\"@id\":\"https:\\\/\\\/www.pcvesti.com\\\/#\\\/schema\\\/person\\\/d1e384f7c138a1fcda7af7425e55a6b2\"},\"description\":\"CeBIT je u pravo vreme uveo klju\u010dnu temu \u201aManaging Trust\u2018 i usadio je u me\u0111unarodne diskusije\u201c, rekao je Raue. \u201eNa sajmu CeBIT me\u0111unarodna IKT bran\u0161a je pokazala, da je spremna da teme Poverenje i Bezbednost proglasi za prioritetne.\u201c Na sajmi\u0161tu je postalo sasvim jasno, da je bran\u0161i iskreno stalo, ne samo da se diskutuje o temama, ve\u0107 da se pre\u0111e na konkretne rezultate. \u201eNa sve\u010danom otvaranju, na CeBIT Global Conferences i na preko 1 500 seminara i radionica, kao i na \u0161tandovima \u201aManaging Trust\u2018 je bila centralna tema\u201c, rekao je Raue.\",\"breadcrumb\":{\"@id\":\"https:\\\/\\\/www.pcvesti.com\\\/?p=23764#breadcrumb\"},\"inLanguage\":\"en-US\",\"potentialAction\":[{\"@type\":\"ReadAction\",\"target\":[\"https:\\\/\\\/www.pcvesti.com\\\/?p=23764\"]}]},{\"@type\":\"BreadcrumbList\",\"@id\":\"https:\\\/\\\/www.pcvesti.com\\\/?p=23764#breadcrumb\",\"itemListElement\":[{\"@type\":\"ListItem\",\"position\":1,\"name\":\"Home\",\"item\":\"https:\\\/\\\/www.pcvesti.com\\\/\"},{\"@type\":\"ListItem\",\"position\":2,\"name\":\"CeBIT i IKT-bran\u0161a pru\u017eaju odgovore na pitanje poverenja\"}]},{\"@type\":\"WebSite\",\"@id\":\"https:\\\/\\\/www.pcvesti.com\\\/#website\",\"url\":\"https:\\\/\\\/www.pcvesti.com\\\/\",\"name\":\"PCVesti\",\"description\":\"www.pcvesti.com\",\"potentialAction\":[{\"@type\":\"SearchAction\",\"target\":{\"@type\":\"EntryPoint\",\"urlTemplate\":\"https:\\\/\\\/www.pcvesti.com\\\/?s={search_term_string}\"},\"query-input\":{\"@type\":\"PropertyValueSpecification\",\"valueRequired\":true,\"valueName\":\"search_term_string\"}}],\"inLanguage\":\"en-US\"},{\"@type\":\"Person\",\"@id\":\"https:\\\/\\\/www.pcvesti.com\\\/#\\\/schema\\\/person\\\/d1e384f7c138a1fcda7af7425e55a6b2\",\"name\":\"newsmaster\",\"image\":{\"@type\":\"ImageObject\",\"inLanguage\":\"en-US\",\"@id\":\"https:\\\/\\\/www.pcvesti.com\\\/wp-content\\\/uploads\\\/2018\\\/09\\\/avatar_user_5_1537115954-96x96.jpeg\",\"url\":\"https:\\\/\\\/www.pcvesti.com\\\/wp-content\\\/uploads\\\/2018\\\/09\\\/avatar_user_5_1537115954-96x96.jpeg\",\"contentUrl\":\"https:\\\/\\\/www.pcvesti.com\\\/wp-content\\\/uploads\\\/2018\\\/09\\\/avatar_user_5_1537115954-96x96.jpeg\",\"caption\":\"newsmaster\"},\"url\":\"https:\\\/\\\/www.pcvesti.com\\\/?author=5\"}]}<\/script>\n<!-- \/ Yoast SEO plugin. -->","yoast_head_json":{"title":"CeBIT i IKT-bran\u0161a pru\u017eaju odgovore na pitanje poverenja - PC Vesti - www.pcvesti.com","description":"CeBIT je u pravo vreme uveo klju\u010dnu temu \u201aManaging Trust\u2018 i usadio je u me\u0111unarodne diskusije\u201c, rekao je Raue. \u201eNa sajmu CeBIT me\u0111unarodna IKT bran\u0161a je pokazala, da je spremna da teme Poverenje i Bezbednost proglasi za prioritetne.\u201c Na sajmi\u0161tu je postalo sasvim jasno, da je bran\u0161i iskreno stalo, ne samo da se diskutuje o temama, ve\u0107 da se pre\u0111e na konkretne rezultate. \u201eNa sve\u010danom otvaranju, na CeBIT Global Conferences i na preko 1 500 seminara i radionica, kao i na \u0161tandovima \u201aManaging Trust\u2018 je bila centralna tema\u201c, rekao je Raue.","robots":{"index":"index","follow":"follow","max-snippet":"max-snippet:-1","max-image-preview":"max-image-preview:large","max-video-preview":"max-video-preview:-1"},"canonical":"https:\/\/www.pcvesti.com\/?p=23764","og_locale":"en_US","og_type":"article","og_title":"CeBIT i IKT-bran\u0161a pru\u017eaju odgovore na pitanje poverenja - PC Vesti - www.pcvesti.com","og_description":"CeBIT je u pravo vreme uveo klju\u010dnu temu \u201aManaging Trust\u2018 i usadio je u me\u0111unarodne diskusije\u201c, rekao je Raue. \u201eNa sajmu CeBIT me\u0111unarodna IKT bran\u0161a je pokazala, da je spremna da teme Poverenje i Bezbednost proglasi za prioritetne.\u201c Na sajmi\u0161tu je postalo sasvim jasno, da je bran\u0161i iskreno stalo, ne samo da se diskutuje o temama, ve\u0107 da se pre\u0111e na konkretne rezultate. \u201eNa sve\u010danom otvaranju, na CeBIT Global Conferences i na preko 1 500 seminara i radionica, kao i na \u0161tandovima \u201aManaging Trust\u2018 je bila centralna tema\u201c, rekao je Raue.","og_url":"https:\/\/www.pcvesti.com\/?p=23764","og_site_name":"PCVesti","article_published_time":"2012-03-15T08:46:48+00:00","author":"newsmaster","twitter_card":"summary_large_image","twitter_misc":{"Written by":"newsmaster","Est. reading time":"4 minutes"},"schema":{"@context":"https:\/\/schema.org","@graph":[{"@type":"Article","@id":"https:\/\/www.pcvesti.com\/?p=23764#article","isPartOf":{"@id":"https:\/\/www.pcvesti.com\/?p=23764"},"author":{"name":"newsmaster","@id":"https:\/\/www.pcvesti.com\/#\/schema\/person\/d1e384f7c138a1fcda7af7425e55a6b2"},"headline":"CeBIT i IKT-bran\u0161a pru\u017eaju odgovore na pitanje poverenja","datePublished":"2012-03-15T08:46:48+00:00","mainEntityOfPage":{"@id":"https:\/\/www.pcvesti.com\/?p=23764"},"wordCount":901,"articleSection":["Dogadjaji","PC Vesti"],"inLanguage":"en-US"},{"@type":"WebPage","@id":"https:\/\/www.pcvesti.com\/?p=23764","url":"https:\/\/www.pcvesti.com\/?p=23764","name":"CeBIT i IKT-bran\u0161a pru\u017eaju odgovore na pitanje poverenja - PC Vesti - www.pcvesti.com","isPartOf":{"@id":"https:\/\/www.pcvesti.com\/#website"},"datePublished":"2012-03-15T08:46:48+00:00","author":{"@id":"https:\/\/www.pcvesti.com\/#\/schema\/person\/d1e384f7c138a1fcda7af7425e55a6b2"},"description":"CeBIT je u pravo vreme uveo klju\u010dnu temu \u201aManaging Trust\u2018 i usadio je u me\u0111unarodne diskusije\u201c, rekao je Raue. \u201eNa sajmu CeBIT me\u0111unarodna IKT bran\u0161a je pokazala, da je spremna da teme Poverenje i Bezbednost proglasi za prioritetne.\u201c Na sajmi\u0161tu je postalo sasvim jasno, da je bran\u0161i iskreno stalo, ne samo da se diskutuje o temama, ve\u0107 da se pre\u0111e na konkretne rezultate. \u201eNa sve\u010danom otvaranju, na CeBIT Global Conferences i na preko 1 500 seminara i radionica, kao i na \u0161tandovima \u201aManaging Trust\u2018 je bila centralna tema\u201c, rekao je Raue.","breadcrumb":{"@id":"https:\/\/www.pcvesti.com\/?p=23764#breadcrumb"},"inLanguage":"en-US","potentialAction":[{"@type":"ReadAction","target":["https:\/\/www.pcvesti.com\/?p=23764"]}]},{"@type":"BreadcrumbList","@id":"https:\/\/www.pcvesti.com\/?p=23764#breadcrumb","itemListElement":[{"@type":"ListItem","position":1,"name":"Home","item":"https:\/\/www.pcvesti.com\/"},{"@type":"ListItem","position":2,"name":"CeBIT i IKT-bran\u0161a pru\u017eaju odgovore na pitanje poverenja"}]},{"@type":"WebSite","@id":"https:\/\/www.pcvesti.com\/#website","url":"https:\/\/www.pcvesti.com\/","name":"PCVesti","description":"www.pcvesti.com","potentialAction":[{"@type":"SearchAction","target":{"@type":"EntryPoint","urlTemplate":"https:\/\/www.pcvesti.com\/?s={search_term_string}"},"query-input":{"@type":"PropertyValueSpecification","valueRequired":true,"valueName":"search_term_string"}}],"inLanguage":"en-US"},{"@type":"Person","@id":"https:\/\/www.pcvesti.com\/#\/schema\/person\/d1e384f7c138a1fcda7af7425e55a6b2","name":"newsmaster","image":{"@type":"ImageObject","inLanguage":"en-US","@id":"https:\/\/www.pcvesti.com\/wp-content\/uploads\/2018\/09\/avatar_user_5_1537115954-96x96.jpeg","url":"https:\/\/www.pcvesti.com\/wp-content\/uploads\/2018\/09\/avatar_user_5_1537115954-96x96.jpeg","contentUrl":"https:\/\/www.pcvesti.com\/wp-content\/uploads\/2018\/09\/avatar_user_5_1537115954-96x96.jpeg","caption":"newsmaster"},"url":"https:\/\/www.pcvesti.com\/?author=5"}]}},"_links":{"self":[{"href":"https:\/\/www.pcvesti.com\/index.php?rest_route=\/wp\/v2\/posts\/23764","targetHints":{"allow":["GET"]}}],"collection":[{"href":"https:\/\/www.pcvesti.com\/index.php?rest_route=\/wp\/v2\/posts"}],"about":[{"href":"https:\/\/www.pcvesti.com\/index.php?rest_route=\/wp\/v2\/types\/post"}],"author":[{"embeddable":true,"href":"https:\/\/www.pcvesti.com\/index.php?rest_route=\/wp\/v2\/users\/5"}],"replies":[{"embeddable":true,"href":"https:\/\/www.pcvesti.com\/index.php?rest_route=%2Fwp%2Fv2%2Fcomments&post=23764"}],"version-history":[{"count":0,"href":"https:\/\/www.pcvesti.com\/index.php?rest_route=\/wp\/v2\/posts\/23764\/revisions"}],"wp:attachment":[{"href":"https:\/\/www.pcvesti.com\/index.php?rest_route=%2Fwp%2Fv2%2Fmedia&parent=23764"}],"wp:term":[{"taxonomy":"category","embeddable":true,"href":"https:\/\/www.pcvesti.com\/index.php?rest_route=%2Fwp%2Fv2%2Fcategories&post=23764"},{"taxonomy":"post_tag","embeddable":true,"href":"https:\/\/www.pcvesti.com\/index.php?rest_route=%2Fwp%2Fv2%2Ftags&post=23764"}],"curies":[{"name":"wp","href":"https:\/\/api.w.org\/{rel}","templated":true}]}}