{"id":24278,"date":"2012-06-14T16:32:24","date_gmt":"2012-06-14T15:32:24","guid":{"rendered":"http:\/\/www.pcvesti.com\/?p=24278"},"modified":"2012-06-14T16:32:24","modified_gmt":"2012-06-14T15:32:24","slug":"apple-predstavlja-potpuno-novi-macbook-pro-sa-retina-displejom","status":"publish","type":"post","link":"https:\/\/www.pcvesti.com\/?p=24278","title":{"rendered":"Apple predstavlja potpuno novi MacBook Pro sa Retina Displejom"},"content":{"rendered":"<p>San Francisco \u2013 11. jun 2012 \u2013Apple\u00ae je danas predstavio potpuno novi 15 in\u010dni MacBook\u00ae Pro koji sadr\u017ei neverovatan Retina\u2122 displej, fle\u0161 memoriju za skladi\u0161tenje podataka i \u010detvorojezgarni procesor, radikalno tanjeg i lak\u0161eg dizajna. Debljine od samo 1,8cm i te\u017eine oko 2 kilograma, potpuno redizajnirani MacBook Pro postavlja nove standarde u performansama i portabilnosti za profesionalne korisnike.<br \/>\n<!--more--><\/p>\n<p>&nbsp;<\/p>\n<p>\u201cMacBook Pro sa Retina displejom \u0161iri granice performansi i portabilnosti kao ni jedan drugi notebook do sada\u201d, izjavio je Tim Cook, CEO kompanije Apple. \u201cSa predivnim Retina displejom, sjajnom arhitekturom i radikalno tanjim i lak\u0161im dizajnom novi MacBook Pro je najnapredniji Mac koji smo do sada napravili.\u201d<\/p>\n<p>&nbsp;<\/p>\n<p>Novi MacBook Pro Retina displej ima najve\u0107u rezoluciju na svetu za jedan notebook displej, sa preko 5 miliona piksela, 3 miliona vi\u0161e nego HD televizor. Sa 220 piksela po in\u010du, gustina piksela kod Retina displeja je toliko visoka da ljudsko oko ne mo\u017ee da izdvoji posebne piksele sa uobi\u010dajene distance gledanja, tako da tekst i grafika izgledaju neverovatno o\u0161tro. Retina displej koristi IPS tehnologiju koja daje ugao gledanja od 178 stepeni i ima 75 posto manje refleksije i 29 posto ve\u0107i konstrast u pore\u0111enju sa prethodnom generacijom.<\/p>\n<p>&nbsp;<\/p>\n<p>Uklju\u010duju\u0107i precizan unibody dizajn od aluminijuma i fle\u0161 storid\u017e arhitekturu za skladi\u0161tenje podataka, potpuno novi MacBook Pro je najlak\u0161i MacBook Pro do sada, skoro tanak kao MacBook Air\u00ae. Fle\u0161 storid\u017e, koji je \u010dak \u010detiri puta br\u017ei od tradicionalnih notebook hard diskova dozvoljava potpuno novom MacBook Pro-u da strimuje \u010detiri simultana 1080p HD videa sa internog storid\u017ea*. Fle\u0161 storid\u017e arhitektura tako\u0111e daje ve\u0107u pouzdanost, trenutno vreme reagovanja i 30 dana u standby re\u017eimu.<\/p>\n<p>&nbsp;<\/p>\n<p>MacBook Pro sa Retina displejom karakteri\u0161e najnoviji Intel Core i7 \u010detvorojezgarni procesor brzine do 2.7Ghz sa Turbo Boost tehnologijom koja ga ubrzava na 3.7Ghz, NVIDIA GeForce GT650 diskretna grafika, do 16GB br\u017ee 1600Mhz RAM memorije i fle\u0161 storid\u017e do 768GB. Dva Thuderbolt i dva USB 3.0 porta daju profesionalnim korisnicima mogu\u0107nost da pove\u017eu vi\u0161e monitora i ure\u0111aja visokih performansi, a novi HDMI port daje brzu konektivnost za HDTV.<\/p>\n<p>&nbsp;<\/p>\n<p>MacBook Pro baterija daje do 7 sati be\u017ei\u010dne produktivnosti i koristi napredne hemikalije i adaptivnu tehnologiju punjenja kako bi obezbedila do 1000 punjenja.** MacBook Pro tako\u0111e karakteri\u0161e FaceTime\u00ae HD kamera, stakleni Multi-Touch\u2122 trekped, tastatura sa pozadinskim osvetljenjem pune veli\u010dine, dva mikrofona, pobolj\u0161ani zvu\u010dnici, 3-stream 802.11n Wi-Fi i tanji MagSafe\u00ae 2 konektor za struju.<\/p>\n<p>&nbsp;<\/p>\n<p>OS X\u00ae Lion, iPhoto\u00ae, iMovie\u00ae, iTunes\u00ae i druge Apple aplikacije uklju\u010duju\u0107i Aperture\u00ae i Final Cut Pro\u00ae X su pobolj\u0161ane kako bi iskoristile pune prednosti novog MacBook Pro notebook-a sa Retina displejom. Pobolj\u0161ani Aperture 3.3 tako\u0111e koristi revolucionarno nove karakteristike prilago\u0111avanja slike i sada podr\u017eava ujedinjenu biblioteku fotografija, kako bi fotografi mogli sa lako\u0107om da se kre\u0107u izme\u0111u iPhoto i Aperture aplikacija.<\/p>\n<p>&nbsp;<\/p>\n<p>Potpuno novi MacBook Pro isporu\u010duje se sa OS X Lion-om. Korisnici koji kupe Mac dobijaju pravo na besplatnu kopiju OS X Mountain Lion-a, \u010dim postane dostupan. Mountain Lion daje inovativne karakteristike kao \u0161to su potpuno nova Messages aplikacija, Notification Center, system-wide Sharing, AirPlay\u00ae Mirroring, Game Center i pobolj\u0161ana bezbednost Gatekeeper-a. Uz iCloud\u00ae, koji je ugra\u0111en u osnovu OS X sistema, Mountain Lion \u010dini najlak\u0161im do sada \u010duvanje va\u0161eg sadr\u017eaja du\u017e svih va\u0161ih ure\u0111aja.<\/p>\n<p>&nbsp;<\/p>\n<p>&nbsp;<\/p>\n<p>* Apple je sproveo testiranje u junu 2012 koriste\u0107i preproduction MacBook Pro konfiguracije. Za vi\u0161e informacija posetite <a href=\"http:\/\/apple.com\/macbook-pro\/features\/\" target=\"_blank\">apple.com\/macbook-pro\/<wbr>features\/<\/wbr><\/a>.<\/p>\n<p>&nbsp;<\/p>\n<p>** Apple je sproveo testiranje Wireless Web protokola u junu 2012 koriste\u0107i preproduction MacBook Pro konfiguracije. Vreme trajanja baterije i broj ciklusa punjenja varira od upotrebe i pode\u0161avanja. Za vi\u0161e informacija posetite <a href=\"http:\/\/apple.com\/macbook-pro\/features\/\" target=\"_blank\">apple.com\/macbook-pro\/<wbr>features\/<\/wbr><\/a>.<\/p>\n<p>&nbsp;<\/p>\n<p>&nbsp;<\/p>\n<p>Fotografije visoke rezolucije dostupne su na adresi:<\/p>\n<p><a href=\"http:\/\/www.apple.com\/pr\/library\/2012\/06\/11Apple-Introduces-All-New-MacBook-Pro-with-Retina-Display.html\" target=\"_blank\">http:\/\/www.apple.com\/pr\/<wbr>library\/2012\/06\/11Apple-<wbr>Introduces-All-New-MacBook-<wbr>Pro-with-Retina-Display.html<\/wbr><\/wbr><\/wbr><\/a><\/p>\n<p>&nbsp;<\/p>\n<p>&nbsp;<\/p>\n<p>O kompaniji Apple, Inc.<\/p>\n<p>Apple dizajnira Mac-ove, najbolje ra\u010dunare na svetu, OS X, iLife, iWork i profesionalni software. Apple predvodi u digitalnoj muzi\u010dkoj revoluciji sa iPodom i iTunes internet prodavnicom. Apple je redizajnirao mobilni telefon sa revolucionarnim iPhone-om i App Store-om i definisao je budu\u0107nost mobilnih medija i ra\u010dunarskih ure\u0111aja sa iPad-om.<\/p>\n<p>O kompaniji Powercom Imaging<\/p>\n<p>Powercom\u00a0Imaging, d.o.o. je ponosni \u010dlan MIDIS\/Apcom grupe, sa sedi\u0161tem u Beogradu. Dru\u0161tvo osnovano\u00a02000. godine ovla\u0161\u0107eni je Apple Value Added Distributor zadu\u017een\u00a0za razvoj\u00a0tr\u017ei\u0161ta, marketing, prodaju i podr\u0161ku Apple i povezanih proizvoda.<\/p>\n","protected":false},"excerpt":{"rendered":"<p>San Francisco \u2013 11. jun 2012 \u2013Apple\u00ae je danas predstavio potpuno novi 15 in\u010dni MacBook\u00ae Pro koji sadr\u017ei neverovatan Retina\u2122 displej, fle\u0161 memoriju za skladi\u0161tenje podataka i \u010detvorojezgarni procesor, radikalno tanjeg i lak\u0161eg dizajna. Debljine od samo 1,8cm i te\u017eine oko 2 kilograma, potpuno redizajnirani MacBook Pro postavlja nove standarde u performansama i portabilnosti za profesionalne korisnike.<\/p>\n","protected":false},"author":5,"featured_media":0,"comment_status":"closed","ping_status":"closed","sticky":false,"template":"","format":"standard","meta":{"seo_booster_metabox":"","ngg_post_thumbnail":0,"slim_seo":{"title":"Apple predstavlja potpuno novi MacBook Pro sa Retina Displejom - PCVesti","description":"San Francisco \u2013 11. jun 2012 \u2013Apple\u00ae je danas predstavio potpuno novi 15 in\u010dni MacBook\u00ae Pro koji sadr\u017ei neverovatan Retina\u2122 displej, fle\u0161 memoriju za skladi\u0161ten"},"footnotes":""},"categories":[7,5],"tags":[],"class_list":["post-24278","post","type-post","status-publish","format-standard","hentry","category-mac","category-pc-vesti"],"yoast_head":"<!-- This site is optimized with the Yoast SEO plugin v27.5 - https:\/\/yoast.com\/product\/yoast-seo-wordpress\/ -->\n<title>Apple predstavlja potpuno novi MacBook Pro sa Retina Displejom - PCVesti<\/title>\n<meta name=\"robots\" content=\"index, follow, max-snippet:-1, max-image-preview:large, max-video-preview:-1\" \/>\n<link rel=\"canonical\" href=\"https:\/\/www.pcvesti.com\/?p=24278\" \/>\n<meta property=\"og:locale\" content=\"en_US\" \/>\n<meta property=\"og:type\" content=\"article\" \/>\n<meta property=\"og:title\" content=\"Apple predstavlja potpuno novi MacBook Pro sa Retina Displejom - PCVesti\" \/>\n<meta property=\"og:description\" content=\"San Francisco \u2013 11. jun 2012 \u2013Apple\u00ae je danas predstavio potpuno novi 15 in\u010dni MacBook\u00ae Pro koji sadr\u017ei neverovatan Retina\u2122 displej, fle\u0161 memoriju za skladi\u0161tenje podataka i \u010detvorojezgarni procesor, radikalno tanjeg i lak\u0161eg dizajna. Debljine od samo 1,8cm i te\u017eine oko 2 kilograma, potpuno redizajnirani MacBook Pro postavlja nove standarde u performansama i portabilnosti za profesionalne korisnike.\" \/>\n<meta property=\"og:url\" content=\"https:\/\/www.pcvesti.com\/?p=24278\" \/>\n<meta property=\"og:site_name\" content=\"PCVesti\" \/>\n<meta property=\"article:published_time\" content=\"2012-06-14T15:32:24+00:00\" \/>\n<meta name=\"author\" content=\"newsmaster\" \/>\n<meta name=\"twitter:card\" content=\"summary_large_image\" \/>\n<meta name=\"twitter:label1\" content=\"Written by\" \/>\n\t<meta name=\"twitter:data1\" content=\"newsmaster\" \/>\n\t<meta name=\"twitter:label2\" content=\"Est. reading time\" \/>\n\t<meta name=\"twitter:data2\" content=\"4 minutes\" \/>\n<script type=\"application\/ld+json\" class=\"yoast-schema-graph\">{\"@context\":\"https:\\\/\\\/schema.org\",\"@graph\":[{\"@type\":\"Article\",\"@id\":\"https:\\\/\\\/www.pcvesti.com\\\/?p=24278#article\",\"isPartOf\":{\"@id\":\"https:\\\/\\\/www.pcvesti.com\\\/?p=24278\"},\"author\":{\"name\":\"newsmaster\",\"@id\":\"https:\\\/\\\/www.pcvesti.com\\\/#\\\/schema\\\/person\\\/d1e384f7c138a1fcda7af7425e55a6b2\"},\"headline\":\"Apple predstavlja potpuno novi MacBook Pro sa Retina Displejom\",\"datePublished\":\"2012-06-14T15:32:24+00:00\",\"mainEntityOfPage\":{\"@id\":\"https:\\\/\\\/www.pcvesti.com\\\/?p=24278\"},\"wordCount\":755,\"articleSection\":[\"Mac\",\"PC Vesti\"],\"inLanguage\":\"en-US\"},{\"@type\":\"WebPage\",\"@id\":\"https:\\\/\\\/www.pcvesti.com\\\/?p=24278\",\"url\":\"https:\\\/\\\/www.pcvesti.com\\\/?p=24278\",\"name\":\"Apple predstavlja potpuno novi MacBook Pro sa Retina Displejom - PCVesti\",\"isPartOf\":{\"@id\":\"https:\\\/\\\/www.pcvesti.com\\\/#website\"},\"datePublished\":\"2012-06-14T15:32:24+00:00\",\"author\":{\"@id\":\"https:\\\/\\\/www.pcvesti.com\\\/#\\\/schema\\\/person\\\/d1e384f7c138a1fcda7af7425e55a6b2\"},\"breadcrumb\":{\"@id\":\"https:\\\/\\\/www.pcvesti.com\\\/?p=24278#breadcrumb\"},\"inLanguage\":\"en-US\",\"potentialAction\":[{\"@type\":\"ReadAction\",\"target\":[\"https:\\\/\\\/www.pcvesti.com\\\/?p=24278\"]}]},{\"@type\":\"BreadcrumbList\",\"@id\":\"https:\\\/\\\/www.pcvesti.com\\\/?p=24278#breadcrumb\",\"itemListElement\":[{\"@type\":\"ListItem\",\"position\":1,\"name\":\"Home\",\"item\":\"https:\\\/\\\/www.pcvesti.com\\\/\"},{\"@type\":\"ListItem\",\"position\":2,\"name\":\"Apple predstavlja potpuno novi MacBook Pro sa Retina Displejom\"}]},{\"@type\":\"WebSite\",\"@id\":\"https:\\\/\\\/www.pcvesti.com\\\/#website\",\"url\":\"https:\\\/\\\/www.pcvesti.com\\\/\",\"name\":\"PCVesti\",\"description\":\"www.pcvesti.com\",\"potentialAction\":[{\"@type\":\"SearchAction\",\"target\":{\"@type\":\"EntryPoint\",\"urlTemplate\":\"https:\\\/\\\/www.pcvesti.com\\\/?s={search_term_string}\"},\"query-input\":{\"@type\":\"PropertyValueSpecification\",\"valueRequired\":true,\"valueName\":\"search_term_string\"}}],\"inLanguage\":\"en-US\"},{\"@type\":\"Person\",\"@id\":\"https:\\\/\\\/www.pcvesti.com\\\/#\\\/schema\\\/person\\\/d1e384f7c138a1fcda7af7425e55a6b2\",\"name\":\"newsmaster\",\"image\":{\"@type\":\"ImageObject\",\"inLanguage\":\"en-US\",\"@id\":\"https:\\\/\\\/www.pcvesti.com\\\/wp-content\\\/uploads\\\/2018\\\/09\\\/avatar_user_5_1537115954-96x96.jpeg\",\"url\":\"https:\\\/\\\/www.pcvesti.com\\\/wp-content\\\/uploads\\\/2018\\\/09\\\/avatar_user_5_1537115954-96x96.jpeg\",\"contentUrl\":\"https:\\\/\\\/www.pcvesti.com\\\/wp-content\\\/uploads\\\/2018\\\/09\\\/avatar_user_5_1537115954-96x96.jpeg\",\"caption\":\"newsmaster\"},\"url\":\"https:\\\/\\\/www.pcvesti.com\\\/?author=5\"}]}<\/script>\n<!-- \/ Yoast SEO plugin. -->","yoast_head_json":{"title":"Apple predstavlja potpuno novi MacBook Pro sa Retina Displejom - PCVesti","robots":{"index":"index","follow":"follow","max-snippet":"max-snippet:-1","max-image-preview":"max-image-preview:large","max-video-preview":"max-video-preview:-1"},"canonical":"https:\/\/www.pcvesti.com\/?p=24278","og_locale":"en_US","og_type":"article","og_title":"Apple predstavlja potpuno novi MacBook Pro sa Retina Displejom - PCVesti","og_description":"San Francisco \u2013 11. jun 2012 \u2013Apple\u00ae je danas predstavio potpuno novi 15 in\u010dni MacBook\u00ae Pro koji sadr\u017ei neverovatan Retina\u2122 displej, fle\u0161 memoriju za skladi\u0161tenje podataka i \u010detvorojezgarni procesor, radikalno tanjeg i lak\u0161eg dizajna. Debljine od samo 1,8cm i te\u017eine oko 2 kilograma, potpuno redizajnirani MacBook Pro postavlja nove standarde u performansama i portabilnosti za profesionalne korisnike.","og_url":"https:\/\/www.pcvesti.com\/?p=24278","og_site_name":"PCVesti","article_published_time":"2012-06-14T15:32:24+00:00","author":"newsmaster","twitter_card":"summary_large_image","twitter_misc":{"Written by":"newsmaster","Est. reading time":"4 minutes"},"schema":{"@context":"https:\/\/schema.org","@graph":[{"@type":"Article","@id":"https:\/\/www.pcvesti.com\/?p=24278#article","isPartOf":{"@id":"https:\/\/www.pcvesti.com\/?p=24278"},"author":{"name":"newsmaster","@id":"https:\/\/www.pcvesti.com\/#\/schema\/person\/d1e384f7c138a1fcda7af7425e55a6b2"},"headline":"Apple predstavlja potpuno novi MacBook Pro sa Retina Displejom","datePublished":"2012-06-14T15:32:24+00:00","mainEntityOfPage":{"@id":"https:\/\/www.pcvesti.com\/?p=24278"},"wordCount":755,"articleSection":["Mac","PC Vesti"],"inLanguage":"en-US"},{"@type":"WebPage","@id":"https:\/\/www.pcvesti.com\/?p=24278","url":"https:\/\/www.pcvesti.com\/?p=24278","name":"Apple predstavlja potpuno novi MacBook Pro sa Retina Displejom - PCVesti","isPartOf":{"@id":"https:\/\/www.pcvesti.com\/#website"},"datePublished":"2012-06-14T15:32:24+00:00","author":{"@id":"https:\/\/www.pcvesti.com\/#\/schema\/person\/d1e384f7c138a1fcda7af7425e55a6b2"},"breadcrumb":{"@id":"https:\/\/www.pcvesti.com\/?p=24278#breadcrumb"},"inLanguage":"en-US","potentialAction":[{"@type":"ReadAction","target":["https:\/\/www.pcvesti.com\/?p=24278"]}]},{"@type":"BreadcrumbList","@id":"https:\/\/www.pcvesti.com\/?p=24278#breadcrumb","itemListElement":[{"@type":"ListItem","position":1,"name":"Home","item":"https:\/\/www.pcvesti.com\/"},{"@type":"ListItem","position":2,"name":"Apple predstavlja potpuno novi MacBook Pro sa Retina Displejom"}]},{"@type":"WebSite","@id":"https:\/\/www.pcvesti.com\/#website","url":"https:\/\/www.pcvesti.com\/","name":"PCVesti","description":"www.pcvesti.com","potentialAction":[{"@type":"SearchAction","target":{"@type":"EntryPoint","urlTemplate":"https:\/\/www.pcvesti.com\/?s={search_term_string}"},"query-input":{"@type":"PropertyValueSpecification","valueRequired":true,"valueName":"search_term_string"}}],"inLanguage":"en-US"},{"@type":"Person","@id":"https:\/\/www.pcvesti.com\/#\/schema\/person\/d1e384f7c138a1fcda7af7425e55a6b2","name":"newsmaster","image":{"@type":"ImageObject","inLanguage":"en-US","@id":"https:\/\/www.pcvesti.com\/wp-content\/uploads\/2018\/09\/avatar_user_5_1537115954-96x96.jpeg","url":"https:\/\/www.pcvesti.com\/wp-content\/uploads\/2018\/09\/avatar_user_5_1537115954-96x96.jpeg","contentUrl":"https:\/\/www.pcvesti.com\/wp-content\/uploads\/2018\/09\/avatar_user_5_1537115954-96x96.jpeg","caption":"newsmaster"},"url":"https:\/\/www.pcvesti.com\/?author=5"}]}},"_links":{"self":[{"href":"https:\/\/www.pcvesti.com\/index.php?rest_route=\/wp\/v2\/posts\/24278","targetHints":{"allow":["GET"]}}],"collection":[{"href":"https:\/\/www.pcvesti.com\/index.php?rest_route=\/wp\/v2\/posts"}],"about":[{"href":"https:\/\/www.pcvesti.com\/index.php?rest_route=\/wp\/v2\/types\/post"}],"author":[{"embeddable":true,"href":"https:\/\/www.pcvesti.com\/index.php?rest_route=\/wp\/v2\/users\/5"}],"replies":[{"embeddable":true,"href":"https:\/\/www.pcvesti.com\/index.php?rest_route=%2Fwp%2Fv2%2Fcomments&post=24278"}],"version-history":[{"count":0,"href":"https:\/\/www.pcvesti.com\/index.php?rest_route=\/wp\/v2\/posts\/24278\/revisions"}],"wp:attachment":[{"href":"https:\/\/www.pcvesti.com\/index.php?rest_route=%2Fwp%2Fv2%2Fmedia&parent=24278"}],"wp:term":[{"taxonomy":"category","embeddable":true,"href":"https:\/\/www.pcvesti.com\/index.php?rest_route=%2Fwp%2Fv2%2Fcategories&post=24278"},{"taxonomy":"post_tag","embeddable":true,"href":"https:\/\/www.pcvesti.com\/index.php?rest_route=%2Fwp%2Fv2%2Ftags&post=24278"}],"curies":[{"name":"wp","href":"https:\/\/api.w.org\/{rel}","templated":true}]}}