{"id":26012,"date":"2013-04-11T14:12:02","date_gmt":"2013-04-11T13:12:02","guid":{"rendered":"http:\/\/www.pcvesti.com\/?p=26012"},"modified":"2013-04-11T14:12:02","modified_gmt":"2013-04-11T13:12:02","slug":"internet-dan-beogradu","status":"publish","type":"post","link":"https:\/\/www.pcvesti.com\/?p=26012","title":{"rendered":"Internet of Things dan u Beogradu"},"content":{"rendered":"<p>Kompanija Ericsson i Centar za promociju nauke obele\u017eile su Internet of Things dan u Evropskom centru za kulturu i debatu GRAD predstavljaju\u0107i IoT koncept kao i Ericssonovu viziju Umre\u017eenog dru\u0161tva.<\/p>\n<p>Internet of Things je tehnologija koja se ubrzano razvija i postaje deo svakodnevnog \u017eivota prose\u010dnog internet korisnika u kojem su svi objekti koje koristimo me\u0111usobno povezani. Danas, na\u0161e dru\u0161tvo je sasvim druga\u010dija od onog od pre samo deset ili dvadeset godina. Razvoj Interneta i ekspanzija mobilnih ure\u0111aja potpuno su promenili svet, i to \u0107e i dalje nastaviti da rade.<\/p>\n<p>\u201eBilo je potrebno 100 godina da se u fiksnoj mre\u017ei pove\u017ee milijardu lokacija, a samo 25 godina za povezivanje pet milijardi ljudi putem mobilnih mre\u017ea. Od 2020. godine, mi o\u010dekujemo da \u0107e vi\u0161e od 50 milijardi ure\u0111aja biti povezano. Sve oko nas \u0161to ima koristi od povezivanje bi\u0107e povezano. Ali, u domenu tehnologije mi moramo obezbediti visoko kvalitetne mre\u017ee i odgovaraju\u0107a cloud re\u0161enja zajedno sa naprednim sistemima za podr\u0161ku kako bismo omogu\u0107ili da veliki broj ure\u0111aja i samih korisnika koristi sve servise i usluge na najvi\u0161em nivou,\u201c istakla je Milena Mati\u0107, menad\u017eerka za strategiju i marketing iz kompanije Ericsson.<br \/>\nU okviru obele\u017eavanja Internet of Things dana demonstrirane su konkretne primene ove napredne tehnologije kroz nekoliko eksponata:<\/p>\n<p>\u2022\u00a0IoT LED lampa \u2013 snagom uma i uz pomo\u0107 IoT tehnologije kontroli\u0161e se boja svetla i prikaz raspolo\u017eenja na lampi.<\/p>\n<p>\u2022\u00a0Pra\u0107enje zaga\u0111enja vazduha \u2013 Ericssonova mobilna instalacija ekoBus u Pan\u010devu koja meri kvalitet vazduha.<\/p>\n<p>\u2022\u00a0Udru\u017eena zapa\u017eanja (Participatory sensing) \u2013 kako zajedni\u010dki mo\u017eemo da pratimo stanja i doga\u0111aje u na\u0161oj okolini i uti\u010demo na re\u0161avanje problema lokalne zajednice.<\/p>\n<p>ngg_shortcode_0_placeholder<!--more--><\/p>\n<p>O Eriksonu<\/p>\n<p>Erikson je vode\u0107i svetski dobavlja\u010d telekomunikacionih usluga i tehnologija. Mi stvaramo \u201eUmre\u017eeno dru\u0161tvo\u201c sa efikasnim real-time re\u0161enjima koja nam omogu\u0107avaju da u\u010dimo, radimo i \u017eivimo slobodnije u odr\u017eivim zajednicama \u0161irom sveta.<\/p>\n<p>Mi obezbe\u0111ujemo servise, softver i infrastrukturu u IKT sektoru za mobilne operatore i druge industrije. Danas se vi\u0161e od 40% svetskog protoka mobilnih podataka obavlja putem Eriksonovih mre\u017ea i mi pru\u017eamo podr\u0161ku operatorima koje imaju vi\u0161e od dve i po milijarde pretplatnika.<\/p>\n<p>Poslujemo u 180 zemalja i zapo\u0161ljavamo vi\u0161e od 110.000 ljudi. Kompanija je osnovana 1876. godine sa sedi\u0161tem u Stokholmu u \u0160vedskoj i registrovana je na berzama NASDAQ OMX Stockholm i NASDAQ New York. Prihod u 2012. godini je bio 227,8 milijarde SEK (33.8 milijardi dolara).<\/p>\n<p>&nbsp;<\/p>\n<p><a href=\"http:\/\/www.ericsson.com\/\" target=\"_blank\">www.ericsson.com<\/a><br \/>\n<a href=\"http:\/\/www.twitter.com\/ericssonpress\" target=\"_blank\">www.twitter.com\/ericssonpress<\/a><br \/>\n<a href=\"http:\/\/www.facebook.com\/technologyforgood\" target=\"_blank\">www.facebook.com\/<wbr \/>technologyforgood<\/a><br \/>\n<a href=\"http:\/\/www.youtube.com\/ericssonpress\" target=\"_blank\">www.youtube.com\/ericssonpress<\/a><\/p>\n","protected":false},"excerpt":{"rendered":"<p>Kompanija Ericsson i Centar za promociju nauke obele\u017eile su Internet of Things dan u Evropskom centru za kulturu i debatu GRAD predstavljaju\u0107i IoT koncept kao i Ericssonovu viziju Umre\u017eenog dru\u0161tva. Internet of Things je tehnologija koja se ubrzano razvija i postaje deo svakodnevnog \u017eivota prose\u010dnog internet korisnika u kojem su svi objekti koje koristimo me\u0111usobno povezani. Danas, na\u0161e dru\u0161tvo je sasvim druga\u010dija od onog od pre samo deset ili dvadeset godina. Razvoj&#8230; <\/p>\n<div class=\"more-container\"><a class=\"more-link\" href=\"https:\/\/www.pcvesti.com\/?p=26012\" itemprop=\"url\">Continue reading<\/a><\/div>\n","protected":false},"author":5,"featured_media":0,"comment_status":"closed","ping_status":"closed","sticky":false,"template":"","format":"standard","meta":{"seo_booster_metabox":"","ngg_post_thumbnail":0,"slim_seo":{"title":"Internet of Things dan u Beogradu - PCVesti","description":"Kompanija Ericsson i Centar za promociju nauke obele\u017eile su Internet of Things dan u Evropskom centru za kulturu i debatu GRAD predstavljaju\u0107i IoT koncept kao i"},"footnotes":""},"categories":[9,5],"tags":[],"class_list":["post-26012","post","type-post","status-publish","format-standard","hentry","category-dogadjaji","category-pc-vesti"],"yoast_head":"<!-- This site is optimized with the Yoast SEO plugin v27.5 - https:\/\/yoast.com\/product\/yoast-seo-wordpress\/ -->\n<title>Internet of Things dan u Beogradu  - PCVesti<\/title>\n<meta name=\"robots\" content=\"index, follow, max-snippet:-1, max-image-preview:large, max-video-preview:-1\" \/>\n<link rel=\"canonical\" href=\"https:\/\/www.pcvesti.com\/?p=26012\" \/>\n<meta property=\"og:locale\" content=\"en_US\" \/>\n<meta property=\"og:type\" content=\"article\" \/>\n<meta property=\"og:title\" content=\"Internet of Things dan u Beogradu  - PCVesti\" \/>\n<meta property=\"og:description\" content=\"Kompanija Ericsson i Centar za promociju nauke obele\u017eile su Internet of Things dan u Evropskom centru za kulturu i debatu GRAD predstavljaju\u0107i IoT koncept kao i Ericssonovu viziju Umre\u017eenog dru\u0161tva. Internet of Things je tehnologija koja se ubrzano razvija i postaje deo svakodnevnog \u017eivota prose\u010dnog internet korisnika u kojem su svi objekti koje koristimo me\u0111usobno povezani. Danas, na\u0161e dru\u0161tvo je sasvim druga\u010dija od onog od pre samo deset ili dvadeset godina. Razvoj... Continue reading\" \/>\n<meta property=\"og:url\" content=\"https:\/\/www.pcvesti.com\/?p=26012\" \/>\n<meta property=\"og:site_name\" content=\"PCVesti\" \/>\n<meta property=\"article:published_time\" content=\"2013-04-11T13:12:02+00:00\" \/>\n<meta name=\"author\" content=\"newsmaster\" \/>\n<meta name=\"twitter:card\" content=\"summary_large_image\" \/>\n<meta name=\"twitter:label1\" content=\"Written by\" \/>\n\t<meta name=\"twitter:data1\" content=\"newsmaster\" \/>\n\t<meta name=\"twitter:label2\" content=\"Est. reading time\" \/>\n\t<meta name=\"twitter:data2\" content=\"2 minutes\" \/>\n<script type=\"application\/ld+json\" class=\"yoast-schema-graph\">{\"@context\":\"https:\\\/\\\/schema.org\",\"@graph\":[{\"@type\":\"Article\",\"@id\":\"https:\\\/\\\/www.pcvesti.com\\\/?p=26012#article\",\"isPartOf\":{\"@id\":\"https:\\\/\\\/www.pcvesti.com\\\/?p=26012\"},\"author\":{\"name\":\"newsmaster\",\"@id\":\"https:\\\/\\\/www.pcvesti.com\\\/#\\\/schema\\\/person\\\/d1e384f7c138a1fcda7af7425e55a6b2\"},\"headline\":\"Internet of Things dan u Beogradu\",\"datePublished\":\"2013-04-11T13:12:02+00:00\",\"mainEntityOfPage\":{\"@id\":\"https:\\\/\\\/www.pcvesti.com\\\/?p=26012\"},\"wordCount\":447,\"articleSection\":[\"Dogadjaji\",\"PC Vesti\"],\"inLanguage\":\"en-US\"},{\"@type\":\"WebPage\",\"@id\":\"https:\\\/\\\/www.pcvesti.com\\\/?p=26012\",\"url\":\"https:\\\/\\\/www.pcvesti.com\\\/?p=26012\",\"name\":\"Internet of Things dan u Beogradu - PCVesti\",\"isPartOf\":{\"@id\":\"https:\\\/\\\/www.pcvesti.com\\\/#website\"},\"datePublished\":\"2013-04-11T13:12:02+00:00\",\"author\":{\"@id\":\"https:\\\/\\\/www.pcvesti.com\\\/#\\\/schema\\\/person\\\/d1e384f7c138a1fcda7af7425e55a6b2\"},\"breadcrumb\":{\"@id\":\"https:\\\/\\\/www.pcvesti.com\\\/?p=26012#breadcrumb\"},\"inLanguage\":\"en-US\",\"potentialAction\":[{\"@type\":\"ReadAction\",\"target\":[\"https:\\\/\\\/www.pcvesti.com\\\/?p=26012\"]}]},{\"@type\":\"BreadcrumbList\",\"@id\":\"https:\\\/\\\/www.pcvesti.com\\\/?p=26012#breadcrumb\",\"itemListElement\":[{\"@type\":\"ListItem\",\"position\":1,\"name\":\"Home\",\"item\":\"https:\\\/\\\/www.pcvesti.com\\\/\"},{\"@type\":\"ListItem\",\"position\":2,\"name\":\"Internet of Things dan u Beogradu\"}]},{\"@type\":\"WebSite\",\"@id\":\"https:\\\/\\\/www.pcvesti.com\\\/#website\",\"url\":\"https:\\\/\\\/www.pcvesti.com\\\/\",\"name\":\"PCVesti\",\"description\":\"www.pcvesti.com\",\"potentialAction\":[{\"@type\":\"SearchAction\",\"target\":{\"@type\":\"EntryPoint\",\"urlTemplate\":\"https:\\\/\\\/www.pcvesti.com\\\/?s={search_term_string}\"},\"query-input\":{\"@type\":\"PropertyValueSpecification\",\"valueRequired\":true,\"valueName\":\"search_term_string\"}}],\"inLanguage\":\"en-US\"},{\"@type\":\"Person\",\"@id\":\"https:\\\/\\\/www.pcvesti.com\\\/#\\\/schema\\\/person\\\/d1e384f7c138a1fcda7af7425e55a6b2\",\"name\":\"newsmaster\",\"image\":{\"@type\":\"ImageObject\",\"inLanguage\":\"en-US\",\"@id\":\"https:\\\/\\\/www.pcvesti.com\\\/wp-content\\\/uploads\\\/2018\\\/09\\\/avatar_user_5_1537115954-96x96.jpeg\",\"url\":\"https:\\\/\\\/www.pcvesti.com\\\/wp-content\\\/uploads\\\/2018\\\/09\\\/avatar_user_5_1537115954-96x96.jpeg\",\"contentUrl\":\"https:\\\/\\\/www.pcvesti.com\\\/wp-content\\\/uploads\\\/2018\\\/09\\\/avatar_user_5_1537115954-96x96.jpeg\",\"caption\":\"newsmaster\"},\"url\":\"https:\\\/\\\/www.pcvesti.com\\\/?author=5\"}]}<\/script>\n<!-- \/ Yoast SEO plugin. -->","yoast_head_json":{"title":"Internet of Things dan u Beogradu  - PCVesti","robots":{"index":"index","follow":"follow","max-snippet":"max-snippet:-1","max-image-preview":"max-image-preview:large","max-video-preview":"max-video-preview:-1"},"canonical":"https:\/\/www.pcvesti.com\/?p=26012","og_locale":"en_US","og_type":"article","og_title":"Internet of Things dan u Beogradu  - PCVesti","og_description":"Kompanija Ericsson i Centar za promociju nauke obele\u017eile su Internet of Things dan u Evropskom centru za kulturu i debatu GRAD predstavljaju\u0107i IoT koncept kao i Ericssonovu viziju Umre\u017eenog dru\u0161tva. Internet of Things je tehnologija koja se ubrzano razvija i postaje deo svakodnevnog \u017eivota prose\u010dnog internet korisnika u kojem su svi objekti koje koristimo me\u0111usobno povezani. Danas, na\u0161e dru\u0161tvo je sasvim druga\u010dija od onog od pre samo deset ili dvadeset godina. Razvoj... Continue reading","og_url":"https:\/\/www.pcvesti.com\/?p=26012","og_site_name":"PCVesti","article_published_time":"2013-04-11T13:12:02+00:00","author":"newsmaster","twitter_card":"summary_large_image","twitter_misc":{"Written by":"newsmaster","Est. reading time":"2 minutes"},"schema":{"@context":"https:\/\/schema.org","@graph":[{"@type":"Article","@id":"https:\/\/www.pcvesti.com\/?p=26012#article","isPartOf":{"@id":"https:\/\/www.pcvesti.com\/?p=26012"},"author":{"name":"newsmaster","@id":"https:\/\/www.pcvesti.com\/#\/schema\/person\/d1e384f7c138a1fcda7af7425e55a6b2"},"headline":"Internet of Things dan u Beogradu","datePublished":"2013-04-11T13:12:02+00:00","mainEntityOfPage":{"@id":"https:\/\/www.pcvesti.com\/?p=26012"},"wordCount":447,"articleSection":["Dogadjaji","PC Vesti"],"inLanguage":"en-US"},{"@type":"WebPage","@id":"https:\/\/www.pcvesti.com\/?p=26012","url":"https:\/\/www.pcvesti.com\/?p=26012","name":"Internet of Things dan u Beogradu - PCVesti","isPartOf":{"@id":"https:\/\/www.pcvesti.com\/#website"},"datePublished":"2013-04-11T13:12:02+00:00","author":{"@id":"https:\/\/www.pcvesti.com\/#\/schema\/person\/d1e384f7c138a1fcda7af7425e55a6b2"},"breadcrumb":{"@id":"https:\/\/www.pcvesti.com\/?p=26012#breadcrumb"},"inLanguage":"en-US","potentialAction":[{"@type":"ReadAction","target":["https:\/\/www.pcvesti.com\/?p=26012"]}]},{"@type":"BreadcrumbList","@id":"https:\/\/www.pcvesti.com\/?p=26012#breadcrumb","itemListElement":[{"@type":"ListItem","position":1,"name":"Home","item":"https:\/\/www.pcvesti.com\/"},{"@type":"ListItem","position":2,"name":"Internet of Things dan u Beogradu"}]},{"@type":"WebSite","@id":"https:\/\/www.pcvesti.com\/#website","url":"https:\/\/www.pcvesti.com\/","name":"PCVesti","description":"www.pcvesti.com","potentialAction":[{"@type":"SearchAction","target":{"@type":"EntryPoint","urlTemplate":"https:\/\/www.pcvesti.com\/?s={search_term_string}"},"query-input":{"@type":"PropertyValueSpecification","valueRequired":true,"valueName":"search_term_string"}}],"inLanguage":"en-US"},{"@type":"Person","@id":"https:\/\/www.pcvesti.com\/#\/schema\/person\/d1e384f7c138a1fcda7af7425e55a6b2","name":"newsmaster","image":{"@type":"ImageObject","inLanguage":"en-US","@id":"https:\/\/www.pcvesti.com\/wp-content\/uploads\/2018\/09\/avatar_user_5_1537115954-96x96.jpeg","url":"https:\/\/www.pcvesti.com\/wp-content\/uploads\/2018\/09\/avatar_user_5_1537115954-96x96.jpeg","contentUrl":"https:\/\/www.pcvesti.com\/wp-content\/uploads\/2018\/09\/avatar_user_5_1537115954-96x96.jpeg","caption":"newsmaster"},"url":"https:\/\/www.pcvesti.com\/?author=5"}]}},"_links":{"self":[{"href":"https:\/\/www.pcvesti.com\/index.php?rest_route=\/wp\/v2\/posts\/26012","targetHints":{"allow":["GET"]}}],"collection":[{"href":"https:\/\/www.pcvesti.com\/index.php?rest_route=\/wp\/v2\/posts"}],"about":[{"href":"https:\/\/www.pcvesti.com\/index.php?rest_route=\/wp\/v2\/types\/post"}],"author":[{"embeddable":true,"href":"https:\/\/www.pcvesti.com\/index.php?rest_route=\/wp\/v2\/users\/5"}],"replies":[{"embeddable":true,"href":"https:\/\/www.pcvesti.com\/index.php?rest_route=%2Fwp%2Fv2%2Fcomments&post=26012"}],"version-history":[{"count":0,"href":"https:\/\/www.pcvesti.com\/index.php?rest_route=\/wp\/v2\/posts\/26012\/revisions"}],"wp:attachment":[{"href":"https:\/\/www.pcvesti.com\/index.php?rest_route=%2Fwp%2Fv2%2Fmedia&parent=26012"}],"wp:term":[{"taxonomy":"category","embeddable":true,"href":"https:\/\/www.pcvesti.com\/index.php?rest_route=%2Fwp%2Fv2%2Fcategories&post=26012"},{"taxonomy":"post_tag","embeddable":true,"href":"https:\/\/www.pcvesti.com\/index.php?rest_route=%2Fwp%2Fv2%2Ftags&post=26012"}],"curies":[{"name":"wp","href":"https:\/\/api.w.org\/{rel}","templated":true}]}}