{"id":26579,"date":"2013-06-20T15:34:31","date_gmt":"2013-06-20T14:34:31","guid":{"rendered":"http:\/\/www.pcvesti.com\/?p=26579"},"modified":"2013-06-20T15:36:36","modified_gmt":"2013-06-20T14:36:36","slug":"26579","status":"publish","type":"post","link":"https:\/\/www.pcvesti.com\/?p=26579","title":{"rendered":"CeBIT 2014 (od ponedeljka, 10. do petka, 14. marta)"},"content":{"rendered":"<p style=\"text-align: center;\"><strong>100 % Business \u2013 CeBIT se unapre\u0111uje u cilju jo\u0161 jasnijeg fokusiranja<br \/>\ntrajanje sajma ubudu\u0107e od ponedeljka do petka<\/strong><\/p>\n<p>Hanover, Nema\u010dka. Jasnim orijentisanjem ka potrebama i ciljevima poslovnih klijenata i \u010dvrstim povezivanjem izlo\u017ebenog i kongresnog programa, vode\u0107a svetska IT izlo\u017eba CeBIT sigurno kora\u010da u pravcu daljeg rasta. \u201eRadi\u0107emo na daljem unapre\u0111enju jakog jezgra CeBIT-a\u201c, rekao je na konferenciji za \u0161tampu u utorak, 4.6.2013. gospodin Oliver Frese (Freze), \u010dlan Upravnog odbora Deutsche Messe AG zadu\u017een za CeBIT.<\/p>\n<p>Kako navodi Frese, CeBIT se u proteklim godinama sve vi\u0161e razvio u me\u0111unarodni stru\u010dni sajam svetske informacione i telekomunikacione bran\u0161e. Tako je udeo stru\u010dnih posetilaca kontinuirano rastao, da bi na proteklom CeBIT-u dostigao najvi\u0161u vrednost od 82 procenta. Svaki tre\u0107i posetilac dolazi iz top-menad\u017ementa svog preduze\u0107a. 60 procenata stru\u010dnih posetilaca iz preko 100 zemalja pose\u0107uje jedino CeBIT, ni jednu drugu izlo\u017ebu u IT bran\u0161i. Svi ovi faktori doveli su do velikog zadovoljstva kod izlaga\u010da, od kojih je ve\u0107ina zabele\u017eila sjajne rezultate u pogledu uspostavljanja poslovnih kontakata. Uz osvrt na budu\u0107i razvoj Frese je izjavio: \u201eCeBIT je ve\u0107 sada vode\u0107i me\u0111unarodni poslovni IT sajam i konferencija za stru\u010dnjake, a mi smo re\u0161eni da tu poziciju u\u010dvrstimo i dalje unapredimo.\u201c Ova posve\u0107enost \u0107e biti naro\u010dito jasna na slede\u0107oj izlo\u017ebi. \u201eKako bismo izlaga\u010dima i posetiocima pru\u017eili jo\u0161 jasniju orijentaciju, sajam \u0107e imati osam tematskih oblasti. Razvi\u0107emo nove ponude za specifi\u010dne ciljne grupe i pro\u0161iri\u0107emo ve\u0107 bogati konferencijski program\u201c, objavio je Frese.<\/p>\n<p><!--more-->Dosada\u0161nja struktura sa \u010detiri platforme bi\u0107e preoblikovana u tematske oblasti koje reflektuju tr\u017ei\u0161te iz ugla donosilaca odluka uklju\u010denih u savremeni poslovni proces. To su: Enterprise Resource Planning &amp; Data Analysis, Enterprise Content Management, Web &amp; Mobile Solutions, IT Services, Security, Communication &amp; Networks, Infrastructure &amp; Data Centers i Research &amp; Innovations.<\/p>\n<p>Ove tematske oblasti \u0107e dopuniti ponude razvijene za specifi\u010dne ciljne grupe. Oblast \u201eGlobal Sourcing Area for Devices &amp; Accessories\u201c, na primer, pokri\u0107e kompletan spektar komponenti, perifernih i \u201cend-user\u201d ure\u0111aja, a bi\u0107e namenjena agentima nabavke i distributerima. \u201ePlanet Reseller\u201c \u0107e ostati mesto za susret trgovaca na veliko i maloprodaje. Re\u0161enja za javnu upravu \u0107e se i dalje predstavljati u okviru \u201ePublic Sector Parc\u201c. Oblast zapo\u0161ljavanja i pronala\u017eenja kadrova \u0107e biti jo\u0161 bolje zastupljena na CeBIT-u: inicijativa \u201cTectoYou\u201d koja je imala premijeru na ovogodi\u0161njem sajmu dobi\u0107e zna\u010dajno unapre\u0111eni format.<\/p>\n<p>Obimna ponuda \u201cCeBIT Global Conferences\u201d sa vi\u0161e od hiljadu seminara, predavanja i foruma, bi\u0107e strukturirana na jasniji i pregledniji na\u010din. \u201cVe\u0107 godinama je CeBIT najve\u0107a IT konferencija na svetu. \u017delimo da nagla\u0161avanjem pravih tema i njihovim povezivanjem \u0161to vi\u0161e istaknemo ovu snagu CeBIT-a\u201d, rako je Frese.<\/p>\n<p>CeBIT \u0107e ubudu\u0107e biti jo\u0161 vi\u0161e usmeren ka aktuelnim megatrendovima, koji \u0107e biti identifikovani u konsultaciji sa vode\u0107im predstavnicima vendora tj. snabdeva\u010da i korisnika IT re\u0161enja. Ovaj pristup ima za cilj pokrenutanje dublje diskusije o zna\u010dajnim temama, kao dodatak u odnosu na zvani\u010dnu vode\u0107u temu sajma koja se bira svake godine. Na ovaj na\u010din CeBIT dopunjuje svoj konferencijski program i potvr\u0111uje poziciju vode\u0107e platforme za globalni dijalog i transfer znanja.<\/p>\n<p>Kako bi se u\u010dvrstila poslovna orijentacija sajma, done\u0161ena je odluka da se u narednoj godini pomeri vreme odr\u017eavanja sajma. \u201cCeBIT \u0107e i dalje biti organizovan u martu, kako bi se preduze\u0107ima dao impuls na po\u010detku nove poslovne godine. Promena je da \u0107emo u budu\u0107nosti organizovati sajam od ponedeljka do petka.\u201d Tako \u0107e CeBIT 2014. po\u010deti 10. marta a vrata \u0107e za posetioce zatvoriti 14. marta.<\/p>\n<p>Organizator sajma \u201eDeutsche Messe AG\u201c planira da naredne godine zna\u010dajno pro\u0161iri asortiman usluga na sajmi\u0161tu. Tako \u0107e posetioci ubudu\u0107e mo\u0107i da koriste be\u017ei\u010dni internet u halama i na otvorenom sajamskom prostoru potpuno besplatno. Tako\u0111e je u cenu ulaznice, koja \u0107e za jedan dan iznositi 60 evra, biti uklju\u010dena i garderoba.<\/p>\n<p>Predsednik nema\u010dkog IT udru\u017eenja BITKOM, Prof. Dieter Kempf, pozdravio je fokusiranje CeBIT-a na poslovni segment i sve mere koje iz toga proizilaze. \u201eMi svesrdno podr\u017eavamo ovaj pravac razvoja CeBIT-a. \u201e100 % Business\u201c orijentacija sajma je dobar i logi\u010dan korak koji nove prilike za rast. Jako jezgro CeBIT-a \u0107e na taj na\u010din postati jo\u0161 ja\u010de. Za izlaga\u010de, od kojih neki ula\u017eu milione evra u svoj sajamski nastup, ove promene \u0107e zna\u010diti ve\u0107u isplativost ove investicije.\u201d<\/p>\n<p>Jan Geldmacher, direktor \u201eVodafone Global Enterprise\u201c i predsednik obora izlaga\u010da CeBIT-a, dodaje: \u201eRadujemo se zbog odluke \u2018Deutsche Messe\u2019 da u daljem razvoju CeBIT-a u velikoj meri uklju\u010di nas, izlaga\u010de. Ovaj pristup obezbedi\u0107e nadalje da struktura i sadr\u017eaj sajma budu u najve\u0107oj mogu\u0107oj meri prilago\u0111eni potrebama izlaga\u010da.\u201d<\/p>\n","protected":false},"excerpt":{"rendered":"<p>100 % Business \u2013 CeBIT se unapre\u0111uje u cilju jo\u0161 jasnijeg fokusiranja trajanje sajma ubudu\u0107e od ponedeljka do petka Hanover, Nema\u010dka. Jasnim orijentisanjem ka potrebama i ciljevima poslovnih klijenata i \u010dvrstim povezivanjem izlo\u017ebenog i kongresnog programa, vode\u0107a svetska IT izlo\u017eba CeBIT sigurno kora\u010da u pravcu daljeg rasta. \u201eRadi\u0107emo na daljem unapre\u0111enju jakog jezgra CeBIT-a\u201c, rekao je na konferenciji za \u0161tampu u utorak, 4.6.2013. gospodin Oliver Frese (Freze), \u010dlan Upravnog odbora Deutsche Messe&#8230; <\/p>\n<div class=\"more-container\"><a class=\"more-link\" href=\"https:\/\/www.pcvesti.com\/?p=26579\" itemprop=\"url\">Continue reading<\/a><\/div>\n","protected":false},"author":5,"featured_media":0,"comment_status":"closed","ping_status":"closed","sticky":false,"template":"","format":"standard","meta":{"seo_booster_metabox":"","ngg_post_thumbnail":0,"slim_seo":{"title":"CeBIT 2014 (od ponedeljka, 10. do petka, 14. marta) - PCVesti","description":"100 % Business \u2013 CeBIT se unapre\u0111uje u cilju jo\u0161 jasnijeg fokusiranja trajanje sajma ubudu\u0107e od ponedeljka do petka Hanover, Nema\u010dka. Jasnim orijentisanjem ka p"},"footnotes":""},"categories":[5],"tags":[],"class_list":["post-26579","post","type-post","status-publish","format-standard","hentry","category-pc-vesti"],"yoast_head":"<!-- This site is optimized with the Yoast SEO plugin v27.5 - https:\/\/yoast.com\/product\/yoast-seo-wordpress\/ -->\n<title>CeBIT 2014 (od ponedeljka, 10. do petka, 14. marta) - PCVesti<\/title>\n<meta name=\"robots\" content=\"index, follow, max-snippet:-1, max-image-preview:large, max-video-preview:-1\" \/>\n<link rel=\"canonical\" href=\"https:\/\/www.pcvesti.com\/?p=26579\" \/>\n<meta property=\"og:locale\" content=\"en_US\" \/>\n<meta property=\"og:type\" content=\"article\" \/>\n<meta property=\"og:title\" content=\"CeBIT 2014 (od ponedeljka, 10. do petka, 14. marta) - PCVesti\" \/>\n<meta property=\"og:description\" content=\"100 % Business \u2013 CeBIT se unapre\u0111uje u cilju jo\u0161 jasnijeg fokusiranja trajanje sajma ubudu\u0107e od ponedeljka do petka Hanover, Nema\u010dka. Jasnim orijentisanjem ka potrebama i ciljevima poslovnih klijenata i \u010dvrstim povezivanjem izlo\u017ebenog i kongresnog programa, vode\u0107a svetska IT izlo\u017eba CeBIT sigurno kora\u010da u pravcu daljeg rasta. \u201eRadi\u0107emo na daljem unapre\u0111enju jakog jezgra CeBIT-a\u201c, rekao je na konferenciji za \u0161tampu u utorak, 4.6.2013. gospodin Oliver Frese (Freze), \u010dlan Upravnog odbora Deutsche Messe... Continue reading\" \/>\n<meta property=\"og:url\" content=\"https:\/\/www.pcvesti.com\/?p=26579\" \/>\n<meta property=\"og:site_name\" content=\"PCVesti\" \/>\n<meta property=\"article:published_time\" content=\"2013-06-20T14:34:31+00:00\" \/>\n<meta property=\"article:modified_time\" content=\"2013-06-20T14:36:36+00:00\" \/>\n<meta name=\"author\" content=\"newsmaster\" \/>\n<meta name=\"twitter:card\" content=\"summary_large_image\" \/>\n<meta name=\"twitter:label1\" content=\"Written by\" \/>\n\t<meta name=\"twitter:data1\" content=\"newsmaster\" \/>\n\t<meta name=\"twitter:label2\" content=\"Est. reading time\" \/>\n\t<meta name=\"twitter:data2\" content=\"4 minutes\" \/>\n<script type=\"application\/ld+json\" class=\"yoast-schema-graph\">{\"@context\":\"https:\\\/\\\/schema.org\",\"@graph\":[{\"@type\":\"Article\",\"@id\":\"https:\\\/\\\/www.pcvesti.com\\\/?p=26579#article\",\"isPartOf\":{\"@id\":\"https:\\\/\\\/www.pcvesti.com\\\/?p=26579\"},\"author\":{\"name\":\"newsmaster\",\"@id\":\"https:\\\/\\\/www.pcvesti.com\\\/#\\\/schema\\\/person\\\/d1e384f7c138a1fcda7af7425e55a6b2\"},\"headline\":\"CeBIT 2014 (od ponedeljka, 10. do petka, 14. marta)\",\"datePublished\":\"2013-06-20T14:34:31+00:00\",\"dateModified\":\"2013-06-20T14:36:36+00:00\",\"mainEntityOfPage\":{\"@id\":\"https:\\\/\\\/www.pcvesti.com\\\/?p=26579\"},\"wordCount\":826,\"articleSection\":[\"PC Vesti\"],\"inLanguage\":\"en-US\"},{\"@type\":\"WebPage\",\"@id\":\"https:\\\/\\\/www.pcvesti.com\\\/?p=26579\",\"url\":\"https:\\\/\\\/www.pcvesti.com\\\/?p=26579\",\"name\":\"CeBIT 2014 (od ponedeljka, 10. do petka, 14. marta) - PCVesti\",\"isPartOf\":{\"@id\":\"https:\\\/\\\/www.pcvesti.com\\\/#website\"},\"datePublished\":\"2013-06-20T14:34:31+00:00\",\"dateModified\":\"2013-06-20T14:36:36+00:00\",\"author\":{\"@id\":\"https:\\\/\\\/www.pcvesti.com\\\/#\\\/schema\\\/person\\\/d1e384f7c138a1fcda7af7425e55a6b2\"},\"breadcrumb\":{\"@id\":\"https:\\\/\\\/www.pcvesti.com\\\/?p=26579#breadcrumb\"},\"inLanguage\":\"en-US\",\"potentialAction\":[{\"@type\":\"ReadAction\",\"target\":[\"https:\\\/\\\/www.pcvesti.com\\\/?p=26579\"]}]},{\"@type\":\"BreadcrumbList\",\"@id\":\"https:\\\/\\\/www.pcvesti.com\\\/?p=26579#breadcrumb\",\"itemListElement\":[{\"@type\":\"ListItem\",\"position\":1,\"name\":\"Home\",\"item\":\"https:\\\/\\\/www.pcvesti.com\\\/\"},{\"@type\":\"ListItem\",\"position\":2,\"name\":\"CeBIT 2014 (od ponedeljka, 10. do petka, 14. marta)\"}]},{\"@type\":\"WebSite\",\"@id\":\"https:\\\/\\\/www.pcvesti.com\\\/#website\",\"url\":\"https:\\\/\\\/www.pcvesti.com\\\/\",\"name\":\"PCVesti\",\"description\":\"www.pcvesti.com\",\"potentialAction\":[{\"@type\":\"SearchAction\",\"target\":{\"@type\":\"EntryPoint\",\"urlTemplate\":\"https:\\\/\\\/www.pcvesti.com\\\/?s={search_term_string}\"},\"query-input\":{\"@type\":\"PropertyValueSpecification\",\"valueRequired\":true,\"valueName\":\"search_term_string\"}}],\"inLanguage\":\"en-US\"},{\"@type\":\"Person\",\"@id\":\"https:\\\/\\\/www.pcvesti.com\\\/#\\\/schema\\\/person\\\/d1e384f7c138a1fcda7af7425e55a6b2\",\"name\":\"newsmaster\",\"image\":{\"@type\":\"ImageObject\",\"inLanguage\":\"en-US\",\"@id\":\"https:\\\/\\\/www.pcvesti.com\\\/wp-content\\\/uploads\\\/2018\\\/09\\\/avatar_user_5_1537115954-96x96.jpeg\",\"url\":\"https:\\\/\\\/www.pcvesti.com\\\/wp-content\\\/uploads\\\/2018\\\/09\\\/avatar_user_5_1537115954-96x96.jpeg\",\"contentUrl\":\"https:\\\/\\\/www.pcvesti.com\\\/wp-content\\\/uploads\\\/2018\\\/09\\\/avatar_user_5_1537115954-96x96.jpeg\",\"caption\":\"newsmaster\"},\"url\":\"https:\\\/\\\/www.pcvesti.com\\\/?author=5\"}]}<\/script>\n<!-- \/ Yoast SEO plugin. -->","yoast_head_json":{"title":"CeBIT 2014 (od ponedeljka, 10. do petka, 14. marta) - PCVesti","robots":{"index":"index","follow":"follow","max-snippet":"max-snippet:-1","max-image-preview":"max-image-preview:large","max-video-preview":"max-video-preview:-1"},"canonical":"https:\/\/www.pcvesti.com\/?p=26579","og_locale":"en_US","og_type":"article","og_title":"CeBIT 2014 (od ponedeljka, 10. do petka, 14. marta) - PCVesti","og_description":"100 % Business \u2013 CeBIT se unapre\u0111uje u cilju jo\u0161 jasnijeg fokusiranja trajanje sajma ubudu\u0107e od ponedeljka do petka Hanover, Nema\u010dka. Jasnim orijentisanjem ka potrebama i ciljevima poslovnih klijenata i \u010dvrstim povezivanjem izlo\u017ebenog i kongresnog programa, vode\u0107a svetska IT izlo\u017eba CeBIT sigurno kora\u010da u pravcu daljeg rasta. \u201eRadi\u0107emo na daljem unapre\u0111enju jakog jezgra CeBIT-a\u201c, rekao je na konferenciji za \u0161tampu u utorak, 4.6.2013. gospodin Oliver Frese (Freze), \u010dlan Upravnog odbora Deutsche Messe... Continue reading","og_url":"https:\/\/www.pcvesti.com\/?p=26579","og_site_name":"PCVesti","article_published_time":"2013-06-20T14:34:31+00:00","article_modified_time":"2013-06-20T14:36:36+00:00","author":"newsmaster","twitter_card":"summary_large_image","twitter_misc":{"Written by":"newsmaster","Est. reading time":"4 minutes"},"schema":{"@context":"https:\/\/schema.org","@graph":[{"@type":"Article","@id":"https:\/\/www.pcvesti.com\/?p=26579#article","isPartOf":{"@id":"https:\/\/www.pcvesti.com\/?p=26579"},"author":{"name":"newsmaster","@id":"https:\/\/www.pcvesti.com\/#\/schema\/person\/d1e384f7c138a1fcda7af7425e55a6b2"},"headline":"CeBIT 2014 (od ponedeljka, 10. do petka, 14. marta)","datePublished":"2013-06-20T14:34:31+00:00","dateModified":"2013-06-20T14:36:36+00:00","mainEntityOfPage":{"@id":"https:\/\/www.pcvesti.com\/?p=26579"},"wordCount":826,"articleSection":["PC Vesti"],"inLanguage":"en-US"},{"@type":"WebPage","@id":"https:\/\/www.pcvesti.com\/?p=26579","url":"https:\/\/www.pcvesti.com\/?p=26579","name":"CeBIT 2014 (od ponedeljka, 10. do petka, 14. marta) - PCVesti","isPartOf":{"@id":"https:\/\/www.pcvesti.com\/#website"},"datePublished":"2013-06-20T14:34:31+00:00","dateModified":"2013-06-20T14:36:36+00:00","author":{"@id":"https:\/\/www.pcvesti.com\/#\/schema\/person\/d1e384f7c138a1fcda7af7425e55a6b2"},"breadcrumb":{"@id":"https:\/\/www.pcvesti.com\/?p=26579#breadcrumb"},"inLanguage":"en-US","potentialAction":[{"@type":"ReadAction","target":["https:\/\/www.pcvesti.com\/?p=26579"]}]},{"@type":"BreadcrumbList","@id":"https:\/\/www.pcvesti.com\/?p=26579#breadcrumb","itemListElement":[{"@type":"ListItem","position":1,"name":"Home","item":"https:\/\/www.pcvesti.com\/"},{"@type":"ListItem","position":2,"name":"CeBIT 2014 (od ponedeljka, 10. do petka, 14. marta)"}]},{"@type":"WebSite","@id":"https:\/\/www.pcvesti.com\/#website","url":"https:\/\/www.pcvesti.com\/","name":"PCVesti","description":"www.pcvesti.com","potentialAction":[{"@type":"SearchAction","target":{"@type":"EntryPoint","urlTemplate":"https:\/\/www.pcvesti.com\/?s={search_term_string}"},"query-input":{"@type":"PropertyValueSpecification","valueRequired":true,"valueName":"search_term_string"}}],"inLanguage":"en-US"},{"@type":"Person","@id":"https:\/\/www.pcvesti.com\/#\/schema\/person\/d1e384f7c138a1fcda7af7425e55a6b2","name":"newsmaster","image":{"@type":"ImageObject","inLanguage":"en-US","@id":"https:\/\/www.pcvesti.com\/wp-content\/uploads\/2018\/09\/avatar_user_5_1537115954-96x96.jpeg","url":"https:\/\/www.pcvesti.com\/wp-content\/uploads\/2018\/09\/avatar_user_5_1537115954-96x96.jpeg","contentUrl":"https:\/\/www.pcvesti.com\/wp-content\/uploads\/2018\/09\/avatar_user_5_1537115954-96x96.jpeg","caption":"newsmaster"},"url":"https:\/\/www.pcvesti.com\/?author=5"}]}},"_links":{"self":[{"href":"https:\/\/www.pcvesti.com\/index.php?rest_route=\/wp\/v2\/posts\/26579","targetHints":{"allow":["GET"]}}],"collection":[{"href":"https:\/\/www.pcvesti.com\/index.php?rest_route=\/wp\/v2\/posts"}],"about":[{"href":"https:\/\/www.pcvesti.com\/index.php?rest_route=\/wp\/v2\/types\/post"}],"author":[{"embeddable":true,"href":"https:\/\/www.pcvesti.com\/index.php?rest_route=\/wp\/v2\/users\/5"}],"replies":[{"embeddable":true,"href":"https:\/\/www.pcvesti.com\/index.php?rest_route=%2Fwp%2Fv2%2Fcomments&post=26579"}],"version-history":[{"count":0,"href":"https:\/\/www.pcvesti.com\/index.php?rest_route=\/wp\/v2\/posts\/26579\/revisions"}],"wp:attachment":[{"href":"https:\/\/www.pcvesti.com\/index.php?rest_route=%2Fwp%2Fv2%2Fmedia&parent=26579"}],"wp:term":[{"taxonomy":"category","embeddable":true,"href":"https:\/\/www.pcvesti.com\/index.php?rest_route=%2Fwp%2Fv2%2Fcategories&post=26579"},{"taxonomy":"post_tag","embeddable":true,"href":"https:\/\/www.pcvesti.com\/index.php?rest_route=%2Fwp%2Fv2%2Ftags&post=26579"}],"curies":[{"name":"wp","href":"https:\/\/api.w.org\/{rel}","templated":true}]}}