{"id":27133,"date":"2013-09-05T21:46:39","date_gmt":"2013-09-05T20:46:39","guid":{"rendered":"http:\/\/www.pcvesti.com\/?p=27133"},"modified":"2013-09-05T21:46:39","modified_gmt":"2013-09-05T20:46:39","slug":"astra-vec-trecu-godinu-zaredom-daje-deci-priliku-da-pokazu-svoj-talenat-podrzava-humanitarnu-organizaciju-lekari-bez-granica","status":"publish","type":"post","link":"https:\/\/www.pcvesti.com\/?p=27133","title":{"rendered":"ASTRA ve\u0107 tre\u0107u godinu zaredom daje deci priliku da poka\u017eu svoj talenat i podr\u017eava humanitarnu organizaciju \u201eLekari bez granica\u201c"},"content":{"rendered":"<p>Beograd,\u00a004. septembar 2013\u00a0\u2013 Sa po\u010detkom nove \u0161kolske godine po\u010dinje i tre\u0107e zaredom takmi\u010denje ASTRA Talent. Me\u0111unarodno umetni\u010dko takmi\u010denje za decu, kompanija SES (kotirana na berzama Euronext Paris i Luxembourg Stock Exchange pod oznakom SESG) ove godine organizuje u najve\u0107em broju zemalja do sada \u2013 u Bugarskoj, \u010ce\u0161koj, Hrvatskoj, Poljskoj, Rumuniji, Srbiji, Slova\u010dkoj i Sloveniji. Deca uzrasta od 8 do 15 godina imaju zadatak da nacrtaju svoju zamisao kako sateliti poma\u017eu ljudima. Za svaki rad poslat tokom takmi\u010denja, ASTRA \u0107e donirati 1 evro humanitarnoj organizaciji \u201eLekari bez granica\u201c i pru\u017eiti podr\u0161ku aktivnostima ove oreganizacije \u0161irom sveta.<\/p>\n<p><img loading=\"lazy\" decoding=\"async\" width=\"150\" height=\"300\" class=\"alignleft size-medium wp-image-27137\" alt=\"Astra Talent flajer\" src=\"http:\/\/www.pcvesti.com\/wp-content\/uploads\/2013\/09\/Astra-Talent-flajer-150x300.jpg\" srcset=\"https:\/\/www.pcvesti.com\/wp-content\/uploads\/2013\/09\/Astra-Talent-flajer-150x300.jpg 150w, https:\/\/www.pcvesti.com\/wp-content\/uploads\/2013\/09\/Astra-Talent-flajer-513x1024.jpg 513w, https:\/\/www.pcvesti.com\/wp-content\/uploads\/2013\/09\/Astra-Talent-flajer-800x1594.jpg 800w, https:\/\/www.pcvesti.com\/wp-content\/uploads\/2013\/09\/Astra-Talent-flajer-600x1196.jpg 600w, https:\/\/www.pcvesti.com\/wp-content\/uploads\/2013\/09\/Astra-Talent-flajer.jpg 1218w\" sizes=\"auto, (max-width: 150px) 100vw, 150px\" \/>Takmi\u010denje \u0107e trajati od 2. septembra do 31. oktobra 2013. godine. Stru\u010dni \u017eiri, sastavljen pod pokroviteljstvom Slova\u010dke nacionalne galerije, odabra\u0107e 12 radova koji \u0107e biti nagra\u0111eni\u00a0interesantnim nagradama.<\/p>\n<p>Radove treba postaviti na veb stranici takmi\u010denja\u00a0<a href=\"http:\/\/www.astratalent.eu\/\" target=\"_blank\">www.astratalent.eu<\/a>\u00a0na kojoj \u0107e od 15. oktobra biti organizovano glasanje za najbolje crte\u017ee. \u0160estoro dece \u010diji radovi dobiju najvi\u0161e glasova publike tako\u0111e \u0107e dobiti vredne nagrade.<\/p>\n<p><!--more-->\u00a0\u201eDanas je te\u0161ko zamisliti ijedan dan bez satelita. Oni su nezamenljivi kada je re\u010d o emitovanju televizijskog kanala visokog kvaliteta, a slu\u017ee i za emitovanje internet signala i prenos drugih podataka na udaljene lokacije, brodove ili avione. Zahvaljuju\u0107i njima imamo satelitsko navo\u0111enje, a neophodni su i za meteorologiju, kartografiju, istra\u017eivanja \u017eivotne sredine i nauku uop\u0161te. Sa nestrpljenjem i\u0161\u010dekujemo da vidimo kako \u0107e deca odgovoriti ovom zadatku, iako nam iskustvo sa prethodnih takmi\u010denja govori da mo\u017eemo da o\u010dekujemo sjajne rezultate\u201d \u2013\u00a0obja\u0161njava\u00a0Barbara\u00a0Uzunowa-Drymer, direktorka marketinga za Centralnu i Isto\u010dnu Evropu u kompaniji SES ASTRA.<\/p>\n<p>Svaki\u00a0prijavljeni de\u010diji crte\u017e donosi 1 evro organizaciji \u201eLekari bez granica\u201c. Prethodnih godina nekoliko stotina \u0161kola je pozvano da uzme u\u010de\u0161\u0107e u takmi\u010denju i svake godine odziv je bio veoma dobar. S obzirom da \u0107e ove godine najve\u0107i broj zemalja do sada u\u010destvovati u takmi\u010denju, mo\u017eemo o\u010dekivati i najve\u0107i broj de\u010dijih radova do sada.<\/p>\n<p>\u201eOrganizacija \u201eLekari bez granica\u201c pru\u017ea pomo\u0107 ugro\u017eenom stanovni\u0161tvu i gladnoj deci iz preko 70 zemalja \u0161irom sveta. Veoma smo zahvalni na podr\u0161ci kompanije SES i posebno na radovima malih umetnika koji svojom kreativno\u0161\u0107u daju doprinos u humanitarne svrhe\u201d, izjavio je Pavel Gruber, predstavnik organizacije \u201eLekari bez granica\u201c.<\/p>\n<p>Za dodatne informacije i pravila takmi\u010denja, molimo Vas da posetite veb prezentaciju\u00a0<a href=\"http:\/\/www.astratalent.eu\/\" target=\"_blank\">www.astratalent.eu<\/a>.<\/p>\n<p>O kompaniji SES<\/p>\n<p>SES je vode\u0107i svetski satelitski operater sa flotom od\u00a053 geostacionarnih satelita. Kompanija obezbe\u0111uje satelitske komunikacijske usluge emiterima, sadr\u017eaj i internet usluge provajderima, operaterima mobilne i fiksne mre\u017ee i poslovnim i vladinim organizacijama \u0161irom sveta.<\/p>\n<p>SES predstavlja dugoro\u010dne poslovne odnose, visoko kvalitetne usluge i iskustvo iz oblasti satelitskih usluga. Razli\u010diti regionalni timovi kompanije SES sme\u0161teni su \u0161irom sveta i rade sa korisnicima kako bi obezbedili specifi\u010dne satelitske protoke i zahteve.<\/p>\n<p>SES (kotirana na berzama Euronext Paris i Luxembourg pod oznakom SESG) poseduje i vodi ASTRIN satelitski sistem. Poseduje strate\u0161ki udeo u Ciel u Kanadi i Quetzsat u Meksiku kao i strate\u0161ki udeo u infrastrukturi start-up O3b Networks. Za dodatne informacije posetite\u00a0<a href=\"http:\/\/www.ses.com\/\" target=\"_blank\">www.ses.com<\/a>.<\/p>\n<p>O organizaciji \u201eLekari bez granica\u201d<\/p>\n<p>Lekari bez granica\/M\u00e9decins Sans Fronti\u00e8res (MSF) je me\u0111unarodna, nezavisna, medicinska humanitarna organizacija koja pru\u017ea hitnu pomo\u0107\u00a0ljudima pogo\u0111enim oru\u017eanim konfliktima, epidemijama, prirodnim katastrofama. Organizacija MSF osnovana je u Parizu, 1971. godine. Trenutno, MSF je svetska organizacija sastavljena od 23 asocijacije pod zajedni\u010dkim nazivom MSF International. MSF nudi pomo\u0107 ljudima kojima je ona potrebna, bez obzira na rasu, veru, pol ili politi\u010dka opredeljenja. Danas, MSF pru\u017ea hitnu zdravstvenu za\u0161titu u vi\u0161e od 70 zemalja \u0161irom sveta, u saradnji sa vi\u0161e od 2.500 me\u0111unarodnih i 29.000 lokalnih stru\u010dnjaka, logisti\u010dkog i administrativnog osoblja.<\/p>\n<p>Organizacija\u00a0MSF nagra\u0111ena je Nobelovom nagradom za mir 1999. godine.<\/p>\n","protected":false},"excerpt":{"rendered":"<p>Beograd,\u00a004. septembar 2013\u00a0\u2013 Sa po\u010detkom nove \u0161kolske godine po\u010dinje i tre\u0107e zaredom takmi\u010denje ASTRA Talent. Me\u0111unarodno umetni\u010dko takmi\u010denje za decu, kompanija SES (kotirana na berzama Euronext Paris i Luxembourg Stock Exchange pod oznakom SESG) ove godine organizuje u najve\u0107em broju zemalja do sada \u2013 u Bugarskoj, \u010ce\u0161koj, Hrvatskoj, Poljskoj, Rumuniji, Srbiji, Slova\u010dkoj i Sloveniji. Deca uzrasta od 8 do 15 godina imaju zadatak da nacrtaju svoju zamisao kako sateliti poma\u017eu ljudima. Za&#8230; <\/p>\n<div class=\"more-container\"><a class=\"more-link\" href=\"https:\/\/www.pcvesti.com\/?p=27133\" itemprop=\"url\">Continue reading<\/a><\/div>\n","protected":false},"author":5,"featured_media":0,"comment_status":"closed","ping_status":"closed","sticky":false,"template":"","format":"standard","meta":{"seo_booster_metabox":"","ngg_post_thumbnail":0,"slim_seo":{"title":"ASTRA ve\u0107 tre\u0107u godinu zaredom daje deci priliku da poka\u017eu svoj talenat i podr\u017eava humanitarnu organizaciju \u201eLekari bez granica\u201c - PCVesti","description":"Beograd,\u00a004. septembar 2013\u00a0\u2013 Sa po\u010detkom nove \u0161kolske godine po\u010dinje i tre\u0107e zaredom takmi\u010denje ASTRA Talent. Me\u0111unarodno umetni\u010dko takmi\u010denje za decu, kompani"},"footnotes":""},"categories":[9,5],"tags":[],"class_list":["post-27133","post","type-post","status-publish","format-standard","hentry","category-dogadjaji","category-pc-vesti"],"yoast_head":"<!-- This site is optimized with the Yoast SEO plugin v27.5 - https:\/\/yoast.com\/product\/yoast-seo-wordpress\/ -->\n<title>ASTRA ve\u0107 tre\u0107u godinu zaredom daje deci priliku da poka\u017eu svoj talenat i podr\u017eava humanitarnu organizaciju \u201eLekari bez granica\u201c - PCVesti<\/title>\n<meta name=\"robots\" content=\"index, follow, max-snippet:-1, max-image-preview:large, max-video-preview:-1\" \/>\n<link rel=\"canonical\" href=\"https:\/\/www.pcvesti.com\/?p=27133\" \/>\n<meta property=\"og:locale\" content=\"en_US\" \/>\n<meta property=\"og:type\" content=\"article\" \/>\n<meta property=\"og:title\" content=\"ASTRA ve\u0107 tre\u0107u godinu zaredom daje deci priliku da poka\u017eu svoj talenat i podr\u017eava humanitarnu organizaciju \u201eLekari bez granica\u201c - PCVesti\" \/>\n<meta property=\"og:description\" content=\"Beograd,\u00a004. septembar 2013\u00a0\u2013 Sa po\u010detkom nove \u0161kolske godine po\u010dinje i tre\u0107e zaredom takmi\u010denje ASTRA Talent. Me\u0111unarodno umetni\u010dko takmi\u010denje za decu, kompanija SES (kotirana na berzama Euronext Paris i Luxembourg Stock Exchange pod oznakom SESG) ove godine organizuje u najve\u0107em broju zemalja do sada \u2013 u Bugarskoj, \u010ce\u0161koj, Hrvatskoj, Poljskoj, Rumuniji, Srbiji, Slova\u010dkoj i Sloveniji. Deca uzrasta od 8 do 15 godina imaju zadatak da nacrtaju svoju zamisao kako sateliti poma\u017eu ljudima. Za... Continue reading\" \/>\n<meta property=\"og:url\" content=\"https:\/\/www.pcvesti.com\/?p=27133\" \/>\n<meta property=\"og:site_name\" content=\"PCVesti\" \/>\n<meta property=\"article:published_time\" content=\"2013-09-05T20:46:39+00:00\" \/>\n<meta property=\"og:image\" content=\"http:\/\/www.pcvesti.com\/wp-content\/uploads\/2013\/09\/Astra-Talent-flajer-150x300.jpg\" \/>\n<meta name=\"author\" content=\"newsmaster\" \/>\n<meta name=\"twitter:card\" content=\"summary_large_image\" \/>\n<meta name=\"twitter:label1\" content=\"Written by\" \/>\n\t<meta name=\"twitter:data1\" content=\"newsmaster\" \/>\n\t<meta name=\"twitter:label2\" content=\"Est. reading time\" \/>\n\t<meta name=\"twitter:data2\" content=\"3 minutes\" \/>\n<script type=\"application\/ld+json\" class=\"yoast-schema-graph\">{\"@context\":\"https:\\\/\\\/schema.org\",\"@graph\":[{\"@type\":\"Article\",\"@id\":\"https:\\\/\\\/www.pcvesti.com\\\/?p=27133#article\",\"isPartOf\":{\"@id\":\"https:\\\/\\\/www.pcvesti.com\\\/?p=27133\"},\"author\":{\"name\":\"newsmaster\",\"@id\":\"https:\\\/\\\/www.pcvesti.com\\\/#\\\/schema\\\/person\\\/d1e384f7c138a1fcda7af7425e55a6b2\"},\"headline\":\"ASTRA ve\u0107 tre\u0107u godinu zaredom daje deci priliku da poka\u017eu svoj talenat i podr\u017eava humanitarnu organizaciju \u201eLekari bez granica\u201c\",\"datePublished\":\"2013-09-05T20:46:39+00:00\",\"mainEntityOfPage\":{\"@id\":\"https:\\\/\\\/www.pcvesti.com\\\/?p=27133\"},\"wordCount\":672,\"image\":{\"@id\":\"https:\\\/\\\/www.pcvesti.com\\\/?p=27133#primaryimage\"},\"thumbnailUrl\":\"http:\\\/\\\/www.pcvesti.com\\\/wp-content\\\/uploads\\\/2013\\\/09\\\/Astra-Talent-flajer-150x300.jpg\",\"articleSection\":[\"Dogadjaji\",\"PC Vesti\"],\"inLanguage\":\"en-US\"},{\"@type\":\"WebPage\",\"@id\":\"https:\\\/\\\/www.pcvesti.com\\\/?p=27133\",\"url\":\"https:\\\/\\\/www.pcvesti.com\\\/?p=27133\",\"name\":\"ASTRA ve\u0107 tre\u0107u godinu zaredom daje deci priliku da poka\u017eu svoj talenat i podr\u017eava humanitarnu organizaciju \u201eLekari bez granica\u201c - PCVesti\",\"isPartOf\":{\"@id\":\"https:\\\/\\\/www.pcvesti.com\\\/#website\"},\"primaryImageOfPage\":{\"@id\":\"https:\\\/\\\/www.pcvesti.com\\\/?p=27133#primaryimage\"},\"image\":{\"@id\":\"https:\\\/\\\/www.pcvesti.com\\\/?p=27133#primaryimage\"},\"thumbnailUrl\":\"http:\\\/\\\/www.pcvesti.com\\\/wp-content\\\/uploads\\\/2013\\\/09\\\/Astra-Talent-flajer-150x300.jpg\",\"datePublished\":\"2013-09-05T20:46:39+00:00\",\"author\":{\"@id\":\"https:\\\/\\\/www.pcvesti.com\\\/#\\\/schema\\\/person\\\/d1e384f7c138a1fcda7af7425e55a6b2\"},\"breadcrumb\":{\"@id\":\"https:\\\/\\\/www.pcvesti.com\\\/?p=27133#breadcrumb\"},\"inLanguage\":\"en-US\",\"potentialAction\":[{\"@type\":\"ReadAction\",\"target\":[\"https:\\\/\\\/www.pcvesti.com\\\/?p=27133\"]}]},{\"@type\":\"ImageObject\",\"inLanguage\":\"en-US\",\"@id\":\"https:\\\/\\\/www.pcvesti.com\\\/?p=27133#primaryimage\",\"url\":\"https:\\\/\\\/www.pcvesti.com\\\/wp-content\\\/uploads\\\/2013\\\/09\\\/Astra-Talent-flajer-980x450.jpg\",\"contentUrl\":\"https:\\\/\\\/www.pcvesti.com\\\/wp-content\\\/uploads\\\/2013\\\/09\\\/Astra-Talent-flajer-980x450.jpg\",\"width\":1218,\"height\":2427},{\"@type\":\"BreadcrumbList\",\"@id\":\"https:\\\/\\\/www.pcvesti.com\\\/?p=27133#breadcrumb\",\"itemListElement\":[{\"@type\":\"ListItem\",\"position\":1,\"name\":\"Home\",\"item\":\"https:\\\/\\\/www.pcvesti.com\\\/\"},{\"@type\":\"ListItem\",\"position\":2,\"name\":\"ASTRA ve\u0107 tre\u0107u godinu zaredom daje deci priliku da poka\u017eu svoj talenat i podr\u017eava humanitarnu organizaciju \u201eLekari bez granica\u201c\"}]},{\"@type\":\"WebSite\",\"@id\":\"https:\\\/\\\/www.pcvesti.com\\\/#website\",\"url\":\"https:\\\/\\\/www.pcvesti.com\\\/\",\"name\":\"PCVesti\",\"description\":\"www.pcvesti.com\",\"potentialAction\":[{\"@type\":\"SearchAction\",\"target\":{\"@type\":\"EntryPoint\",\"urlTemplate\":\"https:\\\/\\\/www.pcvesti.com\\\/?s={search_term_string}\"},\"query-input\":{\"@type\":\"PropertyValueSpecification\",\"valueRequired\":true,\"valueName\":\"search_term_string\"}}],\"inLanguage\":\"en-US\"},{\"@type\":\"Person\",\"@id\":\"https:\\\/\\\/www.pcvesti.com\\\/#\\\/schema\\\/person\\\/d1e384f7c138a1fcda7af7425e55a6b2\",\"name\":\"newsmaster\",\"image\":{\"@type\":\"ImageObject\",\"inLanguage\":\"en-US\",\"@id\":\"https:\\\/\\\/www.pcvesti.com\\\/wp-content\\\/uploads\\\/2018\\\/09\\\/avatar_user_5_1537115954-96x96.jpeg\",\"url\":\"https:\\\/\\\/www.pcvesti.com\\\/wp-content\\\/uploads\\\/2018\\\/09\\\/avatar_user_5_1537115954-96x96.jpeg\",\"contentUrl\":\"https:\\\/\\\/www.pcvesti.com\\\/wp-content\\\/uploads\\\/2018\\\/09\\\/avatar_user_5_1537115954-96x96.jpeg\",\"caption\":\"newsmaster\"},\"url\":\"https:\\\/\\\/www.pcvesti.com\\\/?author=5\"}]}<\/script>\n<!-- \/ Yoast SEO plugin. -->","yoast_head_json":{"title":"ASTRA ve\u0107 tre\u0107u godinu zaredom daje deci priliku da poka\u017eu svoj talenat i podr\u017eava humanitarnu organizaciju \u201eLekari bez granica\u201c - PCVesti","robots":{"index":"index","follow":"follow","max-snippet":"max-snippet:-1","max-image-preview":"max-image-preview:large","max-video-preview":"max-video-preview:-1"},"canonical":"https:\/\/www.pcvesti.com\/?p=27133","og_locale":"en_US","og_type":"article","og_title":"ASTRA ve\u0107 tre\u0107u godinu zaredom daje deci priliku da poka\u017eu svoj talenat i podr\u017eava humanitarnu organizaciju \u201eLekari bez granica\u201c - PCVesti","og_description":"Beograd,\u00a004. septembar 2013\u00a0\u2013 Sa po\u010detkom nove \u0161kolske godine po\u010dinje i tre\u0107e zaredom takmi\u010denje ASTRA Talent. Me\u0111unarodno umetni\u010dko takmi\u010denje za decu, kompanija SES (kotirana na berzama Euronext Paris i Luxembourg Stock Exchange pod oznakom SESG) ove godine organizuje u najve\u0107em broju zemalja do sada \u2013 u Bugarskoj, \u010ce\u0161koj, Hrvatskoj, Poljskoj, Rumuniji, Srbiji, Slova\u010dkoj i Sloveniji. Deca uzrasta od 8 do 15 godina imaju zadatak da nacrtaju svoju zamisao kako sateliti poma\u017eu ljudima. Za... Continue reading","og_url":"https:\/\/www.pcvesti.com\/?p=27133","og_site_name":"PCVesti","article_published_time":"2013-09-05T20:46:39+00:00","og_image":[{"url":"http:\/\/www.pcvesti.com\/wp-content\/uploads\/2013\/09\/Astra-Talent-flajer-150x300.jpg","type":"","width":"","height":""}],"author":"newsmaster","twitter_card":"summary_large_image","twitter_misc":{"Written by":"newsmaster","Est. reading time":"3 minutes"},"schema":{"@context":"https:\/\/schema.org","@graph":[{"@type":"Article","@id":"https:\/\/www.pcvesti.com\/?p=27133#article","isPartOf":{"@id":"https:\/\/www.pcvesti.com\/?p=27133"},"author":{"name":"newsmaster","@id":"https:\/\/www.pcvesti.com\/#\/schema\/person\/d1e384f7c138a1fcda7af7425e55a6b2"},"headline":"ASTRA ve\u0107 tre\u0107u godinu zaredom daje deci priliku da poka\u017eu svoj talenat i podr\u017eava humanitarnu organizaciju \u201eLekari bez granica\u201c","datePublished":"2013-09-05T20:46:39+00:00","mainEntityOfPage":{"@id":"https:\/\/www.pcvesti.com\/?p=27133"},"wordCount":672,"image":{"@id":"https:\/\/www.pcvesti.com\/?p=27133#primaryimage"},"thumbnailUrl":"http:\/\/www.pcvesti.com\/wp-content\/uploads\/2013\/09\/Astra-Talent-flajer-150x300.jpg","articleSection":["Dogadjaji","PC Vesti"],"inLanguage":"en-US"},{"@type":"WebPage","@id":"https:\/\/www.pcvesti.com\/?p=27133","url":"https:\/\/www.pcvesti.com\/?p=27133","name":"ASTRA ve\u0107 tre\u0107u godinu zaredom daje deci priliku da poka\u017eu svoj talenat i podr\u017eava humanitarnu organizaciju \u201eLekari bez granica\u201c - PCVesti","isPartOf":{"@id":"https:\/\/www.pcvesti.com\/#website"},"primaryImageOfPage":{"@id":"https:\/\/www.pcvesti.com\/?p=27133#primaryimage"},"image":{"@id":"https:\/\/www.pcvesti.com\/?p=27133#primaryimage"},"thumbnailUrl":"http:\/\/www.pcvesti.com\/wp-content\/uploads\/2013\/09\/Astra-Talent-flajer-150x300.jpg","datePublished":"2013-09-05T20:46:39+00:00","author":{"@id":"https:\/\/www.pcvesti.com\/#\/schema\/person\/d1e384f7c138a1fcda7af7425e55a6b2"},"breadcrumb":{"@id":"https:\/\/www.pcvesti.com\/?p=27133#breadcrumb"},"inLanguage":"en-US","potentialAction":[{"@type":"ReadAction","target":["https:\/\/www.pcvesti.com\/?p=27133"]}]},{"@type":"ImageObject","inLanguage":"en-US","@id":"https:\/\/www.pcvesti.com\/?p=27133#primaryimage","url":"https:\/\/www.pcvesti.com\/wp-content\/uploads\/2013\/09\/Astra-Talent-flajer-980x450.jpg","contentUrl":"https:\/\/www.pcvesti.com\/wp-content\/uploads\/2013\/09\/Astra-Talent-flajer-980x450.jpg","width":1218,"height":2427},{"@type":"BreadcrumbList","@id":"https:\/\/www.pcvesti.com\/?p=27133#breadcrumb","itemListElement":[{"@type":"ListItem","position":1,"name":"Home","item":"https:\/\/www.pcvesti.com\/"},{"@type":"ListItem","position":2,"name":"ASTRA ve\u0107 tre\u0107u godinu zaredom daje deci priliku da poka\u017eu svoj talenat i podr\u017eava humanitarnu organizaciju \u201eLekari bez granica\u201c"}]},{"@type":"WebSite","@id":"https:\/\/www.pcvesti.com\/#website","url":"https:\/\/www.pcvesti.com\/","name":"PCVesti","description":"www.pcvesti.com","potentialAction":[{"@type":"SearchAction","target":{"@type":"EntryPoint","urlTemplate":"https:\/\/www.pcvesti.com\/?s={search_term_string}"},"query-input":{"@type":"PropertyValueSpecification","valueRequired":true,"valueName":"search_term_string"}}],"inLanguage":"en-US"},{"@type":"Person","@id":"https:\/\/www.pcvesti.com\/#\/schema\/person\/d1e384f7c138a1fcda7af7425e55a6b2","name":"newsmaster","image":{"@type":"ImageObject","inLanguage":"en-US","@id":"https:\/\/www.pcvesti.com\/wp-content\/uploads\/2018\/09\/avatar_user_5_1537115954-96x96.jpeg","url":"https:\/\/www.pcvesti.com\/wp-content\/uploads\/2018\/09\/avatar_user_5_1537115954-96x96.jpeg","contentUrl":"https:\/\/www.pcvesti.com\/wp-content\/uploads\/2018\/09\/avatar_user_5_1537115954-96x96.jpeg","caption":"newsmaster"},"url":"https:\/\/www.pcvesti.com\/?author=5"}]}},"_links":{"self":[{"href":"https:\/\/www.pcvesti.com\/index.php?rest_route=\/wp\/v2\/posts\/27133","targetHints":{"allow":["GET"]}}],"collection":[{"href":"https:\/\/www.pcvesti.com\/index.php?rest_route=\/wp\/v2\/posts"}],"about":[{"href":"https:\/\/www.pcvesti.com\/index.php?rest_route=\/wp\/v2\/types\/post"}],"author":[{"embeddable":true,"href":"https:\/\/www.pcvesti.com\/index.php?rest_route=\/wp\/v2\/users\/5"}],"replies":[{"embeddable":true,"href":"https:\/\/www.pcvesti.com\/index.php?rest_route=%2Fwp%2Fv2%2Fcomments&post=27133"}],"version-history":[{"count":0,"href":"https:\/\/www.pcvesti.com\/index.php?rest_route=\/wp\/v2\/posts\/27133\/revisions"}],"wp:attachment":[{"href":"https:\/\/www.pcvesti.com\/index.php?rest_route=%2Fwp%2Fv2%2Fmedia&parent=27133"}],"wp:term":[{"taxonomy":"category","embeddable":true,"href":"https:\/\/www.pcvesti.com\/index.php?rest_route=%2Fwp%2Fv2%2Fcategories&post=27133"},{"taxonomy":"post_tag","embeddable":true,"href":"https:\/\/www.pcvesti.com\/index.php?rest_route=%2Fwp%2Fv2%2Ftags&post=27133"}],"curies":[{"name":"wp","href":"https:\/\/api.w.org\/{rel}","templated":true}]}}