{"id":29811,"date":"2015-04-01T09:32:16","date_gmt":"2015-04-01T08:32:16","guid":{"rendered":"http:\/\/www.pcvesti.com\/?p=29811"},"modified":"2015-04-01T09:32:16","modified_gmt":"2015-04-01T08:32:16","slug":"saradnja-ericssona-prestiznih-univerziteta-na-razvoju-5g-tehnologije","status":"publish","type":"post","link":"https:\/\/www.pcvesti.com\/?p=29811","title":{"rendered":"Saradnja Ericssona i presti\u017enih univerziteta na razvoju 5G tehnologije"},"content":{"rendered":"<p><img loading=\"lazy\" decoding=\"async\" class=\"alignleft\" src=\"http:\/\/www.pcvesti.com\/wp-content\/gallery\/logos_comp_pcv\/ericsson_logo.jpg\" alt=\"\" width=\"180\" height=\"180\" \/>Kompanija Ericsson sara\u0111iva\u0107e sa Kings koled\u017eom u Londonu i Tehni\u010dkim univerzitetom u Drezdenu na razvoju 5G tehnologije, koji \u0107e obuhvatiti kako tehni\u010dke tako i dru\u0161tvene apsekte implementacije 5G-a.<\/p>\n<p>Tako\u0111e, Ericsson \u0107e voditi projekat METIS (<em>Mobile and wireless communications Enablers for Twenty-twenty (2020) Information Society<\/em>) i bi\u0107e pokreta\u010d 5G PPP infrastrukture, u kojoj \u0107e operatori, kao i druge kompanije iz razli\u010ditih industrija, kao \u0161to su automobilska ili pru\u017eaoci komunalnih usluga, raditi zajedno.<\/p>\n<p>5G bi trebalo da pru\u017ei brzine prenosa podataka ve\u0107e od 10Gbps, na otvorenom i u zatvorenom prostoru. Prenos podataka, od najmanje 10 Mbps, trebalo bi da bude ostvariv svuda, uklju\u010duju\u0107i i slabo naseljena ruralna podru\u010dja u zemljama u razvoju.<\/p>\n<p>U martu 2015. godine, kompanija Ericsson najavila je saradnju sa dva velika svetska operatora na razvoju novih 5G tehnologija i standarda. Sa australijskim operatorom Telstra, kao i ju\u017enokorejskim KT-om, Ericsson \u0107e zajedno raditi na istra\u017eivanju, analizama i testiranju 5G mobilnih tehnologija, koje \u0107e obezbediti prenose podataka br\u017ee i do 1000 puta u odnosu na dana\u0161nje 4G mre\u017ee.<\/p>\n<p><em>Kompanija Ericsson je pokreta\u010dka snaga za umre\u017eeno dru\u0161tvo \u2013 globalni lider u tehnolo\u0161kim komunikacijama i uslugama. Dugoro\u010dna saradnja sa svim ve\u0107im telekomunikacionim operaterima na svetu, omogu\u0107uje ljudima, kompanijama i organizacijama da ispune svoj potencijal i stvore odr\u017eivu budu\u0107nost.<\/em><\/p>\n<p><em>Na\u0161i servisi, softverska re\u0161enja i infrastruktura, posebno u mobilnim, \u0161irokopojasnim, kao i cloud re\u0161enjima, pru\u017eaju mogu\u0107nost za industriju telekomunikacija, kao i druge sektore, da obezbedi bolje poslovanje, pove\u0107a efikasnost, unapredi korisni\u010dko iskustvo i iskoristi nove mogu\u0107nosti.<\/em><!--more--><\/p>\n<p><em>Sa vi\u0161e od 115.000 profesionalaca i klijenata u 180 zemalja, povezujemo na\u0161e globalno prisustvo\u00a0 i lidersku poziciju u\u00a0 tehnologijama i servisima. Kompanija Ericsson odr\u017eava mre\u017ee koja povezuje vi\u0161e od 2.5 milijardi pretplatnika. \u010cetrdeset procenata mobilnog saobra\u0107aja u svetu odvija se kroz mre\u017ee koje koriste opremu i re\u0161enja kompanije Ericsson. Na\u0161e investicije u istra\u017eivanja i razvoj, govore u prilog tome, da su na\u0161a re\u0161enja, kao i na\u0161i klijente, za nas uvek na prvom mestu.<\/em><\/p>\n<p><em>Kompanija Ericsson je osnovana 1876, sa sedi\u0161tem u Stokholmu. Neto prodaja u 2014. iznosila je 33.1 milijardi ameri\u010dkih dolara. Kompanija je registrovana je na berzama NASDAQ OMX Stockholm i NASDAQ New York.<\/em><\/p>\n","protected":false},"excerpt":{"rendered":"<p>Kompanija Ericsson sara\u0111iva\u0107e sa Kings koled\u017eom u Londonu i Tehni\u010dkim univerzitetom u Drezdenu na razvoju 5G tehnologije, koji \u0107e obuhvatiti kako tehni\u010dke tako i dru\u0161tvene apsekte implementacije 5G-a. Tako\u0111e, Ericsson \u0107e voditi projekat METIS (Mobile and wireless communications Enablers for Twenty-twenty (2020) Information Society) i bi\u0107e pokreta\u010d 5G PPP infrastrukture, u kojoj \u0107e operatori, kao i druge kompanije iz razli\u010ditih industrija, kao \u0161to su automobilska ili pru\u017eaoci komunalnih usluga, raditi zajedno. 5G&#8230; <\/p>\n<div class=\"more-container\"><a class=\"more-link\" href=\"https:\/\/www.pcvesti.com\/?p=29811\" itemprop=\"url\">Continue reading<\/a><\/div>\n","protected":false},"author":5,"featured_media":0,"comment_status":"closed","ping_status":"closed","sticky":false,"template":"","format":"standard","meta":{"seo_booster_metabox":"","ngg_post_thumbnail":0,"slim_seo":{"title":"Saradnja Ericssona i presti\u017enih univerziteta na razvoju 5G tehnologije - PCVesti","description":"Kompanija Ericsson sara\u0111iva\u0107e sa Kings koled\u017eom u Londonu i Tehni\u010dkim univerzitetom u Drezdenu na razvoju 5G tehnologije, koji \u0107e obuhvatiti kako tehni\u010dke tako"},"footnotes":""},"categories":[5],"tags":[],"class_list":["post-29811","post","type-post","status-publish","format-standard","hentry","category-pc-vesti"],"yoast_head":"<!-- This site is optimized with the Yoast SEO plugin v27.5 - https:\/\/yoast.com\/product\/yoast-seo-wordpress\/ -->\n<title>Saradnja Ericssona i presti\u017enih univerziteta na razvoju 5G tehnologije - PCVesti<\/title>\n<meta name=\"robots\" content=\"index, follow, max-snippet:-1, max-image-preview:large, max-video-preview:-1\" \/>\n<link rel=\"canonical\" href=\"https:\/\/www.pcvesti.com\/?p=29811\" \/>\n<meta property=\"og:locale\" content=\"en_US\" \/>\n<meta property=\"og:type\" content=\"article\" \/>\n<meta property=\"og:title\" content=\"Saradnja Ericssona i presti\u017enih univerziteta na razvoju 5G tehnologije - PCVesti\" \/>\n<meta property=\"og:description\" content=\"Kompanija Ericsson sara\u0111iva\u0107e sa Kings koled\u017eom u Londonu i Tehni\u010dkim univerzitetom u Drezdenu na razvoju 5G tehnologije, koji \u0107e obuhvatiti kako tehni\u010dke tako i dru\u0161tvene apsekte implementacije 5G-a. Tako\u0111e, Ericsson \u0107e voditi projekat METIS (Mobile and wireless communications Enablers for Twenty-twenty (2020) Information Society) i bi\u0107e pokreta\u010d 5G PPP infrastrukture, u kojoj \u0107e operatori, kao i druge kompanije iz razli\u010ditih industrija, kao \u0161to su automobilska ili pru\u017eaoci komunalnih usluga, raditi zajedno. 5G... Continue reading\" \/>\n<meta property=\"og:url\" content=\"https:\/\/www.pcvesti.com\/?p=29811\" \/>\n<meta property=\"og:site_name\" content=\"PCVesti\" \/>\n<meta property=\"article:published_time\" content=\"2015-04-01T08:32:16+00:00\" \/>\n<meta property=\"og:image\" content=\"http:\/\/www.pcvesti.com\/wp-content\/gallery\/logos_comp_pcv\/ericsson_logo.jpg\" \/>\n<meta name=\"author\" content=\"newsmaster\" \/>\n<meta name=\"twitter:card\" content=\"summary_large_image\" \/>\n<meta name=\"twitter:label1\" content=\"Written by\" \/>\n\t<meta name=\"twitter:data1\" content=\"newsmaster\" \/>\n\t<meta name=\"twitter:label2\" content=\"Est. reading time\" \/>\n\t<meta name=\"twitter:data2\" content=\"2 minutes\" \/>\n<script type=\"application\/ld+json\" class=\"yoast-schema-graph\">{\"@context\":\"https:\\\/\\\/schema.org\",\"@graph\":[{\"@type\":\"Article\",\"@id\":\"https:\\\/\\\/www.pcvesti.com\\\/?p=29811#article\",\"isPartOf\":{\"@id\":\"https:\\\/\\\/www.pcvesti.com\\\/?p=29811\"},\"author\":{\"name\":\"newsmaster\",\"@id\":\"https:\\\/\\\/www.pcvesti.com\\\/#\\\/schema\\\/person\\\/d1e384f7c138a1fcda7af7425e55a6b2\"},\"headline\":\"Saradnja Ericssona i presti\u017enih univerziteta na razvoju 5G tehnologije\",\"datePublished\":\"2015-04-01T08:32:16+00:00\",\"mainEntityOfPage\":{\"@id\":\"https:\\\/\\\/www.pcvesti.com\\\/?p=29811\"},\"wordCount\":397,\"image\":{\"@id\":\"https:\\\/\\\/www.pcvesti.com\\\/?p=29811#primaryimage\"},\"thumbnailUrl\":\"http:\\\/\\\/www.pcvesti.com\\\/wp-content\\\/gallery\\\/logos_comp_pcv\\\/ericsson_logo.jpg\",\"articleSection\":[\"PC Vesti\"],\"inLanguage\":\"en-US\"},{\"@type\":\"WebPage\",\"@id\":\"https:\\\/\\\/www.pcvesti.com\\\/?p=29811\",\"url\":\"https:\\\/\\\/www.pcvesti.com\\\/?p=29811\",\"name\":\"Saradnja Ericssona i presti\u017enih univerziteta na razvoju 5G tehnologije - PCVesti\",\"isPartOf\":{\"@id\":\"https:\\\/\\\/www.pcvesti.com\\\/#website\"},\"primaryImageOfPage\":{\"@id\":\"https:\\\/\\\/www.pcvesti.com\\\/?p=29811#primaryimage\"},\"image\":{\"@id\":\"https:\\\/\\\/www.pcvesti.com\\\/?p=29811#primaryimage\"},\"thumbnailUrl\":\"http:\\\/\\\/www.pcvesti.com\\\/wp-content\\\/gallery\\\/logos_comp_pcv\\\/ericsson_logo.jpg\",\"datePublished\":\"2015-04-01T08:32:16+00:00\",\"author\":{\"@id\":\"https:\\\/\\\/www.pcvesti.com\\\/#\\\/schema\\\/person\\\/d1e384f7c138a1fcda7af7425e55a6b2\"},\"breadcrumb\":{\"@id\":\"https:\\\/\\\/www.pcvesti.com\\\/?p=29811#breadcrumb\"},\"inLanguage\":\"en-US\",\"potentialAction\":[{\"@type\":\"ReadAction\",\"target\":[\"https:\\\/\\\/www.pcvesti.com\\\/?p=29811\"]}]},{\"@type\":\"ImageObject\",\"inLanguage\":\"en-US\",\"@id\":\"https:\\\/\\\/www.pcvesti.com\\\/?p=29811#primaryimage\",\"url\":\"http:\\\/\\\/www.pcvesti.com\\\/wp-content\\\/gallery\\\/logos_comp_pcv\\\/ericsson_logo.jpg\",\"contentUrl\":\"http:\\\/\\\/www.pcvesti.com\\\/wp-content\\\/gallery\\\/logos_comp_pcv\\\/ericsson_logo.jpg\"},{\"@type\":\"BreadcrumbList\",\"@id\":\"https:\\\/\\\/www.pcvesti.com\\\/?p=29811#breadcrumb\",\"itemListElement\":[{\"@type\":\"ListItem\",\"position\":1,\"name\":\"Home\",\"item\":\"https:\\\/\\\/www.pcvesti.com\\\/\"},{\"@type\":\"ListItem\",\"position\":2,\"name\":\"Saradnja Ericssona i presti\u017enih univerziteta na razvoju 5G tehnologije\"}]},{\"@type\":\"WebSite\",\"@id\":\"https:\\\/\\\/www.pcvesti.com\\\/#website\",\"url\":\"https:\\\/\\\/www.pcvesti.com\\\/\",\"name\":\"PCVesti\",\"description\":\"www.pcvesti.com\",\"potentialAction\":[{\"@type\":\"SearchAction\",\"target\":{\"@type\":\"EntryPoint\",\"urlTemplate\":\"https:\\\/\\\/www.pcvesti.com\\\/?s={search_term_string}\"},\"query-input\":{\"@type\":\"PropertyValueSpecification\",\"valueRequired\":true,\"valueName\":\"search_term_string\"}}],\"inLanguage\":\"en-US\"},{\"@type\":\"Person\",\"@id\":\"https:\\\/\\\/www.pcvesti.com\\\/#\\\/schema\\\/person\\\/d1e384f7c138a1fcda7af7425e55a6b2\",\"name\":\"newsmaster\",\"image\":{\"@type\":\"ImageObject\",\"inLanguage\":\"en-US\",\"@id\":\"https:\\\/\\\/www.pcvesti.com\\\/wp-content\\\/uploads\\\/2018\\\/09\\\/avatar_user_5_1537115954-96x96.jpeg\",\"url\":\"https:\\\/\\\/www.pcvesti.com\\\/wp-content\\\/uploads\\\/2018\\\/09\\\/avatar_user_5_1537115954-96x96.jpeg\",\"contentUrl\":\"https:\\\/\\\/www.pcvesti.com\\\/wp-content\\\/uploads\\\/2018\\\/09\\\/avatar_user_5_1537115954-96x96.jpeg\",\"caption\":\"newsmaster\"},\"url\":\"https:\\\/\\\/www.pcvesti.com\\\/?author=5\"}]}<\/script>\n<!-- \/ Yoast SEO plugin. -->","yoast_head_json":{"title":"Saradnja Ericssona i presti\u017enih univerziteta na razvoju 5G tehnologije - PCVesti","robots":{"index":"index","follow":"follow","max-snippet":"max-snippet:-1","max-image-preview":"max-image-preview:large","max-video-preview":"max-video-preview:-1"},"canonical":"https:\/\/www.pcvesti.com\/?p=29811","og_locale":"en_US","og_type":"article","og_title":"Saradnja Ericssona i presti\u017enih univerziteta na razvoju 5G tehnologije - PCVesti","og_description":"Kompanija Ericsson sara\u0111iva\u0107e sa Kings koled\u017eom u Londonu i Tehni\u010dkim univerzitetom u Drezdenu na razvoju 5G tehnologije, koji \u0107e obuhvatiti kako tehni\u010dke tako i dru\u0161tvene apsekte implementacije 5G-a. Tako\u0111e, Ericsson \u0107e voditi projekat METIS (Mobile and wireless communications Enablers for Twenty-twenty (2020) Information Society) i bi\u0107e pokreta\u010d 5G PPP infrastrukture, u kojoj \u0107e operatori, kao i druge kompanije iz razli\u010ditih industrija, kao \u0161to su automobilska ili pru\u017eaoci komunalnih usluga, raditi zajedno. 5G... Continue reading","og_url":"https:\/\/www.pcvesti.com\/?p=29811","og_site_name":"PCVesti","article_published_time":"2015-04-01T08:32:16+00:00","og_image":[{"url":"http:\/\/www.pcvesti.com\/wp-content\/gallery\/logos_comp_pcv\/ericsson_logo.jpg","type":"","width":"","height":""}],"author":"newsmaster","twitter_card":"summary_large_image","twitter_misc":{"Written by":"newsmaster","Est. reading time":"2 minutes"},"schema":{"@context":"https:\/\/schema.org","@graph":[{"@type":"Article","@id":"https:\/\/www.pcvesti.com\/?p=29811#article","isPartOf":{"@id":"https:\/\/www.pcvesti.com\/?p=29811"},"author":{"name":"newsmaster","@id":"https:\/\/www.pcvesti.com\/#\/schema\/person\/d1e384f7c138a1fcda7af7425e55a6b2"},"headline":"Saradnja Ericssona i presti\u017enih univerziteta na razvoju 5G tehnologije","datePublished":"2015-04-01T08:32:16+00:00","mainEntityOfPage":{"@id":"https:\/\/www.pcvesti.com\/?p=29811"},"wordCount":397,"image":{"@id":"https:\/\/www.pcvesti.com\/?p=29811#primaryimage"},"thumbnailUrl":"http:\/\/www.pcvesti.com\/wp-content\/gallery\/logos_comp_pcv\/ericsson_logo.jpg","articleSection":["PC Vesti"],"inLanguage":"en-US"},{"@type":"WebPage","@id":"https:\/\/www.pcvesti.com\/?p=29811","url":"https:\/\/www.pcvesti.com\/?p=29811","name":"Saradnja Ericssona i presti\u017enih univerziteta na razvoju 5G tehnologije - PCVesti","isPartOf":{"@id":"https:\/\/www.pcvesti.com\/#website"},"primaryImageOfPage":{"@id":"https:\/\/www.pcvesti.com\/?p=29811#primaryimage"},"image":{"@id":"https:\/\/www.pcvesti.com\/?p=29811#primaryimage"},"thumbnailUrl":"http:\/\/www.pcvesti.com\/wp-content\/gallery\/logos_comp_pcv\/ericsson_logo.jpg","datePublished":"2015-04-01T08:32:16+00:00","author":{"@id":"https:\/\/www.pcvesti.com\/#\/schema\/person\/d1e384f7c138a1fcda7af7425e55a6b2"},"breadcrumb":{"@id":"https:\/\/www.pcvesti.com\/?p=29811#breadcrumb"},"inLanguage":"en-US","potentialAction":[{"@type":"ReadAction","target":["https:\/\/www.pcvesti.com\/?p=29811"]}]},{"@type":"ImageObject","inLanguage":"en-US","@id":"https:\/\/www.pcvesti.com\/?p=29811#primaryimage","url":"http:\/\/www.pcvesti.com\/wp-content\/gallery\/logos_comp_pcv\/ericsson_logo.jpg","contentUrl":"http:\/\/www.pcvesti.com\/wp-content\/gallery\/logos_comp_pcv\/ericsson_logo.jpg"},{"@type":"BreadcrumbList","@id":"https:\/\/www.pcvesti.com\/?p=29811#breadcrumb","itemListElement":[{"@type":"ListItem","position":1,"name":"Home","item":"https:\/\/www.pcvesti.com\/"},{"@type":"ListItem","position":2,"name":"Saradnja Ericssona i presti\u017enih univerziteta na razvoju 5G tehnologije"}]},{"@type":"WebSite","@id":"https:\/\/www.pcvesti.com\/#website","url":"https:\/\/www.pcvesti.com\/","name":"PCVesti","description":"www.pcvesti.com","potentialAction":[{"@type":"SearchAction","target":{"@type":"EntryPoint","urlTemplate":"https:\/\/www.pcvesti.com\/?s={search_term_string}"},"query-input":{"@type":"PropertyValueSpecification","valueRequired":true,"valueName":"search_term_string"}}],"inLanguage":"en-US"},{"@type":"Person","@id":"https:\/\/www.pcvesti.com\/#\/schema\/person\/d1e384f7c138a1fcda7af7425e55a6b2","name":"newsmaster","image":{"@type":"ImageObject","inLanguage":"en-US","@id":"https:\/\/www.pcvesti.com\/wp-content\/uploads\/2018\/09\/avatar_user_5_1537115954-96x96.jpeg","url":"https:\/\/www.pcvesti.com\/wp-content\/uploads\/2018\/09\/avatar_user_5_1537115954-96x96.jpeg","contentUrl":"https:\/\/www.pcvesti.com\/wp-content\/uploads\/2018\/09\/avatar_user_5_1537115954-96x96.jpeg","caption":"newsmaster"},"url":"https:\/\/www.pcvesti.com\/?author=5"}]}},"_links":{"self":[{"href":"https:\/\/www.pcvesti.com\/index.php?rest_route=\/wp\/v2\/posts\/29811","targetHints":{"allow":["GET"]}}],"collection":[{"href":"https:\/\/www.pcvesti.com\/index.php?rest_route=\/wp\/v2\/posts"}],"about":[{"href":"https:\/\/www.pcvesti.com\/index.php?rest_route=\/wp\/v2\/types\/post"}],"author":[{"embeddable":true,"href":"https:\/\/www.pcvesti.com\/index.php?rest_route=\/wp\/v2\/users\/5"}],"replies":[{"embeddable":true,"href":"https:\/\/www.pcvesti.com\/index.php?rest_route=%2Fwp%2Fv2%2Fcomments&post=29811"}],"version-history":[{"count":0,"href":"https:\/\/www.pcvesti.com\/index.php?rest_route=\/wp\/v2\/posts\/29811\/revisions"}],"wp:attachment":[{"href":"https:\/\/www.pcvesti.com\/index.php?rest_route=%2Fwp%2Fv2%2Fmedia&parent=29811"}],"wp:term":[{"taxonomy":"category","embeddable":true,"href":"https:\/\/www.pcvesti.com\/index.php?rest_route=%2Fwp%2Fv2%2Fcategories&post=29811"},{"taxonomy":"post_tag","embeddable":true,"href":"https:\/\/www.pcvesti.com\/index.php?rest_route=%2Fwp%2Fv2%2Ftags&post=29811"}],"curies":[{"name":"wp","href":"https:\/\/api.w.org\/{rel}","templated":true}]}}