{"id":30023,"date":"2015-05-12T10:48:36","date_gmt":"2015-05-12T09:48:36","guid":{"rendered":"http:\/\/www.pcvesti.com\/?p=30023"},"modified":"2015-05-12T10:48:36","modified_gmt":"2015-05-12T09:48:36","slug":"canon-predstavlja-ef-50mm-f1-8-stm-za-istaknute-portrete-prekrasno-zamucene-pozadine","status":"publish","type":"post","link":"https:\/\/www.pcvesti.com\/?p=30023","title":{"rendered":"Canon predstavlja EF 50mm f\/1.8 STM \u2013 za istaknute portrete i prekrasno zamu\u0107ene pozadine"},"content":{"rendered":"<p style=\"text-align: justify;\"><strong>Beograd, 11. maja \u00a02015. <\/strong>\u2013 Canon je danas predstavio EF 50mm f\/1.8 STM, novi objektiv fiksne \u017eari\u0161ne daljine, koji vam omogu\u0107ava da zabele\u017eite fotografije sa objektima koji \u201eiska\u010du\u201c iz scene ili da ostavite utisak sa prekrasnim zamu\u0107enjem pozadine. Naslednik neverovatno popularnog modela EF 50mm f\/1.8 II i savr\u0161en drugi objektiv za sve koji \u017eele da podignu svoje fotografije na vi\u0161i n\u017eivo, EF 50mm F\/1.8 STM izvanredan je pri snimanju portreta, fotografija u okru\u017eenju s niskim nivoom osvetljenja i za dodavanje umetni\u010dkog utiska svakodnevnim predmetima i scenama, zahvaljuju\u0107i maksimalnom otvoru objektiva f\/1.8 i \u017eari\u0161noj daljini od 50 mm.<\/p>\n<p style=\"text-align: justify;\"><img loading=\"lazy\" decoding=\"async\" class=\"aligncenter\" src=\"http:\/\/www.canon.co.uk\/Images\/EF%2050mm%20f-1.8%20STM%20Default_tcm14-1259667.jpg\" alt=\"\" width=\"530\" height=\"265\" \/><\/p>\n<p style=\"text-align: justify;\">EF 50mm f\/1.8 STM donosi pobolj\u0161ani dizajn, Canonov premaz Super Spectra, blendu sa sedam listi\u0107a i tehnologiju STM za glatko, gotovo ne\u010dujno fokusiranje. Kompaktan, lagan i povoljan, EF 50mm f\/1.8 STM je dobrodo\u0161ao dodatak fotografskoj torbi za sve one koji \u017eele da zabele\u017ee fotografije koje ostavljaju sna\u017ean utisak.<\/p>\n<p style=\"text-align: justify;\">\u00a0<!--more--><\/p>\n<p style=\"text-align: justify;\"><strong>Istra\u017eite kreativne portrete i fotografiranje pri slabom osvetljenju<\/strong><\/p>\n<p style=\"text-align: justify;\">Sa novim objektivom jednostavno mo\u017eete da zabele\u017eite vrhunske portrete ili sna\u017ene, umetni\u010dke fotografije i video-zapise \u2013 \u0161iroki otvor objektiva od maksimalno f\/1.8 omogu\u0107uje preciznu kontrolu nad dubinom polja. EF 50mm f\/1.8 STM vam daje kreativnu slobodu da se fokusirate na izabrani predmet fotografije i pustite da se ostatak kadra stopi u glatko zamu\u0107enu pozadinu \u2013 \u010dime trenutno privla\u010dite pa\u017enju gledalaca na ta\u010dno odre\u0111eno podru\u010dje. Otvor pu\u0161ta i vi\u0161e svetla u objektiv, \u0161to vam omogu\u0107ava jednostavno fotografisanje u tamnijim okru\u017eenjima.<\/p>\n<p style=\"text-align: justify;\">Fiksna \u017eari\u0161na daljina od 50 mm omogu\u0107ava dobijanje visokokvalitetnih rezultata, sa vidljivo pobolj\u0161anom o\u0161trinom i kontrastom. U paru s EOS DSLR fotoaparatom sa senzorom veli\u010dine APS-C, objektiv je savr\u0161en za snimanje portreta i omogu\u0107ava vam bele\u017eenje idealnih kompozicija na kojima se nalaze glava i ramena subjekta. Koristan je i kao svakodnevni standardni objektiv za DSLR fotoaparate punog kadra i sjajan za bele\u017eenje velikog broja razli\u010ditih predmeta fotografije s prirodnog gledi\u0161ta i iz prirodne perspektive.<\/p>\n<p style=\"text-align: justify;\">Objektiv nudi najmanju udaljenost fokusiranja od svega 0,35 m, \u0161to omogu\u0107ava da se jo\u0161 pribli\u017eite predmetima koje fotografi\u0161ete i postignete ve\u0107e uve\u0107anje, a blenda sa 7 listi\u0107a daje prekrasno zamu\u0107enje i akcente izvan fokusiranog podru\u010dja. Objektiv nudi pobolj\u0161ani kvalitet slike u pore\u0111enju s prethodnikom, a koristi Canonov premaz Super Spectra Coating koji smanjuje koli\u010dinu unutra\u0161njih refleksija, kao i odbljeske i efekt ghostinga.<\/p>\n<p style=\"text-align: justify;\"><strong>Savr\u0161en dodatak svakoj fotografskoj torbi<\/strong><\/p>\n<p style=\"text-align: justify;\">Objektiv je lagan i kompaktnog dizajna, a uz masu od svega 160 grama, lako se prenosi u bilo kojoj fotografskoj torbi, \u010diju ukupnu masu pove\u0107ava tek neznatno. Novi dizajn u skladu je s Canonovim EOS DSLR aparatima za po\u010detnike i srednje napredne korisnike, a novi metalni navoj omogu\u0107ava izdr\u017eljivije povezivanje s ku\u0107i\u0161tem fotoaparata. Prsten za ru\u010dno fokusiranje daje vam dodatnu slobodu da precizno odre\u0111ujete fokus prilikom fotografisanja i snimanja video-zapisa.<\/p>\n<p style=\"text-align: justify;\"><strong>EF 50mm f\/1.8 STM \u2013 najva\u017enije prednosti:<\/strong><\/p>\n<ul style=\"text-align: justify;\">\n<li>Fantasti\u010dan objektiv za portrete<\/li>\n<li>Brzo, gotovo ne\u010dujno fokusiranje<\/li>\n<li>Sjajne performanse pri slabom svetlu<\/li>\n<li>Vrhunski o\u0161tra i kvalitetna slika<\/li>\n<li>Kompaktan dizajn omogu\u0107i\u0107e vam da ga koristite gde god da se nalazite<strong>\n<p><\/strong><\/li>\n<\/ul>\n<p style=\"text-align: justify;\"><strong>\u2013 ### \u2013<\/strong><\/p>\n<p style=\"text-align: justify;\">O Canonu Europe<\/p>\n<p style=\"text-align: justify;\">Canon Europe je regionalno prodajno i marketin\u0161ko odeljenje kompanije <a href=\"http:\/\/www.canon.com\/\">Canon Inc.<\/a>, koja ima predstavni\u0161tva u 116 zemalja i zapo\u0161ljava vi\u0161e od 17.000 ljudi \u0161irom Evrope, Bliskog istoka i Afrike (tzv. regije EMEA).<\/p>\n<p style=\"text-align: justify;\">Canon je osnovan 1937. s jasnim ciljem da kupcima ponudi najkvalitetnije kamere i fotoaparate. Od tada je Canonova neumorna strast prema snazi slike pro\u0161irila njegovo delovanje na brojna druga tr\u017ei\u0161ta te od njega u\u010dinila svetskog predvodnika na podru\u010dju re\u0161enja za rad sa foto i video-materijalima za privatne i <a href=\"http:\/\/www.canon.hr\/For_work\/\">poslovne korisnike<\/a>. U ta re\u0161enja se ubrajaju proizvodi kao \u0161to su <a href=\"http:\/\/www.canon.hr\/For_Home\/Product_Finder\/Cameras\/Digital_Camera\/index.aspx\">digitalni kompaktni<\/a> i <a href=\"http:\/\/www.canon.hr\/For_Home\/Product_Finder\/Cameras\/Digital_SLR\/index.aspx\">SLR fotoaparati<\/a>, profesionalni snimateljski objektivi, prenosni rendgenski ure\u0111aji, vi\u0161efunkcijski pisa\u010di i <a href=\"http:\/\/www.canon.hr\/For_Work\/Products\/Professional_Print\/Digital_Colour_Production\/index.asp\">produkcione \u0161tamparske ma\u0161ine<\/a>, a uz sve se te proizvode nude raznovrsne prate\u0107e usluge.<\/p>\n<p style=\"text-align: justify;\">Canon mnogo ula\u017ee u istra\u017eivanje i razvoj kako bi ponudio najbogatije i najinovativnije proizvode i usluge te ispunio kreativne potrebe svojih korisnika. Od fotografa amatera do profesionalnih \u0161tampara, Canon svakom svom korisniku omogu\u0107ava ostvarivanje sopstvene strasti prema slici.<\/p>\n<p style=\"text-align: justify;\">Canonova korporacijska filozofija jest <a href=\"http:\/\/www.canon.hr\/About_Us\/About_Canon\/Philosophy\/Index.aspx\"><em>kyosei<\/em><\/a> \u2013 \u201czajedni\u010dki \u017eivot i rad za op\u0161te dobro\u201d. U regiji EMEA Canon Europe te\u017ei odr\u017eivom poslovnom razvoju, s naglaskom na smanjenju u\u010dicaja na okolinu te pru\u017eanju podr\u0161ke korisnicima u ostvarenju istog cilja pomo\u0107u Canonovih proizvoda, re\u0161enja i usluga. Canon ima globalni certifikat ISO 14001, \u010dime dokazuje da se pridr\u017eava standarda ekolo\u0161kog upravljanja na svetskom nivou.<\/p>\n<p style=\"text-align: justify;\">Dodatne informacije dostupne su na adresi <a href=\"http:\/\/www.canon-europe.com\">www.canon-europe.com<\/a>.<\/p>\n","protected":false},"excerpt":{"rendered":"<p>Beograd, 11. maja \u00a02015. \u2013 Canon je danas predstavio EF 50mm f\/1.8 STM, novi objektiv fiksne \u017eari\u0161ne daljine, koji vam omogu\u0107ava da zabele\u017eite fotografije sa objektima koji \u201eiska\u010du\u201c iz scene ili da ostavite utisak sa prekrasnim zamu\u0107enjem pozadine. Naslednik neverovatno popularnog modela EF 50mm f\/1.8 II i savr\u0161en drugi objektiv za sve koji \u017eele da podignu svoje fotografije na vi\u0161i n\u017eivo, EF 50mm F\/1.8 STM izvanredan je pri snimanju portreta, fotografija u&#8230; <\/p>\n<div class=\"more-container\"><a class=\"more-link\" href=\"https:\/\/www.pcvesti.com\/?p=30023\" itemprop=\"url\">Continue reading<\/a><\/div>\n","protected":false},"author":5,"featured_media":0,"comment_status":"closed","ping_status":"closed","sticky":false,"template":"","format":"standard","meta":{"seo_booster_metabox":"","ngg_post_thumbnail":0,"slim_seo":{"title":"Canon predstavlja EF 50mm f\/1.8 STM \u2013 za istaknute portrete i prekrasno zamu\u0107ene pozadine - PCVesti","description":"Beograd, 11. maja \u00a02015. \u2013 Canon je danas predstavio EF 50mm f\/1.8 STM, novi objektiv fiksne \u017eari\u0161ne daljine, koji vam omogu\u0107ava da zabele\u017eite fotografije sa ob"},"footnotes":""},"categories":[5,12],"tags":[],"class_list":["post-30023","post","type-post","status-publish","format-standard","hentry","category-pc-vesti","category-pdamobile"],"yoast_head":"<!-- This site is optimized with the Yoast SEO plugin v27.5 - https:\/\/yoast.com\/product\/yoast-seo-wordpress\/ -->\n<title>Canon predstavlja EF 50mm f\/1.8 STM \u2013 za istaknute portrete i prekrasno zamu\u0107ene pozadine - PCVesti<\/title>\n<meta name=\"robots\" content=\"index, follow, max-snippet:-1, max-image-preview:large, max-video-preview:-1\" \/>\n<link rel=\"canonical\" href=\"https:\/\/www.pcvesti.com\/?p=30023\" \/>\n<meta property=\"og:locale\" content=\"en_US\" \/>\n<meta property=\"og:type\" content=\"article\" \/>\n<meta property=\"og:title\" content=\"Canon predstavlja EF 50mm f\/1.8 STM \u2013 za istaknute portrete i prekrasno zamu\u0107ene pozadine - PCVesti\" \/>\n<meta property=\"og:description\" content=\"Beograd, 11. maja \u00a02015. \u2013 Canon je danas predstavio EF 50mm f\/1.8 STM, novi objektiv fiksne \u017eari\u0161ne daljine, koji vam omogu\u0107ava da zabele\u017eite fotografije sa objektima koji \u201eiska\u010du\u201c iz scene ili da ostavite utisak sa prekrasnim zamu\u0107enjem pozadine. Naslednik neverovatno popularnog modela EF 50mm f\/1.8 II i savr\u0161en drugi objektiv za sve koji \u017eele da podignu svoje fotografije na vi\u0161i n\u017eivo, EF 50mm F\/1.8 STM izvanredan je pri snimanju portreta, fotografija u... Continue reading\" \/>\n<meta property=\"og:url\" content=\"https:\/\/www.pcvesti.com\/?p=30023\" \/>\n<meta property=\"og:site_name\" content=\"PCVesti\" \/>\n<meta property=\"article:published_time\" content=\"2015-05-12T09:48:36+00:00\" \/>\n<meta property=\"og:image\" content=\"http:\/\/www.canon.co.uk\/Images\/EF%2050mm%20f-1.8%20STM%20Default_tcm14-1259667.jpg\" \/>\n<meta name=\"author\" content=\"newsmaster\" \/>\n<meta name=\"twitter:card\" content=\"summary_large_image\" \/>\n<meta name=\"twitter:label1\" content=\"Written by\" \/>\n\t<meta name=\"twitter:data1\" content=\"newsmaster\" \/>\n\t<meta name=\"twitter:label2\" content=\"Est. reading time\" \/>\n\t<meta name=\"twitter:data2\" content=\"4 minutes\" \/>\n<script type=\"application\/ld+json\" class=\"yoast-schema-graph\">{\"@context\":\"https:\\\/\\\/schema.org\",\"@graph\":[{\"@type\":\"Article\",\"@id\":\"https:\\\/\\\/www.pcvesti.com\\\/?p=30023#article\",\"isPartOf\":{\"@id\":\"https:\\\/\\\/www.pcvesti.com\\\/?p=30023\"},\"author\":{\"name\":\"newsmaster\",\"@id\":\"https:\\\/\\\/www.pcvesti.com\\\/#\\\/schema\\\/person\\\/d1e384f7c138a1fcda7af7425e55a6b2\"},\"headline\":\"Canon predstavlja EF 50mm f\\\/1.8 STM \u2013 za istaknute portrete i prekrasno zamu\u0107ene pozadine\",\"datePublished\":\"2015-05-12T09:48:36+00:00\",\"mainEntityOfPage\":{\"@id\":\"https:\\\/\\\/www.pcvesti.com\\\/?p=30023\"},\"wordCount\":808,\"image\":{\"@id\":\"https:\\\/\\\/www.pcvesti.com\\\/?p=30023#primaryimage\"},\"thumbnailUrl\":\"http:\\\/\\\/www.canon.co.uk\\\/Images\\\/EF%2050mm%20f-1.8%20STM%20Default_tcm14-1259667.jpg\",\"articleSection\":[\"PC Vesti\",\"PDA\\\/Mobile\\\/Camera\"],\"inLanguage\":\"en-US\"},{\"@type\":\"WebPage\",\"@id\":\"https:\\\/\\\/www.pcvesti.com\\\/?p=30023\",\"url\":\"https:\\\/\\\/www.pcvesti.com\\\/?p=30023\",\"name\":\"Canon predstavlja EF 50mm f\\\/1.8 STM \u2013 za istaknute portrete i prekrasno zamu\u0107ene pozadine - PCVesti\",\"isPartOf\":{\"@id\":\"https:\\\/\\\/www.pcvesti.com\\\/#website\"},\"primaryImageOfPage\":{\"@id\":\"https:\\\/\\\/www.pcvesti.com\\\/?p=30023#primaryimage\"},\"image\":{\"@id\":\"https:\\\/\\\/www.pcvesti.com\\\/?p=30023#primaryimage\"},\"thumbnailUrl\":\"http:\\\/\\\/www.canon.co.uk\\\/Images\\\/EF%2050mm%20f-1.8%20STM%20Default_tcm14-1259667.jpg\",\"datePublished\":\"2015-05-12T09:48:36+00:00\",\"author\":{\"@id\":\"https:\\\/\\\/www.pcvesti.com\\\/#\\\/schema\\\/person\\\/d1e384f7c138a1fcda7af7425e55a6b2\"},\"breadcrumb\":{\"@id\":\"https:\\\/\\\/www.pcvesti.com\\\/?p=30023#breadcrumb\"},\"inLanguage\":\"en-US\",\"potentialAction\":[{\"@type\":\"ReadAction\",\"target\":[\"https:\\\/\\\/www.pcvesti.com\\\/?p=30023\"]}]},{\"@type\":\"ImageObject\",\"inLanguage\":\"en-US\",\"@id\":\"https:\\\/\\\/www.pcvesti.com\\\/?p=30023#primaryimage\",\"url\":\"http:\\\/\\\/www.canon.co.uk\\\/Images\\\/EF%2050mm%20f-1.8%20STM%20Default_tcm14-1259667.jpg\",\"contentUrl\":\"http:\\\/\\\/www.canon.co.uk\\\/Images\\\/EF%2050mm%20f-1.8%20STM%20Default_tcm14-1259667.jpg\"},{\"@type\":\"BreadcrumbList\",\"@id\":\"https:\\\/\\\/www.pcvesti.com\\\/?p=30023#breadcrumb\",\"itemListElement\":[{\"@type\":\"ListItem\",\"position\":1,\"name\":\"Home\",\"item\":\"https:\\\/\\\/www.pcvesti.com\\\/\"},{\"@type\":\"ListItem\",\"position\":2,\"name\":\"Canon predstavlja EF 50mm f\\\/1.8 STM \u2013 za istaknute portrete i prekrasno zamu\u0107ene pozadine\"}]},{\"@type\":\"WebSite\",\"@id\":\"https:\\\/\\\/www.pcvesti.com\\\/#website\",\"url\":\"https:\\\/\\\/www.pcvesti.com\\\/\",\"name\":\"PCVesti\",\"description\":\"www.pcvesti.com\",\"potentialAction\":[{\"@type\":\"SearchAction\",\"target\":{\"@type\":\"EntryPoint\",\"urlTemplate\":\"https:\\\/\\\/www.pcvesti.com\\\/?s={search_term_string}\"},\"query-input\":{\"@type\":\"PropertyValueSpecification\",\"valueRequired\":true,\"valueName\":\"search_term_string\"}}],\"inLanguage\":\"en-US\"},{\"@type\":\"Person\",\"@id\":\"https:\\\/\\\/www.pcvesti.com\\\/#\\\/schema\\\/person\\\/d1e384f7c138a1fcda7af7425e55a6b2\",\"name\":\"newsmaster\",\"image\":{\"@type\":\"ImageObject\",\"inLanguage\":\"en-US\",\"@id\":\"https:\\\/\\\/www.pcvesti.com\\\/wp-content\\\/uploads\\\/2018\\\/09\\\/avatar_user_5_1537115954-96x96.jpeg\",\"url\":\"https:\\\/\\\/www.pcvesti.com\\\/wp-content\\\/uploads\\\/2018\\\/09\\\/avatar_user_5_1537115954-96x96.jpeg\",\"contentUrl\":\"https:\\\/\\\/www.pcvesti.com\\\/wp-content\\\/uploads\\\/2018\\\/09\\\/avatar_user_5_1537115954-96x96.jpeg\",\"caption\":\"newsmaster\"},\"url\":\"https:\\\/\\\/www.pcvesti.com\\\/?author=5\"}]}<\/script>\n<!-- \/ Yoast SEO plugin. -->","yoast_head_json":{"title":"Canon predstavlja EF 50mm f\/1.8 STM \u2013 za istaknute portrete i prekrasno zamu\u0107ene pozadine - PCVesti","robots":{"index":"index","follow":"follow","max-snippet":"max-snippet:-1","max-image-preview":"max-image-preview:large","max-video-preview":"max-video-preview:-1"},"canonical":"https:\/\/www.pcvesti.com\/?p=30023","og_locale":"en_US","og_type":"article","og_title":"Canon predstavlja EF 50mm f\/1.8 STM \u2013 za istaknute portrete i prekrasno zamu\u0107ene pozadine - PCVesti","og_description":"Beograd, 11. maja \u00a02015. \u2013 Canon je danas predstavio EF 50mm f\/1.8 STM, novi objektiv fiksne \u017eari\u0161ne daljine, koji vam omogu\u0107ava da zabele\u017eite fotografije sa objektima koji \u201eiska\u010du\u201c iz scene ili da ostavite utisak sa prekrasnim zamu\u0107enjem pozadine. Naslednik neverovatno popularnog modela EF 50mm f\/1.8 II i savr\u0161en drugi objektiv za sve koji \u017eele da podignu svoje fotografije na vi\u0161i n\u017eivo, EF 50mm F\/1.8 STM izvanredan je pri snimanju portreta, fotografija u... Continue reading","og_url":"https:\/\/www.pcvesti.com\/?p=30023","og_site_name":"PCVesti","article_published_time":"2015-05-12T09:48:36+00:00","og_image":[{"url":"http:\/\/www.canon.co.uk\/Images\/EF%2050mm%20f-1.8%20STM%20Default_tcm14-1259667.jpg","type":"","width":"","height":""}],"author":"newsmaster","twitter_card":"summary_large_image","twitter_misc":{"Written by":"newsmaster","Est. reading time":"4 minutes"},"schema":{"@context":"https:\/\/schema.org","@graph":[{"@type":"Article","@id":"https:\/\/www.pcvesti.com\/?p=30023#article","isPartOf":{"@id":"https:\/\/www.pcvesti.com\/?p=30023"},"author":{"name":"newsmaster","@id":"https:\/\/www.pcvesti.com\/#\/schema\/person\/d1e384f7c138a1fcda7af7425e55a6b2"},"headline":"Canon predstavlja EF 50mm f\/1.8 STM \u2013 za istaknute portrete i prekrasno zamu\u0107ene pozadine","datePublished":"2015-05-12T09:48:36+00:00","mainEntityOfPage":{"@id":"https:\/\/www.pcvesti.com\/?p=30023"},"wordCount":808,"image":{"@id":"https:\/\/www.pcvesti.com\/?p=30023#primaryimage"},"thumbnailUrl":"http:\/\/www.canon.co.uk\/Images\/EF%2050mm%20f-1.8%20STM%20Default_tcm14-1259667.jpg","articleSection":["PC Vesti","PDA\/Mobile\/Camera"],"inLanguage":"en-US"},{"@type":"WebPage","@id":"https:\/\/www.pcvesti.com\/?p=30023","url":"https:\/\/www.pcvesti.com\/?p=30023","name":"Canon predstavlja EF 50mm f\/1.8 STM \u2013 za istaknute portrete i prekrasno zamu\u0107ene pozadine - PCVesti","isPartOf":{"@id":"https:\/\/www.pcvesti.com\/#website"},"primaryImageOfPage":{"@id":"https:\/\/www.pcvesti.com\/?p=30023#primaryimage"},"image":{"@id":"https:\/\/www.pcvesti.com\/?p=30023#primaryimage"},"thumbnailUrl":"http:\/\/www.canon.co.uk\/Images\/EF%2050mm%20f-1.8%20STM%20Default_tcm14-1259667.jpg","datePublished":"2015-05-12T09:48:36+00:00","author":{"@id":"https:\/\/www.pcvesti.com\/#\/schema\/person\/d1e384f7c138a1fcda7af7425e55a6b2"},"breadcrumb":{"@id":"https:\/\/www.pcvesti.com\/?p=30023#breadcrumb"},"inLanguage":"en-US","potentialAction":[{"@type":"ReadAction","target":["https:\/\/www.pcvesti.com\/?p=30023"]}]},{"@type":"ImageObject","inLanguage":"en-US","@id":"https:\/\/www.pcvesti.com\/?p=30023#primaryimage","url":"http:\/\/www.canon.co.uk\/Images\/EF%2050mm%20f-1.8%20STM%20Default_tcm14-1259667.jpg","contentUrl":"http:\/\/www.canon.co.uk\/Images\/EF%2050mm%20f-1.8%20STM%20Default_tcm14-1259667.jpg"},{"@type":"BreadcrumbList","@id":"https:\/\/www.pcvesti.com\/?p=30023#breadcrumb","itemListElement":[{"@type":"ListItem","position":1,"name":"Home","item":"https:\/\/www.pcvesti.com\/"},{"@type":"ListItem","position":2,"name":"Canon predstavlja EF 50mm f\/1.8 STM \u2013 za istaknute portrete i prekrasno zamu\u0107ene pozadine"}]},{"@type":"WebSite","@id":"https:\/\/www.pcvesti.com\/#website","url":"https:\/\/www.pcvesti.com\/","name":"PCVesti","description":"www.pcvesti.com","potentialAction":[{"@type":"SearchAction","target":{"@type":"EntryPoint","urlTemplate":"https:\/\/www.pcvesti.com\/?s={search_term_string}"},"query-input":{"@type":"PropertyValueSpecification","valueRequired":true,"valueName":"search_term_string"}}],"inLanguage":"en-US"},{"@type":"Person","@id":"https:\/\/www.pcvesti.com\/#\/schema\/person\/d1e384f7c138a1fcda7af7425e55a6b2","name":"newsmaster","image":{"@type":"ImageObject","inLanguage":"en-US","@id":"https:\/\/www.pcvesti.com\/wp-content\/uploads\/2018\/09\/avatar_user_5_1537115954-96x96.jpeg","url":"https:\/\/www.pcvesti.com\/wp-content\/uploads\/2018\/09\/avatar_user_5_1537115954-96x96.jpeg","contentUrl":"https:\/\/www.pcvesti.com\/wp-content\/uploads\/2018\/09\/avatar_user_5_1537115954-96x96.jpeg","caption":"newsmaster"},"url":"https:\/\/www.pcvesti.com\/?author=5"}]}},"_links":{"self":[{"href":"https:\/\/www.pcvesti.com\/index.php?rest_route=\/wp\/v2\/posts\/30023","targetHints":{"allow":["GET"]}}],"collection":[{"href":"https:\/\/www.pcvesti.com\/index.php?rest_route=\/wp\/v2\/posts"}],"about":[{"href":"https:\/\/www.pcvesti.com\/index.php?rest_route=\/wp\/v2\/types\/post"}],"author":[{"embeddable":true,"href":"https:\/\/www.pcvesti.com\/index.php?rest_route=\/wp\/v2\/users\/5"}],"replies":[{"embeddable":true,"href":"https:\/\/www.pcvesti.com\/index.php?rest_route=%2Fwp%2Fv2%2Fcomments&post=30023"}],"version-history":[{"count":0,"href":"https:\/\/www.pcvesti.com\/index.php?rest_route=\/wp\/v2\/posts\/30023\/revisions"}],"wp:attachment":[{"href":"https:\/\/www.pcvesti.com\/index.php?rest_route=%2Fwp%2Fv2%2Fmedia&parent=30023"}],"wp:term":[{"taxonomy":"category","embeddable":true,"href":"https:\/\/www.pcvesti.com\/index.php?rest_route=%2Fwp%2Fv2%2Fcategories&post=30023"},{"taxonomy":"post_tag","embeddable":true,"href":"https:\/\/www.pcvesti.com\/index.php?rest_route=%2Fwp%2Fv2%2Ftags&post=30023"}],"curies":[{"name":"wp","href":"https:\/\/api.w.org\/{rel}","templated":true}]}}