{"id":30181,"date":"2015-06-21T17:04:13","date_gmt":"2015-06-21T16:04:13","guid":{"rendered":"http:\/\/www.pcvesti.com\/?p=30181"},"modified":"2015-06-21T17:04:13","modified_gmt":"2015-06-21T16:04:13","slug":"pocela-prijava-za-najvecu-konferenciju-regionu","status":"publish","type":"post","link":"https:\/\/www.pcvesti.com\/?p=30181","title":{"rendered":"Po\u010dela prijava za najve\u0107u IT konferenciju u regionu"},"content":{"rendered":"<p align=\"justify\"><span style=\"font-family: Arial, sans-serif;\"><span style=\"font-size: small;\">Beograd, 17. jun 2015 \u2013 Najve\u0107a i najuticajnija godi\u0161nja konferencija posve\u0107ena informaciono-komunikacionim tehnologijama i njihovoj poslovnoj primeni u regionu Jugoisto\u010dne Evrope \u2013 Sinergija 15 &#8211; otvorila je svoja vrata za registraciju u\u010desnika. <\/span><\/span><\/p>\n<p align=\"justify\"><span style=\"font-family: Arial, sans-serif;\"><span style=\"font-size: small;\">Predstavnici IT sektora, donosioci poslovnih odluka, IT entuzijasti i svi oni koji \u017eele prvi da saznaju sve inovacije iz sveta informacionih tehnologija ve\u0107 sada mogu da se prijave i ostvare zna\u010dajne pogodnosti pri upla\u0107ivanju kotizacije u promotivnim periodima registracije. Svi oni koji \u017eele da na vreme obezbede svoje mesto na jubilarnoj Sinergiji 15, mogu to u\u010diniti ve\u0107 sada prijavom na sajtu Sinergija 15 <a href=\"https:\/\/www.mssinergija.net\/sr\/sinergija15\/registracija\/Pages\/Formular.aspx\">https:\/\/www.mssinergija.net\/sr\/sinergija15\/registracija\/Pages\/Formular.aspx<\/a>.<\/span><\/span><\/p>\n<p align=\"justify\"><span style=\"font-family: Arial, sans-serif;\"><span style=\"font-size: small;\">Sinergija 15, pod sloganom Innovate it, bi\u0107e odr\u017eana od 21. do 23. oktobra 2015. godine, u hotelu Crowne Plaza u Beogradu. Ove godine Sinergija slavi zna\u010dajan jubilej \u2013 15 godina prisustva i uspeha u promovisanju Microsoft proizvoda i re\u0161enja, kao i u uspostavljanju konkurentnosti tr\u017ei\u0161ta kroz implementaciju najnovijih tehnologija. Tokom svih 15 godina, Sinergija ispunjava cilj da promovi\u0161e najnovija tehnolo\u0161ka dostignu\u0107a, pru\u017ei prostor za edukaciju i omogu\u0107i IT profesionalcima iz Srbije i regiona da se me\u0111usobno pove\u017eu i podstaknu prakti\u010dnu primenu tehnologije u poslovne svrhe. <\/span><\/span><\/p>\n<p align=\"justify\"><span style=\"font-family: Arial, sans-serif;\"><span style=\"font-size: small;\">Tehni\u010dki dani konferencije odr\u017ea\u0107e se 21. i 22. oktobra, dok \u0107e jedan dan konferencije biti posve\u0107en biznisu i razvoju IT sektora u Srbiji sa ciljem da stvori sinergiju izme\u0111u IT i privrede i predstavi perspektive koje donose savremene tehnologije kada je u pitanju ekonomski rast i unapre\u0111enje pozicije doma\u0107eg tr\u017ei\u0161ta na globalnoj mapi. <\/span><\/span><!--more--><\/p>\n<p align=\"justify\"><a name=\"_GoBack\"><\/a><span style=\"font-family: Arial, sans-serif;\"><span style=\"font-size: small;\">Pored prilike da se upoznaju sa svim inovacijama iz IT sektora, u\u010desnici \u0107e na Sinergiji 15 dobiti priliku da saznaju sve \u0161to im je neophodno da uz pomo\u0107 tehnologije unaprede svoje poslovanje, organizacione i tehnolo\u0161ke procese, optimizuju kompanijske resurse ili jednostavno unaprede svakodnevne aktivnosti u bilo kojoj oblasti. Upravo zbog toga \u0161to je namenjena narazli\u010ditijim profilima, Sinergija je tokom 15 godina od IT konferencije prerasla u doga\u0111aj koji je namenjen \u2013 svima!<\/span><\/span><\/p>\n","protected":false},"excerpt":{"rendered":"<p>Beograd, 17. jun 2015 \u2013 Najve\u0107a i najuticajnija godi\u0161nja konferencija posve\u0107ena informaciono-komunikacionim tehnologijama i njihovoj poslovnoj primeni u regionu Jugoisto\u010dne Evrope \u2013 Sinergija 15 &#8211; otvorila je svoja vrata za registraciju u\u010desnika. Predstavnici IT sektora, donosioci poslovnih odluka, IT entuzijasti i svi oni koji \u017eele prvi da saznaju sve inovacije iz sveta informacionih tehnologija ve\u0107 sada mogu da se prijave i ostvare zna\u010dajne pogodnosti pri upla\u0107ivanju kotizacije u promotivnim periodima registracije. Svi&#8230; <\/p>\n<div class=\"more-container\"><a class=\"more-link\" href=\"https:\/\/www.pcvesti.com\/?p=30181\" itemprop=\"url\">Continue reading<\/a><\/div>\n","protected":false},"author":5,"featured_media":0,"comment_status":"closed","ping_status":"closed","sticky":false,"template":"","format":"standard","meta":{"seo_booster_metabox":"","ngg_post_thumbnail":0,"slim_seo":{"title":"Po\u010dela prijava za najve\u0107u IT konferenciju u regionu - PCVesti","description":"Beograd, 17. jun 2015 \u2013 Najve\u0107a i najuticajnija godi\u0161nja konferencija posve\u0107ena informaciono-komunikacionim tehnologijama i njihovoj poslovnoj primeni u regionu"},"footnotes":""},"categories":[9,5],"tags":[],"class_list":["post-30181","post","type-post","status-publish","format-standard","hentry","category-dogadjaji","category-pc-vesti"],"yoast_head":"<!-- This site is optimized with the Yoast SEO plugin v27.5 - https:\/\/yoast.com\/product\/yoast-seo-wordpress\/ -->\n<title>Po\u010dela prijava za najve\u0107u IT konferenciju u regionu - PCVesti<\/title>\n<meta name=\"robots\" content=\"index, follow, max-snippet:-1, max-image-preview:large, max-video-preview:-1\" \/>\n<link rel=\"canonical\" href=\"https:\/\/www.pcvesti.com\/?p=30181\" \/>\n<meta property=\"og:locale\" content=\"en_US\" \/>\n<meta property=\"og:type\" content=\"article\" \/>\n<meta property=\"og:title\" content=\"Po\u010dela prijava za najve\u0107u IT konferenciju u regionu - PCVesti\" \/>\n<meta property=\"og:description\" content=\"Beograd, 17. jun 2015 \u2013 Najve\u0107a i najuticajnija godi\u0161nja konferencija posve\u0107ena informaciono-komunikacionim tehnologijama i njihovoj poslovnoj primeni u regionu Jugoisto\u010dne Evrope \u2013 Sinergija 15 &#8211; otvorila je svoja vrata za registraciju u\u010desnika. Predstavnici IT sektora, donosioci poslovnih odluka, IT entuzijasti i svi oni koji \u017eele prvi da saznaju sve inovacije iz sveta informacionih tehnologija ve\u0107 sada mogu da se prijave i ostvare zna\u010dajne pogodnosti pri upla\u0107ivanju kotizacije u promotivnim periodima registracije. Svi... Continue reading\" \/>\n<meta property=\"og:url\" content=\"https:\/\/www.pcvesti.com\/?p=30181\" \/>\n<meta property=\"og:site_name\" content=\"PCVesti\" \/>\n<meta property=\"article:published_time\" content=\"2015-06-21T16:04:13+00:00\" \/>\n<meta name=\"author\" content=\"newsmaster\" \/>\n<meta name=\"twitter:card\" content=\"summary_large_image\" \/>\n<meta name=\"twitter:label1\" content=\"Written by\" \/>\n\t<meta name=\"twitter:data1\" content=\"newsmaster\" \/>\n\t<meta name=\"twitter:label2\" content=\"Est. reading time\" \/>\n\t<meta name=\"twitter:data2\" content=\"2 minutes\" \/>\n<script type=\"application\/ld+json\" class=\"yoast-schema-graph\">{\"@context\":\"https:\\\/\\\/schema.org\",\"@graph\":[{\"@type\":\"Article\",\"@id\":\"https:\\\/\\\/www.pcvesti.com\\\/?p=30181#article\",\"isPartOf\":{\"@id\":\"https:\\\/\\\/www.pcvesti.com\\\/?p=30181\"},\"author\":{\"name\":\"newsmaster\",\"@id\":\"https:\\\/\\\/www.pcvesti.com\\\/#\\\/schema\\\/person\\\/d1e384f7c138a1fcda7af7425e55a6b2\"},\"headline\":\"Po\u010dela prijava za najve\u0107u IT konferenciju u regionu\",\"datePublished\":\"2015-06-21T16:04:13+00:00\",\"mainEntityOfPage\":{\"@id\":\"https:\\\/\\\/www.pcvesti.com\\\/?p=30181\"},\"wordCount\":341,\"articleSection\":[\"Dogadjaji\",\"PC Vesti\"],\"inLanguage\":\"en-US\"},{\"@type\":\"WebPage\",\"@id\":\"https:\\\/\\\/www.pcvesti.com\\\/?p=30181\",\"url\":\"https:\\\/\\\/www.pcvesti.com\\\/?p=30181\",\"name\":\"Po\u010dela prijava za najve\u0107u IT konferenciju u regionu - PCVesti\",\"isPartOf\":{\"@id\":\"https:\\\/\\\/www.pcvesti.com\\\/#website\"},\"datePublished\":\"2015-06-21T16:04:13+00:00\",\"author\":{\"@id\":\"https:\\\/\\\/www.pcvesti.com\\\/#\\\/schema\\\/person\\\/d1e384f7c138a1fcda7af7425e55a6b2\"},\"breadcrumb\":{\"@id\":\"https:\\\/\\\/www.pcvesti.com\\\/?p=30181#breadcrumb\"},\"inLanguage\":\"en-US\",\"potentialAction\":[{\"@type\":\"ReadAction\",\"target\":[\"https:\\\/\\\/www.pcvesti.com\\\/?p=30181\"]}]},{\"@type\":\"BreadcrumbList\",\"@id\":\"https:\\\/\\\/www.pcvesti.com\\\/?p=30181#breadcrumb\",\"itemListElement\":[{\"@type\":\"ListItem\",\"position\":1,\"name\":\"Home\",\"item\":\"https:\\\/\\\/www.pcvesti.com\\\/\"},{\"@type\":\"ListItem\",\"position\":2,\"name\":\"Po\u010dela prijava za najve\u0107u IT konferenciju u regionu\"}]},{\"@type\":\"WebSite\",\"@id\":\"https:\\\/\\\/www.pcvesti.com\\\/#website\",\"url\":\"https:\\\/\\\/www.pcvesti.com\\\/\",\"name\":\"PCVesti\",\"description\":\"www.pcvesti.com\",\"potentialAction\":[{\"@type\":\"SearchAction\",\"target\":{\"@type\":\"EntryPoint\",\"urlTemplate\":\"https:\\\/\\\/www.pcvesti.com\\\/?s={search_term_string}\"},\"query-input\":{\"@type\":\"PropertyValueSpecification\",\"valueRequired\":true,\"valueName\":\"search_term_string\"}}],\"inLanguage\":\"en-US\"},{\"@type\":\"Person\",\"@id\":\"https:\\\/\\\/www.pcvesti.com\\\/#\\\/schema\\\/person\\\/d1e384f7c138a1fcda7af7425e55a6b2\",\"name\":\"newsmaster\",\"image\":{\"@type\":\"ImageObject\",\"inLanguage\":\"en-US\",\"@id\":\"https:\\\/\\\/www.pcvesti.com\\\/wp-content\\\/uploads\\\/2018\\\/09\\\/avatar_user_5_1537115954-96x96.jpeg\",\"url\":\"https:\\\/\\\/www.pcvesti.com\\\/wp-content\\\/uploads\\\/2018\\\/09\\\/avatar_user_5_1537115954-96x96.jpeg\",\"contentUrl\":\"https:\\\/\\\/www.pcvesti.com\\\/wp-content\\\/uploads\\\/2018\\\/09\\\/avatar_user_5_1537115954-96x96.jpeg\",\"caption\":\"newsmaster\"},\"url\":\"https:\\\/\\\/www.pcvesti.com\\\/?author=5\"}]}<\/script>\n<!-- \/ Yoast SEO plugin. -->","yoast_head_json":{"title":"Po\u010dela prijava za najve\u0107u IT konferenciju u regionu - PCVesti","robots":{"index":"index","follow":"follow","max-snippet":"max-snippet:-1","max-image-preview":"max-image-preview:large","max-video-preview":"max-video-preview:-1"},"canonical":"https:\/\/www.pcvesti.com\/?p=30181","og_locale":"en_US","og_type":"article","og_title":"Po\u010dela prijava za najve\u0107u IT konferenciju u regionu - PCVesti","og_description":"Beograd, 17. jun 2015 \u2013 Najve\u0107a i najuticajnija godi\u0161nja konferencija posve\u0107ena informaciono-komunikacionim tehnologijama i njihovoj poslovnoj primeni u regionu Jugoisto\u010dne Evrope \u2013 Sinergija 15 &#8211; otvorila je svoja vrata za registraciju u\u010desnika. Predstavnici IT sektora, donosioci poslovnih odluka, IT entuzijasti i svi oni koji \u017eele prvi da saznaju sve inovacije iz sveta informacionih tehnologija ve\u0107 sada mogu da se prijave i ostvare zna\u010dajne pogodnosti pri upla\u0107ivanju kotizacije u promotivnim periodima registracije. Svi... Continue reading","og_url":"https:\/\/www.pcvesti.com\/?p=30181","og_site_name":"PCVesti","article_published_time":"2015-06-21T16:04:13+00:00","author":"newsmaster","twitter_card":"summary_large_image","twitter_misc":{"Written by":"newsmaster","Est. reading time":"2 minutes"},"schema":{"@context":"https:\/\/schema.org","@graph":[{"@type":"Article","@id":"https:\/\/www.pcvesti.com\/?p=30181#article","isPartOf":{"@id":"https:\/\/www.pcvesti.com\/?p=30181"},"author":{"name":"newsmaster","@id":"https:\/\/www.pcvesti.com\/#\/schema\/person\/d1e384f7c138a1fcda7af7425e55a6b2"},"headline":"Po\u010dela prijava za najve\u0107u IT konferenciju u regionu","datePublished":"2015-06-21T16:04:13+00:00","mainEntityOfPage":{"@id":"https:\/\/www.pcvesti.com\/?p=30181"},"wordCount":341,"articleSection":["Dogadjaji","PC Vesti"],"inLanguage":"en-US"},{"@type":"WebPage","@id":"https:\/\/www.pcvesti.com\/?p=30181","url":"https:\/\/www.pcvesti.com\/?p=30181","name":"Po\u010dela prijava za najve\u0107u IT konferenciju u regionu - PCVesti","isPartOf":{"@id":"https:\/\/www.pcvesti.com\/#website"},"datePublished":"2015-06-21T16:04:13+00:00","author":{"@id":"https:\/\/www.pcvesti.com\/#\/schema\/person\/d1e384f7c138a1fcda7af7425e55a6b2"},"breadcrumb":{"@id":"https:\/\/www.pcvesti.com\/?p=30181#breadcrumb"},"inLanguage":"en-US","potentialAction":[{"@type":"ReadAction","target":["https:\/\/www.pcvesti.com\/?p=30181"]}]},{"@type":"BreadcrumbList","@id":"https:\/\/www.pcvesti.com\/?p=30181#breadcrumb","itemListElement":[{"@type":"ListItem","position":1,"name":"Home","item":"https:\/\/www.pcvesti.com\/"},{"@type":"ListItem","position":2,"name":"Po\u010dela prijava za najve\u0107u IT konferenciju u regionu"}]},{"@type":"WebSite","@id":"https:\/\/www.pcvesti.com\/#website","url":"https:\/\/www.pcvesti.com\/","name":"PCVesti","description":"www.pcvesti.com","potentialAction":[{"@type":"SearchAction","target":{"@type":"EntryPoint","urlTemplate":"https:\/\/www.pcvesti.com\/?s={search_term_string}"},"query-input":{"@type":"PropertyValueSpecification","valueRequired":true,"valueName":"search_term_string"}}],"inLanguage":"en-US"},{"@type":"Person","@id":"https:\/\/www.pcvesti.com\/#\/schema\/person\/d1e384f7c138a1fcda7af7425e55a6b2","name":"newsmaster","image":{"@type":"ImageObject","inLanguage":"en-US","@id":"https:\/\/www.pcvesti.com\/wp-content\/uploads\/2018\/09\/avatar_user_5_1537115954-96x96.jpeg","url":"https:\/\/www.pcvesti.com\/wp-content\/uploads\/2018\/09\/avatar_user_5_1537115954-96x96.jpeg","contentUrl":"https:\/\/www.pcvesti.com\/wp-content\/uploads\/2018\/09\/avatar_user_5_1537115954-96x96.jpeg","caption":"newsmaster"},"url":"https:\/\/www.pcvesti.com\/?author=5"}]}},"_links":{"self":[{"href":"https:\/\/www.pcvesti.com\/index.php?rest_route=\/wp\/v2\/posts\/30181","targetHints":{"allow":["GET"]}}],"collection":[{"href":"https:\/\/www.pcvesti.com\/index.php?rest_route=\/wp\/v2\/posts"}],"about":[{"href":"https:\/\/www.pcvesti.com\/index.php?rest_route=\/wp\/v2\/types\/post"}],"author":[{"embeddable":true,"href":"https:\/\/www.pcvesti.com\/index.php?rest_route=\/wp\/v2\/users\/5"}],"replies":[{"embeddable":true,"href":"https:\/\/www.pcvesti.com\/index.php?rest_route=%2Fwp%2Fv2%2Fcomments&post=30181"}],"version-history":[{"count":0,"href":"https:\/\/www.pcvesti.com\/index.php?rest_route=\/wp\/v2\/posts\/30181\/revisions"}],"wp:attachment":[{"href":"https:\/\/www.pcvesti.com\/index.php?rest_route=%2Fwp%2Fv2%2Fmedia&parent=30181"}],"wp:term":[{"taxonomy":"category","embeddable":true,"href":"https:\/\/www.pcvesti.com\/index.php?rest_route=%2Fwp%2Fv2%2Fcategories&post=30181"},{"taxonomy":"post_tag","embeddable":true,"href":"https:\/\/www.pcvesti.com\/index.php?rest_route=%2Fwp%2Fv2%2Ftags&post=30181"}],"curies":[{"name":"wp","href":"https:\/\/api.w.org\/{rel}","templated":true}]}}