{"id":30183,"date":"2015-06-21T17:06:11","date_gmt":"2015-06-21T16:06:11","guid":{"rendered":"http:\/\/www.pcvesti.com\/?p=30183"},"modified":"2015-06-21T17:08:51","modified_gmt":"2015-06-21T16:08:51","slug":"predsednik-ericssona-clan-upravnog-odbora-fondacije-ujedinjenih-nacija","status":"publish","type":"post","link":"https:\/\/www.pcvesti.com\/?p=30183","title":{"rendered":"Predsednik Ericssona \u010dlan upravnog odbora Fondacije Ujedinjenih Nacija"},"content":{"rendered":"<p class=\"western\" align=\"justify\"><span style=\"font-family: Arial, sans-serif;\"><span style=\"font-size: small;\"><img loading=\"lazy\" decoding=\"async\" class=\"alignleft\" src=\"http:\/\/www.pcvesti.com\/wp-content\/gallery\/logos_comp_pcv\/ericsson_logo.jpg\" alt=\"\" width=\"180\" height=\"180\" \/>Odbor direktora Fondacije Ujedinjenih Nacija predstavio je Hansa Vestberga, predsednika i direktora kompanije Ericsson, kao novog \u010dlana. Tokom predstavljanja, Odbor je istakao li\u010dno zalaganje Vestberga u borbi protiv siroma\u0161tva na svetskom nivou, kao i \u010dinjenicu, da je pod njegovim vo\u0111stvom Ericsson podr\u017eao veliki broj projekata zna\u010dajnih za globalni razvoj i re\u0161avanje socijalnih problema.<\/span><\/span><\/p>\n<p class=\"western\" lang=\"sv-SE\" align=\"justify\">\u201e<span style=\"font-size: small;\"><span style=\"font-family: Arial, sans-serif;\"><span lang=\"sr-Latn-RS\">Fondacija Ujedinjenih Nacija dobi\u0107e vi\u0161estruke benefite anga\u017eovanjem Hansa, kao poslovnog lidera, koji koristi svoju poziciju da poma\u017ee ljudima. Hans prepoznaje mogu\u0107nosti koje imamo, povezivanjem ljudi iz celog sveta, kako bismo podr\u017eali rad Ujedinjenih Nacija i kako bismo povezivanjem kreirali bolji svet za sve\u201c, istakao je Ted Tarner, osniva\u010d Fondacije.<\/span><\/span><\/span><\/p>\n<p class=\"western\" align=\"justify\"><span style=\"font-family: Arial, sans-serif;\"><span style=\"font-size: small;\">Hans Vestberg u kompaniji Ericsson radi od 1988. godine. Radio je na razli\u010ditim pozicijama u Ericssonu u Brazilu, Kini, Meksiku i SAD-u. Pre dolaska na poziciju direktora kompanije, radio je kao finansijski direktor u Ericssonu. Pod njegovim vo\u0111stvom, Ericsson je postao glavni pokreta\u010d Umre\u017eenog dru\u0161tva, u kojem konekcija pokre\u0107e progres.<\/span><\/span><\/p>\n<p class=\"western\" lang=\"sv-SE\" align=\"justify\"><!--more-->\u201e<span style=\"font-size: small;\"><span style=\"font-family: Arial, sans-serif;\"><span lang=\"sr-Latn-RS\">Priklju\u010divanje Odboru direktora Fondacije Ujedinjenih Nacija omogu\u0107ava mi da vodim organizaciju koja povezuje hiljade partnera, koji zajedni\u010dki podr\u017eavaju inicijative Ujedinjenih Nacija, kako bi se unapredilo zdravlje ljudi, pove\u0107ao prosperitet, podr\u017eala edukacija i poslovanje \u017eena i uticalo na klimatske promene\u201c, rekao je Vestberg.<\/span><\/span><\/span><\/p>\n<p class=\"western\" align=\"justify\"><span style=\"font-family: Arial, sans-serif;\"><span style=\"font-size: small;\">U Odboru direktora Fondacije Ujedinjenih Nacija nalaze se najuticajniji lideri dana\u0161njice, \u010diji rad podr\u017eava inicijative Ujedinjenih Nacija.<\/span><\/span><\/p>\n<p class=\"western\" align=\"justify\"><i>Kompanija Ericsson je pokreta\u010dka snaga za umre\u017eeno dru\u0161tvo \u2013 globalni lider u tehnolo\u0161kim komunikacijama i uslugama. Dugoro\u010dna saradnja sa svim ve\u0107im telekomunikacionim operaterima na svetu, omogu\u0107uje ljudima, kompanijama i organizacijama da ispune svoj potencijal i stvore odr\u017eivu budu\u0107nost.<\/i><\/p>\n<p class=\"western\" align=\"justify\"><span style=\"font-family: Arial, sans-serif;\"><span style=\"font-size: small;\"><i>Na\u0161i servisi, softverska re\u0161enja i infrastruktura, posebno u mobilnim, \u0161irokopojasnim, kao i cloud re\u0161enjima, pru\u017eaju mogu\u0107nost za industriju telekomunikacija, kao i druge sektore, da obezbedi bolje poslovanje, pove\u0107a efikasnost, unapredi korisni\u010dko iskustvo i iskoristi nove mogu\u0107nosti.<\/i><\/span><\/span><\/p>\n<p class=\"western\" lang=\"sv-SE\" align=\"justify\"><span style=\"font-size: small;\"><span style=\"font-family: Arial, sans-serif;\"><span style=\"font-size: small;\"><span lang=\"sr-Latn-RS\"><i>Sa vi\u0161e od 115.000 profesionalaca i klijenata u 180 zemalja, povezujemo na\u0161e globalno prisustvo i lidersku poziciju u tehnologijama i servisima. Kompanija Ericsson odr\u017eava mre\u017ee koja povezuje vi\u0161e od 2.5 milijardi pretplatnika. \u010cetrdeset procenata mobilnog saobra\u0107aja u svetu odvija se kroz mre\u017ee koje koriste opremu i re\u0161enja kompanije Ericsson. Na\u0161e investicije u istra\u017eivanja i razvoj, govore u prilog tome, da su na\u0161a re\u0161enja, kao i na\u0161i klijente, za nas uvek na prvom mestu.<\/i><\/span><\/span><\/span><\/span><\/p>\n<p class=\"western\" lang=\"sv-SE\" align=\"justify\"><span style=\"font-size: small;\"><span style=\"font-family: Arial, sans-serif;\"><span style=\"font-size: small;\"><span lang=\"sr-Latn-RS\"><i>Kompanija Ericsson je osnovana 1876, sa sedi\u0161tem u Stokholmu. Neto prodaja u 2014. iznosila je 33.1 milijardi ameri\u010dkih dolara. Kompanija je registrovana je na berzama NASDAQ OMX Stockholm i NASDAQ New York.<\/i><\/span><\/span><\/span><\/span><\/p>\n<p class=\"western\" lang=\"sv-SE\" align=\"justify\"><span style=\"color: #0000ff;\"><span style=\"text-decoration: underline;\"><a class=\"western\" href=\"http:\/\/www.ericsson.com\/\"><span style=\"font-family: Arial, sans-serif;\"><span lang=\"sr-Latn-RS\">www.ericsson.com<\/span><\/span><\/a><\/span><\/span><span style=\"color: #58585a;\"><span style=\"font-family: Arial, sans-serif;\"><span lang=\"sr-Latn-RS\"><br \/>\n<\/span><\/span><\/span><span style=\"color: #0000ff;\"><span style=\"text-decoration: underline;\"><a class=\"western\" href=\"http:\/\/www.twitter.com\/ericssonpress\"><span style=\"font-family: Arial, sans-serif;\"><span lang=\"sr-Latn-RS\">www.twitter.com\/ericssonpress<\/span><\/span><\/a><\/span><\/span><span style=\"color: #58585a;\"><span style=\"font-family: Arial, sans-serif;\"><span lang=\"sr-Latn-RS\"><br \/>\n<\/span><\/span><\/span><span style=\"color: #0000ff;\"><span style=\"text-decoration: underline;\"><a class=\"western\" href=\"http:\/\/www.facebook.com\/technologyforgood\"><span style=\"font-family: Arial, sans-serif;\"><span lang=\"sr-Latn-RS\">www.facebook.com\/technologyforgood<\/span><\/span><\/a><\/span><\/span><span style=\"color: #58585a;\"><span style=\"font-family: Arial, sans-serif;\"><span lang=\"sr-Latn-RS\"><br \/>\n<\/span><\/span><\/span><span style=\"color: #0000ff;\"><span style=\"text-decoration: underline;\"><a class=\"western\" href=\"http:\/\/www.youtube.com\/ericsson\"><span style=\"font-family: Arial, sans-serif;\"><span lang=\"sr-Latn-RS\">www.youtube.com\/ericsson<\/span><\/span><\/a><\/span><\/span><\/p>\n","protected":false},"excerpt":{"rendered":"<p>Odbor direktora Fondacije Ujedinjenih Nacija predstavio je Hansa Vestberga, predsednika i direktora kompanije Ericsson, kao novog \u010dlana. Tokom predstavljanja, Odbor je istakao li\u010dno zalaganje Vestberga u borbi protiv siroma\u0161tva na svetskom nivou, kao i \u010dinjenicu, da je pod njegovim vo\u0111stvom Ericsson podr\u017eao veliki broj projekata zna\u010dajnih za globalni razvoj i re\u0161avanje socijalnih problema. \u201eFondacija Ujedinjenih Nacija dobi\u0107e vi\u0161estruke benefite anga\u017eovanjem Hansa, kao poslovnog lidera, koji koristi svoju poziciju da poma\u017ee ljudima. Hans&#8230; <\/p>\n<div class=\"more-container\"><a class=\"more-link\" href=\"https:\/\/www.pcvesti.com\/?p=30183\" itemprop=\"url\">Continue reading<\/a><\/div>\n","protected":false},"author":5,"featured_media":0,"comment_status":"closed","ping_status":"closed","sticky":false,"template":"","format":"standard","meta":{"seo_booster_metabox":"","ngg_post_thumbnail":0,"slim_seo":{"title":"Predsednik Ericssona \u010dlan upravnog odbora Fondacije Ujedinjenih Nacija - PCVesti","description":"Odbor direktora Fondacije Ujedinjenih Nacija predstavio je Hansa Vestberga, predsednika i direktora kompanije Ericsson, kao novog \u010dlana. Tokom predstavljanja, O"},"footnotes":""},"categories":[9,5],"tags":[],"class_list":["post-30183","post","type-post","status-publish","format-standard","hentry","category-dogadjaji","category-pc-vesti"],"yoast_head":"<!-- This site is optimized with the Yoast SEO plugin v27.5 - https:\/\/yoast.com\/product\/yoast-seo-wordpress\/ -->\n<title>Predsednik Ericssona \u010dlan upravnog odbora Fondacije Ujedinjenih Nacija - PCVesti<\/title>\n<meta name=\"robots\" content=\"index, follow, max-snippet:-1, max-image-preview:large, max-video-preview:-1\" \/>\n<link rel=\"canonical\" href=\"https:\/\/www.pcvesti.com\/?p=30183\" \/>\n<meta property=\"og:locale\" content=\"en_US\" \/>\n<meta property=\"og:type\" content=\"article\" \/>\n<meta property=\"og:title\" content=\"Predsednik Ericssona \u010dlan upravnog odbora Fondacije Ujedinjenih Nacija - PCVesti\" \/>\n<meta property=\"og:description\" content=\"Odbor direktora Fondacije Ujedinjenih Nacija predstavio je Hansa Vestberga, predsednika i direktora kompanije Ericsson, kao novog \u010dlana. Tokom predstavljanja, Odbor je istakao li\u010dno zalaganje Vestberga u borbi protiv siroma\u0161tva na svetskom nivou, kao i \u010dinjenicu, da je pod njegovim vo\u0111stvom Ericsson podr\u017eao veliki broj projekata zna\u010dajnih za globalni razvoj i re\u0161avanje socijalnih problema. \u201eFondacija Ujedinjenih Nacija dobi\u0107e vi\u0161estruke benefite anga\u017eovanjem Hansa, kao poslovnog lidera, koji koristi svoju poziciju da poma\u017ee ljudima. Hans... Continue reading\" \/>\n<meta property=\"og:url\" content=\"https:\/\/www.pcvesti.com\/?p=30183\" \/>\n<meta property=\"og:site_name\" content=\"PCVesti\" \/>\n<meta property=\"article:published_time\" content=\"2015-06-21T16:06:11+00:00\" \/>\n<meta property=\"article:modified_time\" content=\"2015-06-21T16:08:51+00:00\" \/>\n<meta property=\"og:image\" content=\"http:\/\/www.pcvesti.com\/wp-content\/gallery\/logos_comp_pcv\/ericsson_logo.jpg\" \/>\n<meta name=\"author\" content=\"newsmaster\" \/>\n<meta name=\"twitter:card\" content=\"summary_large_image\" \/>\n<meta name=\"twitter:label1\" content=\"Written by\" \/>\n\t<meta name=\"twitter:data1\" content=\"newsmaster\" \/>\n\t<meta name=\"twitter:label2\" content=\"Est. reading time\" \/>\n\t<meta name=\"twitter:data2\" content=\"2 minutes\" \/>\n<script type=\"application\/ld+json\" class=\"yoast-schema-graph\">{\"@context\":\"https:\\\/\\\/schema.org\",\"@graph\":[{\"@type\":\"Article\",\"@id\":\"https:\\\/\\\/www.pcvesti.com\\\/?p=30183#article\",\"isPartOf\":{\"@id\":\"https:\\\/\\\/www.pcvesti.com\\\/?p=30183\"},\"author\":{\"name\":\"newsmaster\",\"@id\":\"https:\\\/\\\/www.pcvesti.com\\\/#\\\/schema\\\/person\\\/d1e384f7c138a1fcda7af7425e55a6b2\"},\"headline\":\"Predsednik Ericssona \u010dlan upravnog odbora Fondacije Ujedinjenih Nacija\",\"datePublished\":\"2015-06-21T16:06:11+00:00\",\"dateModified\":\"2015-06-21T16:08:51+00:00\",\"mainEntityOfPage\":{\"@id\":\"https:\\\/\\\/www.pcvesti.com\\\/?p=30183\"},\"wordCount\":462,\"image\":{\"@id\":\"https:\\\/\\\/www.pcvesti.com\\\/?p=30183#primaryimage\"},\"thumbnailUrl\":\"http:\\\/\\\/www.pcvesti.com\\\/wp-content\\\/gallery\\\/logos_comp_pcv\\\/ericsson_logo.jpg\",\"articleSection\":[\"Dogadjaji\",\"PC Vesti\"],\"inLanguage\":\"en-US\"},{\"@type\":\"WebPage\",\"@id\":\"https:\\\/\\\/www.pcvesti.com\\\/?p=30183\",\"url\":\"https:\\\/\\\/www.pcvesti.com\\\/?p=30183\",\"name\":\"Predsednik Ericssona \u010dlan upravnog odbora Fondacije Ujedinjenih Nacija - PCVesti\",\"isPartOf\":{\"@id\":\"https:\\\/\\\/www.pcvesti.com\\\/#website\"},\"primaryImageOfPage\":{\"@id\":\"https:\\\/\\\/www.pcvesti.com\\\/?p=30183#primaryimage\"},\"image\":{\"@id\":\"https:\\\/\\\/www.pcvesti.com\\\/?p=30183#primaryimage\"},\"thumbnailUrl\":\"http:\\\/\\\/www.pcvesti.com\\\/wp-content\\\/gallery\\\/logos_comp_pcv\\\/ericsson_logo.jpg\",\"datePublished\":\"2015-06-21T16:06:11+00:00\",\"dateModified\":\"2015-06-21T16:08:51+00:00\",\"author\":{\"@id\":\"https:\\\/\\\/www.pcvesti.com\\\/#\\\/schema\\\/person\\\/d1e384f7c138a1fcda7af7425e55a6b2\"},\"breadcrumb\":{\"@id\":\"https:\\\/\\\/www.pcvesti.com\\\/?p=30183#breadcrumb\"},\"inLanguage\":\"en-US\",\"potentialAction\":[{\"@type\":\"ReadAction\",\"target\":[\"https:\\\/\\\/www.pcvesti.com\\\/?p=30183\"]}]},{\"@type\":\"ImageObject\",\"inLanguage\":\"en-US\",\"@id\":\"https:\\\/\\\/www.pcvesti.com\\\/?p=30183#primaryimage\",\"url\":\"http:\\\/\\\/www.pcvesti.com\\\/wp-content\\\/gallery\\\/logos_comp_pcv\\\/ericsson_logo.jpg\",\"contentUrl\":\"http:\\\/\\\/www.pcvesti.com\\\/wp-content\\\/gallery\\\/logos_comp_pcv\\\/ericsson_logo.jpg\"},{\"@type\":\"BreadcrumbList\",\"@id\":\"https:\\\/\\\/www.pcvesti.com\\\/?p=30183#breadcrumb\",\"itemListElement\":[{\"@type\":\"ListItem\",\"position\":1,\"name\":\"Home\",\"item\":\"https:\\\/\\\/www.pcvesti.com\\\/\"},{\"@type\":\"ListItem\",\"position\":2,\"name\":\"Predsednik Ericssona \u010dlan upravnog odbora Fondacije Ujedinjenih Nacija\"}]},{\"@type\":\"WebSite\",\"@id\":\"https:\\\/\\\/www.pcvesti.com\\\/#website\",\"url\":\"https:\\\/\\\/www.pcvesti.com\\\/\",\"name\":\"PCVesti\",\"description\":\"www.pcvesti.com\",\"potentialAction\":[{\"@type\":\"SearchAction\",\"target\":{\"@type\":\"EntryPoint\",\"urlTemplate\":\"https:\\\/\\\/www.pcvesti.com\\\/?s={search_term_string}\"},\"query-input\":{\"@type\":\"PropertyValueSpecification\",\"valueRequired\":true,\"valueName\":\"search_term_string\"}}],\"inLanguage\":\"en-US\"},{\"@type\":\"Person\",\"@id\":\"https:\\\/\\\/www.pcvesti.com\\\/#\\\/schema\\\/person\\\/d1e384f7c138a1fcda7af7425e55a6b2\",\"name\":\"newsmaster\",\"image\":{\"@type\":\"ImageObject\",\"inLanguage\":\"en-US\",\"@id\":\"https:\\\/\\\/www.pcvesti.com\\\/wp-content\\\/uploads\\\/2018\\\/09\\\/avatar_user_5_1537115954-96x96.jpeg\",\"url\":\"https:\\\/\\\/www.pcvesti.com\\\/wp-content\\\/uploads\\\/2018\\\/09\\\/avatar_user_5_1537115954-96x96.jpeg\",\"contentUrl\":\"https:\\\/\\\/www.pcvesti.com\\\/wp-content\\\/uploads\\\/2018\\\/09\\\/avatar_user_5_1537115954-96x96.jpeg\",\"caption\":\"newsmaster\"},\"url\":\"https:\\\/\\\/www.pcvesti.com\\\/?author=5\"}]}<\/script>\n<!-- \/ Yoast SEO plugin. -->","yoast_head_json":{"title":"Predsednik Ericssona \u010dlan upravnog odbora Fondacije Ujedinjenih Nacija - PCVesti","robots":{"index":"index","follow":"follow","max-snippet":"max-snippet:-1","max-image-preview":"max-image-preview:large","max-video-preview":"max-video-preview:-1"},"canonical":"https:\/\/www.pcvesti.com\/?p=30183","og_locale":"en_US","og_type":"article","og_title":"Predsednik Ericssona \u010dlan upravnog odbora Fondacije Ujedinjenih Nacija - PCVesti","og_description":"Odbor direktora Fondacije Ujedinjenih Nacija predstavio je Hansa Vestberga, predsednika i direktora kompanije Ericsson, kao novog \u010dlana. Tokom predstavljanja, Odbor je istakao li\u010dno zalaganje Vestberga u borbi protiv siroma\u0161tva na svetskom nivou, kao i \u010dinjenicu, da je pod njegovim vo\u0111stvom Ericsson podr\u017eao veliki broj projekata zna\u010dajnih za globalni razvoj i re\u0161avanje socijalnih problema. \u201eFondacija Ujedinjenih Nacija dobi\u0107e vi\u0161estruke benefite anga\u017eovanjem Hansa, kao poslovnog lidera, koji koristi svoju poziciju da poma\u017ee ljudima. Hans... Continue reading","og_url":"https:\/\/www.pcvesti.com\/?p=30183","og_site_name":"PCVesti","article_published_time":"2015-06-21T16:06:11+00:00","article_modified_time":"2015-06-21T16:08:51+00:00","og_image":[{"url":"http:\/\/www.pcvesti.com\/wp-content\/gallery\/logos_comp_pcv\/ericsson_logo.jpg","type":"","width":"","height":""}],"author":"newsmaster","twitter_card":"summary_large_image","twitter_misc":{"Written by":"newsmaster","Est. reading time":"2 minutes"},"schema":{"@context":"https:\/\/schema.org","@graph":[{"@type":"Article","@id":"https:\/\/www.pcvesti.com\/?p=30183#article","isPartOf":{"@id":"https:\/\/www.pcvesti.com\/?p=30183"},"author":{"name":"newsmaster","@id":"https:\/\/www.pcvesti.com\/#\/schema\/person\/d1e384f7c138a1fcda7af7425e55a6b2"},"headline":"Predsednik Ericssona \u010dlan upravnog odbora Fondacije Ujedinjenih Nacija","datePublished":"2015-06-21T16:06:11+00:00","dateModified":"2015-06-21T16:08:51+00:00","mainEntityOfPage":{"@id":"https:\/\/www.pcvesti.com\/?p=30183"},"wordCount":462,"image":{"@id":"https:\/\/www.pcvesti.com\/?p=30183#primaryimage"},"thumbnailUrl":"http:\/\/www.pcvesti.com\/wp-content\/gallery\/logos_comp_pcv\/ericsson_logo.jpg","articleSection":["Dogadjaji","PC Vesti"],"inLanguage":"en-US"},{"@type":"WebPage","@id":"https:\/\/www.pcvesti.com\/?p=30183","url":"https:\/\/www.pcvesti.com\/?p=30183","name":"Predsednik Ericssona \u010dlan upravnog odbora Fondacije Ujedinjenih Nacija - PCVesti","isPartOf":{"@id":"https:\/\/www.pcvesti.com\/#website"},"primaryImageOfPage":{"@id":"https:\/\/www.pcvesti.com\/?p=30183#primaryimage"},"image":{"@id":"https:\/\/www.pcvesti.com\/?p=30183#primaryimage"},"thumbnailUrl":"http:\/\/www.pcvesti.com\/wp-content\/gallery\/logos_comp_pcv\/ericsson_logo.jpg","datePublished":"2015-06-21T16:06:11+00:00","dateModified":"2015-06-21T16:08:51+00:00","author":{"@id":"https:\/\/www.pcvesti.com\/#\/schema\/person\/d1e384f7c138a1fcda7af7425e55a6b2"},"breadcrumb":{"@id":"https:\/\/www.pcvesti.com\/?p=30183#breadcrumb"},"inLanguage":"en-US","potentialAction":[{"@type":"ReadAction","target":["https:\/\/www.pcvesti.com\/?p=30183"]}]},{"@type":"ImageObject","inLanguage":"en-US","@id":"https:\/\/www.pcvesti.com\/?p=30183#primaryimage","url":"http:\/\/www.pcvesti.com\/wp-content\/gallery\/logos_comp_pcv\/ericsson_logo.jpg","contentUrl":"http:\/\/www.pcvesti.com\/wp-content\/gallery\/logos_comp_pcv\/ericsson_logo.jpg"},{"@type":"BreadcrumbList","@id":"https:\/\/www.pcvesti.com\/?p=30183#breadcrumb","itemListElement":[{"@type":"ListItem","position":1,"name":"Home","item":"https:\/\/www.pcvesti.com\/"},{"@type":"ListItem","position":2,"name":"Predsednik Ericssona \u010dlan upravnog odbora Fondacije Ujedinjenih Nacija"}]},{"@type":"WebSite","@id":"https:\/\/www.pcvesti.com\/#website","url":"https:\/\/www.pcvesti.com\/","name":"PCVesti","description":"www.pcvesti.com","potentialAction":[{"@type":"SearchAction","target":{"@type":"EntryPoint","urlTemplate":"https:\/\/www.pcvesti.com\/?s={search_term_string}"},"query-input":{"@type":"PropertyValueSpecification","valueRequired":true,"valueName":"search_term_string"}}],"inLanguage":"en-US"},{"@type":"Person","@id":"https:\/\/www.pcvesti.com\/#\/schema\/person\/d1e384f7c138a1fcda7af7425e55a6b2","name":"newsmaster","image":{"@type":"ImageObject","inLanguage":"en-US","@id":"https:\/\/www.pcvesti.com\/wp-content\/uploads\/2018\/09\/avatar_user_5_1537115954-96x96.jpeg","url":"https:\/\/www.pcvesti.com\/wp-content\/uploads\/2018\/09\/avatar_user_5_1537115954-96x96.jpeg","contentUrl":"https:\/\/www.pcvesti.com\/wp-content\/uploads\/2018\/09\/avatar_user_5_1537115954-96x96.jpeg","caption":"newsmaster"},"url":"https:\/\/www.pcvesti.com\/?author=5"}]}},"_links":{"self":[{"href":"https:\/\/www.pcvesti.com\/index.php?rest_route=\/wp\/v2\/posts\/30183","targetHints":{"allow":["GET"]}}],"collection":[{"href":"https:\/\/www.pcvesti.com\/index.php?rest_route=\/wp\/v2\/posts"}],"about":[{"href":"https:\/\/www.pcvesti.com\/index.php?rest_route=\/wp\/v2\/types\/post"}],"author":[{"embeddable":true,"href":"https:\/\/www.pcvesti.com\/index.php?rest_route=\/wp\/v2\/users\/5"}],"replies":[{"embeddable":true,"href":"https:\/\/www.pcvesti.com\/index.php?rest_route=%2Fwp%2Fv2%2Fcomments&post=30183"}],"version-history":[{"count":0,"href":"https:\/\/www.pcvesti.com\/index.php?rest_route=\/wp\/v2\/posts\/30183\/revisions"}],"wp:attachment":[{"href":"https:\/\/www.pcvesti.com\/index.php?rest_route=%2Fwp%2Fv2%2Fmedia&parent=30183"}],"wp:term":[{"taxonomy":"category","embeddable":true,"href":"https:\/\/www.pcvesti.com\/index.php?rest_route=%2Fwp%2Fv2%2Fcategories&post=30183"},{"taxonomy":"post_tag","embeddable":true,"href":"https:\/\/www.pcvesti.com\/index.php?rest_route=%2Fwp%2Fv2%2Ftags&post=30183"}],"curies":[{"name":"wp","href":"https:\/\/api.w.org\/{rel}","templated":true}]}}