{"id":30295,"date":"2015-07-21T10:18:28","date_gmt":"2015-07-21T09:18:28","guid":{"rendered":"http:\/\/www.pcvesti.com\/?p=30295"},"modified":"2015-07-21T10:18:28","modified_gmt":"2015-07-21T09:18:28","slug":"ericsson-standardizuje-5g","status":"publish","type":"post","link":"https:\/\/www.pcvesti.com\/?p=30295","title":{"rendered":"Ericsson standardizuje 5G"},"content":{"rendered":"<p style=\"text-align: justify;\">Kompanija Ericsson nastavlja da radi na razvoju 5G sistema kao jedan od koordinatora METIS-II projekta, koji je pod pokroviteljstvom Evropske Unije, a \u010diji je cilj kreiranje kompletnog 5G radio sistema, kao i plana standardizacije.<\/p>\n<p style=\"text-align: justify;\">Na projektu u\u010destvuje 23 partnera iz celog sveta (EU, Kina, Japan, Ju\u017ena Koreja, SAD) uklju\u010duju\u0107i i vode\u0107e operatore i druge kompanije iz ovog sektora.<\/p>\n<p style=\"text-align: justify;\"><img loading=\"lazy\" decoding=\"async\" class=\"alignleft\" src=\"http:\/\/www.pcvesti.com\/wp-content\/gallery\/logos_comp_pcv\/ericsson_logo.jpg\" alt=\"\" width=\"180\" height=\"180\" \/>Kao glavni pokreta\u010d i koordinator METIS-II projekta, Ericsson \u0107e sprovesti integraciju tehnologija i obezbediti platformu koju \u0107e koristiti institucije zadu\u017eene za regulativu i standardizaciju. Ova akcija je nastavak METIS-a, prvog integrisanog 5G projekta, kojim je tako\u0111e upravljala kompanija Ericssona.<\/p>\n<p style=\"text-align: justify;\">METIS-II je su-finansiran EU H2020 istra\u017eiva\u010dki projekat sa bud\u017eetom od osam miliona evra.<\/p>\n<p style=\"text-align: justify;\"><em>Kompanija Ericsson je pokreta\u010dka snaga za umre\u017eeno dru\u0161tvo \u2013 globalni lider u tehnolo\u0161kim komunikacijama i uslugama. Dugoro\u010dna saradnja sa svim ve\u0107im telekomunikacionim operaterima na svetu, omogu\u0107uje ljudima, kompanijama i organizacijama da ispune svoj potencijal i stvore odr\u017eivu budu\u0107nost.<\/em><\/p>\n<p style=\"text-align: justify;\"><em>Na\u0161i servisi, softverska re\u0161enja i infrastruktura, posebno u mobilnim, \u0161irokopojasnim, kao i cloud re\u0161enjima, pru\u017eaju mogu\u0107nost za industriju telekomunikacija, kao i druge sektore, da obezbedi bolje poslovanje, pove\u0107a efikasnost, unapredi korisni\u010dko iskustvo i iskoristi nove mogu\u0107nosti.<\/em><\/p>\n<p style=\"text-align: justify;\"><em>Sa vi\u0161e od 115.000 profesionalaca i klijenata u 180 zemalja, povezujemo na\u0161e globalno prisustvo\u00a0 i lidersku poziciju u\u00a0 tehnologijama i servisima. Kompanija Ericsson odr\u017eava mre\u017ee koja povezuje vi\u0161e od 2.5 milijardi pretplatnika. \u010cetrdeset procenata mobilnog saobra\u0107aja u svetu odvija se kroz mre\u017ee koje koriste opremu i re\u0161enja kompanije Ericsson. Na\u0161e investicije u istra\u017eivanja i razvoj, govore u prilog tome, da su na\u0161a re\u0161enja, kao i na\u0161i klijente, za nas uvek na prvom mestu.<\/em><\/p>\n<p style=\"text-align: justify;\"><em>Kompanija Ericsson je osnovana 1876, sa sedi\u0161tem u Stokholmu. Neto prodaja u 2014. iznosila je 33.1 milijardi ameri\u010dkih dolara. Kompanija je registrovana je na berzama NASDAQ OMX Stockholm i NASDAQ New York.<\/em><\/p>\n<p style=\"text-align: justify;\"><a href=\"http:\/\/www.ericsson.com\/\">www.ericsson.com<\/a><br \/>\n<a href=\"http:\/\/www.twitter.com\/ericssonpress\">www.twitter.com\/ericssonpress<\/a><br \/>\n<a href=\"http:\/\/www.facebook.com\/technologyforgood\">www.facebook.com\/technologyforgood<\/a><br \/>\n<a href=\"http:\/\/www.youtube.com\/ericsson\">www.youtube.com\/ericsson<\/a><\/p>\n","protected":false},"excerpt":{"rendered":"<p>Kompanija Ericsson nastavlja da radi na razvoju 5G sistema kao jedan od koordinatora METIS-II projekta, koji je pod pokroviteljstvom Evropske Unije, a \u010diji je cilj kreiranje kompletnog 5G radio sistema, kao i plana standardizacije. Na projektu u\u010destvuje 23 partnera iz celog sveta (EU, Kina, Japan, Ju\u017ena Koreja, SAD) uklju\u010duju\u0107i i vode\u0107e operatore i druge kompanije iz ovog sektora. Kao glavni pokreta\u010d i koordinator METIS-II projekta, Ericsson \u0107e sprovesti integraciju tehnologija i obezbediti&#8230; <\/p>\n<div class=\"more-container\"><a class=\"more-link\" href=\"https:\/\/www.pcvesti.com\/?p=30295\" itemprop=\"url\">Continue reading<\/a><\/div>\n","protected":false},"author":5,"featured_media":0,"comment_status":"closed","ping_status":"closed","sticky":false,"template":"","format":"standard","meta":{"seo_booster_metabox":"","ngg_post_thumbnail":0,"slim_seo":{"title":"Ericsson standardizuje 5G - PCVesti","description":"Kompanija Ericsson nastavlja da radi na razvoju 5G sistema kao jedan od koordinatora METIS-II projekta, koji je pod pokroviteljstvom Evropske Unije, a \u010diji je c"},"footnotes":""},"categories":[5,12],"tags":[],"class_list":["post-30295","post","type-post","status-publish","format-standard","hentry","category-pc-vesti","category-pdamobile"],"yoast_head":"<!-- This site is optimized with the Yoast SEO plugin v27.5 - https:\/\/yoast.com\/product\/yoast-seo-wordpress\/ -->\n<title>Ericsson standardizuje 5G - PCVesti<\/title>\n<meta name=\"robots\" content=\"index, follow, max-snippet:-1, max-image-preview:large, max-video-preview:-1\" \/>\n<link rel=\"canonical\" href=\"https:\/\/www.pcvesti.com\/?p=30295\" \/>\n<meta property=\"og:locale\" content=\"en_US\" \/>\n<meta property=\"og:type\" content=\"article\" \/>\n<meta property=\"og:title\" content=\"Ericsson standardizuje 5G - PCVesti\" \/>\n<meta property=\"og:description\" content=\"Kompanija Ericsson nastavlja da radi na razvoju 5G sistema kao jedan od koordinatora METIS-II projekta, koji je pod pokroviteljstvom Evropske Unije, a \u010diji je cilj kreiranje kompletnog 5G radio sistema, kao i plana standardizacije. Na projektu u\u010destvuje 23 partnera iz celog sveta (EU, Kina, Japan, Ju\u017ena Koreja, SAD) uklju\u010duju\u0107i i vode\u0107e operatore i druge kompanije iz ovog sektora. Kao glavni pokreta\u010d i koordinator METIS-II projekta, Ericsson \u0107e sprovesti integraciju tehnologija i obezbediti... Continue reading\" \/>\n<meta property=\"og:url\" content=\"https:\/\/www.pcvesti.com\/?p=30295\" \/>\n<meta property=\"og:site_name\" content=\"PCVesti\" \/>\n<meta property=\"article:published_time\" content=\"2015-07-21T09:18:28+00:00\" \/>\n<meta property=\"og:image\" content=\"http:\/\/www.pcvesti.com\/wp-content\/gallery\/logos_comp_pcv\/ericsson_logo.jpg\" \/>\n<meta name=\"author\" content=\"newsmaster\" \/>\n<meta name=\"twitter:card\" content=\"summary_large_image\" \/>\n<meta name=\"twitter:label1\" content=\"Written by\" \/>\n\t<meta name=\"twitter:data1\" content=\"newsmaster\" \/>\n\t<meta name=\"twitter:label2\" content=\"Est. reading time\" \/>\n\t<meta name=\"twitter:data2\" content=\"2 minutes\" \/>\n<script type=\"application\/ld+json\" class=\"yoast-schema-graph\">{\"@context\":\"https:\\\/\\\/schema.org\",\"@graph\":[{\"@type\":\"Article\",\"@id\":\"https:\\\/\\\/www.pcvesti.com\\\/?p=30295#article\",\"isPartOf\":{\"@id\":\"https:\\\/\\\/www.pcvesti.com\\\/?p=30295\"},\"author\":{\"name\":\"newsmaster\",\"@id\":\"https:\\\/\\\/www.pcvesti.com\\\/#\\\/schema\\\/person\\\/d1e384f7c138a1fcda7af7425e55a6b2\"},\"headline\":\"Ericsson standardizuje 5G\",\"datePublished\":\"2015-07-21T09:18:28+00:00\",\"mainEntityOfPage\":{\"@id\":\"https:\\\/\\\/www.pcvesti.com\\\/?p=30295\"},\"wordCount\":341,\"image\":{\"@id\":\"https:\\\/\\\/www.pcvesti.com\\\/?p=30295#primaryimage\"},\"thumbnailUrl\":\"http:\\\/\\\/www.pcvesti.com\\\/wp-content\\\/gallery\\\/logos_comp_pcv\\\/ericsson_logo.jpg\",\"articleSection\":[\"PC Vesti\",\"PDA\\\/Mobile\\\/Camera\"],\"inLanguage\":\"en-US\"},{\"@type\":\"WebPage\",\"@id\":\"https:\\\/\\\/www.pcvesti.com\\\/?p=30295\",\"url\":\"https:\\\/\\\/www.pcvesti.com\\\/?p=30295\",\"name\":\"Ericsson standardizuje 5G - PCVesti\",\"isPartOf\":{\"@id\":\"https:\\\/\\\/www.pcvesti.com\\\/#website\"},\"primaryImageOfPage\":{\"@id\":\"https:\\\/\\\/www.pcvesti.com\\\/?p=30295#primaryimage\"},\"image\":{\"@id\":\"https:\\\/\\\/www.pcvesti.com\\\/?p=30295#primaryimage\"},\"thumbnailUrl\":\"http:\\\/\\\/www.pcvesti.com\\\/wp-content\\\/gallery\\\/logos_comp_pcv\\\/ericsson_logo.jpg\",\"datePublished\":\"2015-07-21T09:18:28+00:00\",\"author\":{\"@id\":\"https:\\\/\\\/www.pcvesti.com\\\/#\\\/schema\\\/person\\\/d1e384f7c138a1fcda7af7425e55a6b2\"},\"breadcrumb\":{\"@id\":\"https:\\\/\\\/www.pcvesti.com\\\/?p=30295#breadcrumb\"},\"inLanguage\":\"en-US\",\"potentialAction\":[{\"@type\":\"ReadAction\",\"target\":[\"https:\\\/\\\/www.pcvesti.com\\\/?p=30295\"]}]},{\"@type\":\"ImageObject\",\"inLanguage\":\"en-US\",\"@id\":\"https:\\\/\\\/www.pcvesti.com\\\/?p=30295#primaryimage\",\"url\":\"http:\\\/\\\/www.pcvesti.com\\\/wp-content\\\/gallery\\\/logos_comp_pcv\\\/ericsson_logo.jpg\",\"contentUrl\":\"http:\\\/\\\/www.pcvesti.com\\\/wp-content\\\/gallery\\\/logos_comp_pcv\\\/ericsson_logo.jpg\"},{\"@type\":\"BreadcrumbList\",\"@id\":\"https:\\\/\\\/www.pcvesti.com\\\/?p=30295#breadcrumb\",\"itemListElement\":[{\"@type\":\"ListItem\",\"position\":1,\"name\":\"Home\",\"item\":\"https:\\\/\\\/www.pcvesti.com\\\/\"},{\"@type\":\"ListItem\",\"position\":2,\"name\":\"Ericsson standardizuje 5G\"}]},{\"@type\":\"WebSite\",\"@id\":\"https:\\\/\\\/www.pcvesti.com\\\/#website\",\"url\":\"https:\\\/\\\/www.pcvesti.com\\\/\",\"name\":\"PCVesti\",\"description\":\"www.pcvesti.com\",\"potentialAction\":[{\"@type\":\"SearchAction\",\"target\":{\"@type\":\"EntryPoint\",\"urlTemplate\":\"https:\\\/\\\/www.pcvesti.com\\\/?s={search_term_string}\"},\"query-input\":{\"@type\":\"PropertyValueSpecification\",\"valueRequired\":true,\"valueName\":\"search_term_string\"}}],\"inLanguage\":\"en-US\"},{\"@type\":\"Person\",\"@id\":\"https:\\\/\\\/www.pcvesti.com\\\/#\\\/schema\\\/person\\\/d1e384f7c138a1fcda7af7425e55a6b2\",\"name\":\"newsmaster\",\"image\":{\"@type\":\"ImageObject\",\"inLanguage\":\"en-US\",\"@id\":\"https:\\\/\\\/www.pcvesti.com\\\/wp-content\\\/uploads\\\/2018\\\/09\\\/avatar_user_5_1537115954-96x96.jpeg\",\"url\":\"https:\\\/\\\/www.pcvesti.com\\\/wp-content\\\/uploads\\\/2018\\\/09\\\/avatar_user_5_1537115954-96x96.jpeg\",\"contentUrl\":\"https:\\\/\\\/www.pcvesti.com\\\/wp-content\\\/uploads\\\/2018\\\/09\\\/avatar_user_5_1537115954-96x96.jpeg\",\"caption\":\"newsmaster\"},\"url\":\"https:\\\/\\\/www.pcvesti.com\\\/?author=5\"}]}<\/script>\n<!-- \/ Yoast SEO plugin. -->","yoast_head_json":{"title":"Ericsson standardizuje 5G - PCVesti","robots":{"index":"index","follow":"follow","max-snippet":"max-snippet:-1","max-image-preview":"max-image-preview:large","max-video-preview":"max-video-preview:-1"},"canonical":"https:\/\/www.pcvesti.com\/?p=30295","og_locale":"en_US","og_type":"article","og_title":"Ericsson standardizuje 5G - PCVesti","og_description":"Kompanija Ericsson nastavlja da radi na razvoju 5G sistema kao jedan od koordinatora METIS-II projekta, koji je pod pokroviteljstvom Evropske Unije, a \u010diji je cilj kreiranje kompletnog 5G radio sistema, kao i plana standardizacije. Na projektu u\u010destvuje 23 partnera iz celog sveta (EU, Kina, Japan, Ju\u017ena Koreja, SAD) uklju\u010duju\u0107i i vode\u0107e operatore i druge kompanije iz ovog sektora. Kao glavni pokreta\u010d i koordinator METIS-II projekta, Ericsson \u0107e sprovesti integraciju tehnologija i obezbediti... Continue reading","og_url":"https:\/\/www.pcvesti.com\/?p=30295","og_site_name":"PCVesti","article_published_time":"2015-07-21T09:18:28+00:00","og_image":[{"url":"http:\/\/www.pcvesti.com\/wp-content\/gallery\/logos_comp_pcv\/ericsson_logo.jpg","type":"","width":"","height":""}],"author":"newsmaster","twitter_card":"summary_large_image","twitter_misc":{"Written by":"newsmaster","Est. reading time":"2 minutes"},"schema":{"@context":"https:\/\/schema.org","@graph":[{"@type":"Article","@id":"https:\/\/www.pcvesti.com\/?p=30295#article","isPartOf":{"@id":"https:\/\/www.pcvesti.com\/?p=30295"},"author":{"name":"newsmaster","@id":"https:\/\/www.pcvesti.com\/#\/schema\/person\/d1e384f7c138a1fcda7af7425e55a6b2"},"headline":"Ericsson standardizuje 5G","datePublished":"2015-07-21T09:18:28+00:00","mainEntityOfPage":{"@id":"https:\/\/www.pcvesti.com\/?p=30295"},"wordCount":341,"image":{"@id":"https:\/\/www.pcvesti.com\/?p=30295#primaryimage"},"thumbnailUrl":"http:\/\/www.pcvesti.com\/wp-content\/gallery\/logos_comp_pcv\/ericsson_logo.jpg","articleSection":["PC Vesti","PDA\/Mobile\/Camera"],"inLanguage":"en-US"},{"@type":"WebPage","@id":"https:\/\/www.pcvesti.com\/?p=30295","url":"https:\/\/www.pcvesti.com\/?p=30295","name":"Ericsson standardizuje 5G - PCVesti","isPartOf":{"@id":"https:\/\/www.pcvesti.com\/#website"},"primaryImageOfPage":{"@id":"https:\/\/www.pcvesti.com\/?p=30295#primaryimage"},"image":{"@id":"https:\/\/www.pcvesti.com\/?p=30295#primaryimage"},"thumbnailUrl":"http:\/\/www.pcvesti.com\/wp-content\/gallery\/logos_comp_pcv\/ericsson_logo.jpg","datePublished":"2015-07-21T09:18:28+00:00","author":{"@id":"https:\/\/www.pcvesti.com\/#\/schema\/person\/d1e384f7c138a1fcda7af7425e55a6b2"},"breadcrumb":{"@id":"https:\/\/www.pcvesti.com\/?p=30295#breadcrumb"},"inLanguage":"en-US","potentialAction":[{"@type":"ReadAction","target":["https:\/\/www.pcvesti.com\/?p=30295"]}]},{"@type":"ImageObject","inLanguage":"en-US","@id":"https:\/\/www.pcvesti.com\/?p=30295#primaryimage","url":"http:\/\/www.pcvesti.com\/wp-content\/gallery\/logos_comp_pcv\/ericsson_logo.jpg","contentUrl":"http:\/\/www.pcvesti.com\/wp-content\/gallery\/logos_comp_pcv\/ericsson_logo.jpg"},{"@type":"BreadcrumbList","@id":"https:\/\/www.pcvesti.com\/?p=30295#breadcrumb","itemListElement":[{"@type":"ListItem","position":1,"name":"Home","item":"https:\/\/www.pcvesti.com\/"},{"@type":"ListItem","position":2,"name":"Ericsson standardizuje 5G"}]},{"@type":"WebSite","@id":"https:\/\/www.pcvesti.com\/#website","url":"https:\/\/www.pcvesti.com\/","name":"PCVesti","description":"www.pcvesti.com","potentialAction":[{"@type":"SearchAction","target":{"@type":"EntryPoint","urlTemplate":"https:\/\/www.pcvesti.com\/?s={search_term_string}"},"query-input":{"@type":"PropertyValueSpecification","valueRequired":true,"valueName":"search_term_string"}}],"inLanguage":"en-US"},{"@type":"Person","@id":"https:\/\/www.pcvesti.com\/#\/schema\/person\/d1e384f7c138a1fcda7af7425e55a6b2","name":"newsmaster","image":{"@type":"ImageObject","inLanguage":"en-US","@id":"https:\/\/www.pcvesti.com\/wp-content\/uploads\/2018\/09\/avatar_user_5_1537115954-96x96.jpeg","url":"https:\/\/www.pcvesti.com\/wp-content\/uploads\/2018\/09\/avatar_user_5_1537115954-96x96.jpeg","contentUrl":"https:\/\/www.pcvesti.com\/wp-content\/uploads\/2018\/09\/avatar_user_5_1537115954-96x96.jpeg","caption":"newsmaster"},"url":"https:\/\/www.pcvesti.com\/?author=5"}]}},"_links":{"self":[{"href":"https:\/\/www.pcvesti.com\/index.php?rest_route=\/wp\/v2\/posts\/30295","targetHints":{"allow":["GET"]}}],"collection":[{"href":"https:\/\/www.pcvesti.com\/index.php?rest_route=\/wp\/v2\/posts"}],"about":[{"href":"https:\/\/www.pcvesti.com\/index.php?rest_route=\/wp\/v2\/types\/post"}],"author":[{"embeddable":true,"href":"https:\/\/www.pcvesti.com\/index.php?rest_route=\/wp\/v2\/users\/5"}],"replies":[{"embeddable":true,"href":"https:\/\/www.pcvesti.com\/index.php?rest_route=%2Fwp%2Fv2%2Fcomments&post=30295"}],"version-history":[{"count":0,"href":"https:\/\/www.pcvesti.com\/index.php?rest_route=\/wp\/v2\/posts\/30295\/revisions"}],"wp:attachment":[{"href":"https:\/\/www.pcvesti.com\/index.php?rest_route=%2Fwp%2Fv2%2Fmedia&parent=30295"}],"wp:term":[{"taxonomy":"category","embeddable":true,"href":"https:\/\/www.pcvesti.com\/index.php?rest_route=%2Fwp%2Fv2%2Fcategories&post=30295"},{"taxonomy":"post_tag","embeddable":true,"href":"https:\/\/www.pcvesti.com\/index.php?rest_route=%2Fwp%2Fv2%2Ftags&post=30295"}],"curies":[{"name":"wp","href":"https:\/\/api.w.org\/{rel}","templated":true}]}}