{"id":3052,"date":"2009-03-02T15:37:22","date_gmt":"2009-03-02T22:37:22","guid":{"rendered":"http:\/\/www.pcvesti.com\/?p=3052"},"modified":"2009-03-02T15:37:22","modified_gmt":"2009-03-02T22:37:22","slug":"verbatim-predstavlja-svoje-proizvode-cebit-u-2009-sajam-hannove","status":"publish","type":"post","link":"https:\/\/www.pcvesti.com\/?p=3052","title":{"rendered":"Verbatim predstavlja svoje proizvode CeBIT-u 2009  Sajam, Hannove"},"content":{"rendered":"<p><strong><span style=\"font-family: Arial; font-size: medium;\"><span style=\"font-weight: bold; font-size: 14pt; font-family: Arial;\" lang=\"EN-GB\">Verbatim predstavlja svoje proizvode CeBIT-u 2009<\/span><\/span><\/strong><\/p>\n<p><strong><span style=\"font-family: Arial; font-size: medium;\"><span style=\"font-weight: bold; font-size: 14pt; font-family: Arial;\" lang=\"EN-GB\">Sajam, Hannover<\/span><\/span><\/strong><\/p>\n<p><strong><span style=\"font-family: Arial; font-size: medium;\"><span style=\"font-weight: bold; font-size: 14pt; font-family: Arial;\" lang=\"EN-GB\">3-8.Mart 2009.<\/span><\/span><\/strong><\/p>\n<p><strong><span style=\"font-family: Arial; font-size: medium;\"><span style=\"font-weight: bold; font-size: 14pt; font-family: Arial;\" lang=\"EN-GB\">Hala 25 (Planet Reseller),\u0160tand F121<\/span><\/span><\/strong><\/p>\n<p style=\"text-align: justify;\"><span><strong><span style=\"font-family: Arial; font-size: x-small;\"><span style=\"font-weight: bold; font-size: 10pt;\" lang=\"EN-GB\"><br \/>\n<\/span><\/span><\/strong><\/span><strong><span style=\"font-family: Arial; font-size: x-small;\"><span style=\"font-weight: bold; font-size: 10pt; font-family: Arial;\" lang=\"EN-GB\">Beograd, 02. mart 2009. \u2013 Na ovogodi\u0161njem CeBIT-u, u okviru Planet Resseler hale, Verbatim \u0107e predstaviti svoj rastu\u0107i portfolio proizvoda i usluga uklju\u010duju\u0107i i novu PCMCIA SSD ExpressCard, kao i novi HDD od 1TB sa \u010detvorostrukim interfejsom. Osim pomenutih proizvoda, Verbatim \u0107e dodatno demonstrirati svoju lidersku poziciju u segmentu opti\u010dih medija prezentovanjem \u0161iroke palete proizvoda namenjenim profesionalnom sektoru, kao i rastu\u0107i asortiman USB drajvova velikog kapaciteta, memorijskih kartica i dodatne opreme.<\/span><\/span><\/strong><\/p>\n<p style=\"line-height: 150%; text-align: justify;\"><strong><span style=\"font-family: Arial; font-size: x-small;\"><span style=\"font-weight: bold; font-size: 11pt; line-height: 150%; font-family: Arial;\" lang=\"EN-GB\"> <\/span><\/span><\/strong><\/p>\n<p style=\"line-height: 150%; text-align: justify;\"><strong><span style=\"font-family: Arial; font-size: x-small;\"><span style=\"font-weight: bold; font-size: 10pt; line-height: 150%; font-family: Arial;\" lang=\"EN-GB\">ExpressCard SSD za ve\u0107e brzine transfera uz manju potro\u0161nju energije <\/span><\/span><\/strong><\/p>\n<p style=\"line-height: 150%; text-align: justify;\"><strong><span style=\"font-family: Arial; font-size: x-small;\"><span style=\"font-weight: bold; font-size: 10pt; line-height: 150%; font-family: Arial;\" lang=\"EN-GB\"> <!--more--><\/span><\/span><\/strong><\/p>\n<p style=\"line-height: 150%; text-align: justify;\"><span style=\"font-family: Arial; font-size: x-small;\"><span style=\"font-size: 10pt; line-height: 150%; font-family: Arial;\" lang=\"EN-GB\">\u201cSolid State Drive (SSD) \u0107e osvojiti tr\u017ei\u0161te sklad<\/span><\/span><span style=\"font-family: Arial; font-size: x-small;\"><span style=\"font-size: 10pt; line-height: 150%; font-family: Arial;\" lang=\"SR\">i\u0161tenja podataka \u2013 to je \u010dinjenica u koju smo svi sigurni. \u017delimo da na\u0161e proizvode \u0161to pre pozicioniramo u ovom segmentu, i verujemo da smo u odli\u010dnoj poziciji sa 3 na\u0161a SSD ExpressCard proizvoda, nude\u0107i 16, 32 i 64GB,\u201d rekao je\u00a0 Hans Christoph Kaiser, Business Development Manager Flash &amp; USB Memory Verbatim EUMEA. SSD ExpressCard iz Verbatima, koja je u skladu sa PCMCIA Express Card standardima, ima pravi PCI interfejs \u0161to joj omogu\u0107ava do 10 puta ve\u0107e brzine \u010ditanja (800x\/120MB\/sec) I \u0161est puta ve\u0107e brzine zapisa (300x\/45MB\/sec) nego konvencionalni USB ure\u0111aji, zna\u010dajno skra\u0107uju\u0107i vreme pristupa programima I aplikacijama. SSD ExpressCard tako\u0111e tro\u0161i manje energije zahvaljuju\u0107i svojoj naprednoj tehnologiji. <\/span><\/span><\/p>\n<p style=\"line-height: 150%; text-align: justify;\"><span style=\"font-family: Arial; font-size: x-small;\"><span style=\"font-size: 10pt; line-height: 150%; font-family: Arial;\" lang=\"SR\"> <\/span><\/span><\/p>\n<p style=\"line-height: 150%; text-align: justify;\"><strong><span style=\"font-family: Arial; font-size: x-small;\"><span style=\"font-weight: bold; font-size: 10pt; line-height: 150%; font-family: Arial;\" lang=\"PL\">HDD sa \u010detvorostrukim interfejsom i GigaBit NAS<\/span><\/span><\/strong><\/p>\n<p style=\"line-height: 150%; text-align: justify;\"><span style=\"font-family: Arial; font-size: x-small;\"><span style=\"font-size: 10pt; line-height: 150%; font-family: Arial;\" lang=\"PL\">Mac\u00ae i PC korisnici sada mogu da koriste bilo koji od \u010detiri popularna interfejsa USB 2.0, FireWire 400 i 800 kao i eSATA II za kori\u0161<\/span><\/span><span style=\"font-family: Arial; font-size: x-small;\"><span style=\"font-size: 10pt; line-height: 150%; font-family: Arial;\" lang=\"SR\">\u0107enje<\/span><\/span><span style=\"font-family: Arial; font-size: x-small;\"><span style=\"font-size: 10pt; line-height: 150%; font-family: Arial;\" lang=\"PL\"> Verbatimovog novog eksternog hard diska od 1 TB. Uz Plug \u2018n\u2019 play funkcionalnost hard disk je trenutno spreman za upotrebu. Novi 3.5 in\u010dni GigaBit NAS hard disk kapaciteta 1TB, zajedno sa nagra\u0111ivanim MediaStation Pro, od 640 I 750GB, \u0107e tako\u0111e biti izlo\u017eeni uz ve\u0107 postoje\u0107e Verbatimove eksterne hard diskove od 2.5 i 3.5 in\u010da. Kompletna kolekcija tako\u0111e uklju\u010duje Color seriju sa neverovatno trendi, vedrim dizajnom. <\/span><\/span><\/p>\n<p style=\"line-height: 150%; text-align: justify;\"><span style=\"font-family: Arial; font-size: x-small;\"><span style=\"font-size: 10pt; line-height: 150%; font-family: Arial;\" lang=\"PL\"> <\/span><\/span><\/p>\n<p style=\"line-height: 150%; text-align: justify;\"><strong><span style=\"font-family: Arial; font-size: x-small;\"><span style=\"font-weight: bold; font-size: 10pt; line-height: 150%; font-family: Arial;\" lang=\"PL\">Inovacije <\/span><\/span><\/strong><\/p>\n<p style=\"line-height: 150%;\"><span style=\"font-family: Arial; font-size: x-small;\"><span style=\"font-size: 10pt; line-height: 150%; font-family: Arial;\" lang=\"PL\">Na CeBIT-u, Verbatim \u0107e po prvi put predstaviti nove opti\u010dke medije za skladi\u0161tenje sa razli\u010ditim premazima za profesionalnu upotrebu CD-ova, DVD-ova i Blu-Ray diskova. Ova serija uklju\u010duje Glossy Waterproof, Glossy Photo Printable, Archival Gold, Silver Printable i Thermal White and Silver, koje su u skladu sa visokim normama kvaliteta koju propisuje Verbatim.<\/span><\/span><\/p>\n<p style=\"line-height: 150%;\"><span style=\"font-family: Arial; font-size: x-small;\"><span style=\"font-size: 10pt; line-height: 150%; font-family: Arial;\" lang=\"PL\"> <\/span><\/span><\/p>\n<p style=\"line-height: 150%;\"><strong><span style=\"font-family: Arial; font-size: x-small;\"><span style=\"font-weight: bold; font-size: 10pt; line-height: 150%; font-family: Arial;\" lang=\"PL\">\u0160iroka paleta dodatne opreme<\/span><\/span><\/strong><\/p>\n<p style=\"line-height: 150%;\"><span style=\"font-family: Arial; font-size: x-small;\"><span style=\"font-size: 10pt; line-height: 150%; font-family: Arial;\" lang=\"PL\">Da kompletira \u0161iroku ponudu Verbatima pobrinu\u0107e se dijapazon dodatne opreme ukjlu\u010duju\u0107i novi 2.1 Multimedia Audio Bar, Bluetooth zvu\u010dnike, Bluetooth mi\u0161 za notebook i punjive baterija, zajedno sa tek lansiranom serijom bubica, slu\u0161alica, mi\u0161eva za profesionalne igra\u010de i jo\u0161 mnogo toga. <\/span><\/span><\/p>\n<p style=\"line-height: 150%; text-align: justify;\"><span style=\"font-family: Arial; font-size: x-small;\"><span style=\"font-size: 10pt; line-height: 150%; font-family: Arial;\" lang=\"PL\"><\/span><\/span><\/p>\n","protected":false},"excerpt":{"rendered":"<p>Verbatim predstavlja svoje proizvode CeBIT-u 2009 Sajam, Hannover 3-8.Mart 2009. Hala 25 (Planet Reseller),\u0160tand F121 Beograd, 02. mart 2009. \u2013 Na ovogodi\u0161njem CeBIT-u, u okviru Planet Resseler hale, Verbatim \u0107e predstaviti svoj rastu\u0107i portfolio proizvoda i usluga uklju\u010duju\u0107i i novu PCMCIA SSD ExpressCard, kao i novi HDD od 1TB sa \u010detvorostrukim interfejsom. Osim pomenutih proizvoda, Verbatim \u0107e dodatno demonstrirati svoju lidersku poziciju u segmentu opti\u010dih medija prezentovanjem \u0161iroke palete proizvoda namenjenim profesionalnom&#8230; <\/p>\n<div class=\"more-container\"><a class=\"more-link\" href=\"https:\/\/www.pcvesti.com\/?p=3052\" itemprop=\"url\">Continue reading<\/a><\/div>\n","protected":false},"author":3,"featured_media":0,"comment_status":"closed","ping_status":"closed","sticky":false,"template":"","format":"standard","meta":{"seo_booster_metabox":"","ngg_post_thumbnail":0,"slim_seo":{"title":"Verbatim predstavlja svoje proizvode CeBIT-u 2009 Sajam, Hannove - PCVesti","description":"Verbatim predstavlja svoje proizvode CeBIT-u 2009 Sajam, Hannover 3-8.Mart 2009. Hala 25 (Planet Reseller),\u0160tand F121 Beograd, 02. mart 2009. \u2013 Na ovogodi\u0161njem"},"footnotes":""},"categories":[5],"tags":[],"class_list":["post-3052","post","type-post","status-publish","format-standard","hentry","category-pc-vesti"],"yoast_head":"<!-- This site is optimized with the Yoast SEO plugin v27.5 - https:\/\/yoast.com\/product\/yoast-seo-wordpress\/ -->\n<title>Verbatim predstavlja svoje proizvode CeBIT-u 2009 Sajam, Hannove - PCVesti<\/title>\n<meta name=\"robots\" content=\"index, follow, max-snippet:-1, max-image-preview:large, max-video-preview:-1\" \/>\n<link rel=\"canonical\" href=\"https:\/\/www.pcvesti.com\/?p=3052\" \/>\n<meta property=\"og:locale\" content=\"en_US\" \/>\n<meta property=\"og:type\" content=\"article\" \/>\n<meta property=\"og:title\" content=\"Verbatim predstavlja svoje proizvode CeBIT-u 2009 Sajam, Hannove - PCVesti\" \/>\n<meta property=\"og:description\" content=\"Verbatim predstavlja svoje proizvode CeBIT-u 2009 Sajam, Hannover 3-8.Mart 2009. Hala 25 (Planet Reseller),\u0160tand F121 Beograd, 02. mart 2009. \u2013 Na ovogodi\u0161njem CeBIT-u, u okviru Planet Resseler hale, Verbatim \u0107e predstaviti svoj rastu\u0107i portfolio proizvoda i usluga uklju\u010duju\u0107i i novu PCMCIA SSD ExpressCard, kao i novi HDD od 1TB sa \u010detvorostrukim interfejsom. Osim pomenutih proizvoda, Verbatim \u0107e dodatno demonstrirati svoju lidersku poziciju u segmentu opti\u010dih medija prezentovanjem \u0161iroke palete proizvoda namenjenim profesionalnom... Continue reading\" \/>\n<meta property=\"og:url\" content=\"https:\/\/www.pcvesti.com\/?p=3052\" \/>\n<meta property=\"og:site_name\" content=\"PCVesti\" \/>\n<meta property=\"article:published_time\" content=\"2009-03-02T22:37:22+00:00\" \/>\n<meta name=\"author\" content=\"newsmaster\" \/>\n<meta name=\"twitter:card\" content=\"summary_large_image\" \/>\n<meta name=\"twitter:label1\" content=\"Written by\" \/>\n\t<meta name=\"twitter:data1\" content=\"newsmaster\" \/>\n\t<meta name=\"twitter:label2\" content=\"Est. reading time\" \/>\n\t<meta name=\"twitter:data2\" content=\"2 minutes\" \/>\n<script type=\"application\/ld+json\" class=\"yoast-schema-graph\">{\"@context\":\"https:\\\/\\\/schema.org\",\"@graph\":[{\"@type\":\"Article\",\"@id\":\"https:\\\/\\\/www.pcvesti.com\\\/?p=3052#article\",\"isPartOf\":{\"@id\":\"https:\\\/\\\/www.pcvesti.com\\\/?p=3052\"},\"author\":{\"name\":\"newsmaster\",\"@id\":\"https:\\\/\\\/www.pcvesti.com\\\/#\\\/schema\\\/person\\\/768108ddc1bdd7f71ac8556bf805102a\"},\"headline\":\"Verbatim predstavlja svoje proizvode CeBIT-u 2009 Sajam, Hannove\",\"datePublished\":\"2009-03-02T22:37:22+00:00\",\"mainEntityOfPage\":{\"@id\":\"https:\\\/\\\/www.pcvesti.com\\\/?p=3052\"},\"wordCount\":445,\"articleSection\":[\"PC Vesti\"],\"inLanguage\":\"en-US\"},{\"@type\":\"WebPage\",\"@id\":\"https:\\\/\\\/www.pcvesti.com\\\/?p=3052\",\"url\":\"https:\\\/\\\/www.pcvesti.com\\\/?p=3052\",\"name\":\"Verbatim predstavlja svoje proizvode CeBIT-u 2009 Sajam, Hannove - PCVesti\",\"isPartOf\":{\"@id\":\"https:\\\/\\\/www.pcvesti.com\\\/#website\"},\"datePublished\":\"2009-03-02T22:37:22+00:00\",\"author\":{\"@id\":\"https:\\\/\\\/www.pcvesti.com\\\/#\\\/schema\\\/person\\\/768108ddc1bdd7f71ac8556bf805102a\"},\"breadcrumb\":{\"@id\":\"https:\\\/\\\/www.pcvesti.com\\\/?p=3052#breadcrumb\"},\"inLanguage\":\"en-US\",\"potentialAction\":[{\"@type\":\"ReadAction\",\"target\":[\"https:\\\/\\\/www.pcvesti.com\\\/?p=3052\"]}]},{\"@type\":\"BreadcrumbList\",\"@id\":\"https:\\\/\\\/www.pcvesti.com\\\/?p=3052#breadcrumb\",\"itemListElement\":[{\"@type\":\"ListItem\",\"position\":1,\"name\":\"Home\",\"item\":\"https:\\\/\\\/www.pcvesti.com\\\/\"},{\"@type\":\"ListItem\",\"position\":2,\"name\":\"Verbatim predstavlja svoje proizvode CeBIT-u 2009 Sajam, Hannove\"}]},{\"@type\":\"WebSite\",\"@id\":\"https:\\\/\\\/www.pcvesti.com\\\/#website\",\"url\":\"https:\\\/\\\/www.pcvesti.com\\\/\",\"name\":\"PCVesti\",\"description\":\"www.pcvesti.com\",\"potentialAction\":[{\"@type\":\"SearchAction\",\"target\":{\"@type\":\"EntryPoint\",\"urlTemplate\":\"https:\\\/\\\/www.pcvesti.com\\\/?s={search_term_string}\"},\"query-input\":{\"@type\":\"PropertyValueSpecification\",\"valueRequired\":true,\"valueName\":\"search_term_string\"}}],\"inLanguage\":\"en-US\"},{\"@type\":\"Person\",\"@id\":\"https:\\\/\\\/www.pcvesti.com\\\/#\\\/schema\\\/person\\\/768108ddc1bdd7f71ac8556bf805102a\",\"name\":\"newsmaster\",\"image\":{\"@type\":\"ImageObject\",\"inLanguage\":\"en-US\",\"@id\":\"https:\\\/\\\/secure.gravatar.com\\\/avatar\\\/c98a03ccaf0a032c2a3d01b09438cf41bfe614d7fa1af20229886a67bfaaa000?s=96&d=mm&r=g\",\"url\":\"https:\\\/\\\/secure.gravatar.com\\\/avatar\\\/c98a03ccaf0a032c2a3d01b09438cf41bfe614d7fa1af20229886a67bfaaa000?s=96&d=mm&r=g\",\"contentUrl\":\"https:\\\/\\\/secure.gravatar.com\\\/avatar\\\/c98a03ccaf0a032c2a3d01b09438cf41bfe614d7fa1af20229886a67bfaaa000?s=96&d=mm&r=g\",\"caption\":\"newsmaster\"},\"sameAs\":[\"http:\\\/\\\/www.pcvesti.com\"],\"url\":\"https:\\\/\\\/www.pcvesti.com\\\/?author=3\"}]}<\/script>\n<!-- \/ Yoast SEO plugin. -->","yoast_head_json":{"title":"Verbatim predstavlja svoje proizvode CeBIT-u 2009 Sajam, Hannove - PCVesti","robots":{"index":"index","follow":"follow","max-snippet":"max-snippet:-1","max-image-preview":"max-image-preview:large","max-video-preview":"max-video-preview:-1"},"canonical":"https:\/\/www.pcvesti.com\/?p=3052","og_locale":"en_US","og_type":"article","og_title":"Verbatim predstavlja svoje proizvode CeBIT-u 2009 Sajam, Hannove - PCVesti","og_description":"Verbatim predstavlja svoje proizvode CeBIT-u 2009 Sajam, Hannover 3-8.Mart 2009. Hala 25 (Planet Reseller),\u0160tand F121 Beograd, 02. mart 2009. \u2013 Na ovogodi\u0161njem CeBIT-u, u okviru Planet Resseler hale, Verbatim \u0107e predstaviti svoj rastu\u0107i portfolio proizvoda i usluga uklju\u010duju\u0107i i novu PCMCIA SSD ExpressCard, kao i novi HDD od 1TB sa \u010detvorostrukim interfejsom. Osim pomenutih proizvoda, Verbatim \u0107e dodatno demonstrirati svoju lidersku poziciju u segmentu opti\u010dih medija prezentovanjem \u0161iroke palete proizvoda namenjenim profesionalnom... Continue reading","og_url":"https:\/\/www.pcvesti.com\/?p=3052","og_site_name":"PCVesti","article_published_time":"2009-03-02T22:37:22+00:00","author":"newsmaster","twitter_card":"summary_large_image","twitter_misc":{"Written by":"newsmaster","Est. reading time":"2 minutes"},"schema":{"@context":"https:\/\/schema.org","@graph":[{"@type":"Article","@id":"https:\/\/www.pcvesti.com\/?p=3052#article","isPartOf":{"@id":"https:\/\/www.pcvesti.com\/?p=3052"},"author":{"name":"newsmaster","@id":"https:\/\/www.pcvesti.com\/#\/schema\/person\/768108ddc1bdd7f71ac8556bf805102a"},"headline":"Verbatim predstavlja svoje proizvode CeBIT-u 2009 Sajam, Hannove","datePublished":"2009-03-02T22:37:22+00:00","mainEntityOfPage":{"@id":"https:\/\/www.pcvesti.com\/?p=3052"},"wordCount":445,"articleSection":["PC Vesti"],"inLanguage":"en-US"},{"@type":"WebPage","@id":"https:\/\/www.pcvesti.com\/?p=3052","url":"https:\/\/www.pcvesti.com\/?p=3052","name":"Verbatim predstavlja svoje proizvode CeBIT-u 2009 Sajam, Hannove - PCVesti","isPartOf":{"@id":"https:\/\/www.pcvesti.com\/#website"},"datePublished":"2009-03-02T22:37:22+00:00","author":{"@id":"https:\/\/www.pcvesti.com\/#\/schema\/person\/768108ddc1bdd7f71ac8556bf805102a"},"breadcrumb":{"@id":"https:\/\/www.pcvesti.com\/?p=3052#breadcrumb"},"inLanguage":"en-US","potentialAction":[{"@type":"ReadAction","target":["https:\/\/www.pcvesti.com\/?p=3052"]}]},{"@type":"BreadcrumbList","@id":"https:\/\/www.pcvesti.com\/?p=3052#breadcrumb","itemListElement":[{"@type":"ListItem","position":1,"name":"Home","item":"https:\/\/www.pcvesti.com\/"},{"@type":"ListItem","position":2,"name":"Verbatim predstavlja svoje proizvode CeBIT-u 2009 Sajam, Hannove"}]},{"@type":"WebSite","@id":"https:\/\/www.pcvesti.com\/#website","url":"https:\/\/www.pcvesti.com\/","name":"PCVesti","description":"www.pcvesti.com","potentialAction":[{"@type":"SearchAction","target":{"@type":"EntryPoint","urlTemplate":"https:\/\/www.pcvesti.com\/?s={search_term_string}"},"query-input":{"@type":"PropertyValueSpecification","valueRequired":true,"valueName":"search_term_string"}}],"inLanguage":"en-US"},{"@type":"Person","@id":"https:\/\/www.pcvesti.com\/#\/schema\/person\/768108ddc1bdd7f71ac8556bf805102a","name":"newsmaster","image":{"@type":"ImageObject","inLanguage":"en-US","@id":"https:\/\/secure.gravatar.com\/avatar\/c98a03ccaf0a032c2a3d01b09438cf41bfe614d7fa1af20229886a67bfaaa000?s=96&d=mm&r=g","url":"https:\/\/secure.gravatar.com\/avatar\/c98a03ccaf0a032c2a3d01b09438cf41bfe614d7fa1af20229886a67bfaaa000?s=96&d=mm&r=g","contentUrl":"https:\/\/secure.gravatar.com\/avatar\/c98a03ccaf0a032c2a3d01b09438cf41bfe614d7fa1af20229886a67bfaaa000?s=96&d=mm&r=g","caption":"newsmaster"},"sameAs":["http:\/\/www.pcvesti.com"],"url":"https:\/\/www.pcvesti.com\/?author=3"}]}},"_links":{"self":[{"href":"https:\/\/www.pcvesti.com\/index.php?rest_route=\/wp\/v2\/posts\/3052","targetHints":{"allow":["GET"]}}],"collection":[{"href":"https:\/\/www.pcvesti.com\/index.php?rest_route=\/wp\/v2\/posts"}],"about":[{"href":"https:\/\/www.pcvesti.com\/index.php?rest_route=\/wp\/v2\/types\/post"}],"author":[{"embeddable":true,"href":"https:\/\/www.pcvesti.com\/index.php?rest_route=\/wp\/v2\/users\/3"}],"replies":[{"embeddable":true,"href":"https:\/\/www.pcvesti.com\/index.php?rest_route=%2Fwp%2Fv2%2Fcomments&post=3052"}],"version-history":[{"count":0,"href":"https:\/\/www.pcvesti.com\/index.php?rest_route=\/wp\/v2\/posts\/3052\/revisions"}],"wp:attachment":[{"href":"https:\/\/www.pcvesti.com\/index.php?rest_route=%2Fwp%2Fv2%2Fmedia&parent=3052"}],"wp:term":[{"taxonomy":"category","embeddable":true,"href":"https:\/\/www.pcvesti.com\/index.php?rest_route=%2Fwp%2Fv2%2Fcategories&post=3052"},{"taxonomy":"post_tag","embeddable":true,"href":"https:\/\/www.pcvesti.com\/index.php?rest_route=%2Fwp%2Fv2%2Ftags&post=3052"}],"curies":[{"name":"wp","href":"https:\/\/api.w.org\/{rel}","templated":true}]}}