{"id":3098,"date":"2009-03-04T07:06:00","date_gmt":"2009-03-04T14:06:00","guid":{"rendered":"http:\/\/www.pcvesti.com\/?p=3098"},"modified":"2009-03-04T07:06:00","modified_gmt":"2009-03-04T14:06:00","slug":"intel-kreg-baret-otvorio-cebit","status":"publish","type":"post","link":"https:\/\/www.pcvesti.com\/?p=3098","title":{"rendered":"Intel &#8211; Kreg Baret otvorio CeBIT"},"content":{"rendered":"<p style=\"text-align: center;\"><strong>Predsednik Intela naglasio da su inovacije i tehnologija odgovor globalnim izazovima <\/strong><\/p>\n<p style=\"text-align: center;\"><strong>Kreg Baret otvorio CeBIT pozivom na investiranje u obrazovanje, istra\u017eivanja i razvoj <\/strong><\/p>\n<p>CeBIT 2009, Hanover, Nema\u010dka, 3. mart 2009 &#8211; Predsednik Intel korporacije, Kreg Baret (Craig Barrett) danas je pozvao predstavnike tehnolo\u0161ke industrije i dr\u017eavnike da &#8220;inoviraju i investiraju&#8221; (&#8220;innovate\u00a0 and invest&#8221;) kako bi se pokrenuo ekonomski razvoj i dao pravi odgovor globalnim izazovima.<\/p>\n<p>Nazivaju\u0107i inovacije i tehnologije &#8220;okosnicom moderne ekonomije&#8221; Barrett je rekao publici na CeBITu 2009 da investicija u informacione i komunikacione tehnologije (ICT) poma\u017ee osiguranju ekonomskog prosperiteta dok svet prolazi kroz digitalnu transformaciju.<!--more--><\/p>\n<p>&#8220;Tri su klju\u010dne stvari koje se mogu uskladiti da bi se ostalo koknurentnim&#8221; Baret je rekao otvaraju\u0107i najve\u0107i svetski sajam tehnologije. &#8220;Investicija u dobro obrazovanje proizvodi pametne i sposobne ljude. Investicija u istra\u017eivanja i razvoj proizvodi pametne ideje. To sve proizvodi pravo okru\u017eenje u kojem pametni ljudi mogu razvijati pametne ideje. Ovi koraci \u0107e stimulisati ekonomski rast, nove poslove i nove prilike, uklju\u010duju\u0107i saradnju me\u0111u industrijom koja je u privatnom vlasni\u0161tvu, vlade i akademije.&#8221;<\/p>\n<p>Baretovi zaklju\u010dci proistekli su iz zapa\u017eanja ste\u010denih tokom posete vi\u0161e od 30 zemalja svake godine, u ulozi &#8220;ambasadora tehnologije&#8221; (technology ambassador) i ulozi predsednika Globalne Alijanse za ICT i Razvoj,\u00a0 ogranka Ujedinjenih Nacija. Zemlje koje investiraju mudro u tehnologiju bolje su opremljene da se suo\u010de sa izazovima, on je rekao, dok zemlje koje ignori\u0161u ili odla\u017eu takve investicije vrlo verovatno zaostaju na globalnom nivou.<\/p>\n<p>&#8220;U ekonomskim uslovima, kakvi sada jesu, dugoro\u010dno razmi\u0161ljanje je va\u017enije nego ikada,&#8221; Baret je rekao. &#8220;Danas, mo\u017eemo postaviti temelje za rast. Mnogi narodi i kompanije poku\u0161avaju da se sklone od puta recesije. Mnogo je bolje investirati\u00a0 u put izlaza iz recesije.&#8221;<\/p>\n<p>Baret veruje da je investiranje u nove ideje i izume ne samo stimulativno za nova radna mesta, ve\u0107 i pove\u0107ava produktivnost, vodi u iznala\u017eenje novih oblike energije i pametniju energetsku potro\u0161nju, pobolj\u0161ava sistem zdravstvene za\u0161tite i lekova, i nudi potro\u0161a\u010dima vi\u0161e koristi po ni\u017eoj ceni.<\/p>\n<p>Baret je naglasio potrebu investicija u obrazovanje kao osnov za jaku ekonomiju, posebno \u0161to razvijenije nacije tranzitiraju iz proizvodnih dru\u0161tava u dru\u0161tva zasnovana na znanju. On je tako\u0111e rekao da zemlje u razvoju mogu po\u010deti od takvih temelja, unapre\u0111uju\u0107i kori\u0161\u0107enje ra\u010dunara, Interneta i drugih tehnologija u u\u010dionicama kako bi mladi ljudi bili spremni da se izbore za svoju karijeru u 21. veku.<br \/>\nInvesticije u obrazovanje su poseban imperativ, obzirom da vi\u0161e od 75 miliona osnovaca \u0161irom sveta u razvoju, ne ide u \u0161kolu \u0161to zahteva pomo\u0107 u obrazovanju, preporu\u010duje Baret.<\/p>\n<p>Jedan od najuspe\u0161nijih na\u010dina kroz koji Intel investiora u obrazovanje, Baret je naglasio, je Intel\u00ae Teach program, osmi\u0161ljen da naglasi zna\u010daj obrazovanja u u\u010dionici\u00a0 kroz obuku i treniranje predava\u010da, kako bi integrisali tehnologiju u nastavne programme. U Evropi, blizu 1 milion predava\u010da je zavr\u0161ilo Intel Teach obuku. Samo u Nema\u010dkoj, polovina od svih u\u010ditelja je pro\u0161lo trening kroz program, koji je ponu\u0111en u svakoj Nema\u010dkoj saveznoj dr\u017eavi. Sada, 89 procenata u\u010ditelja prijavljuje da su uveli tehnologiju u u\u010dionice, kao rezultat ove obuke.<\/p>\n<p>&#8220;Ni\u0161ta nema bolje od investicija u kvalitetne ljude i kvalitetne ideje&#8221; rekao je Baret publici CeBIT-a- On je dodao da su partnerstva vlade i preduze\u0107a osnova u iznala\u017eenju re\u0161enja i suprotstavljanju globalnim izazovima.<\/p>\n<p>Trenutno u 23. godini, CeBIT je najve\u0107a svetska konferencija koja prikazuje re\u0161enja za svet IT-a i telekomunikacija. \u0160estodnevni program \u0107e privu\u0107i izlaga\u010de iz vi\u0161e od 75 zemalja i blizu pola miliona posetilaca iz svih krajeva sveta.<\/p>\n","protected":false},"excerpt":{"rendered":"<p>Predsednik Intela naglasio da su inovacije i tehnologija odgovor globalnim izazovima Kreg Baret otvorio CeBIT pozivom na investiranje u obrazovanje, istra\u017eivanja i razvoj CeBIT 2009, Hanover, Nema\u010dka, 3. mart 2009 &#8211; Predsednik Intel korporacije, Kreg Baret (Craig Barrett) danas je pozvao predstavnike tehnolo\u0161ke industrije i dr\u017eavnike da &#8220;inoviraju i investiraju&#8221; (&#8220;innovate\u00a0 and invest&#8221;) kako bi se pokrenuo ekonomski razvoj i dao pravi odgovor globalnim izazovima. Nazivaju\u0107i inovacije i tehnologije &#8220;okosnicom moderne ekonomije&#8221;&#8230; <\/p>\n<div class=\"more-container\"><a class=\"more-link\" href=\"https:\/\/www.pcvesti.com\/?p=3098\" itemprop=\"url\">Continue reading<\/a><\/div>\n","protected":false},"author":3,"featured_media":0,"comment_status":"closed","ping_status":"closed","sticky":false,"template":"","format":"standard","meta":{"seo_booster_metabox":"","ngg_post_thumbnail":0,"slim_seo":{"title":"Intel - Kreg Baret otvorio CeBIT - PCVesti","description":"Predsednik Intela naglasio da su inovacije i tehnologija odgovor globalnim izazovima Kreg Baret otvorio CeBIT pozivom na investiranje u obrazovanje, istra\u017eivanj"},"footnotes":""},"categories":[5],"tags":[],"class_list":["post-3098","post","type-post","status-publish","format-standard","hentry","category-pc-vesti"],"yoast_head":"<!-- This site is optimized with the Yoast SEO plugin v27.5 - https:\/\/yoast.com\/product\/yoast-seo-wordpress\/ -->\n<title>Intel - Kreg Baret otvorio CeBIT - PCVesti<\/title>\n<meta name=\"robots\" content=\"index, follow, max-snippet:-1, max-image-preview:large, max-video-preview:-1\" \/>\n<link rel=\"canonical\" href=\"https:\/\/www.pcvesti.com\/?p=3098\" \/>\n<meta property=\"og:locale\" content=\"en_US\" \/>\n<meta property=\"og:type\" content=\"article\" \/>\n<meta property=\"og:title\" content=\"Intel - Kreg Baret otvorio CeBIT - PCVesti\" \/>\n<meta property=\"og:description\" content=\"Predsednik Intela naglasio da su inovacije i tehnologija odgovor globalnim izazovima Kreg Baret otvorio CeBIT pozivom na investiranje u obrazovanje, istra\u017eivanja i razvoj CeBIT 2009, Hanover, Nema\u010dka, 3. mart 2009 &#8211; Predsednik Intel korporacije, Kreg Baret (Craig Barrett) danas je pozvao predstavnike tehnolo\u0161ke industrije i dr\u017eavnike da &#8220;inoviraju i investiraju&#8221; (&#8220;innovate\u00a0 and invest&#8221;) kako bi se pokrenuo ekonomski razvoj i dao pravi odgovor globalnim izazovima. Nazivaju\u0107i inovacije i tehnologije &#8220;okosnicom moderne ekonomije&#8221;... Continue reading\" \/>\n<meta property=\"og:url\" content=\"https:\/\/www.pcvesti.com\/?p=3098\" \/>\n<meta property=\"og:site_name\" content=\"PCVesti\" \/>\n<meta property=\"article:published_time\" content=\"2009-03-04T14:06:00+00:00\" \/>\n<meta name=\"author\" content=\"newsmaster\" \/>\n<meta name=\"twitter:card\" content=\"summary_large_image\" \/>\n<meta name=\"twitter:label1\" content=\"Written by\" \/>\n\t<meta name=\"twitter:data1\" content=\"newsmaster\" \/>\n\t<meta name=\"twitter:label2\" content=\"Est. reading time\" \/>\n\t<meta name=\"twitter:data2\" content=\"3 minutes\" \/>\n<script type=\"application\/ld+json\" class=\"yoast-schema-graph\">{\"@context\":\"https:\\\/\\\/schema.org\",\"@graph\":[{\"@type\":\"Article\",\"@id\":\"https:\\\/\\\/www.pcvesti.com\\\/?p=3098#article\",\"isPartOf\":{\"@id\":\"https:\\\/\\\/www.pcvesti.com\\\/?p=3098\"},\"author\":{\"name\":\"newsmaster\",\"@id\":\"https:\\\/\\\/www.pcvesti.com\\\/#\\\/schema\\\/person\\\/768108ddc1bdd7f71ac8556bf805102a\"},\"headline\":\"Intel &#8211; Kreg Baret otvorio CeBIT\",\"datePublished\":\"2009-03-04T14:06:00+00:00\",\"mainEntityOfPage\":{\"@id\":\"https:\\\/\\\/www.pcvesti.com\\\/?p=3098\"},\"wordCount\":629,\"articleSection\":[\"PC Vesti\"],\"inLanguage\":\"en-US\"},{\"@type\":\"WebPage\",\"@id\":\"https:\\\/\\\/www.pcvesti.com\\\/?p=3098\",\"url\":\"https:\\\/\\\/www.pcvesti.com\\\/?p=3098\",\"name\":\"Intel - Kreg Baret otvorio CeBIT - PCVesti\",\"isPartOf\":{\"@id\":\"https:\\\/\\\/www.pcvesti.com\\\/#website\"},\"datePublished\":\"2009-03-04T14:06:00+00:00\",\"author\":{\"@id\":\"https:\\\/\\\/www.pcvesti.com\\\/#\\\/schema\\\/person\\\/768108ddc1bdd7f71ac8556bf805102a\"},\"breadcrumb\":{\"@id\":\"https:\\\/\\\/www.pcvesti.com\\\/?p=3098#breadcrumb\"},\"inLanguage\":\"en-US\",\"potentialAction\":[{\"@type\":\"ReadAction\",\"target\":[\"https:\\\/\\\/www.pcvesti.com\\\/?p=3098\"]}]},{\"@type\":\"BreadcrumbList\",\"@id\":\"https:\\\/\\\/www.pcvesti.com\\\/?p=3098#breadcrumb\",\"itemListElement\":[{\"@type\":\"ListItem\",\"position\":1,\"name\":\"Home\",\"item\":\"https:\\\/\\\/www.pcvesti.com\\\/\"},{\"@type\":\"ListItem\",\"position\":2,\"name\":\"Intel &#8211; Kreg Baret otvorio CeBIT\"}]},{\"@type\":\"WebSite\",\"@id\":\"https:\\\/\\\/www.pcvesti.com\\\/#website\",\"url\":\"https:\\\/\\\/www.pcvesti.com\\\/\",\"name\":\"PCVesti\",\"description\":\"www.pcvesti.com\",\"potentialAction\":[{\"@type\":\"SearchAction\",\"target\":{\"@type\":\"EntryPoint\",\"urlTemplate\":\"https:\\\/\\\/www.pcvesti.com\\\/?s={search_term_string}\"},\"query-input\":{\"@type\":\"PropertyValueSpecification\",\"valueRequired\":true,\"valueName\":\"search_term_string\"}}],\"inLanguage\":\"en-US\"},{\"@type\":\"Person\",\"@id\":\"https:\\\/\\\/www.pcvesti.com\\\/#\\\/schema\\\/person\\\/768108ddc1bdd7f71ac8556bf805102a\",\"name\":\"newsmaster\",\"image\":{\"@type\":\"ImageObject\",\"inLanguage\":\"en-US\",\"@id\":\"https:\\\/\\\/secure.gravatar.com\\\/avatar\\\/c98a03ccaf0a032c2a3d01b09438cf41bfe614d7fa1af20229886a67bfaaa000?s=96&d=mm&r=g\",\"url\":\"https:\\\/\\\/secure.gravatar.com\\\/avatar\\\/c98a03ccaf0a032c2a3d01b09438cf41bfe614d7fa1af20229886a67bfaaa000?s=96&d=mm&r=g\",\"contentUrl\":\"https:\\\/\\\/secure.gravatar.com\\\/avatar\\\/c98a03ccaf0a032c2a3d01b09438cf41bfe614d7fa1af20229886a67bfaaa000?s=96&d=mm&r=g\",\"caption\":\"newsmaster\"},\"sameAs\":[\"http:\\\/\\\/www.pcvesti.com\"],\"url\":\"https:\\\/\\\/www.pcvesti.com\\\/?author=3\"}]}<\/script>\n<!-- \/ Yoast SEO plugin. -->","yoast_head_json":{"title":"Intel - Kreg Baret otvorio CeBIT - PCVesti","robots":{"index":"index","follow":"follow","max-snippet":"max-snippet:-1","max-image-preview":"max-image-preview:large","max-video-preview":"max-video-preview:-1"},"canonical":"https:\/\/www.pcvesti.com\/?p=3098","og_locale":"en_US","og_type":"article","og_title":"Intel - Kreg Baret otvorio CeBIT - PCVesti","og_description":"Predsednik Intela naglasio da su inovacije i tehnologija odgovor globalnim izazovima Kreg Baret otvorio CeBIT pozivom na investiranje u obrazovanje, istra\u017eivanja i razvoj CeBIT 2009, Hanover, Nema\u010dka, 3. mart 2009 &#8211; Predsednik Intel korporacije, Kreg Baret (Craig Barrett) danas je pozvao predstavnike tehnolo\u0161ke industrije i dr\u017eavnike da &#8220;inoviraju i investiraju&#8221; (&#8220;innovate\u00a0 and invest&#8221;) kako bi se pokrenuo ekonomski razvoj i dao pravi odgovor globalnim izazovima. Nazivaju\u0107i inovacije i tehnologije &#8220;okosnicom moderne ekonomije&#8221;... Continue reading","og_url":"https:\/\/www.pcvesti.com\/?p=3098","og_site_name":"PCVesti","article_published_time":"2009-03-04T14:06:00+00:00","author":"newsmaster","twitter_card":"summary_large_image","twitter_misc":{"Written by":"newsmaster","Est. reading time":"3 minutes"},"schema":{"@context":"https:\/\/schema.org","@graph":[{"@type":"Article","@id":"https:\/\/www.pcvesti.com\/?p=3098#article","isPartOf":{"@id":"https:\/\/www.pcvesti.com\/?p=3098"},"author":{"name":"newsmaster","@id":"https:\/\/www.pcvesti.com\/#\/schema\/person\/768108ddc1bdd7f71ac8556bf805102a"},"headline":"Intel &#8211; Kreg Baret otvorio CeBIT","datePublished":"2009-03-04T14:06:00+00:00","mainEntityOfPage":{"@id":"https:\/\/www.pcvesti.com\/?p=3098"},"wordCount":629,"articleSection":["PC Vesti"],"inLanguage":"en-US"},{"@type":"WebPage","@id":"https:\/\/www.pcvesti.com\/?p=3098","url":"https:\/\/www.pcvesti.com\/?p=3098","name":"Intel - Kreg Baret otvorio CeBIT - PCVesti","isPartOf":{"@id":"https:\/\/www.pcvesti.com\/#website"},"datePublished":"2009-03-04T14:06:00+00:00","author":{"@id":"https:\/\/www.pcvesti.com\/#\/schema\/person\/768108ddc1bdd7f71ac8556bf805102a"},"breadcrumb":{"@id":"https:\/\/www.pcvesti.com\/?p=3098#breadcrumb"},"inLanguage":"en-US","potentialAction":[{"@type":"ReadAction","target":["https:\/\/www.pcvesti.com\/?p=3098"]}]},{"@type":"BreadcrumbList","@id":"https:\/\/www.pcvesti.com\/?p=3098#breadcrumb","itemListElement":[{"@type":"ListItem","position":1,"name":"Home","item":"https:\/\/www.pcvesti.com\/"},{"@type":"ListItem","position":2,"name":"Intel &#8211; Kreg Baret otvorio CeBIT"}]},{"@type":"WebSite","@id":"https:\/\/www.pcvesti.com\/#website","url":"https:\/\/www.pcvesti.com\/","name":"PCVesti","description":"www.pcvesti.com","potentialAction":[{"@type":"SearchAction","target":{"@type":"EntryPoint","urlTemplate":"https:\/\/www.pcvesti.com\/?s={search_term_string}"},"query-input":{"@type":"PropertyValueSpecification","valueRequired":true,"valueName":"search_term_string"}}],"inLanguage":"en-US"},{"@type":"Person","@id":"https:\/\/www.pcvesti.com\/#\/schema\/person\/768108ddc1bdd7f71ac8556bf805102a","name":"newsmaster","image":{"@type":"ImageObject","inLanguage":"en-US","@id":"https:\/\/secure.gravatar.com\/avatar\/c98a03ccaf0a032c2a3d01b09438cf41bfe614d7fa1af20229886a67bfaaa000?s=96&d=mm&r=g","url":"https:\/\/secure.gravatar.com\/avatar\/c98a03ccaf0a032c2a3d01b09438cf41bfe614d7fa1af20229886a67bfaaa000?s=96&d=mm&r=g","contentUrl":"https:\/\/secure.gravatar.com\/avatar\/c98a03ccaf0a032c2a3d01b09438cf41bfe614d7fa1af20229886a67bfaaa000?s=96&d=mm&r=g","caption":"newsmaster"},"sameAs":["http:\/\/www.pcvesti.com"],"url":"https:\/\/www.pcvesti.com\/?author=3"}]}},"_links":{"self":[{"href":"https:\/\/www.pcvesti.com\/index.php?rest_route=\/wp\/v2\/posts\/3098","targetHints":{"allow":["GET"]}}],"collection":[{"href":"https:\/\/www.pcvesti.com\/index.php?rest_route=\/wp\/v2\/posts"}],"about":[{"href":"https:\/\/www.pcvesti.com\/index.php?rest_route=\/wp\/v2\/types\/post"}],"author":[{"embeddable":true,"href":"https:\/\/www.pcvesti.com\/index.php?rest_route=\/wp\/v2\/users\/3"}],"replies":[{"embeddable":true,"href":"https:\/\/www.pcvesti.com\/index.php?rest_route=%2Fwp%2Fv2%2Fcomments&post=3098"}],"version-history":[{"count":0,"href":"https:\/\/www.pcvesti.com\/index.php?rest_route=\/wp\/v2\/posts\/3098\/revisions"}],"wp:attachment":[{"href":"https:\/\/www.pcvesti.com\/index.php?rest_route=%2Fwp%2Fv2%2Fmedia&parent=3098"}],"wp:term":[{"taxonomy":"category","embeddable":true,"href":"https:\/\/www.pcvesti.com\/index.php?rest_route=%2Fwp%2Fv2%2Fcategories&post=3098"},{"taxonomy":"post_tag","embeddable":true,"href":"https:\/\/www.pcvesti.com\/index.php?rest_route=%2Fwp%2Fv2%2Ftags&post=3098"}],"curies":[{"name":"wp","href":"https:\/\/api.w.org\/{rel}","templated":true}]}}