{"id":39085,"date":"2017-09-19T08:39:30","date_gmt":"2017-09-19T07:39:30","guid":{"rendered":"http:\/\/www.pcvesti.com\/?p=39085"},"modified":"2017-09-19T08:40:23","modified_gmt":"2017-09-19T07:40:23","slug":"preko-700-ucesnika-diskutovalo-o-digitalnim-trendovima-tokom-dva-dana-konferencije-digital-2017","status":"publish","type":"post","link":"https:\/\/www.pcvesti.com\/?p=39085","title":{"rendered":"Preko 700 u\u010desnika diskutovalo o digitalnim trendovima tokom dva dana konferencije \u201eDigital 2017\u201c"},"content":{"rendered":"<p>Preko 700 u\u010desnika iz oblasti medija i telekomunikacijama u\u010destvovalo je na dvodnevnoj regionalnoj konferenciji \u201e<strong>Digital 2017<\/strong>\u201c, koja se ove godine, u organizaciji <strong>Color Media Communications<\/strong>, odr\u017eava po \u010detvrti put.<\/p>\n<p>Konferenciju su otvorili <strong>Vladan Vukosavljevi\u0107, <\/strong>ministar kulture i informisanja i <strong>Branko Ru\u017ei\u0107<\/strong>, ministar dr\u017eavne upravne i lokalne samouprave.<\/p>\n<p>\u201e<strong>Uslovi u kojima danas radimo dramati\u010dno se menjaju. Danas smo svedoci napretka komunikacione i informacione tehnologije. Zahvaljuju\u0107i digitalnoj tehnologiji ni\u0161ta nije nemogu\u0107e i ma\u0161ta nije granica. Sada prisustvujemo tehnolo\u0161kim promenama koje su zaprepa\u0161tuju\u0107e i omogu\u0107i \u0107e nam lak\u0161i pregled sadr\u017eaja. Za kraj \u017eelim svim u\u010desnicima uspeh u radu ove konferencije. Ovo je jedan u nizu zna\u010dajnih aktivnosti koje se moraju sprovoiti u procesu digitalizacije<\/strong>\u201d, rekao je ministar Vukosavljevi\u0107.<\/p>\n<p>\u201c<strong>Va\u0161a upornost da po\u017eurimo sa modernizacijom je uporna i hvala vam na tome. Danas \u017eelimo brzu i efikasnu upravu za gra\u0111ane Srbije. \u017delimo javnu upravu koja brzo pru\u017ea usluge, da pratimo trendove. Postavili smo osnove koje omogu\u0107avaju unapre\u0111enje uprave. U periodu od godinu dana pustili smo u rad nekoliko elektronskih usluga. Posebno bih istakao&nbsp;eZUP zahvaljuju\u0107i kojem je dr\u017eava od 1. juna ove godine u\u0161tedela 15.000 dokumenata. eZUP omogu\u0107ava dr\u017eavnim slu\u017ebenicima da pristupe do 14 razli\u010ditih dokumenata koji su im potrebni za postupanje, poput izvoda, uverenja i razli\u010ditih potvrda. Osnovana je kancelarija za IT koja direktno odgovara premijerki. Nakon dana\u0161njeg dana se nadam &nbsp;da \u0107u dobiti \u0161to ve\u0107i broj&nbsp; sugestija koje \u0107e se ove jeseni voditi u raspravi i &nbsp;razmatrati u parlamentu<\/strong>\u201d, rekao je ministar Ru\u017ei\u0107.<\/p>\n<p><!--more-->Na otvaranju su govorili i <strong>Tatjana Mati\u0107<\/strong>, dr\u017eavna sekretarka u Ministarstvu trgovine, turizma i telekomunikacija, i ambasadorke Indije Nj. E. <strong>Narinder \u010cauhan <\/strong>i Izraela Nj. E.<strong> Alona Fi\u0161er-Kam.<\/strong><\/p>\n<p><strong>Denis Kif<\/strong>, ambasador Velike Britanije u Srbiji, koji je otvorio pro\u0161logodi\u0161nju konferenciju, odr\u017eao prezentaciju pod nazivom \u201c<strong>#UKSRB180 \u2013 Diplomatska istorija se sre\u0107e sa digitalom\u201d.<\/strong><\/p>\n<p>Tokom dva dana, publika je u prepunoj sali Hotela Metropol u Beogradu, pratila devet panela i nekoliko studija slu\u010daja i prezentacija. U\u010desnici su razgovarali o trendovima u telekomunikacijama, medijima i tehnologiji, budu\u0107nosti filma i bioskopa u digitalnom dobu, revolucijama na dru\u0161tvenim mre\u017eama, marketin\u0161koj i medijskoj sceni i njenoj budu\u0107nosti, kao i o kriznom komuniciranju, milenijalcima, goru\u0107im temama doma\u0107e IT scene i drugo.<\/p>\n<p>#Digital je jedini skup koji okuplja prve ljude vode\u0107ih operatera, a ove godine su o telekomunikacionom tr\u017ei\u0161tu i trendovima govorili <strong>Ingeborg \u00d8fsthus<\/strong>, generalna direktorka Telenora Srbije, <strong>Predrag \u0106ulibrk<\/strong>, izvr\u0161ni direktor Telekoma Srbije, <strong>Viktorija Boklag<\/strong>, direktorka SBB-a i predsednica za marketing i medije United Grupe,<strong> Jacky Zhao<\/strong>, regionalni direktor Huawei Device za Srbiju, <strong>Dejan Turk<\/strong>, izvr\u0161ni director VIP Mobile i<strong> Slobodan \u0110inovi\u0107<\/strong>, generalni direktor kompanije Orion telekom.<\/p>\n<p>O budu\u0107nosti digitalnog pla\u0107anja i inovacijama govorio je <strong>Dmitrij Mamzeliev<\/strong> odgovoran za razvoj i isporuku <strong>Visa<\/strong> Core proizvoda u okviru regiona Zajednice nezavisnih dr\u017eava i regiona Jugoisto\u010dne Evrope.<\/p>\n<p>Veliku pa\u017enju publike izazvala je prezentacija <strong>Lenje Faragune<\/strong>, MarCAREting and Clarity Coacha, marketing konsultanta, preduzetnice, jedne od najzanimljivijih govornica dana\u0161njice.<\/p>\n<p>Ove godine u razgovoru \u201c<strong>1 na 1<\/strong>\u201d, o regionalnoj ekspanziji globalnog brenda u oblasti kreativnih industrija, sa <strong>Du\u0161anom Kova\u010devi\u0107em<\/strong>, direktorom Exit festivala, razgovarao je <strong>Tomislav Ricov<\/strong>, Weekend Media Festival.<\/p>\n<p>Samo neki od ovogi\u0161njih u\u010desnika su <strong>Michael Moriarty<\/strong>, AMCNI,&nbsp;<strong>Benjamin Ru\u0161in<\/strong>, We Are Developers, <strong>Neboj\u0161a Bradi\u0107<\/strong>, RTS,&nbsp;<strong>Vuk Kosovac<\/strong>, Societe Generale, <strong>Vladimir Ga\u0161i\u0107<\/strong>, Dorcel TV,&nbsp;<strong>Dragana Te\u0161i\u0107<\/strong>, Con film, <strong>Zoran Cvetanovi\u0107<\/strong>, Art Vista, <strong>Aleksandra Suboti\u0107<\/strong>, United Media, N1, <strong>Manja Gr\u010di\u0107<\/strong>, Antena Grupa,&nbsp;<strong>Sanja Busi\u0107, Marbo<\/strong>, <strong>Voja \u017daneti\u0107<\/strong>, marketing agencija MOSAIC,&nbsp;<strong>Aleksandra Radujko<\/strong>, New Media Team,&nbsp;<strong>Aleksandar \u0160api\u0107<\/strong>, predsednik Op\u0161tine Novi Beograd,&nbsp;<strong>Tanja Vojtehovski<\/strong>, novinar,&nbsp;<strong>Milomir Mari\u0107<\/strong>, Happy TV, <strong>Maja Vuja\u0161kovi\u0107 \u0110ureinovi\u0107<\/strong>, IKEA,&nbsp;<strong>Danijel Koleti\u0107<\/strong>, PRO PR, <strong>Dragan Varagi\u0107<\/strong>, digital expert,&nbsp;<strong>Ivana Konstantinovi\u0107<\/strong>, B92, <strong>Boban Jevti\u0107<\/strong>, Filmski centar Srbije, <strong>Radomir Lale Markovi\u0107<\/strong>, TAG Media, <strong>Miloje Sekuli\u0107<\/strong>, Internet consultant, <strong>Slobodan Markovi\u0107<\/strong>, RNIDS, <strong>Vuka\u0161in Stojkov<\/strong>, Startit, &nbsp;<strong>Tomislav Ricov<\/strong>, Weekend Media Festival, <strong>Marija Mati\u0107<\/strong>, Direct Media i mnogi drugi.<\/p>\n<p>U\u010desnici konferencije \u201cDigital 2017\u201d imali su priliku da posete Beli dvor i uz pratnju profesionalnih turisti\u010dkih vodi\u010da upoznaju se sa istorijom, umetno\u0161\u0107i i kulturom ovog kompleksa. Poseban ugo\u0111aj napravila je prijatna dobrodo\u0161lica njegovog kraljevskog viso\u010danstva Aleksandra Kara\u0111or\u0111evi\u0107a i njegove supruge Princeze Katarine.&nbsp;<\/p>\n<p><strong>Prijatelji konferencije su: Ministarstvo kulture i informisanja Republike Srbije, VISA, Huawei, Telenor, FOX Network Group, Viasat World, AMS osiguranje, AMC, &nbsp;Eurocomm-PR \u2013 predstavni\u0161tvo Grada Be\u010da u Beogradu, ART Vista, Arena Cineplexx, Roda Cineplexx, Orion Telekom, Societe Generale Srbija, CBS Reality, VOX Electronics, Carlsberg Srbija, Marbo, Dorcel TV<\/strong><\/p>\n<p><strong>Zvani\u010dan telefon konferencije je Huawei P10.<\/strong><\/p>\n<p><strong>Zvani\u010dna banka konferencije je Societe Generale Srbija.<\/strong><\/p>\n<p>&nbsp;<\/p>\n","protected":false},"excerpt":{"rendered":"<p>Preko 700 u\u010desnika iz oblasti medija i telekomunikacijama u\u010destvovalo je na dvodnevnoj regionalnoj konferenciji \u201eDigital 2017\u201c, koja se ove godine, u organizaciji Color Media Communications, odr\u017eava po \u010detvrti put. Konferenciju su otvorili Vladan Vukosavljevi\u0107, ministar kulture i informisanja i Branko Ru\u017ei\u0107, ministar dr\u017eavne upravne i lokalne samouprave. \u201eUslovi u kojima danas radimo dramati\u010dno se menjaju. Danas smo svedoci napretka komunikacione i informacione tehnologije. Zahvaljuju\u0107i digitalnoj tehnologiji ni\u0161ta nije nemogu\u0107e i ma\u0161ta nije&#8230; <\/p>\n<div class=\"more-container\"><a class=\"more-link\" href=\"https:\/\/www.pcvesti.com\/?p=39085\" itemprop=\"url\">Continue reading<\/a><\/div>\n","protected":false},"author":5,"featured_media":39086,"comment_status":"closed","ping_status":"closed","sticky":false,"template":"","format":"standard","meta":{"seo_booster_metabox":"","ngg_post_thumbnail":0,"slim_seo":{"title":"Preko 700 u\u010desnika diskutovalo o digitalnim trendovima tokom dva dana konferencije \u201eDigital 2017\u201c - PCVesti","description":"Preko 700 u\u010desnika iz oblasti medija i telekomunikacijama u\u010destvovalo je na dvodnevnoj regionalnoj konferenciji \u201e Digital 2017 \u201c, koja se ove godine, u organiza"},"footnotes":""},"categories":[9,5],"tags":[],"class_list":["post-39085","post","type-post","status-publish","format-standard","has-post-thumbnail","hentry","category-dogadjaji","category-pc-vesti"],"yoast_head":"<!-- This site is optimized with the Yoast SEO plugin v27.5 - https:\/\/yoast.com\/product\/yoast-seo-wordpress\/ -->\n<title>Preko 700 u\u010desnika diskutovalo o digitalnim trendovima tokom dva dana konferencije \u201eDigital 2017\u201c - PCVesti<\/title>\n<meta name=\"robots\" content=\"index, follow, max-snippet:-1, max-image-preview:large, max-video-preview:-1\" \/>\n<link rel=\"canonical\" href=\"https:\/\/www.pcvesti.com\/?p=39085\" \/>\n<meta property=\"og:locale\" content=\"en_US\" \/>\n<meta property=\"og:type\" content=\"article\" \/>\n<meta property=\"og:title\" content=\"Preko 700 u\u010desnika diskutovalo o digitalnim trendovima tokom dva dana konferencije \u201eDigital 2017\u201c - PCVesti\" \/>\n<meta property=\"og:description\" content=\"Preko 700 u\u010desnika iz oblasti medija i telekomunikacijama u\u010destvovalo je na dvodnevnoj regionalnoj konferenciji \u201eDigital 2017\u201c, koja se ove godine, u organizaciji Color Media Communications, odr\u017eava po \u010detvrti put. Konferenciju su otvorili Vladan Vukosavljevi\u0107, ministar kulture i informisanja i Branko Ru\u017ei\u0107, ministar dr\u017eavne upravne i lokalne samouprave. \u201eUslovi u kojima danas radimo dramati\u010dno se menjaju. Danas smo svedoci napretka komunikacione i informacione tehnologije. Zahvaljuju\u0107i digitalnoj tehnologiji ni\u0161ta nije nemogu\u0107e i ma\u0161ta nije... Continue reading\" \/>\n<meta property=\"og:url\" content=\"https:\/\/www.pcvesti.com\/?p=39085\" \/>\n<meta property=\"og:site_name\" content=\"PCVesti\" \/>\n<meta property=\"article:published_time\" content=\"2017-09-19T07:39:30+00:00\" \/>\n<meta property=\"article:modified_time\" content=\"2017-09-19T07:40:23+00:00\" \/>\n<meta property=\"og:image\" content=\"https:\/\/www.pcvesti.com\/wp-content\/uploads\/2017\/09\/digital_2017.png\" \/>\n\t<meta property=\"og:image:width\" content=\"359\" \/>\n\t<meta property=\"og:image:height\" content=\"206\" \/>\n\t<meta property=\"og:image:type\" content=\"image\/png\" \/>\n<meta name=\"author\" content=\"newsmaster\" \/>\n<meta name=\"twitter:card\" content=\"summary_large_image\" \/>\n<meta name=\"twitter:label1\" content=\"Written by\" \/>\n\t<meta name=\"twitter:data1\" content=\"newsmaster\" \/>\n\t<meta name=\"twitter:label2\" content=\"Est. reading time\" \/>\n\t<meta name=\"twitter:data2\" content=\"4 minutes\" \/>\n<script type=\"application\/ld+json\" class=\"yoast-schema-graph\">{\"@context\":\"https:\\\/\\\/schema.org\",\"@graph\":[{\"@type\":\"Article\",\"@id\":\"https:\\\/\\\/www.pcvesti.com\\\/?p=39085#article\",\"isPartOf\":{\"@id\":\"https:\\\/\\\/www.pcvesti.com\\\/?p=39085\"},\"author\":{\"name\":\"newsmaster\",\"@id\":\"https:\\\/\\\/www.pcvesti.com\\\/#\\\/schema\\\/person\\\/d1e384f7c138a1fcda7af7425e55a6b2\"},\"headline\":\"Preko 700 u\u010desnika diskutovalo o digitalnim trendovima tokom dva dana konferencije \u201eDigital 2017\u201c\",\"datePublished\":\"2017-09-19T07:39:30+00:00\",\"dateModified\":\"2017-09-19T07:40:23+00:00\",\"mainEntityOfPage\":{\"@id\":\"https:\\\/\\\/www.pcvesti.com\\\/?p=39085\"},\"wordCount\":823,\"image\":{\"@id\":\"https:\\\/\\\/www.pcvesti.com\\\/?p=39085#primaryimage\"},\"thumbnailUrl\":\"https:\\\/\\\/www.pcvesti.com\\\/wp-content\\\/uploads\\\/2017\\\/09\\\/digital_2017.png\",\"articleSection\":[\"Dogadjaji\",\"PC Vesti\"],\"inLanguage\":\"en-US\"},{\"@type\":\"WebPage\",\"@id\":\"https:\\\/\\\/www.pcvesti.com\\\/?p=39085\",\"url\":\"https:\\\/\\\/www.pcvesti.com\\\/?p=39085\",\"name\":\"Preko 700 u\u010desnika diskutovalo o digitalnim trendovima tokom dva dana konferencije \u201eDigital 2017\u201c - PCVesti\",\"isPartOf\":{\"@id\":\"https:\\\/\\\/www.pcvesti.com\\\/#website\"},\"primaryImageOfPage\":{\"@id\":\"https:\\\/\\\/www.pcvesti.com\\\/?p=39085#primaryimage\"},\"image\":{\"@id\":\"https:\\\/\\\/www.pcvesti.com\\\/?p=39085#primaryimage\"},\"thumbnailUrl\":\"https:\\\/\\\/www.pcvesti.com\\\/wp-content\\\/uploads\\\/2017\\\/09\\\/digital_2017.png\",\"datePublished\":\"2017-09-19T07:39:30+00:00\",\"dateModified\":\"2017-09-19T07:40:23+00:00\",\"author\":{\"@id\":\"https:\\\/\\\/www.pcvesti.com\\\/#\\\/schema\\\/person\\\/d1e384f7c138a1fcda7af7425e55a6b2\"},\"breadcrumb\":{\"@id\":\"https:\\\/\\\/www.pcvesti.com\\\/?p=39085#breadcrumb\"},\"inLanguage\":\"en-US\",\"potentialAction\":[{\"@type\":\"ReadAction\",\"target\":[\"https:\\\/\\\/www.pcvesti.com\\\/?p=39085\"]}]},{\"@type\":\"ImageObject\",\"inLanguage\":\"en-US\",\"@id\":\"https:\\\/\\\/www.pcvesti.com\\\/?p=39085#primaryimage\",\"url\":\"https:\\\/\\\/www.pcvesti.com\\\/wp-content\\\/uploads\\\/2017\\\/09\\\/digital_2017.png\",\"contentUrl\":\"https:\\\/\\\/www.pcvesti.com\\\/wp-content\\\/uploads\\\/2017\\\/09\\\/digital_2017.png\",\"width\":359,\"height\":206},{\"@type\":\"BreadcrumbList\",\"@id\":\"https:\\\/\\\/www.pcvesti.com\\\/?p=39085#breadcrumb\",\"itemListElement\":[{\"@type\":\"ListItem\",\"position\":1,\"name\":\"Home\",\"item\":\"https:\\\/\\\/www.pcvesti.com\\\/\"},{\"@type\":\"ListItem\",\"position\":2,\"name\":\"Preko 700 u\u010desnika diskutovalo o digitalnim trendovima tokom dva dana konferencije \u201eDigital 2017\u201c\"}]},{\"@type\":\"WebSite\",\"@id\":\"https:\\\/\\\/www.pcvesti.com\\\/#website\",\"url\":\"https:\\\/\\\/www.pcvesti.com\\\/\",\"name\":\"PCVesti\",\"description\":\"www.pcvesti.com\",\"potentialAction\":[{\"@type\":\"SearchAction\",\"target\":{\"@type\":\"EntryPoint\",\"urlTemplate\":\"https:\\\/\\\/www.pcvesti.com\\\/?s={search_term_string}\"},\"query-input\":{\"@type\":\"PropertyValueSpecification\",\"valueRequired\":true,\"valueName\":\"search_term_string\"}}],\"inLanguage\":\"en-US\"},{\"@type\":\"Person\",\"@id\":\"https:\\\/\\\/www.pcvesti.com\\\/#\\\/schema\\\/person\\\/d1e384f7c138a1fcda7af7425e55a6b2\",\"name\":\"newsmaster\",\"image\":{\"@type\":\"ImageObject\",\"inLanguage\":\"en-US\",\"@id\":\"https:\\\/\\\/www.pcvesti.com\\\/wp-content\\\/uploads\\\/2018\\\/09\\\/avatar_user_5_1537115954-96x96.jpeg\",\"url\":\"https:\\\/\\\/www.pcvesti.com\\\/wp-content\\\/uploads\\\/2018\\\/09\\\/avatar_user_5_1537115954-96x96.jpeg\",\"contentUrl\":\"https:\\\/\\\/www.pcvesti.com\\\/wp-content\\\/uploads\\\/2018\\\/09\\\/avatar_user_5_1537115954-96x96.jpeg\",\"caption\":\"newsmaster\"},\"url\":\"https:\\\/\\\/www.pcvesti.com\\\/?author=5\"}]}<\/script>\n<!-- \/ Yoast SEO plugin. -->","yoast_head_json":{"title":"Preko 700 u\u010desnika diskutovalo o digitalnim trendovima tokom dva dana konferencije \u201eDigital 2017\u201c - PCVesti","robots":{"index":"index","follow":"follow","max-snippet":"max-snippet:-1","max-image-preview":"max-image-preview:large","max-video-preview":"max-video-preview:-1"},"canonical":"https:\/\/www.pcvesti.com\/?p=39085","og_locale":"en_US","og_type":"article","og_title":"Preko 700 u\u010desnika diskutovalo o digitalnim trendovima tokom dva dana konferencije \u201eDigital 2017\u201c - PCVesti","og_description":"Preko 700 u\u010desnika iz oblasti medija i telekomunikacijama u\u010destvovalo je na dvodnevnoj regionalnoj konferenciji \u201eDigital 2017\u201c, koja se ove godine, u organizaciji Color Media Communications, odr\u017eava po \u010detvrti put. Konferenciju su otvorili Vladan Vukosavljevi\u0107, ministar kulture i informisanja i Branko Ru\u017ei\u0107, ministar dr\u017eavne upravne i lokalne samouprave. \u201eUslovi u kojima danas radimo dramati\u010dno se menjaju. Danas smo svedoci napretka komunikacione i informacione tehnologije. Zahvaljuju\u0107i digitalnoj tehnologiji ni\u0161ta nije nemogu\u0107e i ma\u0161ta nije... Continue reading","og_url":"https:\/\/www.pcvesti.com\/?p=39085","og_site_name":"PCVesti","article_published_time":"2017-09-19T07:39:30+00:00","article_modified_time":"2017-09-19T07:40:23+00:00","og_image":[{"width":359,"height":206,"url":"https:\/\/www.pcvesti.com\/wp-content\/uploads\/2017\/09\/digital_2017.png","type":"image\/png"}],"author":"newsmaster","twitter_card":"summary_large_image","twitter_misc":{"Written by":"newsmaster","Est. reading time":"4 minutes"},"schema":{"@context":"https:\/\/schema.org","@graph":[{"@type":"Article","@id":"https:\/\/www.pcvesti.com\/?p=39085#article","isPartOf":{"@id":"https:\/\/www.pcvesti.com\/?p=39085"},"author":{"name":"newsmaster","@id":"https:\/\/www.pcvesti.com\/#\/schema\/person\/d1e384f7c138a1fcda7af7425e55a6b2"},"headline":"Preko 700 u\u010desnika diskutovalo o digitalnim trendovima tokom dva dana konferencije \u201eDigital 2017\u201c","datePublished":"2017-09-19T07:39:30+00:00","dateModified":"2017-09-19T07:40:23+00:00","mainEntityOfPage":{"@id":"https:\/\/www.pcvesti.com\/?p=39085"},"wordCount":823,"image":{"@id":"https:\/\/www.pcvesti.com\/?p=39085#primaryimage"},"thumbnailUrl":"https:\/\/www.pcvesti.com\/wp-content\/uploads\/2017\/09\/digital_2017.png","articleSection":["Dogadjaji","PC Vesti"],"inLanguage":"en-US"},{"@type":"WebPage","@id":"https:\/\/www.pcvesti.com\/?p=39085","url":"https:\/\/www.pcvesti.com\/?p=39085","name":"Preko 700 u\u010desnika diskutovalo o digitalnim trendovima tokom dva dana konferencije \u201eDigital 2017\u201c - PCVesti","isPartOf":{"@id":"https:\/\/www.pcvesti.com\/#website"},"primaryImageOfPage":{"@id":"https:\/\/www.pcvesti.com\/?p=39085#primaryimage"},"image":{"@id":"https:\/\/www.pcvesti.com\/?p=39085#primaryimage"},"thumbnailUrl":"https:\/\/www.pcvesti.com\/wp-content\/uploads\/2017\/09\/digital_2017.png","datePublished":"2017-09-19T07:39:30+00:00","dateModified":"2017-09-19T07:40:23+00:00","author":{"@id":"https:\/\/www.pcvesti.com\/#\/schema\/person\/d1e384f7c138a1fcda7af7425e55a6b2"},"breadcrumb":{"@id":"https:\/\/www.pcvesti.com\/?p=39085#breadcrumb"},"inLanguage":"en-US","potentialAction":[{"@type":"ReadAction","target":["https:\/\/www.pcvesti.com\/?p=39085"]}]},{"@type":"ImageObject","inLanguage":"en-US","@id":"https:\/\/www.pcvesti.com\/?p=39085#primaryimage","url":"https:\/\/www.pcvesti.com\/wp-content\/uploads\/2017\/09\/digital_2017.png","contentUrl":"https:\/\/www.pcvesti.com\/wp-content\/uploads\/2017\/09\/digital_2017.png","width":359,"height":206},{"@type":"BreadcrumbList","@id":"https:\/\/www.pcvesti.com\/?p=39085#breadcrumb","itemListElement":[{"@type":"ListItem","position":1,"name":"Home","item":"https:\/\/www.pcvesti.com\/"},{"@type":"ListItem","position":2,"name":"Preko 700 u\u010desnika diskutovalo o digitalnim trendovima tokom dva dana konferencije \u201eDigital 2017\u201c"}]},{"@type":"WebSite","@id":"https:\/\/www.pcvesti.com\/#website","url":"https:\/\/www.pcvesti.com\/","name":"PCVesti","description":"www.pcvesti.com","potentialAction":[{"@type":"SearchAction","target":{"@type":"EntryPoint","urlTemplate":"https:\/\/www.pcvesti.com\/?s={search_term_string}"},"query-input":{"@type":"PropertyValueSpecification","valueRequired":true,"valueName":"search_term_string"}}],"inLanguage":"en-US"},{"@type":"Person","@id":"https:\/\/www.pcvesti.com\/#\/schema\/person\/d1e384f7c138a1fcda7af7425e55a6b2","name":"newsmaster","image":{"@type":"ImageObject","inLanguage":"en-US","@id":"https:\/\/www.pcvesti.com\/wp-content\/uploads\/2018\/09\/avatar_user_5_1537115954-96x96.jpeg","url":"https:\/\/www.pcvesti.com\/wp-content\/uploads\/2018\/09\/avatar_user_5_1537115954-96x96.jpeg","contentUrl":"https:\/\/www.pcvesti.com\/wp-content\/uploads\/2018\/09\/avatar_user_5_1537115954-96x96.jpeg","caption":"newsmaster"},"url":"https:\/\/www.pcvesti.com\/?author=5"}]}},"_links":{"self":[{"href":"https:\/\/www.pcvesti.com\/index.php?rest_route=\/wp\/v2\/posts\/39085","targetHints":{"allow":["GET"]}}],"collection":[{"href":"https:\/\/www.pcvesti.com\/index.php?rest_route=\/wp\/v2\/posts"}],"about":[{"href":"https:\/\/www.pcvesti.com\/index.php?rest_route=\/wp\/v2\/types\/post"}],"author":[{"embeddable":true,"href":"https:\/\/www.pcvesti.com\/index.php?rest_route=\/wp\/v2\/users\/5"}],"replies":[{"embeddable":true,"href":"https:\/\/www.pcvesti.com\/index.php?rest_route=%2Fwp%2Fv2%2Fcomments&post=39085"}],"version-history":[{"count":0,"href":"https:\/\/www.pcvesti.com\/index.php?rest_route=\/wp\/v2\/posts\/39085\/revisions"}],"wp:featuredmedia":[{"embeddable":true,"href":"https:\/\/www.pcvesti.com\/index.php?rest_route=\/wp\/v2\/media\/39086"}],"wp:attachment":[{"href":"https:\/\/www.pcvesti.com\/index.php?rest_route=%2Fwp%2Fv2%2Fmedia&parent=39085"}],"wp:term":[{"taxonomy":"category","embeddable":true,"href":"https:\/\/www.pcvesti.com\/index.php?rest_route=%2Fwp%2Fv2%2Fcategories&post=39085"},{"taxonomy":"post_tag","embeddable":true,"href":"https:\/\/www.pcvesti.com\/index.php?rest_route=%2Fwp%2Fv2%2Ftags&post=39085"}],"curies":[{"name":"wp","href":"https:\/\/api.w.org\/{rel}","templated":true}]}}