{"id":39444,"date":"2017-10-15T19:17:48","date_gmt":"2017-10-15T18:17:48","guid":{"rendered":"http:\/\/www.pcvesti.com\/?p=39444"},"modified":"2017-10-15T19:17:48","modified_gmt":"2017-10-15T18:17:48","slug":"istyle-apple-premium-reseller-otvara-trecu-po-redu-prodavnicu-u-samom-srcu-beograda","status":"publish","type":"post","link":"https:\/\/www.pcvesti.com\/?p=39444","title":{"rendered":"iStyle Apple Premium Reseller otvara tre\u0107u po redu prodavnicu u samom srcu Beograda"},"content":{"rendered":"<p><img loading=\"lazy\" decoding=\"async\" class=\"alignleft size-medium wp-image-39445\" src=\"http:\/\/www.pcvesti.com\/wp-content\/uploads\/2017\/10\/Red-ispred-iStyle-a-300x200.jpg\" alt=\"\" width=\"300\" height=\"200\" srcset=\"https:\/\/www.pcvesti.com\/wp-content\/uploads\/2017\/10\/Red-ispred-iStyle-a-300x200.jpg 300w, https:\/\/www.pcvesti.com\/wp-content\/uploads\/2017\/10\/Red-ispred-iStyle-a.jpg 543w\" sizes=\"auto, (max-width: 300px) 100vw, 300px\" \/>Gra\u0111ane na\u0161e prestonice za\u010dudili su \u0161atori, stolice i red koji je danas osvanuo u centru grada, poput onih u svetskim metropolama. Na\u0161i sugra\u0111ani o\u010digledno \u017eeljno i\u0161\u010dekuju da me\u0111u prvima u\u0111u u najnoviju, ekskluzivnu Apple Premium Reseller prodavnicu na Terazijama, koja se otvara u \u010detvrtak, 12. Oktobra u 18h. Nova, tre\u0107a po redu, iStyle Apple Premium Reseller prodavnica u Beogradu bi\u0107e u potpunosti ure\u0111ena po Apple-ovim standardima i omogu\u0107i\u0107e vrhunsko iskustvo kupovine, ba\u0161 poput Apple Premium Reseler prodavnica \u0161irom sveta.<\/p>\n<p>Veliku pa\u017enju auditorijuma verovatno su izazvali najavljeni brojni pokloni, popusti i iznena\u0111enja, kao i jedinstvena ponuda proizvoda naj\u010duvenije jabuke na svetu.<\/p>\n<p>&nbsp;<\/p>\n","protected":false},"excerpt":{"rendered":"<p>Gra\u0111ane na\u0161e prestonice za\u010dudili su \u0161atori, stolice i red koji je danas osvanuo u centru grada, poput onih u svetskim metropolama. Na\u0161i sugra\u0111ani o\u010digledno \u017eeljno i\u0161\u010dekuju da me\u0111u prvima u\u0111u u najnoviju, ekskluzivnu Apple Premium Reseller prodavnicu na Terazijama, koja se otvara u \u010detvrtak, 12. Oktobra u 18h. Nova, tre\u0107a po redu, iStyle Apple Premium Reseller prodavnica u Beogradu bi\u0107e u potpunosti ure\u0111ena po Apple-ovim standardima i omogu\u0107i\u0107e vrhunsko iskustvo kupovine, ba\u0161&#8230; <\/p>\n<div class=\"more-container\"><a class=\"more-link\" href=\"https:\/\/www.pcvesti.com\/?p=39444\" itemprop=\"url\">Continue reading<\/a><\/div>\n","protected":false},"author":5,"featured_media":0,"comment_status":"closed","ping_status":"closed","sticky":false,"template":"","format":"standard","meta":{"seo_booster_metabox":"","ngg_post_thumbnail":0,"slim_seo":{"title":"iStyle Apple Premium Reseller otvara tre\u0107u po redu prodavnicu u samom srcu Beograda - PCVesti","description":"Gra\u0111ane na\u0161e prestonice za\u010dudili su \u0161atori, stolice i red koji je danas osvanuo u centru grada, poput onih u svetskim metropolama. Na\u0161i sugra\u0111ani o\u010digledno \u017eelj"},"footnotes":""},"categories":[5],"tags":[],"class_list":["post-39444","post","type-post","status-publish","format-standard","hentry","category-pc-vesti"],"yoast_head":"<!-- This site is optimized with the Yoast SEO plugin v27.5 - https:\/\/yoast.com\/product\/yoast-seo-wordpress\/ -->\n<title>iStyle Apple Premium Reseller otvara tre\u0107u po redu prodavnicu u samom srcu Beograda - PCVesti<\/title>\n<meta name=\"robots\" content=\"index, follow, max-snippet:-1, max-image-preview:large, max-video-preview:-1\" \/>\n<link rel=\"canonical\" href=\"https:\/\/www.pcvesti.com\/?p=39444\" \/>\n<meta property=\"og:locale\" content=\"en_US\" \/>\n<meta property=\"og:type\" content=\"article\" \/>\n<meta property=\"og:title\" content=\"iStyle Apple Premium Reseller otvara tre\u0107u po redu prodavnicu u samom srcu Beograda - PCVesti\" \/>\n<meta property=\"og:description\" content=\"Gra\u0111ane na\u0161e prestonice za\u010dudili su \u0161atori, stolice i red koji je danas osvanuo u centru grada, poput onih u svetskim metropolama. Na\u0161i sugra\u0111ani o\u010digledno \u017eeljno i\u0161\u010dekuju da me\u0111u prvima u\u0111u u najnoviju, ekskluzivnu Apple Premium Reseller prodavnicu na Terazijama, koja se otvara u \u010detvrtak, 12. Oktobra u 18h. Nova, tre\u0107a po redu, iStyle Apple Premium Reseller prodavnica u Beogradu bi\u0107e u potpunosti ure\u0111ena po Apple-ovim standardima i omogu\u0107i\u0107e vrhunsko iskustvo kupovine, ba\u0161... Continue reading\" \/>\n<meta property=\"og:url\" content=\"https:\/\/www.pcvesti.com\/?p=39444\" \/>\n<meta property=\"og:site_name\" content=\"PCVesti\" \/>\n<meta property=\"article:published_time\" content=\"2017-10-15T18:17:48+00:00\" \/>\n<meta property=\"og:image\" content=\"http:\/\/www.pcvesti.com\/wp-content\/uploads\/2017\/10\/Red-ispred-iStyle-a-300x200.jpg\" \/>\n<meta name=\"author\" content=\"newsmaster\" \/>\n<meta name=\"twitter:card\" content=\"summary_large_image\" \/>\n<meta name=\"twitter:label1\" content=\"Written by\" \/>\n\t<meta name=\"twitter:data1\" content=\"newsmaster\" \/>\n\t<meta name=\"twitter:label2\" content=\"Est. reading time\" \/>\n\t<meta name=\"twitter:data2\" content=\"1 minute\" \/>\n<script type=\"application\/ld+json\" class=\"yoast-schema-graph\">{\"@context\":\"https:\\\/\\\/schema.org\",\"@graph\":[{\"@type\":\"Article\",\"@id\":\"https:\\\/\\\/www.pcvesti.com\\\/?p=39444#article\",\"isPartOf\":{\"@id\":\"https:\\\/\\\/www.pcvesti.com\\\/?p=39444\"},\"author\":{\"name\":\"newsmaster\",\"@id\":\"https:\\\/\\\/www.pcvesti.com\\\/#\\\/schema\\\/person\\\/d1e384f7c138a1fcda7af7425e55a6b2\"},\"headline\":\"iStyle Apple Premium Reseller otvara tre\u0107u po redu prodavnicu u samom srcu Beograda\",\"datePublished\":\"2017-10-15T18:17:48+00:00\",\"mainEntityOfPage\":{\"@id\":\"https:\\\/\\\/www.pcvesti.com\\\/?p=39444\"},\"wordCount\":131,\"image\":{\"@id\":\"https:\\\/\\\/www.pcvesti.com\\\/?p=39444#primaryimage\"},\"thumbnailUrl\":\"http:\\\/\\\/www.pcvesti.com\\\/wp-content\\\/uploads\\\/2017\\\/10\\\/Red-ispred-iStyle-a-300x200.jpg\",\"articleSection\":[\"PC Vesti\"],\"inLanguage\":\"en-US\"},{\"@type\":\"WebPage\",\"@id\":\"https:\\\/\\\/www.pcvesti.com\\\/?p=39444\",\"url\":\"https:\\\/\\\/www.pcvesti.com\\\/?p=39444\",\"name\":\"iStyle Apple Premium Reseller otvara tre\u0107u po redu prodavnicu u samom srcu Beograda - PCVesti\",\"isPartOf\":{\"@id\":\"https:\\\/\\\/www.pcvesti.com\\\/#website\"},\"primaryImageOfPage\":{\"@id\":\"https:\\\/\\\/www.pcvesti.com\\\/?p=39444#primaryimage\"},\"image\":{\"@id\":\"https:\\\/\\\/www.pcvesti.com\\\/?p=39444#primaryimage\"},\"thumbnailUrl\":\"http:\\\/\\\/www.pcvesti.com\\\/wp-content\\\/uploads\\\/2017\\\/10\\\/Red-ispred-iStyle-a-300x200.jpg\",\"datePublished\":\"2017-10-15T18:17:48+00:00\",\"author\":{\"@id\":\"https:\\\/\\\/www.pcvesti.com\\\/#\\\/schema\\\/person\\\/d1e384f7c138a1fcda7af7425e55a6b2\"},\"breadcrumb\":{\"@id\":\"https:\\\/\\\/www.pcvesti.com\\\/?p=39444#breadcrumb\"},\"inLanguage\":\"en-US\",\"potentialAction\":[{\"@type\":\"ReadAction\",\"target\":[\"https:\\\/\\\/www.pcvesti.com\\\/?p=39444\"]}]},{\"@type\":\"ImageObject\",\"inLanguage\":\"en-US\",\"@id\":\"https:\\\/\\\/www.pcvesti.com\\\/?p=39444#primaryimage\",\"url\":\"https:\\\/\\\/www.pcvesti.com\\\/wp-content\\\/uploads\\\/2017\\\/10\\\/Red-ispred-iStyle-a.jpg\",\"contentUrl\":\"https:\\\/\\\/www.pcvesti.com\\\/wp-content\\\/uploads\\\/2017\\\/10\\\/Red-ispred-iStyle-a.jpg\",\"width\":543,\"height\":362},{\"@type\":\"BreadcrumbList\",\"@id\":\"https:\\\/\\\/www.pcvesti.com\\\/?p=39444#breadcrumb\",\"itemListElement\":[{\"@type\":\"ListItem\",\"position\":1,\"name\":\"Home\",\"item\":\"https:\\\/\\\/www.pcvesti.com\\\/\"},{\"@type\":\"ListItem\",\"position\":2,\"name\":\"iStyle Apple Premium Reseller otvara tre\u0107u po redu prodavnicu u samom srcu Beograda\"}]},{\"@type\":\"WebSite\",\"@id\":\"https:\\\/\\\/www.pcvesti.com\\\/#website\",\"url\":\"https:\\\/\\\/www.pcvesti.com\\\/\",\"name\":\"PCVesti\",\"description\":\"www.pcvesti.com\",\"potentialAction\":[{\"@type\":\"SearchAction\",\"target\":{\"@type\":\"EntryPoint\",\"urlTemplate\":\"https:\\\/\\\/www.pcvesti.com\\\/?s={search_term_string}\"},\"query-input\":{\"@type\":\"PropertyValueSpecification\",\"valueRequired\":true,\"valueName\":\"search_term_string\"}}],\"inLanguage\":\"en-US\"},{\"@type\":\"Person\",\"@id\":\"https:\\\/\\\/www.pcvesti.com\\\/#\\\/schema\\\/person\\\/d1e384f7c138a1fcda7af7425e55a6b2\",\"name\":\"newsmaster\",\"image\":{\"@type\":\"ImageObject\",\"inLanguage\":\"en-US\",\"@id\":\"https:\\\/\\\/www.pcvesti.com\\\/wp-content\\\/uploads\\\/2018\\\/09\\\/avatar_user_5_1537115954-96x96.jpeg\",\"url\":\"https:\\\/\\\/www.pcvesti.com\\\/wp-content\\\/uploads\\\/2018\\\/09\\\/avatar_user_5_1537115954-96x96.jpeg\",\"contentUrl\":\"https:\\\/\\\/www.pcvesti.com\\\/wp-content\\\/uploads\\\/2018\\\/09\\\/avatar_user_5_1537115954-96x96.jpeg\",\"caption\":\"newsmaster\"},\"url\":\"https:\\\/\\\/www.pcvesti.com\\\/?author=5\"}]}<\/script>\n<!-- \/ Yoast SEO plugin. -->","yoast_head_json":{"title":"iStyle Apple Premium Reseller otvara tre\u0107u po redu prodavnicu u samom srcu Beograda - PCVesti","robots":{"index":"index","follow":"follow","max-snippet":"max-snippet:-1","max-image-preview":"max-image-preview:large","max-video-preview":"max-video-preview:-1"},"canonical":"https:\/\/www.pcvesti.com\/?p=39444","og_locale":"en_US","og_type":"article","og_title":"iStyle Apple Premium Reseller otvara tre\u0107u po redu prodavnicu u samom srcu Beograda - PCVesti","og_description":"Gra\u0111ane na\u0161e prestonice za\u010dudili su \u0161atori, stolice i red koji je danas osvanuo u centru grada, poput onih u svetskim metropolama. Na\u0161i sugra\u0111ani o\u010digledno \u017eeljno i\u0161\u010dekuju da me\u0111u prvima u\u0111u u najnoviju, ekskluzivnu Apple Premium Reseller prodavnicu na Terazijama, koja se otvara u \u010detvrtak, 12. Oktobra u 18h. Nova, tre\u0107a po redu, iStyle Apple Premium Reseller prodavnica u Beogradu bi\u0107e u potpunosti ure\u0111ena po Apple-ovim standardima i omogu\u0107i\u0107e vrhunsko iskustvo kupovine, ba\u0161... Continue reading","og_url":"https:\/\/www.pcvesti.com\/?p=39444","og_site_name":"PCVesti","article_published_time":"2017-10-15T18:17:48+00:00","og_image":[{"url":"http:\/\/www.pcvesti.com\/wp-content\/uploads\/2017\/10\/Red-ispred-iStyle-a-300x200.jpg","type":"","width":"","height":""}],"author":"newsmaster","twitter_card":"summary_large_image","twitter_misc":{"Written by":"newsmaster","Est. reading time":"1 minute"},"schema":{"@context":"https:\/\/schema.org","@graph":[{"@type":"Article","@id":"https:\/\/www.pcvesti.com\/?p=39444#article","isPartOf":{"@id":"https:\/\/www.pcvesti.com\/?p=39444"},"author":{"name":"newsmaster","@id":"https:\/\/www.pcvesti.com\/#\/schema\/person\/d1e384f7c138a1fcda7af7425e55a6b2"},"headline":"iStyle Apple Premium Reseller otvara tre\u0107u po redu prodavnicu u samom srcu Beograda","datePublished":"2017-10-15T18:17:48+00:00","mainEntityOfPage":{"@id":"https:\/\/www.pcvesti.com\/?p=39444"},"wordCount":131,"image":{"@id":"https:\/\/www.pcvesti.com\/?p=39444#primaryimage"},"thumbnailUrl":"http:\/\/www.pcvesti.com\/wp-content\/uploads\/2017\/10\/Red-ispred-iStyle-a-300x200.jpg","articleSection":["PC Vesti"],"inLanguage":"en-US"},{"@type":"WebPage","@id":"https:\/\/www.pcvesti.com\/?p=39444","url":"https:\/\/www.pcvesti.com\/?p=39444","name":"iStyle Apple Premium Reseller otvara tre\u0107u po redu prodavnicu u samom srcu Beograda - PCVesti","isPartOf":{"@id":"https:\/\/www.pcvesti.com\/#website"},"primaryImageOfPage":{"@id":"https:\/\/www.pcvesti.com\/?p=39444#primaryimage"},"image":{"@id":"https:\/\/www.pcvesti.com\/?p=39444#primaryimage"},"thumbnailUrl":"http:\/\/www.pcvesti.com\/wp-content\/uploads\/2017\/10\/Red-ispred-iStyle-a-300x200.jpg","datePublished":"2017-10-15T18:17:48+00:00","author":{"@id":"https:\/\/www.pcvesti.com\/#\/schema\/person\/d1e384f7c138a1fcda7af7425e55a6b2"},"breadcrumb":{"@id":"https:\/\/www.pcvesti.com\/?p=39444#breadcrumb"},"inLanguage":"en-US","potentialAction":[{"@type":"ReadAction","target":["https:\/\/www.pcvesti.com\/?p=39444"]}]},{"@type":"ImageObject","inLanguage":"en-US","@id":"https:\/\/www.pcvesti.com\/?p=39444#primaryimage","url":"https:\/\/www.pcvesti.com\/wp-content\/uploads\/2017\/10\/Red-ispred-iStyle-a.jpg","contentUrl":"https:\/\/www.pcvesti.com\/wp-content\/uploads\/2017\/10\/Red-ispred-iStyle-a.jpg","width":543,"height":362},{"@type":"BreadcrumbList","@id":"https:\/\/www.pcvesti.com\/?p=39444#breadcrumb","itemListElement":[{"@type":"ListItem","position":1,"name":"Home","item":"https:\/\/www.pcvesti.com\/"},{"@type":"ListItem","position":2,"name":"iStyle Apple Premium Reseller otvara tre\u0107u po redu prodavnicu u samom srcu Beograda"}]},{"@type":"WebSite","@id":"https:\/\/www.pcvesti.com\/#website","url":"https:\/\/www.pcvesti.com\/","name":"PCVesti","description":"www.pcvesti.com","potentialAction":[{"@type":"SearchAction","target":{"@type":"EntryPoint","urlTemplate":"https:\/\/www.pcvesti.com\/?s={search_term_string}"},"query-input":{"@type":"PropertyValueSpecification","valueRequired":true,"valueName":"search_term_string"}}],"inLanguage":"en-US"},{"@type":"Person","@id":"https:\/\/www.pcvesti.com\/#\/schema\/person\/d1e384f7c138a1fcda7af7425e55a6b2","name":"newsmaster","image":{"@type":"ImageObject","inLanguage":"en-US","@id":"https:\/\/www.pcvesti.com\/wp-content\/uploads\/2018\/09\/avatar_user_5_1537115954-96x96.jpeg","url":"https:\/\/www.pcvesti.com\/wp-content\/uploads\/2018\/09\/avatar_user_5_1537115954-96x96.jpeg","contentUrl":"https:\/\/www.pcvesti.com\/wp-content\/uploads\/2018\/09\/avatar_user_5_1537115954-96x96.jpeg","caption":"newsmaster"},"url":"https:\/\/www.pcvesti.com\/?author=5"}]}},"_links":{"self":[{"href":"https:\/\/www.pcvesti.com\/index.php?rest_route=\/wp\/v2\/posts\/39444","targetHints":{"allow":["GET"]}}],"collection":[{"href":"https:\/\/www.pcvesti.com\/index.php?rest_route=\/wp\/v2\/posts"}],"about":[{"href":"https:\/\/www.pcvesti.com\/index.php?rest_route=\/wp\/v2\/types\/post"}],"author":[{"embeddable":true,"href":"https:\/\/www.pcvesti.com\/index.php?rest_route=\/wp\/v2\/users\/5"}],"replies":[{"embeddable":true,"href":"https:\/\/www.pcvesti.com\/index.php?rest_route=%2Fwp%2Fv2%2Fcomments&post=39444"}],"version-history":[{"count":0,"href":"https:\/\/www.pcvesti.com\/index.php?rest_route=\/wp\/v2\/posts\/39444\/revisions"}],"wp:attachment":[{"href":"https:\/\/www.pcvesti.com\/index.php?rest_route=%2Fwp%2Fv2%2Fmedia&parent=39444"}],"wp:term":[{"taxonomy":"category","embeddable":true,"href":"https:\/\/www.pcvesti.com\/index.php?rest_route=%2Fwp%2Fv2%2Fcategories&post=39444"},{"taxonomy":"post_tag","embeddable":true,"href":"https:\/\/www.pcvesti.com\/index.php?rest_route=%2Fwp%2Fv2%2Ftags&post=39444"}],"curies":[{"name":"wp","href":"https:\/\/api.w.org\/{rel}","templated":true}]}}