{"id":39700,"date":"2017-11-03T21:32:00","date_gmt":"2017-11-03T20:32:00","guid":{"rendered":"http:\/\/www.pcvesti.com\/?p=39700"},"modified":"2017-11-03T21:42:52","modified_gmt":"2017-11-03T20:42:52","slug":"prvi-dan-bizit-a-najvece-it-konferencije","status":"publish","type":"post","link":"https:\/\/www.pcvesti.com\/?p=39700","title":{"rendered":"Prvi dan BIZIT-a, najve\u0107e IT konferencije"},"content":{"rendered":"<p>Tre\u0107i blok konferencije BIZIT 2017, pod nazivom Internet of Things otpo\u010deo je izlaganjem Milana Kalala program menad\u017eerom za IoT, CE Europe, IDC, pod nazivom Iznad svakog o\u010dekivanja: Transformacija automobilske industrije.<\/p>\n<p>Druga tema u okviru bloka Internet of Things ticala se savremenih re\u0161enja za automatizaciju poljoprivredne proizvodnje, koja su do skora bila daleko od doma\u0107ih korisnika. Zahvaljuju\u0107i saradnji kompanija Telekom Srbija i TeleGroup, lokalne samouprave imaju re\u0161enje AgroLIFE, koje im omogu\u0107ava planiranje, organizaciju i upravljanje poljoprivrednom proizvodnjom, a za cilj ima pove\u0107anje prinosa, ukupnih prihoda i smanjenje operativnih tro\u0161kova. Na ovu temu govorili su Milka Peri\u0161i\u0107 Radivojevi\u0107 stru\u010dni saradnik za razvoj usluga Telekoma Srbija, Dejan Filipovi\u0107 \u0161ef Slu\u017ebe za prodaju ICT usluga dr\u017eavnoj upravi i javnim preduze\u0107ima Telekoma Srbija, kao i Jovana Kosti\u0107 direktor proizvodnje kompanije TeleGroup.<\/p>\n<p><!--more-->U ovom bloku odr\u017ean je i panel pod nazivom Are you smart? u kojem su u\u010destvovali Zdravko Jelu\u0161i\u0107 predsednik Skup\u0161tine grada Novog Sada, Sr\u0111an Kr\u010do, predsednik Organizacionog odbora Me\u0111unarodne konferencije o Internetu inteligentnih ure\u0111aja (IoT week) i direktor kompanije DunavNet, Nikola Rajakovi\u0107, profesor na ETF-u u Beogradu, Jelena Petrovi\u0107 direktor Sektora prodaje u dr\u017eavnoj upravi i javnim preduze\u0107ima, Telekom Srbija, Dragan Martinovi\u0107, generalni direktor za Isto\u010dnu Evropu Kaspersky Lab i Zoran \u0110orovi\u0107, predsednik op\u0161tine Kni\u0107. Sr\u0111an Kr\u010do se osvrnuo na standardizaciju IoT-a, njihovog povezivanja i protokola za komunikaciju. Jelena Petrovi\u0107 i Zoran \u0110orovi\u0107 su pojasnili implementaciju servisa AgroLIFE za primenu u poljoprivredi.<\/p>\n<p>Blok o IT obrazovanju i zapo\u0161ljavanju zapo\u010det je panelom na kom su u\u010destvovali Branko Milutinovi\u0107, suosniva\u010d i generalni direktor kompanije Nordeus, Rade Vujovi\u0107, generalni menad\u017eer u Roaming Solutions grupi, Miodrag Kosti\u0107, predsednik MK Grupe, Stefan Salom, suosniva\u010d kompanije Infostud i dr Zoran Jovanovi\u0107, dekan Elektrotehni\u010dkog fakulteta u Beogradu.<\/p>\n<p>Uvodnim izlaganjem moderator panela, Tatjana Ostoji\u0107 upitala je u\u010desnike \u0161ta misle o broju IT stru\u010dnjaka u Srbiji, uslovima i planovima za budu\u0107nost. Branko Milutinovi\u0107 smatra da nam treba jo\u0161 i vi\u0161e IT stru\u010dnjaka, i da celo dru\u0161tvo treba da postane digitalno. Nisu nam potrebni samo IT stru\u010dnjaci, ve\u0107 i digitalizovani pravnici, ekonomisti i lekari. Me\u0111utim, stav ljudi je negativan i on definitivno mora da se promeni. Sa Brankom se slo\u017eio i Stefan Salom koji smatra da ako se ljudi fokusiraju samo na negativno i samo na ono \u0161to ne valja rezultat nikako ne mo\u017ee da bude pozitivan. On smatra da je najbolja motivacija ako gledamo u ono \u0161to valja i ono u \u010demu smo dobri. Otkrio je da je tajna njegovog uspeha u tome \u0161to je verovao da je mogu\u0107e ne\u0161to uraditi. \u201e\u010covek mora da se fokusira na ono \u0161to je do njega, moramo da zadr\u017eimo pozitivan stav i da sebi obezbedimo bolju budu\u0107nost.\u201c dodao je Stefan.<\/p>\n<p>Dekan ETF-a smatra da mi kao dru\u0161tvo nismo spremno do\u010dekali IT bum i da smo konzervativno dru\u0161tvo koje se sporo menja. Njegovo mi\u0161ljenje je da ljudi moraju da se prilago\u0111avaju onome \u0161to je novo i ne sme se dozvoliti ko\u010denje razvoja. Smatra da Srbija mo\u017ee da postane razvijena isto kao i Finska i to zahvaljuju\u0107i IT-u, a primer za to je kompanija Nokia.<\/p>\n<p>Predsednik MK Grupe je mi\u0161ljenja da je digitalizacija okrutna, ali donosi sa sobom nove vrednosti, a da ljudi danas nisu spremni za to. Branko Milutinovi\u0107 smatra da mali broj ljudi mo\u017ee da napravi velike promene, a Kosti\u0107 se nadovezao da taj mali broj ljudi mora da bude na pravim mestima. Novac ima veliku mo\u0107 da promeni stanje stvari, ali ne i u Srbiji, jer se novac, po njegovim re\u010dima, ne nalazi u pravim rukama.<\/p>\n<p>U prilog digitalizaciji ide i skoro uveden predmet programiranja (programski jezik Python) u \u0161esti razred osnovne \u0161kole, za \u0161ta Branko smatra da nije dovoljno propra\u0107en, a da je zapravo to ogroman pomak za Srbiju, jer sada imamo najbolji edukacioni program na svetu. Osvrnuo se i na to da smo mi kao narod prirodno orijentisani ka nauci, po\u010dev\u0161i od Tesle i Pupina, i da na\u0161a deca imaju prirodan talenat za nauku, pa samim tim nije potrebno nametati digitalizaciju kao promenu. Sa tom konstatacijom se slo\u017eio i Stefan koji je tako\u0111e mi\u0161ljenja da nametanje dobrih ideja mo\u017ee da bude kontraproduktivno, ve\u0107 da je potrebno krenuti drugim putem \u2013 pronalaziti dobre ideje i finansirati ih, kako bi prirodno dobre stvari imale vetar u le\u0111a.<\/p>\n<p>Dragana \u0110ermanovi\u0107, bloger i internacionalni strateg iz oblasti poslovne primene Interneta govorila je o polo\u017eaju \u017eena u IT industriji.<\/p>\n<p>Ovog prvog dana BIZIT konferencije imali smo i dve radionice. Prva je bila orijentisana ka bezbednosti i vodio ju je Dejan Ristanovi\u0107, glavni i odgovorni urednik, PC Press-a, dok je drugu pod nazivom Privatnici ne daju svoje firme vodio Boris Vuki\u0107, partner i osniva\u010d Adizes SEE.<\/p>\nngg_shortcode_0_placeholder\n<p>Izvor: PC Press<\/p>\n","protected":false},"excerpt":{"rendered":"<p>Tre\u0107i blok konferencije BIZIT 2017, pod nazivom Internet of Things otpo\u010deo je izlaganjem Milana Kalala program menad\u017eerom za IoT, CE Europe, IDC, pod nazivom Iznad svakog o\u010dekivanja: Transformacija automobilske industrije. Druga tema u okviru bloka Internet of Things ticala se savremenih re\u0161enja za automatizaciju poljoprivredne proizvodnje, koja su do skora bila daleko od doma\u0107ih korisnika. Zahvaljuju\u0107i saradnji kompanija Telekom Srbija i TeleGroup, lokalne samouprave imaju re\u0161enje AgroLIFE, koje im omogu\u0107ava planiranje, organizaciju&#8230; <\/p>\n<div class=\"more-container\"><a class=\"more-link\" href=\"https:\/\/www.pcvesti.com\/?p=39700\" itemprop=\"url\">Continue reading<\/a><\/div>\n","protected":false},"author":5,"featured_media":39701,"comment_status":"closed","ping_status":"closed","sticky":false,"template":"","format":"standard","meta":{"seo_booster_metabox":"","ngg_post_thumbnail":0,"slim_seo":{"title":"Prvi dan BIZIT-a, najve\u0107e IT konferencije - PCVesti","description":"Tre\u0107i blok konferencije BIZIT 2017, pod nazivom Internet of Things otpo\u010deo je izlaganjem Milana Kalala program menad\u017eerom za IoT, CE Europe, IDC, pod nazivom Iz"},"footnotes":""},"categories":[9,5],"tags":[],"class_list":["post-39700","post","type-post","status-publish","format-standard","has-post-thumbnail","hentry","category-dogadjaji","category-pc-vesti"],"yoast_head":"<!-- This site is optimized with the Yoast SEO plugin v27.5 - https:\/\/yoast.com\/product\/yoast-seo-wordpress\/ -->\n<title>Prvi dan BIZIT-a, najve\u0107e IT konferencije - PCVesti<\/title>\n<meta name=\"robots\" content=\"index, follow, max-snippet:-1, max-image-preview:large, max-video-preview:-1\" \/>\n<link rel=\"canonical\" href=\"https:\/\/www.pcvesti.com\/?p=39700\" \/>\n<meta property=\"og:locale\" content=\"en_US\" \/>\n<meta property=\"og:type\" content=\"article\" \/>\n<meta property=\"og:title\" content=\"Prvi dan BIZIT-a, najve\u0107e IT konferencije - PCVesti\" \/>\n<meta property=\"og:description\" content=\"Tre\u0107i blok konferencije BIZIT 2017, pod nazivom Internet of Things otpo\u010deo je izlaganjem Milana Kalala program menad\u017eerom za IoT, CE Europe, IDC, pod nazivom Iznad svakog o\u010dekivanja: Transformacija automobilske industrije. Druga tema u okviru bloka Internet of Things ticala se savremenih re\u0161enja za automatizaciju poljoprivredne proizvodnje, koja su do skora bila daleko od doma\u0107ih korisnika. Zahvaljuju\u0107i saradnji kompanija Telekom Srbija i TeleGroup, lokalne samouprave imaju re\u0161enje AgroLIFE, koje im omogu\u0107ava planiranje, organizaciju... Continue reading\" \/>\n<meta property=\"og:url\" content=\"https:\/\/www.pcvesti.com\/?p=39700\" \/>\n<meta property=\"og:site_name\" content=\"PCVesti\" \/>\n<meta property=\"article:published_time\" content=\"2017-11-03T20:32:00+00:00\" \/>\n<meta property=\"article:modified_time\" content=\"2017-11-03T20:42:52+00:00\" \/>\n<meta property=\"og:image\" content=\"https:\/\/www.pcvesti.com\/wp-content\/uploads\/2017\/11\/bizit.jpg\" \/>\n\t<meta property=\"og:image:width\" content=\"81\" \/>\n\t<meta property=\"og:image:height\" content=\"61\" \/>\n\t<meta property=\"og:image:type\" content=\"image\/jpeg\" \/>\n<meta name=\"author\" content=\"newsmaster\" \/>\n<meta name=\"twitter:card\" content=\"summary_large_image\" \/>\n<meta name=\"twitter:label1\" content=\"Written by\" \/>\n\t<meta name=\"twitter:data1\" content=\"newsmaster\" \/>\n\t<meta name=\"twitter:label2\" content=\"Est. reading time\" \/>\n\t<meta name=\"twitter:data2\" content=\"4 minutes\" \/>\n<script type=\"application\/ld+json\" class=\"yoast-schema-graph\">{\"@context\":\"https:\\\/\\\/schema.org\",\"@graph\":[{\"@type\":\"Article\",\"@id\":\"https:\\\/\\\/www.pcvesti.com\\\/?p=39700#article\",\"isPartOf\":{\"@id\":\"https:\\\/\\\/www.pcvesti.com\\\/?p=39700\"},\"author\":{\"name\":\"newsmaster\",\"@id\":\"https:\\\/\\\/www.pcvesti.com\\\/#\\\/schema\\\/person\\\/d1e384f7c138a1fcda7af7425e55a6b2\"},\"headline\":\"Prvi dan BIZIT-a, najve\u0107e IT konferencije\",\"datePublished\":\"2017-11-03T20:32:00+00:00\",\"dateModified\":\"2017-11-03T20:42:52+00:00\",\"mainEntityOfPage\":{\"@id\":\"https:\\\/\\\/www.pcvesti.com\\\/?p=39700\"},\"wordCount\":836,\"image\":{\"@id\":\"https:\\\/\\\/www.pcvesti.com\\\/?p=39700#primaryimage\"},\"thumbnailUrl\":\"https:\\\/\\\/www.pcvesti.com\\\/wp-content\\\/uploads\\\/2017\\\/11\\\/bizit.jpg\",\"articleSection\":[\"Dogadjaji\",\"PC Vesti\"],\"inLanguage\":\"en-US\"},{\"@type\":\"WebPage\",\"@id\":\"https:\\\/\\\/www.pcvesti.com\\\/?p=39700\",\"url\":\"https:\\\/\\\/www.pcvesti.com\\\/?p=39700\",\"name\":\"Prvi dan BIZIT-a, najve\u0107e IT konferencije - PCVesti\",\"isPartOf\":{\"@id\":\"https:\\\/\\\/www.pcvesti.com\\\/#website\"},\"primaryImageOfPage\":{\"@id\":\"https:\\\/\\\/www.pcvesti.com\\\/?p=39700#primaryimage\"},\"image\":{\"@id\":\"https:\\\/\\\/www.pcvesti.com\\\/?p=39700#primaryimage\"},\"thumbnailUrl\":\"https:\\\/\\\/www.pcvesti.com\\\/wp-content\\\/uploads\\\/2017\\\/11\\\/bizit.jpg\",\"datePublished\":\"2017-11-03T20:32:00+00:00\",\"dateModified\":\"2017-11-03T20:42:52+00:00\",\"author\":{\"@id\":\"https:\\\/\\\/www.pcvesti.com\\\/#\\\/schema\\\/person\\\/d1e384f7c138a1fcda7af7425e55a6b2\"},\"breadcrumb\":{\"@id\":\"https:\\\/\\\/www.pcvesti.com\\\/?p=39700#breadcrumb\"},\"inLanguage\":\"en-US\",\"potentialAction\":[{\"@type\":\"ReadAction\",\"target\":[\"https:\\\/\\\/www.pcvesti.com\\\/?p=39700\"]}]},{\"@type\":\"ImageObject\",\"inLanguage\":\"en-US\",\"@id\":\"https:\\\/\\\/www.pcvesti.com\\\/?p=39700#primaryimage\",\"url\":\"https:\\\/\\\/www.pcvesti.com\\\/wp-content\\\/uploads\\\/2017\\\/11\\\/bizit.jpg\",\"contentUrl\":\"https:\\\/\\\/www.pcvesti.com\\\/wp-content\\\/uploads\\\/2017\\\/11\\\/bizit.jpg\",\"width\":81,\"height\":61},{\"@type\":\"BreadcrumbList\",\"@id\":\"https:\\\/\\\/www.pcvesti.com\\\/?p=39700#breadcrumb\",\"itemListElement\":[{\"@type\":\"ListItem\",\"position\":1,\"name\":\"Home\",\"item\":\"https:\\\/\\\/www.pcvesti.com\\\/\"},{\"@type\":\"ListItem\",\"position\":2,\"name\":\"Prvi dan BIZIT-a, najve\u0107e IT konferencije\"}]},{\"@type\":\"WebSite\",\"@id\":\"https:\\\/\\\/www.pcvesti.com\\\/#website\",\"url\":\"https:\\\/\\\/www.pcvesti.com\\\/\",\"name\":\"PCVesti\",\"description\":\"www.pcvesti.com\",\"potentialAction\":[{\"@type\":\"SearchAction\",\"target\":{\"@type\":\"EntryPoint\",\"urlTemplate\":\"https:\\\/\\\/www.pcvesti.com\\\/?s={search_term_string}\"},\"query-input\":{\"@type\":\"PropertyValueSpecification\",\"valueRequired\":true,\"valueName\":\"search_term_string\"}}],\"inLanguage\":\"en-US\"},{\"@type\":\"Person\",\"@id\":\"https:\\\/\\\/www.pcvesti.com\\\/#\\\/schema\\\/person\\\/d1e384f7c138a1fcda7af7425e55a6b2\",\"name\":\"newsmaster\",\"image\":{\"@type\":\"ImageObject\",\"inLanguage\":\"en-US\",\"@id\":\"https:\\\/\\\/www.pcvesti.com\\\/wp-content\\\/uploads\\\/2018\\\/09\\\/avatar_user_5_1537115954-96x96.jpeg\",\"url\":\"https:\\\/\\\/www.pcvesti.com\\\/wp-content\\\/uploads\\\/2018\\\/09\\\/avatar_user_5_1537115954-96x96.jpeg\",\"contentUrl\":\"https:\\\/\\\/www.pcvesti.com\\\/wp-content\\\/uploads\\\/2018\\\/09\\\/avatar_user_5_1537115954-96x96.jpeg\",\"caption\":\"newsmaster\"},\"url\":\"https:\\\/\\\/www.pcvesti.com\\\/?author=5\"}]}<\/script>\n<!-- \/ Yoast SEO plugin. -->","yoast_head_json":{"title":"Prvi dan BIZIT-a, najve\u0107e IT konferencije - PCVesti","robots":{"index":"index","follow":"follow","max-snippet":"max-snippet:-1","max-image-preview":"max-image-preview:large","max-video-preview":"max-video-preview:-1"},"canonical":"https:\/\/www.pcvesti.com\/?p=39700","og_locale":"en_US","og_type":"article","og_title":"Prvi dan BIZIT-a, najve\u0107e IT konferencije - PCVesti","og_description":"Tre\u0107i blok konferencije BIZIT 2017, pod nazivom Internet of Things otpo\u010deo je izlaganjem Milana Kalala program menad\u017eerom za IoT, CE Europe, IDC, pod nazivom Iznad svakog o\u010dekivanja: Transformacija automobilske industrije. Druga tema u okviru bloka Internet of Things ticala se savremenih re\u0161enja za automatizaciju poljoprivredne proizvodnje, koja su do skora bila daleko od doma\u0107ih korisnika. Zahvaljuju\u0107i saradnji kompanija Telekom Srbija i TeleGroup, lokalne samouprave imaju re\u0161enje AgroLIFE, koje im omogu\u0107ava planiranje, organizaciju... Continue reading","og_url":"https:\/\/www.pcvesti.com\/?p=39700","og_site_name":"PCVesti","article_published_time":"2017-11-03T20:32:00+00:00","article_modified_time":"2017-11-03T20:42:52+00:00","og_image":[{"width":81,"height":61,"url":"https:\/\/www.pcvesti.com\/wp-content\/uploads\/2017\/11\/bizit.jpg","type":"image\/jpeg"}],"author":"newsmaster","twitter_card":"summary_large_image","twitter_misc":{"Written by":"newsmaster","Est. reading time":"4 minutes"},"schema":{"@context":"https:\/\/schema.org","@graph":[{"@type":"Article","@id":"https:\/\/www.pcvesti.com\/?p=39700#article","isPartOf":{"@id":"https:\/\/www.pcvesti.com\/?p=39700"},"author":{"name":"newsmaster","@id":"https:\/\/www.pcvesti.com\/#\/schema\/person\/d1e384f7c138a1fcda7af7425e55a6b2"},"headline":"Prvi dan BIZIT-a, najve\u0107e IT konferencije","datePublished":"2017-11-03T20:32:00+00:00","dateModified":"2017-11-03T20:42:52+00:00","mainEntityOfPage":{"@id":"https:\/\/www.pcvesti.com\/?p=39700"},"wordCount":836,"image":{"@id":"https:\/\/www.pcvesti.com\/?p=39700#primaryimage"},"thumbnailUrl":"https:\/\/www.pcvesti.com\/wp-content\/uploads\/2017\/11\/bizit.jpg","articleSection":["Dogadjaji","PC Vesti"],"inLanguage":"en-US"},{"@type":"WebPage","@id":"https:\/\/www.pcvesti.com\/?p=39700","url":"https:\/\/www.pcvesti.com\/?p=39700","name":"Prvi dan BIZIT-a, najve\u0107e IT konferencije - PCVesti","isPartOf":{"@id":"https:\/\/www.pcvesti.com\/#website"},"primaryImageOfPage":{"@id":"https:\/\/www.pcvesti.com\/?p=39700#primaryimage"},"image":{"@id":"https:\/\/www.pcvesti.com\/?p=39700#primaryimage"},"thumbnailUrl":"https:\/\/www.pcvesti.com\/wp-content\/uploads\/2017\/11\/bizit.jpg","datePublished":"2017-11-03T20:32:00+00:00","dateModified":"2017-11-03T20:42:52+00:00","author":{"@id":"https:\/\/www.pcvesti.com\/#\/schema\/person\/d1e384f7c138a1fcda7af7425e55a6b2"},"breadcrumb":{"@id":"https:\/\/www.pcvesti.com\/?p=39700#breadcrumb"},"inLanguage":"en-US","potentialAction":[{"@type":"ReadAction","target":["https:\/\/www.pcvesti.com\/?p=39700"]}]},{"@type":"ImageObject","inLanguage":"en-US","@id":"https:\/\/www.pcvesti.com\/?p=39700#primaryimage","url":"https:\/\/www.pcvesti.com\/wp-content\/uploads\/2017\/11\/bizit.jpg","contentUrl":"https:\/\/www.pcvesti.com\/wp-content\/uploads\/2017\/11\/bizit.jpg","width":81,"height":61},{"@type":"BreadcrumbList","@id":"https:\/\/www.pcvesti.com\/?p=39700#breadcrumb","itemListElement":[{"@type":"ListItem","position":1,"name":"Home","item":"https:\/\/www.pcvesti.com\/"},{"@type":"ListItem","position":2,"name":"Prvi dan BIZIT-a, najve\u0107e IT konferencije"}]},{"@type":"WebSite","@id":"https:\/\/www.pcvesti.com\/#website","url":"https:\/\/www.pcvesti.com\/","name":"PCVesti","description":"www.pcvesti.com","potentialAction":[{"@type":"SearchAction","target":{"@type":"EntryPoint","urlTemplate":"https:\/\/www.pcvesti.com\/?s={search_term_string}"},"query-input":{"@type":"PropertyValueSpecification","valueRequired":true,"valueName":"search_term_string"}}],"inLanguage":"en-US"},{"@type":"Person","@id":"https:\/\/www.pcvesti.com\/#\/schema\/person\/d1e384f7c138a1fcda7af7425e55a6b2","name":"newsmaster","image":{"@type":"ImageObject","inLanguage":"en-US","@id":"https:\/\/www.pcvesti.com\/wp-content\/uploads\/2018\/09\/avatar_user_5_1537115954-96x96.jpeg","url":"https:\/\/www.pcvesti.com\/wp-content\/uploads\/2018\/09\/avatar_user_5_1537115954-96x96.jpeg","contentUrl":"https:\/\/www.pcvesti.com\/wp-content\/uploads\/2018\/09\/avatar_user_5_1537115954-96x96.jpeg","caption":"newsmaster"},"url":"https:\/\/www.pcvesti.com\/?author=5"}]}},"_links":{"self":[{"href":"https:\/\/www.pcvesti.com\/index.php?rest_route=\/wp\/v2\/posts\/39700","targetHints":{"allow":["GET"]}}],"collection":[{"href":"https:\/\/www.pcvesti.com\/index.php?rest_route=\/wp\/v2\/posts"}],"about":[{"href":"https:\/\/www.pcvesti.com\/index.php?rest_route=\/wp\/v2\/types\/post"}],"author":[{"embeddable":true,"href":"https:\/\/www.pcvesti.com\/index.php?rest_route=\/wp\/v2\/users\/5"}],"replies":[{"embeddable":true,"href":"https:\/\/www.pcvesti.com\/index.php?rest_route=%2Fwp%2Fv2%2Fcomments&post=39700"}],"version-history":[{"count":0,"href":"https:\/\/www.pcvesti.com\/index.php?rest_route=\/wp\/v2\/posts\/39700\/revisions"}],"wp:featuredmedia":[{"embeddable":true,"href":"https:\/\/www.pcvesti.com\/index.php?rest_route=\/wp\/v2\/media\/39701"}],"wp:attachment":[{"href":"https:\/\/www.pcvesti.com\/index.php?rest_route=%2Fwp%2Fv2%2Fmedia&parent=39700"}],"wp:term":[{"taxonomy":"category","embeddable":true,"href":"https:\/\/www.pcvesti.com\/index.php?rest_route=%2Fwp%2Fv2%2Fcategories&post=39700"},{"taxonomy":"post_tag","embeddable":true,"href":"https:\/\/www.pcvesti.com\/index.php?rest_route=%2Fwp%2Fv2%2Ftags&post=39700"}],"curies":[{"name":"wp","href":"https:\/\/api.w.org\/{rel}","templated":true}]}}