{"id":40200,"date":"2017-12-09T10:51:10","date_gmt":"2017-12-09T09:51:10","guid":{"rendered":"http:\/\/www.pcvesti.com\/?p=40200"},"modified":"2017-12-09T10:51:10","modified_gmt":"2017-12-09T09:51:10","slug":"wearedevelopers-konferencija-dovodi-osnivaca-apple-a-steve-wozniaka-u-bec","status":"publish","type":"post","link":"https:\/\/www.pcvesti.com\/?p=40200","title":{"rendered":"WeAreDevelopers konferencija dovodi osniva\u010da Apple-a, Steve Wozniaka u Be\u010d"},"content":{"rendered":"<p>Vode\u0107a konferencija za developere koja se odr\u017eava u Be\u010du ugostit \u0107e osniva\u010da kompanje Apple, Steve Wozniaka. Poznati &#8220;Woz&#8221; (69) \u0107e u maju 2018. godine, odr\u017eati jedno od keynote predavanja, dok naziv teme jo\u0161 uvijek ostaje neotkriven. Wozniak je 1976. godine, zajedno sa svojim kolegom Steve Jobsom osnovao kompaniju Apple. Kompaniju je napustio 1985. godine.<\/p>\n<p><em>&#8220;U\u010de\u0161\u0107e osobe kalibra poput Steve Wozniaka govori o zna\u010daju WeAreDevelopers konferencije i pokazuje da WeAreDevelopers postaje internacionalni brend<\/em>&#8220;, navodi <strong>Sead Ahmetovi\u0107, jedan od organizatora konferencije.<\/strong> Tokom 2010. godine, Wozniak je posjetio Be\u010d, zajedno sa Ray Kurzweilom vizionarom kompanije Google u sklopu serije rasprava o razvoju budu\u0107nosti za A1 \u2013 future.talk.<\/p>\n<p><!--more-->Pored &#8220;Woza&#8221; na konferenciju ponovo dolazi i John Romero, jedan od kreatora planetarno poznatih igara &#8220;Doom&#8221; i &#8220;Quake&#8221;. Tako\u0111er, Romero je najavljen kao keynote govornik, usljed ogrome mase pozitivnih komentara nakon prethodnog gostovanja na konferenciji. Ovaj put \u0107e mu se pridru\u017eiti i supruga Brenda, koja je tako\u0111er programer. Pored Romera i Wozniaka potvr\u0111eni su i drugi me\u0111unarodni govornici, uklju\u010duju\u0107i Renaud Visage, jednog od suosniva\u010da kompanije Eventbrite, Angie Jones, automatizacijskog in\u017eenjera u sveprisutnom Twitteru, te Feross Aboukhadijeh iz WebTorrenta.<\/p>\n<p>Ove godine organizaotori \u017eele posebno diverzificirati sadr\u017eaj konferencije i njenih govornika, pa su tako najavljeni i govornici iz Nginxa i Amazona. Tako\u0111er, vi\u0161e od 60% najavljenih govornika su \u017eene.<\/p>\n<p>Od 1. decembra, otvoren je poziv za prijavu govornika, gdje developeri iz svih zemalja se mogu prijaviti za prezentacije vlastitih ideja i tako se predstaviti me\u0111unarodnoj publici.<\/p>\n<p><em>&#8220;WeAreDevelopers poma\u017ee oja\u010dati Austriju kao mjesto poslovnih susreta i Be\u010d kao tehnolo\u0161ki centar na me\u0111unarodnoj sceni&#8221;,<\/em> ka\u017ee <strong>Benjamin Ruschin, jedan od suosniva\u010da WeAreDevelopers.<br \/>\n<\/strong><br \/>\n<em>&#8220;Svi programeri su dobrodo\u0161li da po\u0161alju svoje ideje za razgovore (Talks sekcija) i dijele svoje znanje s drugim programerima na konferenciji&#8221;<\/em>, navodi <strong>Thomas Pamminger, suosniva\u010d WeAreDevelopers konferencije i voditelj internog tima developera. <\/strong><\/p>\n<p>Sna\u017ean rast konferencije se o\u010dekuje i naredne godine. Tokom doga\u0111aja u 2017. godini, zabilje\u017eeno je preko 4.000 posjetitelja, me\u0111u njima je bilo nekoliko stotina u\u010desnika iz na\u0161e regije, u be\u010dku Marxhalle tokom trajanja dvodnevnog doga\u0111aja. Naredne godine, od 16. \u2013 18. maja, o\u010dekuje se izme\u0111u 8.000 i 10.000 posjetilaca na novoj lokaciji, u Austria Center u Be\u010du. Rezervacija ulaznica je ve\u0107 <u>po\u010dela<\/u> (link: <a href=\"https:\/\/www.wearedevelopers.com\/congress)\">https:\/\/www.wearedevelopers.com\/congress)<\/a>, po early bird cijenama od 299 EUR za jednog u\u010desnika.<\/p>\n<p><strong>Izvor: <\/strong>&nbsp;<br \/>\n<strong>WeAreDevelopers&nbsp;<br \/>\n<\/strong>Zmaja od Bosne 13<br \/>\n71 000 Sarajevo, BiH<br \/>\nwww.wearedevelopers.com &nbsp;<\/p>\n<p>&nbsp;<\/p>\n","protected":false},"excerpt":{"rendered":"<p>Vode\u0107a konferencija za developere koja se odr\u017eava u Be\u010du ugostit \u0107e osniva\u010da kompanje Apple, Steve Wozniaka. Poznati &#8220;Woz&#8221; (69) \u0107e u maju 2018. godine, odr\u017eati jedno od keynote predavanja, dok naziv teme jo\u0161 uvijek ostaje neotkriven. Wozniak je 1976. godine, zajedno sa svojim kolegom Steve Jobsom osnovao kompaniju Apple. Kompaniju je napustio 1985. godine. &#8220;U\u010de\u0161\u0107e osobe kalibra poput Steve Wozniaka govori o zna\u010daju WeAreDevelopers konferencije i pokazuje da WeAreDevelopers postaje internacionalni brend&#8220;,&#8230; <\/p>\n<div class=\"more-container\"><a class=\"more-link\" href=\"https:\/\/www.pcvesti.com\/?p=40200\" itemprop=\"url\">Continue reading<\/a><\/div>\n","protected":false},"author":5,"featured_media":40203,"comment_status":"closed","ping_status":"closed","sticky":false,"template":"","format":"standard","meta":{"seo_booster_metabox":"","ngg_post_thumbnail":0,"slim_seo":{"title":"WeAreDevelopers konferencija dovodi osniva\u010da Apple-a, Steve Wozniaka u Be\u010d - PCVesti","description":"Vode\u0107a konferencija za developere koja se odr\u017eava u Be\u010du ugostit \u0107e osniva\u010da kompanje Apple, Steve Wozniaka. Poznati \"Woz\" (69) \u0107e u maju 2018. godine, odr\u017eati"},"footnotes":""},"categories":[9],"tags":[],"class_list":["post-40200","post","type-post","status-publish","format-standard","has-post-thumbnail","hentry","category-dogadjaji"],"yoast_head":"<!-- This site is optimized with the Yoast SEO plugin v27.5 - https:\/\/yoast.com\/product\/yoast-seo-wordpress\/ -->\n<title>WeAreDevelopers konferencija dovodi osniva\u010da Apple-a, Steve Wozniaka u Be\u010d - PCVesti<\/title>\n<meta name=\"robots\" content=\"index, follow, max-snippet:-1, max-image-preview:large, max-video-preview:-1\" \/>\n<link rel=\"canonical\" href=\"https:\/\/www.pcvesti.com\/?p=40200\" \/>\n<meta property=\"og:locale\" content=\"en_US\" \/>\n<meta property=\"og:type\" content=\"article\" \/>\n<meta property=\"og:title\" content=\"WeAreDevelopers konferencija dovodi osniva\u010da Apple-a, Steve Wozniaka u Be\u010d - PCVesti\" \/>\n<meta property=\"og:description\" content=\"Vode\u0107a konferencija za developere koja se odr\u017eava u Be\u010du ugostit \u0107e osniva\u010da kompanje Apple, Steve Wozniaka. Poznati &#8220;Woz&#8221; (69) \u0107e u maju 2018. godine, odr\u017eati jedno od keynote predavanja, dok naziv teme jo\u0161 uvijek ostaje neotkriven. Wozniak je 1976. godine, zajedno sa svojim kolegom Steve Jobsom osnovao kompaniju Apple. Kompaniju je napustio 1985. godine. &#8220;U\u010de\u0161\u0107e osobe kalibra poput Steve Wozniaka govori o zna\u010daju WeAreDevelopers konferencije i pokazuje da WeAreDevelopers postaje internacionalni brend&#8220;,... Continue reading\" \/>\n<meta property=\"og:url\" content=\"https:\/\/www.pcvesti.com\/?p=40200\" \/>\n<meta property=\"og:site_name\" content=\"PCVesti\" \/>\n<meta property=\"article:published_time\" content=\"2017-12-09T09:51:10+00:00\" \/>\n<meta property=\"og:image\" content=\"https:\/\/www.pcvesti.com\/wp-content\/uploads\/2017\/12\/Wozniak.jpg\" \/>\n\t<meta property=\"og:image:width\" content=\"1000\" \/>\n\t<meta property=\"og:image:height\" content=\"667\" \/>\n\t<meta property=\"og:image:type\" content=\"image\/jpeg\" \/>\n<meta name=\"author\" content=\"newsmaster\" \/>\n<meta name=\"twitter:card\" content=\"summary_large_image\" \/>\n<meta name=\"twitter:label1\" content=\"Written by\" \/>\n\t<meta name=\"twitter:data1\" content=\"newsmaster\" \/>\n\t<meta name=\"twitter:label2\" content=\"Est. reading time\" \/>\n\t<meta name=\"twitter:data2\" content=\"2 minutes\" \/>\n<script type=\"application\/ld+json\" class=\"yoast-schema-graph\">{\"@context\":\"https:\\\/\\\/schema.org\",\"@graph\":[{\"@type\":\"Article\",\"@id\":\"https:\\\/\\\/www.pcvesti.com\\\/?p=40200#article\",\"isPartOf\":{\"@id\":\"https:\\\/\\\/www.pcvesti.com\\\/?p=40200\"},\"author\":{\"name\":\"newsmaster\",\"@id\":\"https:\\\/\\\/www.pcvesti.com\\\/#\\\/schema\\\/person\\\/d1e384f7c138a1fcda7af7425e55a6b2\"},\"headline\":\"WeAreDevelopers konferencija dovodi osniva\u010da Apple-a, Steve Wozniaka u Be\u010d\",\"datePublished\":\"2017-12-09T09:51:10+00:00\",\"mainEntityOfPage\":{\"@id\":\"https:\\\/\\\/www.pcvesti.com\\\/?p=40200\"},\"wordCount\":424,\"image\":{\"@id\":\"https:\\\/\\\/www.pcvesti.com\\\/?p=40200#primaryimage\"},\"thumbnailUrl\":\"https:\\\/\\\/www.pcvesti.com\\\/wp-content\\\/uploads\\\/2017\\\/12\\\/Wozniak.jpg\",\"articleSection\":[\"Dogadjaji\"],\"inLanguage\":\"en-US\"},{\"@type\":\"WebPage\",\"@id\":\"https:\\\/\\\/www.pcvesti.com\\\/?p=40200\",\"url\":\"https:\\\/\\\/www.pcvesti.com\\\/?p=40200\",\"name\":\"WeAreDevelopers konferencija dovodi osniva\u010da Apple-a, Steve Wozniaka u Be\u010d - PCVesti\",\"isPartOf\":{\"@id\":\"https:\\\/\\\/www.pcvesti.com\\\/#website\"},\"primaryImageOfPage\":{\"@id\":\"https:\\\/\\\/www.pcvesti.com\\\/?p=40200#primaryimage\"},\"image\":{\"@id\":\"https:\\\/\\\/www.pcvesti.com\\\/?p=40200#primaryimage\"},\"thumbnailUrl\":\"https:\\\/\\\/www.pcvesti.com\\\/wp-content\\\/uploads\\\/2017\\\/12\\\/Wozniak.jpg\",\"datePublished\":\"2017-12-09T09:51:10+00:00\",\"author\":{\"@id\":\"https:\\\/\\\/www.pcvesti.com\\\/#\\\/schema\\\/person\\\/d1e384f7c138a1fcda7af7425e55a6b2\"},\"breadcrumb\":{\"@id\":\"https:\\\/\\\/www.pcvesti.com\\\/?p=40200#breadcrumb\"},\"inLanguage\":\"en-US\",\"potentialAction\":[{\"@type\":\"ReadAction\",\"target\":[\"https:\\\/\\\/www.pcvesti.com\\\/?p=40200\"]}]},{\"@type\":\"ImageObject\",\"inLanguage\":\"en-US\",\"@id\":\"https:\\\/\\\/www.pcvesti.com\\\/?p=40200#primaryimage\",\"url\":\"https:\\\/\\\/www.pcvesti.com\\\/wp-content\\\/uploads\\\/2017\\\/12\\\/Wozniak.jpg\",\"contentUrl\":\"https:\\\/\\\/www.pcvesti.com\\\/wp-content\\\/uploads\\\/2017\\\/12\\\/Wozniak.jpg\",\"width\":1000,\"height\":667},{\"@type\":\"BreadcrumbList\",\"@id\":\"https:\\\/\\\/www.pcvesti.com\\\/?p=40200#breadcrumb\",\"itemListElement\":[{\"@type\":\"ListItem\",\"position\":1,\"name\":\"Home\",\"item\":\"https:\\\/\\\/www.pcvesti.com\\\/\"},{\"@type\":\"ListItem\",\"position\":2,\"name\":\"WeAreDevelopers konferencija dovodi osniva\u010da Apple-a, Steve Wozniaka u Be\u010d\"}]},{\"@type\":\"WebSite\",\"@id\":\"https:\\\/\\\/www.pcvesti.com\\\/#website\",\"url\":\"https:\\\/\\\/www.pcvesti.com\\\/\",\"name\":\"PCVesti\",\"description\":\"www.pcvesti.com\",\"potentialAction\":[{\"@type\":\"SearchAction\",\"target\":{\"@type\":\"EntryPoint\",\"urlTemplate\":\"https:\\\/\\\/www.pcvesti.com\\\/?s={search_term_string}\"},\"query-input\":{\"@type\":\"PropertyValueSpecification\",\"valueRequired\":true,\"valueName\":\"search_term_string\"}}],\"inLanguage\":\"en-US\"},{\"@type\":\"Person\",\"@id\":\"https:\\\/\\\/www.pcvesti.com\\\/#\\\/schema\\\/person\\\/d1e384f7c138a1fcda7af7425e55a6b2\",\"name\":\"newsmaster\",\"image\":{\"@type\":\"ImageObject\",\"inLanguage\":\"en-US\",\"@id\":\"https:\\\/\\\/www.pcvesti.com\\\/wp-content\\\/uploads\\\/2018\\\/09\\\/avatar_user_5_1537115954-96x96.jpeg\",\"url\":\"https:\\\/\\\/www.pcvesti.com\\\/wp-content\\\/uploads\\\/2018\\\/09\\\/avatar_user_5_1537115954-96x96.jpeg\",\"contentUrl\":\"https:\\\/\\\/www.pcvesti.com\\\/wp-content\\\/uploads\\\/2018\\\/09\\\/avatar_user_5_1537115954-96x96.jpeg\",\"caption\":\"newsmaster\"},\"url\":\"https:\\\/\\\/www.pcvesti.com\\\/?author=5\"}]}<\/script>\n<!-- \/ Yoast SEO plugin. -->","yoast_head_json":{"title":"WeAreDevelopers konferencija dovodi osniva\u010da Apple-a, Steve Wozniaka u Be\u010d - PCVesti","robots":{"index":"index","follow":"follow","max-snippet":"max-snippet:-1","max-image-preview":"max-image-preview:large","max-video-preview":"max-video-preview:-1"},"canonical":"https:\/\/www.pcvesti.com\/?p=40200","og_locale":"en_US","og_type":"article","og_title":"WeAreDevelopers konferencija dovodi osniva\u010da Apple-a, Steve Wozniaka u Be\u010d - PCVesti","og_description":"Vode\u0107a konferencija za developere koja se odr\u017eava u Be\u010du ugostit \u0107e osniva\u010da kompanje Apple, Steve Wozniaka. Poznati &#8220;Woz&#8221; (69) \u0107e u maju 2018. godine, odr\u017eati jedno od keynote predavanja, dok naziv teme jo\u0161 uvijek ostaje neotkriven. Wozniak je 1976. godine, zajedno sa svojim kolegom Steve Jobsom osnovao kompaniju Apple. Kompaniju je napustio 1985. godine. &#8220;U\u010de\u0161\u0107e osobe kalibra poput Steve Wozniaka govori o zna\u010daju WeAreDevelopers konferencije i pokazuje da WeAreDevelopers postaje internacionalni brend&#8220;,... Continue reading","og_url":"https:\/\/www.pcvesti.com\/?p=40200","og_site_name":"PCVesti","article_published_time":"2017-12-09T09:51:10+00:00","og_image":[{"width":1000,"height":667,"url":"https:\/\/www.pcvesti.com\/wp-content\/uploads\/2017\/12\/Wozniak.jpg","type":"image\/jpeg"}],"author":"newsmaster","twitter_card":"summary_large_image","twitter_misc":{"Written by":"newsmaster","Est. reading time":"2 minutes"},"schema":{"@context":"https:\/\/schema.org","@graph":[{"@type":"Article","@id":"https:\/\/www.pcvesti.com\/?p=40200#article","isPartOf":{"@id":"https:\/\/www.pcvesti.com\/?p=40200"},"author":{"name":"newsmaster","@id":"https:\/\/www.pcvesti.com\/#\/schema\/person\/d1e384f7c138a1fcda7af7425e55a6b2"},"headline":"WeAreDevelopers konferencija dovodi osniva\u010da Apple-a, Steve Wozniaka u Be\u010d","datePublished":"2017-12-09T09:51:10+00:00","mainEntityOfPage":{"@id":"https:\/\/www.pcvesti.com\/?p=40200"},"wordCount":424,"image":{"@id":"https:\/\/www.pcvesti.com\/?p=40200#primaryimage"},"thumbnailUrl":"https:\/\/www.pcvesti.com\/wp-content\/uploads\/2017\/12\/Wozniak.jpg","articleSection":["Dogadjaji"],"inLanguage":"en-US"},{"@type":"WebPage","@id":"https:\/\/www.pcvesti.com\/?p=40200","url":"https:\/\/www.pcvesti.com\/?p=40200","name":"WeAreDevelopers konferencija dovodi osniva\u010da Apple-a, Steve Wozniaka u Be\u010d - PCVesti","isPartOf":{"@id":"https:\/\/www.pcvesti.com\/#website"},"primaryImageOfPage":{"@id":"https:\/\/www.pcvesti.com\/?p=40200#primaryimage"},"image":{"@id":"https:\/\/www.pcvesti.com\/?p=40200#primaryimage"},"thumbnailUrl":"https:\/\/www.pcvesti.com\/wp-content\/uploads\/2017\/12\/Wozniak.jpg","datePublished":"2017-12-09T09:51:10+00:00","author":{"@id":"https:\/\/www.pcvesti.com\/#\/schema\/person\/d1e384f7c138a1fcda7af7425e55a6b2"},"breadcrumb":{"@id":"https:\/\/www.pcvesti.com\/?p=40200#breadcrumb"},"inLanguage":"en-US","potentialAction":[{"@type":"ReadAction","target":["https:\/\/www.pcvesti.com\/?p=40200"]}]},{"@type":"ImageObject","inLanguage":"en-US","@id":"https:\/\/www.pcvesti.com\/?p=40200#primaryimage","url":"https:\/\/www.pcvesti.com\/wp-content\/uploads\/2017\/12\/Wozniak.jpg","contentUrl":"https:\/\/www.pcvesti.com\/wp-content\/uploads\/2017\/12\/Wozniak.jpg","width":1000,"height":667},{"@type":"BreadcrumbList","@id":"https:\/\/www.pcvesti.com\/?p=40200#breadcrumb","itemListElement":[{"@type":"ListItem","position":1,"name":"Home","item":"https:\/\/www.pcvesti.com\/"},{"@type":"ListItem","position":2,"name":"WeAreDevelopers konferencija dovodi osniva\u010da Apple-a, Steve Wozniaka u Be\u010d"}]},{"@type":"WebSite","@id":"https:\/\/www.pcvesti.com\/#website","url":"https:\/\/www.pcvesti.com\/","name":"PCVesti","description":"www.pcvesti.com","potentialAction":[{"@type":"SearchAction","target":{"@type":"EntryPoint","urlTemplate":"https:\/\/www.pcvesti.com\/?s={search_term_string}"},"query-input":{"@type":"PropertyValueSpecification","valueRequired":true,"valueName":"search_term_string"}}],"inLanguage":"en-US"},{"@type":"Person","@id":"https:\/\/www.pcvesti.com\/#\/schema\/person\/d1e384f7c138a1fcda7af7425e55a6b2","name":"newsmaster","image":{"@type":"ImageObject","inLanguage":"en-US","@id":"https:\/\/www.pcvesti.com\/wp-content\/uploads\/2018\/09\/avatar_user_5_1537115954-96x96.jpeg","url":"https:\/\/www.pcvesti.com\/wp-content\/uploads\/2018\/09\/avatar_user_5_1537115954-96x96.jpeg","contentUrl":"https:\/\/www.pcvesti.com\/wp-content\/uploads\/2018\/09\/avatar_user_5_1537115954-96x96.jpeg","caption":"newsmaster"},"url":"https:\/\/www.pcvesti.com\/?author=5"}]}},"_links":{"self":[{"href":"https:\/\/www.pcvesti.com\/index.php?rest_route=\/wp\/v2\/posts\/40200","targetHints":{"allow":["GET"]}}],"collection":[{"href":"https:\/\/www.pcvesti.com\/index.php?rest_route=\/wp\/v2\/posts"}],"about":[{"href":"https:\/\/www.pcvesti.com\/index.php?rest_route=\/wp\/v2\/types\/post"}],"author":[{"embeddable":true,"href":"https:\/\/www.pcvesti.com\/index.php?rest_route=\/wp\/v2\/users\/5"}],"replies":[{"embeddable":true,"href":"https:\/\/www.pcvesti.com\/index.php?rest_route=%2Fwp%2Fv2%2Fcomments&post=40200"}],"version-history":[{"count":0,"href":"https:\/\/www.pcvesti.com\/index.php?rest_route=\/wp\/v2\/posts\/40200\/revisions"}],"wp:featuredmedia":[{"embeddable":true,"href":"https:\/\/www.pcvesti.com\/index.php?rest_route=\/wp\/v2\/media\/40203"}],"wp:attachment":[{"href":"https:\/\/www.pcvesti.com\/index.php?rest_route=%2Fwp%2Fv2%2Fmedia&parent=40200"}],"wp:term":[{"taxonomy":"category","embeddable":true,"href":"https:\/\/www.pcvesti.com\/index.php?rest_route=%2Fwp%2Fv2%2Fcategories&post=40200"},{"taxonomy":"post_tag","embeddable":true,"href":"https:\/\/www.pcvesti.com\/index.php?rest_route=%2Fwp%2Fv2%2Ftags&post=40200"}],"curies":[{"name":"wp","href":"https:\/\/api.w.org\/{rel}","templated":true}]}}