{"id":41774,"date":"2018-04-21T18:06:06","date_gmt":"2018-04-21T17:06:06","guid":{"rendered":"http:\/\/www.pcvesti.com\/?p=41774"},"modified":"2018-04-21T18:06:06","modified_gmt":"2018-04-21T17:06:06","slug":"primena-opste-uredbe-o-zastiti-podataka-od-25-maja-obavezna-i-za-firme-u-srbiji","status":"publish","type":"post","link":"https:\/\/www.pcvesti.com\/?p=41774","title":{"rendered":"Primena Op\u0161te uredbe o za\u0161titi podataka\u00a0\u00a0od 25. maja obavezna i za firme u Srbiji"},"content":{"rendered":"<p>Op\u0161ta uredba o za\u0161titi podataka (<strong><em>General<\/em><\/strong> <strong><em>Data<\/em><\/strong> <strong><em>Protection<\/em><\/strong> <strong><em>Regulation<\/em><\/strong><strong><em> &#8211; <\/em><\/strong><strong><em>GDPR<\/em><\/strong>) koja <strong>25. maja<\/strong> po\u010dinje da se primenjuje u dr\u017eavama \u010dlanicama Evropske unije, pre svega daje pojedincu ve\u0107u kontrolu nad podacima koji se o njemu obra\u0111uju, re\u010deno je na dvodnevnoj <strong>Me<\/strong><strong>\u0111unarodnoj konferenciji \u201cOp\u0161ta uredba o za\u0161titi podataka o li\u010dnosti\u201d<\/strong> koja je odr\u017eana 17. i 18. aprila u Beogradu.<\/p>\n<p>Konferenciju je otvorio <strong>poverenik za informacije od javnog zna\u010daja i za\u0161titu podataka o li\u010dnosti, gospodin Rodoljub \u0160abi\u0107<\/strong>, koji je poru\u010dio da je Op\u0161ta uredba dugo o\u010dekivan odgovor trendu sve ve\u0107eg zadiranja u privatnost. Tim dokumentom podi\u017ee se standard za\u0161tite podataka o li\u010dnosti koji Srbija poku\u0161ava da dostigne mada, kako je dodao, ne dovoljno brzo.<\/p>\n<p>Oni za koje se sada pravila dodatno poo\u0161travaju su kompanije koje vr\u0161e obradu podataka &#8211; &nbsp;<em>rukovaoci<\/em> <em>i obra\u0111iva\u010d<\/em>i. Rukovaoci \u0107e morati da imaju samo one podatke o pojedincu koji su mu neophodni, jer obrada svakog podatka ujedno je i odgovornost za njega. Da bi mogli da vr\u0161e radnje obrade podataka obra\u0111iva\u010di \u0107e morati da zaklju\u010de poseban ugovor sa rukovaocem kojim \u0107e jasno urediti obaveze i odgovornost.<\/p>\n<p><!--more-->Bez obzira na to \u0161to je Uredbu usvojila Evropska unija i \u0161to je obavezuju\u0107a za dr\u017eave \u010dlanice na njihovim teritorijama, svi koji obra\u0111uju podatke o li\u010dnosti gra\u0111ana Evropske unije, bez obzira na kojoj teritoriji posluju, mora\u0107e da usklade svoje poslovanje sa pravilima koje Uredba donosi.<\/p>\n<p>Tako\u0111e, ko god nudi svoje usluge i robu na teritoriji neke dr\u017eave \u010dlanice, ili usmerava internet poslovanje ka Evropskoj unije mora\u0107e da&nbsp; primenjuje ovu Uredbu. Svi oni koji nude posebne usluge i popuste bilo na nekom od specifi\u010dnih jezika neke od dr\u017eava ili ciljano na stanovnike Evropske unije bi\u0107e u obavezi da se usklade sa Uredbom.<\/p>\n<p>U Evropskoj uniji svi organi vlasti, kao i svi oni koji obra\u0111uju naro\u010dito osetljive podatke o li\u010dnosti, kao \u0161to su podaci o zdravstvenom stanju ili verskom opredeljenju, mora\u0107e da imaju slu\u017ebenika za za\u0161titu podataka (<strong><em>Data<\/em><\/strong><strong><em> Protection<\/em><\/strong><strong><em> Officer<\/em><\/strong>) koji bi trebalo da poseduje kako znanja iz prava, tako i iz informacionih tehnologija, re\u010deno je na skupu koji je <strong>organizovao Poverenik za informacije od javnog zna\u010daja i za\u0161titu podataka o li\u010dnosti<\/strong> <strong>uz podr\u0161ku ambasade Kraljevine Norve\u0161ke<\/strong>.<\/p>\n<p>Jedan od ciljeva Op\u0161te uredbe jeste da nivo za\u0161tite podataka o li\u010dnosti bude isti na celoj teritoriji Evropske unije. Organi za za\u0161titu podataka o li\u010dnosti dobi\u0107e nova ovla\u0161\u0107enja, kao i obaveze. Imaju\u0107i u vidu sve \u010de\u0161\u0107e postavljeno pitanje da li privatnost jo\u0161 uvek postoji, s obzirom na koli\u010dinu informacija koje ostavljamo na dru\u0161tvenim mre\u017eama, dok krstarimo ili kupujemo na Internetu, na skupu je istaknuto da pravo nije nestalo, i da upravo ovi dr\u017eani organi slu\u017ee za za\u0161titu privatnosti i podataka o li\u010dnosti, a ne za kr\u0161enje ovih prava.<\/p>\n<p>Iako su Op\u0161tom uredbom predvi\u0111ene <strong>visoke kazne koje mogu biti i do 20 miliona evra<\/strong>, su\u0161tina novog propisa nije na represiji, ve\u0107 na preventivi, sa krajnjim ciljem da se spre\u010di da do povrede prava pojedinaca do\u0111e.<\/p>\n<p>Na\u010din na koji postupamo sa podacima u velikoj meri \u0107e odrediti na\u0161u li\u010dnu bezbednost i utica\u0107e na razvoj digitalne ekonomije, jedan je od zaklju\u010daka skupa na kojem su u\u010destvovali, izme\u0111u ostalih, i predstavnici iz regiona &#8211; Bosne i Hercegovine, Makedonije, Moldavije, Slovenije, Hrvatske i Crne Gore.<\/p>\n<p>Dok su tokom dvodnevnog skupa razmatrane pojedina\u010dne obaveze u pogledu obrade podataka o li\u010dnosti, osnovni cilj ove konferencije je bilo podizanje svesti javnosti o zna\u010daju kako Op\u0161te uredbe na srpsko dru\u0161tvo, tako i o zna\u010daju prava na privatnost i za\u0161titu podataka uop\u0161te. Na\u017ealost, Srbija nema strate\u0161ki pristup problematici koja se odnosi na za\u0161titu podataka pojedinaca.<\/p>\n<p>Imaju\u0107i u vidu broj u\u010desnika skupa tokom \u010ditavog trajanja, kao i podatak o pra\u0107enju prenosa&nbsp; na internetu, govori u prilog da je interesovanje za ovu oblast veliko.<\/p>\n<p>Izvor: &#8220;Blink<sup>2<\/sup>&#8221;<\/p>\n<p>&nbsp;<\/p>\n","protected":false},"excerpt":{"rendered":"<p>Op\u0161ta uredba o za\u0161titi podataka (General Data Protection Regulation &#8211; GDPR) koja 25. maja po\u010dinje da se primenjuje u dr\u017eavama \u010dlanicama Evropske unije, pre svega daje pojedincu ve\u0107u kontrolu nad podacima koji se o njemu obra\u0111uju, re\u010deno je na dvodnevnoj Me\u0111unarodnoj konferenciji \u201cOp\u0161ta uredba o za\u0161titi podataka o li\u010dnosti\u201d koja je odr\u017eana 17. i 18. aprila u Beogradu. Konferenciju je otvorio poverenik za informacije od javnog zna\u010daja i za\u0161titu podataka o li\u010dnosti,&#8230; <\/p>\n<div class=\"more-container\"><a class=\"more-link\" href=\"https:\/\/www.pcvesti.com\/?p=41774\" itemprop=\"url\">Continue reading<\/a><\/div>\n","protected":false},"author":5,"featured_media":41775,"comment_status":"closed","ping_status":"closed","sticky":false,"template":"","format":"standard","meta":{"seo_booster_metabox":"","ngg_post_thumbnail":0,"slim_seo":{"title":"Primena Op\u0161te uredbe o za\u0161titi podataka\u00a0\u00a0od 25. maja obavezna i za firme u Srbiji - PCVesti","description":"Op\u0161ta uredba o za\u0161titi podataka ( General Data Protection Regulation - GDPR ) koja 25. maja po\u010dinje da se primenjuje u dr\u017eavama \u010dlanicama Evropske unije, pre sv"},"footnotes":""},"categories":[9,5],"tags":[],"class_list":["post-41774","post","type-post","status-publish","format-standard","has-post-thumbnail","hentry","category-dogadjaji","category-pc-vesti"],"yoast_head":"<!-- This site is optimized with the Yoast SEO plugin v27.5 - https:\/\/yoast.com\/product\/yoast-seo-wordpress\/ -->\n<title>Primena Op\u0161te uredbe o za\u0161titi podataka\u00a0\u00a0od 25. maja obavezna i za firme u Srbiji - PCVesti<\/title>\n<meta name=\"robots\" content=\"index, follow, max-snippet:-1, max-image-preview:large, max-video-preview:-1\" \/>\n<link rel=\"canonical\" href=\"https:\/\/www.pcvesti.com\/?p=41774\" \/>\n<meta property=\"og:locale\" content=\"en_US\" \/>\n<meta property=\"og:type\" content=\"article\" \/>\n<meta property=\"og:title\" content=\"Primena Op\u0161te uredbe o za\u0161titi podataka\u00a0\u00a0od 25. maja obavezna i za firme u Srbiji - PCVesti\" \/>\n<meta property=\"og:description\" content=\"Op\u0161ta uredba o za\u0161titi podataka (General Data Protection Regulation &#8211; GDPR) koja 25. maja po\u010dinje da se primenjuje u dr\u017eavama \u010dlanicama Evropske unije, pre svega daje pojedincu ve\u0107u kontrolu nad podacima koji se o njemu obra\u0111uju, re\u010deno je na dvodnevnoj Me\u0111unarodnoj konferenciji \u201cOp\u0161ta uredba o za\u0161titi podataka o li\u010dnosti\u201d koja je odr\u017eana 17. i 18. aprila u Beogradu. Konferenciju je otvorio poverenik za informacije od javnog zna\u010daja i za\u0161titu podataka o li\u010dnosti,... Continue reading\" \/>\n<meta property=\"og:url\" content=\"https:\/\/www.pcvesti.com\/?p=41774\" \/>\n<meta property=\"og:site_name\" content=\"PCVesti\" \/>\n<meta property=\"article:published_time\" content=\"2018-04-21T17:06:06+00:00\" \/>\n<meta property=\"og:image\" content=\"https:\/\/www.pcvesti.com\/wp-content\/uploads\/2018\/04\/04-Konferencija-o-GDPR-Panel-7-Uticaj-uredbe-van-EU-gledaliste.jpg\" \/>\n\t<meta property=\"og:image:width\" content=\"800\" \/>\n\t<meta property=\"og:image:height\" content=\"494\" \/>\n\t<meta property=\"og:image:type\" content=\"image\/jpeg\" \/>\n<meta name=\"author\" content=\"newsmaster\" \/>\n<meta name=\"twitter:card\" content=\"summary_large_image\" \/>\n<meta name=\"twitter:label1\" content=\"Written by\" \/>\n\t<meta name=\"twitter:data1\" content=\"newsmaster\" \/>\n\t<meta name=\"twitter:label2\" content=\"Est. reading time\" \/>\n\t<meta name=\"twitter:data2\" content=\"4 minutes\" \/>\n<script type=\"application\/ld+json\" class=\"yoast-schema-graph\">{\"@context\":\"https:\\\/\\\/schema.org\",\"@graph\":[{\"@type\":\"Article\",\"@id\":\"https:\\\/\\\/www.pcvesti.com\\\/?p=41774#article\",\"isPartOf\":{\"@id\":\"https:\\\/\\\/www.pcvesti.com\\\/?p=41774\"},\"author\":{\"name\":\"newsmaster\",\"@id\":\"https:\\\/\\\/www.pcvesti.com\\\/#\\\/schema\\\/person\\\/d1e384f7c138a1fcda7af7425e55a6b2\"},\"headline\":\"Primena Op\u0161te uredbe o za\u0161titi podataka\u00a0\u00a0od 25. maja obavezna i za firme u Srbiji\",\"datePublished\":\"2018-04-21T17:06:06+00:00\",\"mainEntityOfPage\":{\"@id\":\"https:\\\/\\\/www.pcvesti.com\\\/?p=41774\"},\"wordCount\":721,\"image\":{\"@id\":\"https:\\\/\\\/www.pcvesti.com\\\/?p=41774#primaryimage\"},\"thumbnailUrl\":\"https:\\\/\\\/www.pcvesti.com\\\/wp-content\\\/uploads\\\/2018\\\/04\\\/04-Konferencija-o-GDPR-Panel-7-Uticaj-uredbe-van-EU-gledaliste.jpg\",\"articleSection\":[\"Dogadjaji\",\"PC Vesti\"],\"inLanguage\":\"en-US\"},{\"@type\":\"WebPage\",\"@id\":\"https:\\\/\\\/www.pcvesti.com\\\/?p=41774\",\"url\":\"https:\\\/\\\/www.pcvesti.com\\\/?p=41774\",\"name\":\"Primena Op\u0161te uredbe o za\u0161titi podataka\u00a0\u00a0od 25. maja obavezna i za firme u Srbiji - PCVesti\",\"isPartOf\":{\"@id\":\"https:\\\/\\\/www.pcvesti.com\\\/#website\"},\"primaryImageOfPage\":{\"@id\":\"https:\\\/\\\/www.pcvesti.com\\\/?p=41774#primaryimage\"},\"image\":{\"@id\":\"https:\\\/\\\/www.pcvesti.com\\\/?p=41774#primaryimage\"},\"thumbnailUrl\":\"https:\\\/\\\/www.pcvesti.com\\\/wp-content\\\/uploads\\\/2018\\\/04\\\/04-Konferencija-o-GDPR-Panel-7-Uticaj-uredbe-van-EU-gledaliste.jpg\",\"datePublished\":\"2018-04-21T17:06:06+00:00\",\"author\":{\"@id\":\"https:\\\/\\\/www.pcvesti.com\\\/#\\\/schema\\\/person\\\/d1e384f7c138a1fcda7af7425e55a6b2\"},\"breadcrumb\":{\"@id\":\"https:\\\/\\\/www.pcvesti.com\\\/?p=41774#breadcrumb\"},\"inLanguage\":\"en-US\",\"potentialAction\":[{\"@type\":\"ReadAction\",\"target\":[\"https:\\\/\\\/www.pcvesti.com\\\/?p=41774\"]}]},{\"@type\":\"ImageObject\",\"inLanguage\":\"en-US\",\"@id\":\"https:\\\/\\\/www.pcvesti.com\\\/?p=41774#primaryimage\",\"url\":\"https:\\\/\\\/www.pcvesti.com\\\/wp-content\\\/uploads\\\/2018\\\/04\\\/04-Konferencija-o-GDPR-Panel-7-Uticaj-uredbe-van-EU-gledaliste.jpg\",\"contentUrl\":\"https:\\\/\\\/www.pcvesti.com\\\/wp-content\\\/uploads\\\/2018\\\/04\\\/04-Konferencija-o-GDPR-Panel-7-Uticaj-uredbe-van-EU-gledaliste.jpg\",\"width\":800,\"height\":494,\"caption\":\"Primena Op\u0161te uredbe o za\u0161titi podataka od 25. maja obavezna i za firme u Srbiji\"},{\"@type\":\"BreadcrumbList\",\"@id\":\"https:\\\/\\\/www.pcvesti.com\\\/?p=41774#breadcrumb\",\"itemListElement\":[{\"@type\":\"ListItem\",\"position\":1,\"name\":\"Home\",\"item\":\"https:\\\/\\\/www.pcvesti.com\\\/\"},{\"@type\":\"ListItem\",\"position\":2,\"name\":\"Primena Op\u0161te uredbe o za\u0161titi podataka\u00a0\u00a0od 25. maja obavezna i za firme u Srbiji\"}]},{\"@type\":\"WebSite\",\"@id\":\"https:\\\/\\\/www.pcvesti.com\\\/#website\",\"url\":\"https:\\\/\\\/www.pcvesti.com\\\/\",\"name\":\"PCVesti\",\"description\":\"www.pcvesti.com\",\"potentialAction\":[{\"@type\":\"SearchAction\",\"target\":{\"@type\":\"EntryPoint\",\"urlTemplate\":\"https:\\\/\\\/www.pcvesti.com\\\/?s={search_term_string}\"},\"query-input\":{\"@type\":\"PropertyValueSpecification\",\"valueRequired\":true,\"valueName\":\"search_term_string\"}}],\"inLanguage\":\"en-US\"},{\"@type\":\"Person\",\"@id\":\"https:\\\/\\\/www.pcvesti.com\\\/#\\\/schema\\\/person\\\/d1e384f7c138a1fcda7af7425e55a6b2\",\"name\":\"newsmaster\",\"image\":{\"@type\":\"ImageObject\",\"inLanguage\":\"en-US\",\"@id\":\"https:\\\/\\\/www.pcvesti.com\\\/wp-content\\\/uploads\\\/2018\\\/09\\\/avatar_user_5_1537115954-96x96.jpeg\",\"url\":\"https:\\\/\\\/www.pcvesti.com\\\/wp-content\\\/uploads\\\/2018\\\/09\\\/avatar_user_5_1537115954-96x96.jpeg\",\"contentUrl\":\"https:\\\/\\\/www.pcvesti.com\\\/wp-content\\\/uploads\\\/2018\\\/09\\\/avatar_user_5_1537115954-96x96.jpeg\",\"caption\":\"newsmaster\"},\"url\":\"https:\\\/\\\/www.pcvesti.com\\\/?author=5\"}]}<\/script>\n<!-- \/ Yoast SEO plugin. -->","yoast_head_json":{"title":"Primena Op\u0161te uredbe o za\u0161titi podataka\u00a0\u00a0od 25. maja obavezna i za firme u Srbiji - PCVesti","robots":{"index":"index","follow":"follow","max-snippet":"max-snippet:-1","max-image-preview":"max-image-preview:large","max-video-preview":"max-video-preview:-1"},"canonical":"https:\/\/www.pcvesti.com\/?p=41774","og_locale":"en_US","og_type":"article","og_title":"Primena Op\u0161te uredbe o za\u0161titi podataka\u00a0\u00a0od 25. maja obavezna i za firme u Srbiji - PCVesti","og_description":"Op\u0161ta uredba o za\u0161titi podataka (General Data Protection Regulation &#8211; GDPR) koja 25. maja po\u010dinje da se primenjuje u dr\u017eavama \u010dlanicama Evropske unije, pre svega daje pojedincu ve\u0107u kontrolu nad podacima koji se o njemu obra\u0111uju, re\u010deno je na dvodnevnoj Me\u0111unarodnoj konferenciji \u201cOp\u0161ta uredba o za\u0161titi podataka o li\u010dnosti\u201d koja je odr\u017eana 17. i 18. aprila u Beogradu. Konferenciju je otvorio poverenik za informacije od javnog zna\u010daja i za\u0161titu podataka o li\u010dnosti,... Continue reading","og_url":"https:\/\/www.pcvesti.com\/?p=41774","og_site_name":"PCVesti","article_published_time":"2018-04-21T17:06:06+00:00","og_image":[{"width":800,"height":494,"url":"https:\/\/www.pcvesti.com\/wp-content\/uploads\/2018\/04\/04-Konferencija-o-GDPR-Panel-7-Uticaj-uredbe-van-EU-gledaliste.jpg","type":"image\/jpeg"}],"author":"newsmaster","twitter_card":"summary_large_image","twitter_misc":{"Written by":"newsmaster","Est. reading time":"4 minutes"},"schema":{"@context":"https:\/\/schema.org","@graph":[{"@type":"Article","@id":"https:\/\/www.pcvesti.com\/?p=41774#article","isPartOf":{"@id":"https:\/\/www.pcvesti.com\/?p=41774"},"author":{"name":"newsmaster","@id":"https:\/\/www.pcvesti.com\/#\/schema\/person\/d1e384f7c138a1fcda7af7425e55a6b2"},"headline":"Primena Op\u0161te uredbe o za\u0161titi podataka\u00a0\u00a0od 25. maja obavezna i za firme u Srbiji","datePublished":"2018-04-21T17:06:06+00:00","mainEntityOfPage":{"@id":"https:\/\/www.pcvesti.com\/?p=41774"},"wordCount":721,"image":{"@id":"https:\/\/www.pcvesti.com\/?p=41774#primaryimage"},"thumbnailUrl":"https:\/\/www.pcvesti.com\/wp-content\/uploads\/2018\/04\/04-Konferencija-o-GDPR-Panel-7-Uticaj-uredbe-van-EU-gledaliste.jpg","articleSection":["Dogadjaji","PC Vesti"],"inLanguage":"en-US"},{"@type":"WebPage","@id":"https:\/\/www.pcvesti.com\/?p=41774","url":"https:\/\/www.pcvesti.com\/?p=41774","name":"Primena Op\u0161te uredbe o za\u0161titi podataka\u00a0\u00a0od 25. maja obavezna i za firme u Srbiji - PCVesti","isPartOf":{"@id":"https:\/\/www.pcvesti.com\/#website"},"primaryImageOfPage":{"@id":"https:\/\/www.pcvesti.com\/?p=41774#primaryimage"},"image":{"@id":"https:\/\/www.pcvesti.com\/?p=41774#primaryimage"},"thumbnailUrl":"https:\/\/www.pcvesti.com\/wp-content\/uploads\/2018\/04\/04-Konferencija-o-GDPR-Panel-7-Uticaj-uredbe-van-EU-gledaliste.jpg","datePublished":"2018-04-21T17:06:06+00:00","author":{"@id":"https:\/\/www.pcvesti.com\/#\/schema\/person\/d1e384f7c138a1fcda7af7425e55a6b2"},"breadcrumb":{"@id":"https:\/\/www.pcvesti.com\/?p=41774#breadcrumb"},"inLanguage":"en-US","potentialAction":[{"@type":"ReadAction","target":["https:\/\/www.pcvesti.com\/?p=41774"]}]},{"@type":"ImageObject","inLanguage":"en-US","@id":"https:\/\/www.pcvesti.com\/?p=41774#primaryimage","url":"https:\/\/www.pcvesti.com\/wp-content\/uploads\/2018\/04\/04-Konferencija-o-GDPR-Panel-7-Uticaj-uredbe-van-EU-gledaliste.jpg","contentUrl":"https:\/\/www.pcvesti.com\/wp-content\/uploads\/2018\/04\/04-Konferencija-o-GDPR-Panel-7-Uticaj-uredbe-van-EU-gledaliste.jpg","width":800,"height":494,"caption":"Primena Op\u0161te uredbe o za\u0161titi podataka od 25. maja obavezna i za firme u Srbiji"},{"@type":"BreadcrumbList","@id":"https:\/\/www.pcvesti.com\/?p=41774#breadcrumb","itemListElement":[{"@type":"ListItem","position":1,"name":"Home","item":"https:\/\/www.pcvesti.com\/"},{"@type":"ListItem","position":2,"name":"Primena Op\u0161te uredbe o za\u0161titi podataka\u00a0\u00a0od 25. maja obavezna i za firme u Srbiji"}]},{"@type":"WebSite","@id":"https:\/\/www.pcvesti.com\/#website","url":"https:\/\/www.pcvesti.com\/","name":"PCVesti","description":"www.pcvesti.com","potentialAction":[{"@type":"SearchAction","target":{"@type":"EntryPoint","urlTemplate":"https:\/\/www.pcvesti.com\/?s={search_term_string}"},"query-input":{"@type":"PropertyValueSpecification","valueRequired":true,"valueName":"search_term_string"}}],"inLanguage":"en-US"},{"@type":"Person","@id":"https:\/\/www.pcvesti.com\/#\/schema\/person\/d1e384f7c138a1fcda7af7425e55a6b2","name":"newsmaster","image":{"@type":"ImageObject","inLanguage":"en-US","@id":"https:\/\/www.pcvesti.com\/wp-content\/uploads\/2018\/09\/avatar_user_5_1537115954-96x96.jpeg","url":"https:\/\/www.pcvesti.com\/wp-content\/uploads\/2018\/09\/avatar_user_5_1537115954-96x96.jpeg","contentUrl":"https:\/\/www.pcvesti.com\/wp-content\/uploads\/2018\/09\/avatar_user_5_1537115954-96x96.jpeg","caption":"newsmaster"},"url":"https:\/\/www.pcvesti.com\/?author=5"}]}},"_links":{"self":[{"href":"https:\/\/www.pcvesti.com\/index.php?rest_route=\/wp\/v2\/posts\/41774","targetHints":{"allow":["GET"]}}],"collection":[{"href":"https:\/\/www.pcvesti.com\/index.php?rest_route=\/wp\/v2\/posts"}],"about":[{"href":"https:\/\/www.pcvesti.com\/index.php?rest_route=\/wp\/v2\/types\/post"}],"author":[{"embeddable":true,"href":"https:\/\/www.pcvesti.com\/index.php?rest_route=\/wp\/v2\/users\/5"}],"replies":[{"embeddable":true,"href":"https:\/\/www.pcvesti.com\/index.php?rest_route=%2Fwp%2Fv2%2Fcomments&post=41774"}],"version-history":[{"count":0,"href":"https:\/\/www.pcvesti.com\/index.php?rest_route=\/wp\/v2\/posts\/41774\/revisions"}],"wp:featuredmedia":[{"embeddable":true,"href":"https:\/\/www.pcvesti.com\/index.php?rest_route=\/wp\/v2\/media\/41775"}],"wp:attachment":[{"href":"https:\/\/www.pcvesti.com\/index.php?rest_route=%2Fwp%2Fv2%2Fmedia&parent=41774"}],"wp:term":[{"taxonomy":"category","embeddable":true,"href":"https:\/\/www.pcvesti.com\/index.php?rest_route=%2Fwp%2Fv2%2Fcategories&post=41774"},{"taxonomy":"post_tag","embeddable":true,"href":"https:\/\/www.pcvesti.com\/index.php?rest_route=%2Fwp%2Fv2%2Ftags&post=41774"}],"curies":[{"name":"wp","href":"https:\/\/api.w.org\/{rel}","templated":true}]}}