{"id":44431,"date":"2018-11-10T13:51:24","date_gmt":"2018-11-10T12:51:24","guid":{"rendered":"http:\/\/www.pcvesti.com\/?p=44431"},"modified":"2018-11-10T13:56:49","modified_gmt":"2018-11-10T12:56:49","slug":"bizit-digitalna-transformacija-javne-uprave-crne-gore","status":"publish","type":"post","link":"https:\/\/www.pcvesti.com\/?p=44431","title":{"rendered":"BizIT &#8211; Digitalna transformacija javne uprave Crne Gore"},"content":{"rendered":"<p style=\"text-align: justify;\">Otvoren je drugi dan pete po redu regionalne biznis i IT konferencije BIZIT \u201eIndustrija 4.0\u201c, pozdravnim govorom <strong>Dejana Abazovi\u0107a<\/strong>, dr\u017eavnog sekretara za strate\u0161ke poslove digitalne transformacije dr\u017eavne uprave iz Ministarstva javne uprave Crne Gore. Abazovi\u0107 je izlo\u017eio dosada\u0161nja iskustva u procesima digitalne transformacije, te podelio najve\u0107e izazove sa kojima se Crna Gora suo\u010dava na putu digitalne transformacije u sklopu svojih evroatlantskih integracija.<\/p>\n<p style=\"text-align: justify;\">U uvodnom izlaganju, <strong>Branka An\u0111elkovi\u0107<\/strong>, direktor Centra za istra\u017eivanje javnih politika, je izlo\u017eila projekciju izazova sa kojima se Srbija susrela i s kojima \u0107e se tek susresti, te izrazila optimizam u pogledu njihovog prevazila\u017eenja. \u201eZnanje je nova nafta i ono sada postaje kapital. Znanje postaje glavna tema kojom se ne bavi samo Srbija ve\u0107 i cela Evropa, Amerika i ceo svet\u201c, zaklju\u010dila je Branka An\u0111elkovi\u0107, i dodala \u201eNe znam kakvi \u0107e poslovi biti aktuelni 2050. godine, ali znam da \u0107e biti potrebne, pored znanja iz oblasti matematike, recimo, kreativne ve\u0161tine\u201c.<\/p>\nngg_shortcode_0_placeholder\n<p>Izvor: PCPress<\/p>\n","protected":false},"excerpt":{"rendered":"<p>Otvoren je drugi dan pete po redu regionalne biznis i IT konferencije BIZIT \u201eIndustrija 4.0\u201c, pozdravnim govorom Dejana Abazovi\u0107a, dr\u017eavnog sekretara za strate\u0161ke poslove digitalne transformacije dr\u017eavne uprave iz Ministarstva javne uprave Crne Gore. Abazovi\u0107 je izlo\u017eio dosada\u0161nja iskustva u procesima digitalne transformacije, te podelio najve\u0107e izazove sa kojima se Crna Gora suo\u010dava na putu digitalne transformacije u sklopu svojih evroatlantskih integracija. U uvodnom izlaganju, Branka An\u0111elkovi\u0107, direktor Centra za istra\u017eivanje javnih&#8230; <\/p>\n<div class=\"more-container\"><a class=\"more-link\" href=\"https:\/\/www.pcvesti.com\/?p=44431\" itemprop=\"url\">Continue reading<\/a><\/div>\n","protected":false},"author":5,"featured_media":39701,"comment_status":"closed","ping_status":"closed","sticky":false,"template":"","format":"standard","meta":{"seo_booster_metabox":"","ngg_post_thumbnail":0,"slim_seo":{"title":"BizIT - Digitalna transformacija javne uprave Crne Gore - PCVesti","description":"Otvoren je drugi dan pete po redu regionalne biznis i IT konferencije BIZIT \u201eIndustrija 4.0\u201c, pozdravnim govorom Dejana Abazovi\u0107a , dr\u017eavnog sekretara za strate"},"footnotes":""},"categories":[9],"tags":[2373,2374],"class_list":["post-44431","post","type-post","status-publish","format-standard","has-post-thumbnail","hentry","category-dogadjaji","tag-bizit","tag-bizit-2018"],"yoast_head":"<!-- This site is optimized with the Yoast SEO plugin v27.5 - https:\/\/yoast.com\/product\/yoast-seo-wordpress\/ -->\n<title>BizIT - Digitalna transformacija javne uprave Crne Gore - PCVesti<\/title>\n<meta name=\"description\" content=\"Otvoren je drugi dan pete po redu regionalne biznis i IT konferencije BIZIT \u201eIndustrija 4.0\u201c, pozdravnim govorom Dejana Abazovi\u0107a, dr\u017eavnog sekretara za strate\u0161ke poslove digitalne transformacije dr\u017eavne uprave iz Ministarstva javne uprave Crne Gore.\" \/>\n<meta name=\"robots\" content=\"index, follow, max-snippet:-1, max-image-preview:large, max-video-preview:-1\" \/>\n<link rel=\"canonical\" href=\"https:\/\/www.pcvesti.com\/?p=44431\" \/>\n<meta property=\"og:locale\" content=\"en_US\" \/>\n<meta property=\"og:type\" content=\"article\" \/>\n<meta property=\"og:title\" content=\"BizIT - Digitalna transformacija javne uprave Crne Gore - PCVesti\" \/>\n<meta property=\"og:description\" content=\"Otvoren je drugi dan pete po redu regionalne biznis i IT konferencije BIZIT \u201eIndustrija 4.0\u201c, pozdravnim govorom Dejana Abazovi\u0107a, dr\u017eavnog sekretara za strate\u0161ke poslove digitalne transformacije dr\u017eavne uprave iz Ministarstva javne uprave Crne Gore.\" \/>\n<meta property=\"og:url\" content=\"https:\/\/www.pcvesti.com\/?p=44431\" \/>\n<meta property=\"og:site_name\" content=\"PCVesti\" \/>\n<meta property=\"article:published_time\" content=\"2018-11-10T12:51:24+00:00\" \/>\n<meta property=\"article:modified_time\" content=\"2018-11-10T12:56:49+00:00\" \/>\n<meta property=\"og:image\" content=\"https:\/\/www.pcvesti.com\/wp-content\/uploads\/2017\/11\/bizit.jpg\" \/>\n\t<meta property=\"og:image:width\" content=\"81\" \/>\n\t<meta property=\"og:image:height\" content=\"61\" \/>\n\t<meta property=\"og:image:type\" content=\"image\/jpeg\" \/>\n<meta name=\"author\" content=\"newsmaster\" \/>\n<meta name=\"twitter:card\" content=\"summary_large_image\" \/>\n<meta name=\"twitter:label1\" content=\"Written by\" \/>\n\t<meta name=\"twitter:data1\" content=\"newsmaster\" \/>\n\t<meta name=\"twitter:label2\" content=\"Est. reading time\" \/>\n\t<meta name=\"twitter:data2\" content=\"1 minute\" \/>\n<script type=\"application\/ld+json\" class=\"yoast-schema-graph\">{\"@context\":\"https:\\\/\\\/schema.org\",\"@graph\":[{\"@type\":\"Article\",\"@id\":\"https:\\\/\\\/www.pcvesti.com\\\/?p=44431#article\",\"isPartOf\":{\"@id\":\"https:\\\/\\\/www.pcvesti.com\\\/?p=44431\"},\"author\":{\"name\":\"newsmaster\",\"@id\":\"https:\\\/\\\/www.pcvesti.com\\\/#\\\/schema\\\/person\\\/d1e384f7c138a1fcda7af7425e55a6b2\"},\"headline\":\"BizIT &#8211; Digitalna transformacija javne uprave Crne Gore\",\"datePublished\":\"2018-11-10T12:51:24+00:00\",\"dateModified\":\"2018-11-10T12:56:49+00:00\",\"mainEntityOfPage\":{\"@id\":\"https:\\\/\\\/www.pcvesti.com\\\/?p=44431\"},\"wordCount\":182,\"image\":{\"@id\":\"https:\\\/\\\/www.pcvesti.com\\\/?p=44431#primaryimage\"},\"thumbnailUrl\":\"https:\\\/\\\/www.pcvesti.com\\\/wp-content\\\/uploads\\\/2017\\\/11\\\/bizit.jpg\",\"keywords\":[\"BIZIT\",\"BIZIT 2018\"],\"articleSection\":[\"Dogadjaji\"],\"inLanguage\":\"en-US\"},{\"@type\":\"WebPage\",\"@id\":\"https:\\\/\\\/www.pcvesti.com\\\/?p=44431\",\"url\":\"https:\\\/\\\/www.pcvesti.com\\\/?p=44431\",\"name\":\"BizIT - Digitalna transformacija javne uprave Crne Gore - PCVesti\",\"isPartOf\":{\"@id\":\"https:\\\/\\\/www.pcvesti.com\\\/#website\"},\"primaryImageOfPage\":{\"@id\":\"https:\\\/\\\/www.pcvesti.com\\\/?p=44431#primaryimage\"},\"image\":{\"@id\":\"https:\\\/\\\/www.pcvesti.com\\\/?p=44431#primaryimage\"},\"thumbnailUrl\":\"https:\\\/\\\/www.pcvesti.com\\\/wp-content\\\/uploads\\\/2017\\\/11\\\/bizit.jpg\",\"datePublished\":\"2018-11-10T12:51:24+00:00\",\"dateModified\":\"2018-11-10T12:56:49+00:00\",\"author\":{\"@id\":\"https:\\\/\\\/www.pcvesti.com\\\/#\\\/schema\\\/person\\\/d1e384f7c138a1fcda7af7425e55a6b2\"},\"description\":\"Otvoren je drugi dan pete po redu regionalne biznis i IT konferencije BIZIT \u201eIndustrija 4.0\u201c, pozdravnim govorom Dejana Abazovi\u0107a, dr\u017eavnog sekretara za strate\u0161ke poslove digitalne transformacije dr\u017eavne uprave iz Ministarstva javne uprave Crne Gore.\",\"breadcrumb\":{\"@id\":\"https:\\\/\\\/www.pcvesti.com\\\/?p=44431#breadcrumb\"},\"inLanguage\":\"en-US\",\"potentialAction\":[{\"@type\":\"ReadAction\",\"target\":[\"https:\\\/\\\/www.pcvesti.com\\\/?p=44431\"]}]},{\"@type\":\"ImageObject\",\"inLanguage\":\"en-US\",\"@id\":\"https:\\\/\\\/www.pcvesti.com\\\/?p=44431#primaryimage\",\"url\":\"https:\\\/\\\/www.pcvesti.com\\\/wp-content\\\/uploads\\\/2017\\\/11\\\/bizit.jpg\",\"contentUrl\":\"https:\\\/\\\/www.pcvesti.com\\\/wp-content\\\/uploads\\\/2017\\\/11\\\/bizit.jpg\",\"width\":81,\"height\":61},{\"@type\":\"BreadcrumbList\",\"@id\":\"https:\\\/\\\/www.pcvesti.com\\\/?p=44431#breadcrumb\",\"itemListElement\":[{\"@type\":\"ListItem\",\"position\":1,\"name\":\"Home\",\"item\":\"https:\\\/\\\/www.pcvesti.com\\\/\"},{\"@type\":\"ListItem\",\"position\":2,\"name\":\"BizIT &#8211; Digitalna transformacija javne uprave Crne Gore\"}]},{\"@type\":\"WebSite\",\"@id\":\"https:\\\/\\\/www.pcvesti.com\\\/#website\",\"url\":\"https:\\\/\\\/www.pcvesti.com\\\/\",\"name\":\"PCVesti\",\"description\":\"www.pcvesti.com\",\"potentialAction\":[{\"@type\":\"SearchAction\",\"target\":{\"@type\":\"EntryPoint\",\"urlTemplate\":\"https:\\\/\\\/www.pcvesti.com\\\/?s={search_term_string}\"},\"query-input\":{\"@type\":\"PropertyValueSpecification\",\"valueRequired\":true,\"valueName\":\"search_term_string\"}}],\"inLanguage\":\"en-US\"},{\"@type\":\"Person\",\"@id\":\"https:\\\/\\\/www.pcvesti.com\\\/#\\\/schema\\\/person\\\/d1e384f7c138a1fcda7af7425e55a6b2\",\"name\":\"newsmaster\",\"image\":{\"@type\":\"ImageObject\",\"inLanguage\":\"en-US\",\"@id\":\"https:\\\/\\\/www.pcvesti.com\\\/wp-content\\\/uploads\\\/2018\\\/09\\\/avatar_user_5_1537115954-96x96.jpeg\",\"url\":\"https:\\\/\\\/www.pcvesti.com\\\/wp-content\\\/uploads\\\/2018\\\/09\\\/avatar_user_5_1537115954-96x96.jpeg\",\"contentUrl\":\"https:\\\/\\\/www.pcvesti.com\\\/wp-content\\\/uploads\\\/2018\\\/09\\\/avatar_user_5_1537115954-96x96.jpeg\",\"caption\":\"newsmaster\"},\"url\":\"https:\\\/\\\/www.pcvesti.com\\\/?author=5\"}]}<\/script>\n<!-- \/ Yoast SEO plugin. -->","yoast_head_json":{"title":"BizIT - Digitalna transformacija javne uprave Crne Gore - PCVesti","description":"Otvoren je drugi dan pete po redu regionalne biznis i IT konferencije BIZIT \u201eIndustrija 4.0\u201c, pozdravnim govorom Dejana Abazovi\u0107a, dr\u017eavnog sekretara za strate\u0161ke poslove digitalne transformacije dr\u017eavne uprave iz Ministarstva javne uprave Crne Gore.","robots":{"index":"index","follow":"follow","max-snippet":"max-snippet:-1","max-image-preview":"max-image-preview:large","max-video-preview":"max-video-preview:-1"},"canonical":"https:\/\/www.pcvesti.com\/?p=44431","og_locale":"en_US","og_type":"article","og_title":"BizIT - Digitalna transformacija javne uprave Crne Gore - PCVesti","og_description":"Otvoren je drugi dan pete po redu regionalne biznis i IT konferencije BIZIT \u201eIndustrija 4.0\u201c, pozdravnim govorom Dejana Abazovi\u0107a, dr\u017eavnog sekretara za strate\u0161ke poslove digitalne transformacije dr\u017eavne uprave iz Ministarstva javne uprave Crne Gore.","og_url":"https:\/\/www.pcvesti.com\/?p=44431","og_site_name":"PCVesti","article_published_time":"2018-11-10T12:51:24+00:00","article_modified_time":"2018-11-10T12:56:49+00:00","og_image":[{"width":81,"height":61,"url":"https:\/\/www.pcvesti.com\/wp-content\/uploads\/2017\/11\/bizit.jpg","type":"image\/jpeg"}],"author":"newsmaster","twitter_card":"summary_large_image","twitter_misc":{"Written by":"newsmaster","Est. reading time":"1 minute"},"schema":{"@context":"https:\/\/schema.org","@graph":[{"@type":"Article","@id":"https:\/\/www.pcvesti.com\/?p=44431#article","isPartOf":{"@id":"https:\/\/www.pcvesti.com\/?p=44431"},"author":{"name":"newsmaster","@id":"https:\/\/www.pcvesti.com\/#\/schema\/person\/d1e384f7c138a1fcda7af7425e55a6b2"},"headline":"BizIT &#8211; Digitalna transformacija javne uprave Crne Gore","datePublished":"2018-11-10T12:51:24+00:00","dateModified":"2018-11-10T12:56:49+00:00","mainEntityOfPage":{"@id":"https:\/\/www.pcvesti.com\/?p=44431"},"wordCount":182,"image":{"@id":"https:\/\/www.pcvesti.com\/?p=44431#primaryimage"},"thumbnailUrl":"https:\/\/www.pcvesti.com\/wp-content\/uploads\/2017\/11\/bizit.jpg","keywords":["BIZIT","BIZIT 2018"],"articleSection":["Dogadjaji"],"inLanguage":"en-US"},{"@type":"WebPage","@id":"https:\/\/www.pcvesti.com\/?p=44431","url":"https:\/\/www.pcvesti.com\/?p=44431","name":"BizIT - Digitalna transformacija javne uprave Crne Gore - PCVesti","isPartOf":{"@id":"https:\/\/www.pcvesti.com\/#website"},"primaryImageOfPage":{"@id":"https:\/\/www.pcvesti.com\/?p=44431#primaryimage"},"image":{"@id":"https:\/\/www.pcvesti.com\/?p=44431#primaryimage"},"thumbnailUrl":"https:\/\/www.pcvesti.com\/wp-content\/uploads\/2017\/11\/bizit.jpg","datePublished":"2018-11-10T12:51:24+00:00","dateModified":"2018-11-10T12:56:49+00:00","author":{"@id":"https:\/\/www.pcvesti.com\/#\/schema\/person\/d1e384f7c138a1fcda7af7425e55a6b2"},"description":"Otvoren je drugi dan pete po redu regionalne biznis i IT konferencije BIZIT \u201eIndustrija 4.0\u201c, pozdravnim govorom Dejana Abazovi\u0107a, dr\u017eavnog sekretara za strate\u0161ke poslove digitalne transformacije dr\u017eavne uprave iz Ministarstva javne uprave Crne Gore.","breadcrumb":{"@id":"https:\/\/www.pcvesti.com\/?p=44431#breadcrumb"},"inLanguage":"en-US","potentialAction":[{"@type":"ReadAction","target":["https:\/\/www.pcvesti.com\/?p=44431"]}]},{"@type":"ImageObject","inLanguage":"en-US","@id":"https:\/\/www.pcvesti.com\/?p=44431#primaryimage","url":"https:\/\/www.pcvesti.com\/wp-content\/uploads\/2017\/11\/bizit.jpg","contentUrl":"https:\/\/www.pcvesti.com\/wp-content\/uploads\/2017\/11\/bizit.jpg","width":81,"height":61},{"@type":"BreadcrumbList","@id":"https:\/\/www.pcvesti.com\/?p=44431#breadcrumb","itemListElement":[{"@type":"ListItem","position":1,"name":"Home","item":"https:\/\/www.pcvesti.com\/"},{"@type":"ListItem","position":2,"name":"BizIT &#8211; Digitalna transformacija javne uprave Crne Gore"}]},{"@type":"WebSite","@id":"https:\/\/www.pcvesti.com\/#website","url":"https:\/\/www.pcvesti.com\/","name":"PCVesti","description":"www.pcvesti.com","potentialAction":[{"@type":"SearchAction","target":{"@type":"EntryPoint","urlTemplate":"https:\/\/www.pcvesti.com\/?s={search_term_string}"},"query-input":{"@type":"PropertyValueSpecification","valueRequired":true,"valueName":"search_term_string"}}],"inLanguage":"en-US"},{"@type":"Person","@id":"https:\/\/www.pcvesti.com\/#\/schema\/person\/d1e384f7c138a1fcda7af7425e55a6b2","name":"newsmaster","image":{"@type":"ImageObject","inLanguage":"en-US","@id":"https:\/\/www.pcvesti.com\/wp-content\/uploads\/2018\/09\/avatar_user_5_1537115954-96x96.jpeg","url":"https:\/\/www.pcvesti.com\/wp-content\/uploads\/2018\/09\/avatar_user_5_1537115954-96x96.jpeg","contentUrl":"https:\/\/www.pcvesti.com\/wp-content\/uploads\/2018\/09\/avatar_user_5_1537115954-96x96.jpeg","caption":"newsmaster"},"url":"https:\/\/www.pcvesti.com\/?author=5"}]}},"_links":{"self":[{"href":"https:\/\/www.pcvesti.com\/index.php?rest_route=\/wp\/v2\/posts\/44431","targetHints":{"allow":["GET"]}}],"collection":[{"href":"https:\/\/www.pcvesti.com\/index.php?rest_route=\/wp\/v2\/posts"}],"about":[{"href":"https:\/\/www.pcvesti.com\/index.php?rest_route=\/wp\/v2\/types\/post"}],"author":[{"embeddable":true,"href":"https:\/\/www.pcvesti.com\/index.php?rest_route=\/wp\/v2\/users\/5"}],"replies":[{"embeddable":true,"href":"https:\/\/www.pcvesti.com\/index.php?rest_route=%2Fwp%2Fv2%2Fcomments&post=44431"}],"version-history":[{"count":0,"href":"https:\/\/www.pcvesti.com\/index.php?rest_route=\/wp\/v2\/posts\/44431\/revisions"}],"wp:featuredmedia":[{"embeddable":true,"href":"https:\/\/www.pcvesti.com\/index.php?rest_route=\/wp\/v2\/media\/39701"}],"wp:attachment":[{"href":"https:\/\/www.pcvesti.com\/index.php?rest_route=%2Fwp%2Fv2%2Fmedia&parent=44431"}],"wp:term":[{"taxonomy":"category","embeddable":true,"href":"https:\/\/www.pcvesti.com\/index.php?rest_route=%2Fwp%2Fv2%2Fcategories&post=44431"},{"taxonomy":"post_tag","embeddable":true,"href":"https:\/\/www.pcvesti.com\/index.php?rest_route=%2Fwp%2Fv2%2Ftags&post=44431"}],"curies":[{"name":"wp","href":"https:\/\/api.w.org\/{rel}","templated":true}]}}