{"id":44496,"date":"2018-11-17T21:22:19","date_gmt":"2018-11-17T20:22:19","guid":{"rendered":"http:\/\/www.pcvesti.com\/?p=44496"},"modified":"2018-11-17T21:22:19","modified_gmt":"2018-11-17T20:22:19","slug":"istyle-otvorio-novu-prodavnicu-novi-sad","status":"publish","type":"post","link":"https:\/\/www.pcvesti.com\/?p=44496","title":{"rendered":"iStyle otvorio novu prodavnicu &#8211; Novi sad"},"content":{"rendered":"<p style=\"text-align: center;\">Apple napokon u Novom Sadu, zvezde napravile \u0161ou<\/p>\n<p style=\"text-align: justify;\">Beograd, Srbija \u2013 15.11.2018.godine \u2013 Sa dugoo\u010dekivanim otvaranjem \u0161oping centra Promenada, i u Novi Sad je napokon stigao jedan od najpo\u017eeljnijih svetskih brendova \u2013 Apple, \u010dije \u0107e proizvode svi ljubitelji mo\u0107i da isprobaju ili da se po prvi put susretnu sa njima u novoj iStyle Apple Premium Reseller prodavnici. Pored velikog broja najmodernijih ra\u010dunara, mobilnih telefona i ostalih presti\u017enih ged\u017eeta, na sve\u010danom otvaranju svi kupci imali su priliku da isprobaju brojne Apple-ove inovativne proizvode, uklju\u010duju\u0107i one koje je Apple objavio pre samo sedam dana, ostvare izvanredne popuste, ali i osvoje preko 400 poklona, me\u0111u kojima su najsre\u0107niji dobili MacBook Air, iPhone, iPad, Beats slu\u0161alice, te iskoriste brojne druge pogodnosti i do\u017eive pravo Apple iskustvo kupovine.<\/p>\n<p style=\"text-align: justify;\"><!--more-->Osim u Apple proizvodima, posetioci su imali priliku da u\u017eivaju u pravom spektaklu koji je svojim teatralnim dolaskom u iStyle prodavnicu priredio na\u0161 poznati reper i kompozitor, Slobodan Veljkovi\u0107, poznatiji kao Coby. Nakon \u0161to je privukao brojne obo\u017eavatelje, Coby je nastavio dru\u017eenje u prodavnici, uz autograme i slikanje sa fanovima koji su \u010dekali u redovima ispred iStyle-a.<\/p>\n<p style=\"text-align: justify;\">Ipak, otvaranje iStyle prodavnice je dostiglo vrhunac kada se pojavio neprevazi\u0111eni dvojac kultnog filma \u201eMi nismo an\u0111eli\u201c, Uro\u0161 \u0110uri\u0107 i Sr\u0111an \u017dika Todorovi\u0107, koji su svojim DJ setom odu\u0161evili prisutne. \u201eAn\u0111eo i \u0110avo\u201c su pored dru\u017eenja sa fanovima, dodeljivali i vredne nagrade koje je iStyle pripremio za svoje kupce, i potpisivali poklon iPhone maske, \u0161to je odu\u0161evilo brojne posetioce.<\/p>\n<p style=\"text-align: justify;\">Vi\u0161e informacija o iStyle Apple Premium Reseller-u mo\u017eete prona\u0107i na: www.istyle.rs<\/p>\nngg_shortcode_0_placeholder\n<p>&nbsp;<\/p>\n<p>&nbsp;<\/p>\n","protected":false},"excerpt":{"rendered":"<p>Apple napokon u Novom Sadu, zvezde napravile \u0161ou Beograd, Srbija \u2013 15.11.2018.godine \u2013 Sa dugoo\u010dekivanim otvaranjem \u0161oping centra Promenada, i u Novi Sad je napokon stigao jedan od najpo\u017eeljnijih svetskih brendova \u2013 Apple, \u010dije \u0107e proizvode svi ljubitelji mo\u0107i da isprobaju ili da se po prvi put susretnu sa njima u novoj iStyle Apple Premium Reseller prodavnici. Pored velikog broja najmodernijih ra\u010dunara, mobilnih telefona i ostalih presti\u017enih ged\u017eeta, na sve\u010danom otvaranju svi&#8230; <\/p>\n<div class=\"more-container\"><a class=\"more-link\" href=\"https:\/\/www.pcvesti.com\/?p=44496\" itemprop=\"url\">Continue reading<\/a><\/div>\n","protected":false},"author":5,"featured_media":44219,"comment_status":"closed","ping_status":"closed","sticky":false,"template":"","format":"standard","meta":{"seo_booster_metabox":"","ngg_post_thumbnail":0,"slim_seo":{"title":"iStyle otvorio novu prodavnicu - Novi sad - PCVesti","description":"Apple napokon u Novom Sadu, zvezde napravile \u0161ou Beograd, Srbija \u2013 15.11.2018.godine \u2013 Sa dugoo\u010dekivanim otvaranjem \u0161oping centra Promenada, i u Novi Sad je nap"},"footnotes":""},"categories":[9,5],"tags":[2364,2399,2400,2401],"class_list":["post-44496","post","type-post","status-publish","format-standard","has-post-thumbnail","hentry","category-dogadjaji","category-pc-vesti","tag-istyle","tag-istyle-novi-sad","tag-novi-sad","tag-prodavnica"],"yoast_head":"<!-- This site is optimized with the Yoast SEO plugin v27.5 - https:\/\/yoast.com\/product\/yoast-seo-wordpress\/ -->\n<title>iStyle otvorio novu prodavnicu - Novi sad - PCVesti<\/title>\n<meta name=\"description\" content=\"Beograd, Srbija \u2013 15.11.2018.godine \u2013 Sa dugoo\u010dekivanim otvaranjem \u0161oping centra Promenada, i u Novi Sad je napokon stigao jedan od najpo\u017eeljnijih svetskih brendova \u2013 Apple, \u010dije \u0107e proizvode svi ljubitelji mo\u0107i da isprobaju ili da se po prvi put susretnu sa njima u novoj iStyle Apple Premium Reseller prodavnici.\" \/>\n<meta name=\"robots\" content=\"index, follow, max-snippet:-1, max-image-preview:large, max-video-preview:-1\" \/>\n<link rel=\"canonical\" href=\"https:\/\/www.pcvesti.com\/?p=44496\" \/>\n<meta property=\"og:locale\" content=\"en_US\" \/>\n<meta property=\"og:type\" content=\"article\" \/>\n<meta property=\"og:title\" content=\"iStyle otvorio novu prodavnicu - Novi sad - PCVesti\" \/>\n<meta property=\"og:description\" content=\"Beograd, Srbija \u2013 15.11.2018.godine \u2013 Sa dugoo\u010dekivanim otvaranjem \u0161oping centra Promenada, i u Novi Sad je napokon stigao jedan od najpo\u017eeljnijih svetskih brendova \u2013 Apple, \u010dije \u0107e proizvode svi ljubitelji mo\u0107i da isprobaju ili da se po prvi put susretnu sa njima u novoj iStyle Apple Premium Reseller prodavnici.\" \/>\n<meta property=\"og:url\" content=\"https:\/\/www.pcvesti.com\/?p=44496\" \/>\n<meta property=\"og:site_name\" content=\"PCVesti\" \/>\n<meta property=\"article:published_time\" content=\"2018-11-17T20:22:19+00:00\" \/>\n<meta property=\"og:image\" content=\"https:\/\/www.pcvesti.com\/wp-content\/uploads\/2018\/10\/iStyle_logo.jpg\" \/>\n\t<meta property=\"og:image:width\" content=\"288\" \/>\n\t<meta property=\"og:image:height\" content=\"79\" \/>\n\t<meta property=\"og:image:type\" content=\"image\/jpeg\" \/>\n<meta name=\"author\" content=\"newsmaster\" \/>\n<meta name=\"twitter:card\" content=\"summary_large_image\" \/>\n<meta name=\"twitter:label1\" content=\"Written by\" \/>\n\t<meta name=\"twitter:data1\" content=\"newsmaster\" \/>\n\t<meta name=\"twitter:label2\" content=\"Est. reading time\" \/>\n\t<meta name=\"twitter:data2\" content=\"1 minute\" \/>\n<script type=\"application\/ld+json\" class=\"yoast-schema-graph\">{\"@context\":\"https:\\\/\\\/schema.org\",\"@graph\":[{\"@type\":\"Article\",\"@id\":\"https:\\\/\\\/www.pcvesti.com\\\/?p=44496#article\",\"isPartOf\":{\"@id\":\"https:\\\/\\\/www.pcvesti.com\\\/?p=44496\"},\"author\":{\"name\":\"newsmaster\",\"@id\":\"https:\\\/\\\/www.pcvesti.com\\\/#\\\/schema\\\/person\\\/d1e384f7c138a1fcda7af7425e55a6b2\"},\"headline\":\"iStyle otvorio novu prodavnicu &#8211; Novi sad\",\"datePublished\":\"2018-11-17T20:22:19+00:00\",\"mainEntityOfPage\":{\"@id\":\"https:\\\/\\\/www.pcvesti.com\\\/?p=44496\"},\"wordCount\":290,\"image\":{\"@id\":\"https:\\\/\\\/www.pcvesti.com\\\/?p=44496#primaryimage\"},\"thumbnailUrl\":\"https:\\\/\\\/www.pcvesti.com\\\/wp-content\\\/uploads\\\/2018\\\/10\\\/iStyle_logo.jpg\",\"keywords\":[\"istyle\",\"istyle novi sad\",\"novi sad\",\"prodavnica\"],\"articleSection\":[\"Dogadjaji\",\"PC Vesti\"],\"inLanguage\":\"en-US\"},{\"@type\":\"WebPage\",\"@id\":\"https:\\\/\\\/www.pcvesti.com\\\/?p=44496\",\"url\":\"https:\\\/\\\/www.pcvesti.com\\\/?p=44496\",\"name\":\"iStyle otvorio novu prodavnicu - Novi sad - PCVesti\",\"isPartOf\":{\"@id\":\"https:\\\/\\\/www.pcvesti.com\\\/#website\"},\"primaryImageOfPage\":{\"@id\":\"https:\\\/\\\/www.pcvesti.com\\\/?p=44496#primaryimage\"},\"image\":{\"@id\":\"https:\\\/\\\/www.pcvesti.com\\\/?p=44496#primaryimage\"},\"thumbnailUrl\":\"https:\\\/\\\/www.pcvesti.com\\\/wp-content\\\/uploads\\\/2018\\\/10\\\/iStyle_logo.jpg\",\"datePublished\":\"2018-11-17T20:22:19+00:00\",\"author\":{\"@id\":\"https:\\\/\\\/www.pcvesti.com\\\/#\\\/schema\\\/person\\\/d1e384f7c138a1fcda7af7425e55a6b2\"},\"description\":\"Beograd, Srbija \u2013 15.11.2018.godine \u2013 Sa dugoo\u010dekivanim otvaranjem \u0161oping centra Promenada, i u Novi Sad je napokon stigao jedan od najpo\u017eeljnijih svetskih brendova \u2013 Apple, \u010dije \u0107e proizvode svi ljubitelji mo\u0107i da isprobaju ili da se po prvi put susretnu sa njima u novoj iStyle Apple Premium Reseller prodavnici.\",\"breadcrumb\":{\"@id\":\"https:\\\/\\\/www.pcvesti.com\\\/?p=44496#breadcrumb\"},\"inLanguage\":\"en-US\",\"potentialAction\":[{\"@type\":\"ReadAction\",\"target\":[\"https:\\\/\\\/www.pcvesti.com\\\/?p=44496\"]}]},{\"@type\":\"ImageObject\",\"inLanguage\":\"en-US\",\"@id\":\"https:\\\/\\\/www.pcvesti.com\\\/?p=44496#primaryimage\",\"url\":\"https:\\\/\\\/www.pcvesti.com\\\/wp-content\\\/uploads\\\/2018\\\/10\\\/iStyle_logo.jpg\",\"contentUrl\":\"https:\\\/\\\/www.pcvesti.com\\\/wp-content\\\/uploads\\\/2018\\\/10\\\/iStyle_logo.jpg\",\"width\":288,\"height\":79,\"caption\":\"iStyle logo\"},{\"@type\":\"BreadcrumbList\",\"@id\":\"https:\\\/\\\/www.pcvesti.com\\\/?p=44496#breadcrumb\",\"itemListElement\":[{\"@type\":\"ListItem\",\"position\":1,\"name\":\"Home\",\"item\":\"https:\\\/\\\/www.pcvesti.com\\\/\"},{\"@type\":\"ListItem\",\"position\":2,\"name\":\"iStyle otvorio novu prodavnicu &#8211; Novi sad\"}]},{\"@type\":\"WebSite\",\"@id\":\"https:\\\/\\\/www.pcvesti.com\\\/#website\",\"url\":\"https:\\\/\\\/www.pcvesti.com\\\/\",\"name\":\"PCVesti\",\"description\":\"www.pcvesti.com\",\"potentialAction\":[{\"@type\":\"SearchAction\",\"target\":{\"@type\":\"EntryPoint\",\"urlTemplate\":\"https:\\\/\\\/www.pcvesti.com\\\/?s={search_term_string}\"},\"query-input\":{\"@type\":\"PropertyValueSpecification\",\"valueRequired\":true,\"valueName\":\"search_term_string\"}}],\"inLanguage\":\"en-US\"},{\"@type\":\"Person\",\"@id\":\"https:\\\/\\\/www.pcvesti.com\\\/#\\\/schema\\\/person\\\/d1e384f7c138a1fcda7af7425e55a6b2\",\"name\":\"newsmaster\",\"image\":{\"@type\":\"ImageObject\",\"inLanguage\":\"en-US\",\"@id\":\"https:\\\/\\\/www.pcvesti.com\\\/wp-content\\\/uploads\\\/2018\\\/09\\\/avatar_user_5_1537115954-96x96.jpeg\",\"url\":\"https:\\\/\\\/www.pcvesti.com\\\/wp-content\\\/uploads\\\/2018\\\/09\\\/avatar_user_5_1537115954-96x96.jpeg\",\"contentUrl\":\"https:\\\/\\\/www.pcvesti.com\\\/wp-content\\\/uploads\\\/2018\\\/09\\\/avatar_user_5_1537115954-96x96.jpeg\",\"caption\":\"newsmaster\"},\"url\":\"https:\\\/\\\/www.pcvesti.com\\\/?author=5\"}]}<\/script>\n<!-- \/ Yoast SEO plugin. -->","yoast_head_json":{"title":"iStyle otvorio novu prodavnicu - Novi sad - PCVesti","description":"Beograd, Srbija \u2013 15.11.2018.godine \u2013 Sa dugoo\u010dekivanim otvaranjem \u0161oping centra Promenada, i u Novi Sad je napokon stigao jedan od najpo\u017eeljnijih svetskih brendova \u2013 Apple, \u010dije \u0107e proizvode svi ljubitelji mo\u0107i da isprobaju ili da se po prvi put susretnu sa njima u novoj iStyle Apple Premium Reseller prodavnici.","robots":{"index":"index","follow":"follow","max-snippet":"max-snippet:-1","max-image-preview":"max-image-preview:large","max-video-preview":"max-video-preview:-1"},"canonical":"https:\/\/www.pcvesti.com\/?p=44496","og_locale":"en_US","og_type":"article","og_title":"iStyle otvorio novu prodavnicu - Novi sad - PCVesti","og_description":"Beograd, Srbija \u2013 15.11.2018.godine \u2013 Sa dugoo\u010dekivanim otvaranjem \u0161oping centra Promenada, i u Novi Sad je napokon stigao jedan od najpo\u017eeljnijih svetskih brendova \u2013 Apple, \u010dije \u0107e proizvode svi ljubitelji mo\u0107i da isprobaju ili da se po prvi put susretnu sa njima u novoj iStyle Apple Premium Reseller prodavnici.","og_url":"https:\/\/www.pcvesti.com\/?p=44496","og_site_name":"PCVesti","article_published_time":"2018-11-17T20:22:19+00:00","og_image":[{"width":288,"height":79,"url":"https:\/\/www.pcvesti.com\/wp-content\/uploads\/2018\/10\/iStyle_logo.jpg","type":"image\/jpeg"}],"author":"newsmaster","twitter_card":"summary_large_image","twitter_misc":{"Written by":"newsmaster","Est. reading time":"1 minute"},"schema":{"@context":"https:\/\/schema.org","@graph":[{"@type":"Article","@id":"https:\/\/www.pcvesti.com\/?p=44496#article","isPartOf":{"@id":"https:\/\/www.pcvesti.com\/?p=44496"},"author":{"name":"newsmaster","@id":"https:\/\/www.pcvesti.com\/#\/schema\/person\/d1e384f7c138a1fcda7af7425e55a6b2"},"headline":"iStyle otvorio novu prodavnicu &#8211; Novi sad","datePublished":"2018-11-17T20:22:19+00:00","mainEntityOfPage":{"@id":"https:\/\/www.pcvesti.com\/?p=44496"},"wordCount":290,"image":{"@id":"https:\/\/www.pcvesti.com\/?p=44496#primaryimage"},"thumbnailUrl":"https:\/\/www.pcvesti.com\/wp-content\/uploads\/2018\/10\/iStyle_logo.jpg","keywords":["istyle","istyle novi sad","novi sad","prodavnica"],"articleSection":["Dogadjaji","PC Vesti"],"inLanguage":"en-US"},{"@type":"WebPage","@id":"https:\/\/www.pcvesti.com\/?p=44496","url":"https:\/\/www.pcvesti.com\/?p=44496","name":"iStyle otvorio novu prodavnicu - Novi sad - PCVesti","isPartOf":{"@id":"https:\/\/www.pcvesti.com\/#website"},"primaryImageOfPage":{"@id":"https:\/\/www.pcvesti.com\/?p=44496#primaryimage"},"image":{"@id":"https:\/\/www.pcvesti.com\/?p=44496#primaryimage"},"thumbnailUrl":"https:\/\/www.pcvesti.com\/wp-content\/uploads\/2018\/10\/iStyle_logo.jpg","datePublished":"2018-11-17T20:22:19+00:00","author":{"@id":"https:\/\/www.pcvesti.com\/#\/schema\/person\/d1e384f7c138a1fcda7af7425e55a6b2"},"description":"Beograd, Srbija \u2013 15.11.2018.godine \u2013 Sa dugoo\u010dekivanim otvaranjem \u0161oping centra Promenada, i u Novi Sad je napokon stigao jedan od najpo\u017eeljnijih svetskih brendova \u2013 Apple, \u010dije \u0107e proizvode svi ljubitelji mo\u0107i da isprobaju ili da se po prvi put susretnu sa njima u novoj iStyle Apple Premium Reseller prodavnici.","breadcrumb":{"@id":"https:\/\/www.pcvesti.com\/?p=44496#breadcrumb"},"inLanguage":"en-US","potentialAction":[{"@type":"ReadAction","target":["https:\/\/www.pcvesti.com\/?p=44496"]}]},{"@type":"ImageObject","inLanguage":"en-US","@id":"https:\/\/www.pcvesti.com\/?p=44496#primaryimage","url":"https:\/\/www.pcvesti.com\/wp-content\/uploads\/2018\/10\/iStyle_logo.jpg","contentUrl":"https:\/\/www.pcvesti.com\/wp-content\/uploads\/2018\/10\/iStyle_logo.jpg","width":288,"height":79,"caption":"iStyle logo"},{"@type":"BreadcrumbList","@id":"https:\/\/www.pcvesti.com\/?p=44496#breadcrumb","itemListElement":[{"@type":"ListItem","position":1,"name":"Home","item":"https:\/\/www.pcvesti.com\/"},{"@type":"ListItem","position":2,"name":"iStyle otvorio novu prodavnicu &#8211; Novi sad"}]},{"@type":"WebSite","@id":"https:\/\/www.pcvesti.com\/#website","url":"https:\/\/www.pcvesti.com\/","name":"PCVesti","description":"www.pcvesti.com","potentialAction":[{"@type":"SearchAction","target":{"@type":"EntryPoint","urlTemplate":"https:\/\/www.pcvesti.com\/?s={search_term_string}"},"query-input":{"@type":"PropertyValueSpecification","valueRequired":true,"valueName":"search_term_string"}}],"inLanguage":"en-US"},{"@type":"Person","@id":"https:\/\/www.pcvesti.com\/#\/schema\/person\/d1e384f7c138a1fcda7af7425e55a6b2","name":"newsmaster","image":{"@type":"ImageObject","inLanguage":"en-US","@id":"https:\/\/www.pcvesti.com\/wp-content\/uploads\/2018\/09\/avatar_user_5_1537115954-96x96.jpeg","url":"https:\/\/www.pcvesti.com\/wp-content\/uploads\/2018\/09\/avatar_user_5_1537115954-96x96.jpeg","contentUrl":"https:\/\/www.pcvesti.com\/wp-content\/uploads\/2018\/09\/avatar_user_5_1537115954-96x96.jpeg","caption":"newsmaster"},"url":"https:\/\/www.pcvesti.com\/?author=5"}]}},"_links":{"self":[{"href":"https:\/\/www.pcvesti.com\/index.php?rest_route=\/wp\/v2\/posts\/44496","targetHints":{"allow":["GET"]}}],"collection":[{"href":"https:\/\/www.pcvesti.com\/index.php?rest_route=\/wp\/v2\/posts"}],"about":[{"href":"https:\/\/www.pcvesti.com\/index.php?rest_route=\/wp\/v2\/types\/post"}],"author":[{"embeddable":true,"href":"https:\/\/www.pcvesti.com\/index.php?rest_route=\/wp\/v2\/users\/5"}],"replies":[{"embeddable":true,"href":"https:\/\/www.pcvesti.com\/index.php?rest_route=%2Fwp%2Fv2%2Fcomments&post=44496"}],"version-history":[{"count":0,"href":"https:\/\/www.pcvesti.com\/index.php?rest_route=\/wp\/v2\/posts\/44496\/revisions"}],"wp:featuredmedia":[{"embeddable":true,"href":"https:\/\/www.pcvesti.com\/index.php?rest_route=\/wp\/v2\/media\/44219"}],"wp:attachment":[{"href":"https:\/\/www.pcvesti.com\/index.php?rest_route=%2Fwp%2Fv2%2Fmedia&parent=44496"}],"wp:term":[{"taxonomy":"category","embeddable":true,"href":"https:\/\/www.pcvesti.com\/index.php?rest_route=%2Fwp%2Fv2%2Fcategories&post=44496"},{"taxonomy":"post_tag","embeddable":true,"href":"https:\/\/www.pcvesti.com\/index.php?rest_route=%2Fwp%2Fv2%2Ftags&post=44496"}],"curies":[{"name":"wp","href":"https:\/\/api.w.org\/{rel}","templated":true}]}}