{"id":55420,"date":"2022-11-10T20:00:12","date_gmt":"2022-11-10T19:00:12","guid":{"rendered":"https:\/\/www.pcvesti.com\/?p=55420"},"modified":"2022-11-10T20:00:12","modified_gmt":"2022-11-10T19:00:12","slug":"prvi-dan-devete-regionalne-konferencije-bizit-restart-23","status":"publish","type":"post","link":"https:\/\/www.pcvesti.com\/?p=55420","title":{"rendered":"Prvi dan devete regionalne konferencije BIZIT \u201eRe:Start 23\u201c"},"content":{"rendered":"<p><strong>Beograd, 9. novembar<\/strong> \u2013 Zavr\u0161en je prvi dan devete regionalne konferencije <strong>BIZIT \u201eRe:Start 23\u201c, <\/strong>koja se odr\u017eava u<strong> Crowne Plaza hotelu. <\/strong><\/p>\n<p>Pozdravni govor je odr\u017eao <strong>Milan Dobrijevi\u0107<\/strong> ispred novoformiranog ministarstva informisanja i telekomunikacija, nagla\u0161avaju\u0107i prioritete ministarstva u narednom periodu.<\/p>\n<p style=\"text-align: justify;\">\u201eImamo manje, fokusiranije ministarstvo koje vi\u0161e nije pod velikim pokriva\u010dem zajedno sa trgovinom i turizmom. To zna\u010di da \u0107emo u narednom periodu jo\u0161 vi\u0161e akcenta baciti na digitalizaciju i da \u0107emo ostvariti jo\u0161 bolju sinergiju ministarstva i ostalih institucija. Sem centra za bioistra\u017eivanja, velika vest ove godine je i osnivanje centra za \u010detvrtu industrijsku revoluciju, \u0161to skupa sa digitalizacijom smatramo apsolutno najvi\u0161im prioritetom,\u201c istakao je Dobrijevi\u0107.<\/p>\n<p style=\"text-align: justify;\"><!--more-->\u201ePomenuo bih par najprioritetnijih aktivnosti za koje smo zadu\u017eeni: u narednoj godini o\u010dekujemo dono\u0161enje i stupanje na snagu novog Zakona o elektronskim komunikacijama, podzakonske akte kojima \u0107e se re\u0161iti i sprovesti 5G aukcija, uz dalje unapre\u0111ivanje informacione bezbednosti, te mogu najaviti dono\u0161enje izmena Zakona o informacionoj bezbednosti, zajedno sa formiranjem institucija koje \u0107e se baviti time. Izdvojio bih projekat \u201ePovezane \u0161kole\u201c, koji je osnova za digitalizaciju obrazovanja, i do\u0107i \u0107emo naredne godine do toga da svaki u\u010denik i nastavnik ima bezbedan pristup be\u017ei\u010dnom Internetu. Drugi va\u017ean projekat koji \u0107e uticati na sve u ruralnim predelima jeste \u0161irokopojasni internet namenjen upravo slabije razvijenim krajevima zemlje, za \u0161ta je ve\u0107 obezbe\u0111eno 152,7 miliona evra kredita i donacija. Tre\u0107i va\u017ean projekat radio sa resorom turizma, a re\u010d je o jedinstvenoj platformi za digitalnu turisti\u010dku ponudu Republike Srbije, gde \u0107e biti predstavljeni svi na\u0161i turisti\u010dki lokaliteti.\u201c<\/p>\n<p style=\"text-align: justify;\">Prvo predavanje je odr\u017eao profesor <strong>Dragan \u0110uri\u010din<\/strong>, redovan profesor Ekonomskog fakulteta u Beogradu, predsednik Saveza ekonomista Srbije petnaest godina, te \u010dlan Ekonomskog saveta Vlade Republike Srbije skoro jednu deceniju. On je govorio o makroekonomskim pokazateljima za 2023. godinu i ekonomskim prilikama uop\u0161te.<\/p>\n<p style=\"text-align: justify;\">\u201e\u017divimo u vreme univerzalne konektivnosti. Imamo ekonomsku krizu, klimatsku krizu, geopoliti\u010dku krizu, biolo\u0161ku krizu, veliki broj problema koji se me\u0111usobno prepli\u0107u. Na\u0161a ekonomija je od 2015. godine u procesu pribli\u017eavanja EU po pitanju ekonomskih performansi, ali je mala, nedovoljno razvijena, ne naro\u010dito dobro povezana i pri tome je zemlja bez izlaza na more, a u vremenu deglobalizacije koje \u0107e trajati to je veoma opasna stvar.<\/p>\n<p style=\"text-align: justify;\">Mi imamo trostruki makroekonomski deficit: teku\u0107i, kapitalni i fiskalni deficit. Imamo razne strukturalne neravnote\u017ee kao posledice ekonomskog liberalizma. Ta politika je dovela celu svetsku ekonomiju u veliki problem, pa se pojavljuju ekstremni asimetri\u010dni \u0161okovi: klimatske promene, kovid, geopoliti\u010dki nesporazumi, uklju\u010duju\u0107i rat u Ukrajini. Oni najvi\u0161e poga\u0111aju upravo one koji na njih nisu uticali i te\u0161ko je odbraniti se od njih.<\/p>\n<p style=\"text-align: justify;\">Ako bi se ovakvi trendovi industrijalizacije u svetu ograni\u010denih resursa nastavili, do 2050. godine bi Sjedinjenim Dr\u017eavama trebala 5,1 planeta, a \u010dak i jednoj Indoneziji, koja je zemlja u razvoju, 1,1 planeta. To je nemogu\u0107e.\u201c Potom je profesor \u0110uri\u010din govorio o prelasku sa linearnog na cirkularni ekonomski model, uz obja\u0161njavanje principa funkcionisanja savremene ekonomije, dav\u0161i prisutnima uvid u kom \u0107e se pravcu kretati svetska ekonomija u narednim decenijama.<\/p>\n<p style=\"text-align: justify;\">Po prvi put na BIZIT-u imali smo panel posve\u0107en zdravstvu. Panel je odr\u017ean pod nazivom <strong>\u201eTehnologija kao lek, ali ne bez recepta\u201c<\/strong>, a moderator je bio voditelj BIZIT manifestacije, Uro\u0161 Bogdanovi\u0107 koji je ina\u010de po obrazovanju upravo lekar. U\u010desnici panela su bili: Ana Govedarica (Roche Srbija), Vuka\u0161in Radulovi\u0107 (Heliant) i Jovana Ba\u0107anovi\u0107 (Molekularni biolog i fiziolog). Oni su razgovarali na temu primene modernih tehnologija u zdravstvu, te ponudili svoja gledi\u0161ta po pitanju toga gde smo danas u modernizaciji zdravstva, te potrebi objedinjavanja obrazovnih sistema koji u sebi sadr\u017ee medicinske i informati\u010dke tehnologije i njihove saradnje na odgajanju budu\u0107ih stru\u010dnjaka.<\/p>\n<p style=\"text-align: justify;\">Vanredni profesor Elektrotehni\u010dkog fakulteta u Beogradu <strong>Dejan Draji\u0107<\/strong> se obratio skupu predavanjem na temu koja je mnogima veoma interesantna, a i \u0161iroj javnosti postaje sve zanimljivija i koja je jedna od glavnih tema ovogodi\u0161njeg BIZIT-a: Pametni gradovi. Govorio je o ubrzanom rastu gradova, u kojima \u017eivi preko 50% svetske populacije koja sada broji 8 milijardi ljudi, te o\u010dekivanjima da \u0107e se broj stanovnika u urbanim sredinama duplirati do 2050. Tako\u0111e \u0107e se pove\u0107ati i broj automobila na putevima, sa 1,2 milijarde 2015. godine na 2 milijarde do 2050. Sa novih 7500 stanovnika na sat, pokrivanjem 3% Zemljine povr\u0161ine, 75% potro\u0161nje ukupne svetske energije i 80% emisije CO2, te o\u010dekivanim procentom stanovnika planete od 70%, jasno je da gradovi moraju ozbiljno da porade na svojoj infrastrukturi i na\u010dinu funkcionisanja.<\/p>\n<p style=\"text-align: justify;\">\u201e\u0160ta je to pametan grad? On pre svega treba da ima instrumente koji mogu da rade pametna merenja, treba da ima sisteme za upravljanje zgradama, infrastrukturne senzore, senzore za pra\u0107enje saobra\u0107aja i javne sigurnosne sisteme. Potom treba da bude povezan, s mre\u017enim okru\u017eenjem koje se oslanja na optiku i be\u017ei\u010dne mre\u017ee, te umre\u017eenim senzorima. Na kraju, on mora biti inteligentan, odnosno sposoban da obradi ogromnu koli\u010dinu podataka i dobije vrednost iz njih, da vr\u0161i obradu i analizu u realnom vremenu, te da postoji uniforman i bezbedan pristup tim podacima kako bi to dovelo do korisnih odluka za svakodnevni \u017eivot pametnih gradova\u201c.<\/p>\n<p style=\"text-align: justify;\">Nakon toga je organizovan drugi panel prvog dana BIZIT manifestacije. Re\u010d je o <strong>panelu: Pametni gradovi \u2013 da li smo spremni?<\/strong> Na ovo intrigantno pitanje odgovarali su u\u010desnici: Prof. dr Oliver To\u0161kovi\u0107 (Filozofski fakultet), Prof. dr Dejan Draji\u0107 (ETF), Jelena Adamovi\u0107 (SHARE Fondacija), Pjer Vu\u010dkovi\u0107 (CETIN). Moderator panela je bio Dejan Ristanovi\u0107, glavni i odgovorni urednik PC Press-a.<\/p>\n<p style=\"text-align: justify;\">Razmatrana je problematika pametnih gradova, koji sti\u017eu kao realnost koju doskora nismo mogli ni da zamislimo, brzo se naviknemo jer su to korisne stvari, a prime\u0107ujemo uglavnom kada ne funkcioni\u0161u kako treba. Diskutovalo se o urbanim izazovima koje gradovi imaju, a prisutni su bili i predstavnici gradova, koji su govorili o svojim iskustvima o uvo\u0111enju pametnih funkcija, odnosno prvim koracima koji su na\u010dinjeni ka realnosti pametnih gradova u na\u0161oj zemlji.<\/p>\n<p style=\"text-align: justify;\">Izvor: PC Press<\/p>\n","protected":false},"excerpt":{"rendered":"<p>Beograd, 9. novembar \u2013 Zavr\u0161en je prvi dan devete regionalne konferencije BIZIT \u201eRe:Start 23\u201c, koja se odr\u017eava u Crowne Plaza hotelu. Pozdravni govor je odr\u017eao Milan Dobrijevi\u0107 ispred novoformiranog ministarstva informisanja i telekomunikacija, nagla\u0161avaju\u0107i prioritete ministarstva u narednom periodu. \u201eImamo manje, fokusiranije ministarstvo koje vi\u0161e nije pod velikim pokriva\u010dem zajedno sa trgovinom i turizmom. To zna\u010di da \u0107emo u narednom periodu jo\u0161 vi\u0161e akcenta baciti na digitalizaciju i da \u0107emo ostvariti jo\u0161&#8230; <\/p>\n<div class=\"more-container\"><a class=\"more-link\" href=\"https:\/\/www.pcvesti.com\/?p=55420\" itemprop=\"url\">Continue reading<\/a><\/div>\n","protected":false},"author":5,"featured_media":55421,"comment_status":"closed","ping_status":"closed","sticky":false,"template":"","format":"standard","meta":{"seo_booster_metabox":"","ngg_post_thumbnail":0,"slim_seo":{"title":"Prvi dan devete regionalne konferencije BIZIT \u201eRe:Start 23\u201c - PCVesti","description":"Beograd, 9. novembar \u2013 Zavr\u0161en je prvi dan devete regionalne konferencije BIZIT \u201eRe:Start 23\u201c, koja se odr\u017eava u Crowne Plaza hotelu. Pozdravni govor je odr\u017eao"},"footnotes":""},"categories":[9,5],"tags":[],"class_list":["post-55420","post","type-post","status-publish","format-standard","has-post-thumbnail","hentry","category-dogadjaji","category-pc-vesti"],"yoast_head":"<!-- This site is optimized with the Yoast SEO plugin v27.5 - https:\/\/yoast.com\/product\/yoast-seo-wordpress\/ -->\n<title>Prvi dan devete regionalne konferencije BIZIT \u201eRe:Start 23\u201c - PCVesti<\/title>\n<meta name=\"description\" content=\"Beograd, 9. novembar \u2013 Zavr\u0161en je prvi dan devete regionalne konferencije BIZIT \u201eRe:Start 23\u201c, koja se odr\u017eava u Crowne Plaza hotelu.Pozdravni govor je odr\u017eao Milan Dobrijevi\u0107 ispred novoformiranog ministarstva informisanja i telekomunikacija, nagla\u0161avaju\u0107i prioritete ministarstva u narednom periodu.\" \/>\n<meta name=\"robots\" content=\"index, follow, max-snippet:-1, max-image-preview:large, max-video-preview:-1\" \/>\n<link rel=\"canonical\" href=\"https:\/\/www.pcvesti.com\/?p=55420\" \/>\n<meta property=\"og:locale\" content=\"en_US\" \/>\n<meta property=\"og:type\" content=\"article\" \/>\n<meta property=\"og:title\" content=\"Prvi dan devete regionalne konferencije BIZIT \u201eRe:Start 23\u201c - PCVesti\" \/>\n<meta property=\"og:description\" content=\"Beograd, 9. novembar \u2013 Zavr\u0161en je prvi dan devete regionalne konferencije BIZIT \u201eRe:Start 23\u201c, koja se odr\u017eava u Crowne Plaza hotelu.Pozdravni govor je odr\u017eao Milan Dobrijevi\u0107 ispred novoformiranog ministarstva informisanja i telekomunikacija, nagla\u0161avaju\u0107i prioritete ministarstva u narednom periodu.\" \/>\n<meta property=\"og:url\" content=\"https:\/\/www.pcvesti.com\/?p=55420\" \/>\n<meta property=\"og:site_name\" content=\"PCVesti\" \/>\n<meta property=\"article:published_time\" content=\"2022-11-10T19:00:12+00:00\" \/>\n<meta property=\"og:image\" content=\"http:\/\/www.pcvesti.com\/wp-content\/uploads\/2022\/11\/Panel-Tehnologija-kao-lek-ali-ne-bez-recepta-moderator-Uros-Bogdanovic-Ana-Govedarica-Roche-Srbija-Vukasin-Radulovic-Heliant-Jovana-Bacanovic-East-Diagnostics.jpg\" \/>\n\t<meta property=\"og:image:width\" content=\"600\" \/>\n\t<meta property=\"og:image:height\" content=\"398\" \/>\n\t<meta property=\"og:image:type\" content=\"image\/jpeg\" \/>\n<meta name=\"author\" content=\"newsmaster\" \/>\n<meta name=\"twitter:card\" content=\"summary_large_image\" \/>\n<meta name=\"twitter:label1\" content=\"Written by\" \/>\n\t<meta name=\"twitter:data1\" content=\"newsmaster\" \/>\n\t<meta name=\"twitter:label2\" content=\"Est. reading time\" \/>\n\t<meta name=\"twitter:data2\" content=\"5 minutes\" \/>\n<script type=\"application\/ld+json\" class=\"yoast-schema-graph\">{\"@context\":\"https:\\\/\\\/schema.org\",\"@graph\":[{\"@type\":\"Article\",\"@id\":\"https:\\\/\\\/www.pcvesti.com\\\/?p=55420#article\",\"isPartOf\":{\"@id\":\"https:\\\/\\\/www.pcvesti.com\\\/?p=55420\"},\"author\":{\"name\":\"newsmaster\",\"@id\":\"https:\\\/\\\/www.pcvesti.com\\\/#\\\/schema\\\/person\\\/d1e384f7c138a1fcda7af7425e55a6b2\"},\"headline\":\"Prvi dan devete regionalne konferencije BIZIT \u201eRe:Start 23\u201c\",\"datePublished\":\"2022-11-10T19:00:12+00:00\",\"mainEntityOfPage\":{\"@id\":\"https:\\\/\\\/www.pcvesti.com\\\/?p=55420\"},\"wordCount\":1020,\"image\":{\"@id\":\"https:\\\/\\\/www.pcvesti.com\\\/?p=55420#primaryimage\"},\"thumbnailUrl\":\"https:\\\/\\\/www.pcvesti.com\\\/wp-content\\\/uploads\\\/2022\\\/11\\\/Panel-Tehnologija-kao-lek-ali-ne-bez-recepta-moderator-Uros-Bogdanovic-Ana-Govedarica-Roche-Srbija-Vukasin-Radulovic-Heliant-Jovana-Bacanovic-East-Diagnostics.jpg\",\"articleSection\":[\"Dogadjaji\",\"PC Vesti\"],\"inLanguage\":\"en-US\"},{\"@type\":\"WebPage\",\"@id\":\"https:\\\/\\\/www.pcvesti.com\\\/?p=55420\",\"url\":\"https:\\\/\\\/www.pcvesti.com\\\/?p=55420\",\"name\":\"Prvi dan devete regionalne konferencije BIZIT \u201eRe:Start 23\u201c - PCVesti\",\"isPartOf\":{\"@id\":\"https:\\\/\\\/www.pcvesti.com\\\/#website\"},\"primaryImageOfPage\":{\"@id\":\"https:\\\/\\\/www.pcvesti.com\\\/?p=55420#primaryimage\"},\"image\":{\"@id\":\"https:\\\/\\\/www.pcvesti.com\\\/?p=55420#primaryimage\"},\"thumbnailUrl\":\"https:\\\/\\\/www.pcvesti.com\\\/wp-content\\\/uploads\\\/2022\\\/11\\\/Panel-Tehnologija-kao-lek-ali-ne-bez-recepta-moderator-Uros-Bogdanovic-Ana-Govedarica-Roche-Srbija-Vukasin-Radulovic-Heliant-Jovana-Bacanovic-East-Diagnostics.jpg\",\"datePublished\":\"2022-11-10T19:00:12+00:00\",\"author\":{\"@id\":\"https:\\\/\\\/www.pcvesti.com\\\/#\\\/schema\\\/person\\\/d1e384f7c138a1fcda7af7425e55a6b2\"},\"description\":\"Beograd, 9. novembar \u2013 Zavr\u0161en je prvi dan devete regionalne konferencije BIZIT \u201eRe:Start 23\u201c, koja se odr\u017eava u Crowne Plaza hotelu.Pozdravni govor je odr\u017eao Milan Dobrijevi\u0107 ispred novoformiranog ministarstva informisanja i telekomunikacija, nagla\u0161avaju\u0107i prioritete ministarstva u narednom periodu.\",\"breadcrumb\":{\"@id\":\"https:\\\/\\\/www.pcvesti.com\\\/?p=55420#breadcrumb\"},\"inLanguage\":\"en-US\",\"potentialAction\":[{\"@type\":\"ReadAction\",\"target\":[\"https:\\\/\\\/www.pcvesti.com\\\/?p=55420\"]}]},{\"@type\":\"ImageObject\",\"inLanguage\":\"en-US\",\"@id\":\"https:\\\/\\\/www.pcvesti.com\\\/?p=55420#primaryimage\",\"url\":\"https:\\\/\\\/www.pcvesti.com\\\/wp-content\\\/uploads\\\/2022\\\/11\\\/Panel-Tehnologija-kao-lek-ali-ne-bez-recepta-moderator-Uros-Bogdanovic-Ana-Govedarica-Roche-Srbija-Vukasin-Radulovic-Heliant-Jovana-Bacanovic-East-Diagnostics.jpg\",\"contentUrl\":\"https:\\\/\\\/www.pcvesti.com\\\/wp-content\\\/uploads\\\/2022\\\/11\\\/Panel-Tehnologija-kao-lek-ali-ne-bez-recepta-moderator-Uros-Bogdanovic-Ana-Govedarica-Roche-Srbija-Vukasin-Radulovic-Heliant-Jovana-Bacanovic-East-Diagnostics.jpg\",\"width\":600,\"height\":398,\"caption\":\"Panel\"},{\"@type\":\"BreadcrumbList\",\"@id\":\"https:\\\/\\\/www.pcvesti.com\\\/?p=55420#breadcrumb\",\"itemListElement\":[{\"@type\":\"ListItem\",\"position\":1,\"name\":\"Home\",\"item\":\"https:\\\/\\\/www.pcvesti.com\\\/\"},{\"@type\":\"ListItem\",\"position\":2,\"name\":\"Prvi dan devete regionalne konferencije BIZIT \u201eRe:Start 23\u201c\"}]},{\"@type\":\"WebSite\",\"@id\":\"https:\\\/\\\/www.pcvesti.com\\\/#website\",\"url\":\"https:\\\/\\\/www.pcvesti.com\\\/\",\"name\":\"PCVesti\",\"description\":\"www.pcvesti.com\",\"potentialAction\":[{\"@type\":\"SearchAction\",\"target\":{\"@type\":\"EntryPoint\",\"urlTemplate\":\"https:\\\/\\\/www.pcvesti.com\\\/?s={search_term_string}\"},\"query-input\":{\"@type\":\"PropertyValueSpecification\",\"valueRequired\":true,\"valueName\":\"search_term_string\"}}],\"inLanguage\":\"en-US\"},{\"@type\":\"Person\",\"@id\":\"https:\\\/\\\/www.pcvesti.com\\\/#\\\/schema\\\/person\\\/d1e384f7c138a1fcda7af7425e55a6b2\",\"name\":\"newsmaster\",\"image\":{\"@type\":\"ImageObject\",\"inLanguage\":\"en-US\",\"@id\":\"https:\\\/\\\/www.pcvesti.com\\\/wp-content\\\/uploads\\\/2018\\\/09\\\/avatar_user_5_1537115954-96x96.jpeg\",\"url\":\"https:\\\/\\\/www.pcvesti.com\\\/wp-content\\\/uploads\\\/2018\\\/09\\\/avatar_user_5_1537115954-96x96.jpeg\",\"contentUrl\":\"https:\\\/\\\/www.pcvesti.com\\\/wp-content\\\/uploads\\\/2018\\\/09\\\/avatar_user_5_1537115954-96x96.jpeg\",\"caption\":\"newsmaster\"},\"url\":\"https:\\\/\\\/www.pcvesti.com\\\/?author=5\"}]}<\/script>\n<!-- \/ Yoast SEO plugin. -->","yoast_head_json":{"title":"Prvi dan devete regionalne konferencije BIZIT \u201eRe:Start 23\u201c - PCVesti","description":"Beograd, 9. novembar \u2013 Zavr\u0161en je prvi dan devete regionalne konferencije BIZIT \u201eRe:Start 23\u201c, koja se odr\u017eava u Crowne Plaza hotelu.Pozdravni govor je odr\u017eao Milan Dobrijevi\u0107 ispred novoformiranog ministarstva informisanja i telekomunikacija, nagla\u0161avaju\u0107i prioritete ministarstva u narednom periodu.","robots":{"index":"index","follow":"follow","max-snippet":"max-snippet:-1","max-image-preview":"max-image-preview:large","max-video-preview":"max-video-preview:-1"},"canonical":"https:\/\/www.pcvesti.com\/?p=55420","og_locale":"en_US","og_type":"article","og_title":"Prvi dan devete regionalne konferencije BIZIT \u201eRe:Start 23\u201c - PCVesti","og_description":"Beograd, 9. novembar \u2013 Zavr\u0161en je prvi dan devete regionalne konferencije BIZIT \u201eRe:Start 23\u201c, koja se odr\u017eava u Crowne Plaza hotelu.Pozdravni govor je odr\u017eao Milan Dobrijevi\u0107 ispred novoformiranog ministarstva informisanja i telekomunikacija, nagla\u0161avaju\u0107i prioritete ministarstva u narednom periodu.","og_url":"https:\/\/www.pcvesti.com\/?p=55420","og_site_name":"PCVesti","article_published_time":"2022-11-10T19:00:12+00:00","og_image":[{"width":600,"height":398,"url":"http:\/\/www.pcvesti.com\/wp-content\/uploads\/2022\/11\/Panel-Tehnologija-kao-lek-ali-ne-bez-recepta-moderator-Uros-Bogdanovic-Ana-Govedarica-Roche-Srbija-Vukasin-Radulovic-Heliant-Jovana-Bacanovic-East-Diagnostics.jpg","type":"image\/jpeg"}],"author":"newsmaster","twitter_card":"summary_large_image","twitter_misc":{"Written by":"newsmaster","Est. reading time":"5 minutes"},"schema":{"@context":"https:\/\/schema.org","@graph":[{"@type":"Article","@id":"https:\/\/www.pcvesti.com\/?p=55420#article","isPartOf":{"@id":"https:\/\/www.pcvesti.com\/?p=55420"},"author":{"name":"newsmaster","@id":"https:\/\/www.pcvesti.com\/#\/schema\/person\/d1e384f7c138a1fcda7af7425e55a6b2"},"headline":"Prvi dan devete regionalne konferencije BIZIT \u201eRe:Start 23\u201c","datePublished":"2022-11-10T19:00:12+00:00","mainEntityOfPage":{"@id":"https:\/\/www.pcvesti.com\/?p=55420"},"wordCount":1020,"image":{"@id":"https:\/\/www.pcvesti.com\/?p=55420#primaryimage"},"thumbnailUrl":"https:\/\/www.pcvesti.com\/wp-content\/uploads\/2022\/11\/Panel-Tehnologija-kao-lek-ali-ne-bez-recepta-moderator-Uros-Bogdanovic-Ana-Govedarica-Roche-Srbija-Vukasin-Radulovic-Heliant-Jovana-Bacanovic-East-Diagnostics.jpg","articleSection":["Dogadjaji","PC Vesti"],"inLanguage":"en-US"},{"@type":"WebPage","@id":"https:\/\/www.pcvesti.com\/?p=55420","url":"https:\/\/www.pcvesti.com\/?p=55420","name":"Prvi dan devete regionalne konferencije BIZIT \u201eRe:Start 23\u201c - PCVesti","isPartOf":{"@id":"https:\/\/www.pcvesti.com\/#website"},"primaryImageOfPage":{"@id":"https:\/\/www.pcvesti.com\/?p=55420#primaryimage"},"image":{"@id":"https:\/\/www.pcvesti.com\/?p=55420#primaryimage"},"thumbnailUrl":"https:\/\/www.pcvesti.com\/wp-content\/uploads\/2022\/11\/Panel-Tehnologija-kao-lek-ali-ne-bez-recepta-moderator-Uros-Bogdanovic-Ana-Govedarica-Roche-Srbija-Vukasin-Radulovic-Heliant-Jovana-Bacanovic-East-Diagnostics.jpg","datePublished":"2022-11-10T19:00:12+00:00","author":{"@id":"https:\/\/www.pcvesti.com\/#\/schema\/person\/d1e384f7c138a1fcda7af7425e55a6b2"},"description":"Beograd, 9. novembar \u2013 Zavr\u0161en je prvi dan devete regionalne konferencije BIZIT \u201eRe:Start 23\u201c, koja se odr\u017eava u Crowne Plaza hotelu.Pozdravni govor je odr\u017eao Milan Dobrijevi\u0107 ispred novoformiranog ministarstva informisanja i telekomunikacija, nagla\u0161avaju\u0107i prioritete ministarstva u narednom periodu.","breadcrumb":{"@id":"https:\/\/www.pcvesti.com\/?p=55420#breadcrumb"},"inLanguage":"en-US","potentialAction":[{"@type":"ReadAction","target":["https:\/\/www.pcvesti.com\/?p=55420"]}]},{"@type":"ImageObject","inLanguage":"en-US","@id":"https:\/\/www.pcvesti.com\/?p=55420#primaryimage","url":"https:\/\/www.pcvesti.com\/wp-content\/uploads\/2022\/11\/Panel-Tehnologija-kao-lek-ali-ne-bez-recepta-moderator-Uros-Bogdanovic-Ana-Govedarica-Roche-Srbija-Vukasin-Radulovic-Heliant-Jovana-Bacanovic-East-Diagnostics.jpg","contentUrl":"https:\/\/www.pcvesti.com\/wp-content\/uploads\/2022\/11\/Panel-Tehnologija-kao-lek-ali-ne-bez-recepta-moderator-Uros-Bogdanovic-Ana-Govedarica-Roche-Srbija-Vukasin-Radulovic-Heliant-Jovana-Bacanovic-East-Diagnostics.jpg","width":600,"height":398,"caption":"Panel"},{"@type":"BreadcrumbList","@id":"https:\/\/www.pcvesti.com\/?p=55420#breadcrumb","itemListElement":[{"@type":"ListItem","position":1,"name":"Home","item":"https:\/\/www.pcvesti.com\/"},{"@type":"ListItem","position":2,"name":"Prvi dan devete regionalne konferencije BIZIT \u201eRe:Start 23\u201c"}]},{"@type":"WebSite","@id":"https:\/\/www.pcvesti.com\/#website","url":"https:\/\/www.pcvesti.com\/","name":"PCVesti","description":"www.pcvesti.com","potentialAction":[{"@type":"SearchAction","target":{"@type":"EntryPoint","urlTemplate":"https:\/\/www.pcvesti.com\/?s={search_term_string}"},"query-input":{"@type":"PropertyValueSpecification","valueRequired":true,"valueName":"search_term_string"}}],"inLanguage":"en-US"},{"@type":"Person","@id":"https:\/\/www.pcvesti.com\/#\/schema\/person\/d1e384f7c138a1fcda7af7425e55a6b2","name":"newsmaster","image":{"@type":"ImageObject","inLanguage":"en-US","@id":"https:\/\/www.pcvesti.com\/wp-content\/uploads\/2018\/09\/avatar_user_5_1537115954-96x96.jpeg","url":"https:\/\/www.pcvesti.com\/wp-content\/uploads\/2018\/09\/avatar_user_5_1537115954-96x96.jpeg","contentUrl":"https:\/\/www.pcvesti.com\/wp-content\/uploads\/2018\/09\/avatar_user_5_1537115954-96x96.jpeg","caption":"newsmaster"},"url":"https:\/\/www.pcvesti.com\/?author=5"}]}},"_links":{"self":[{"href":"https:\/\/www.pcvesti.com\/index.php?rest_route=\/wp\/v2\/posts\/55420","targetHints":{"allow":["GET"]}}],"collection":[{"href":"https:\/\/www.pcvesti.com\/index.php?rest_route=\/wp\/v2\/posts"}],"about":[{"href":"https:\/\/www.pcvesti.com\/index.php?rest_route=\/wp\/v2\/types\/post"}],"author":[{"embeddable":true,"href":"https:\/\/www.pcvesti.com\/index.php?rest_route=\/wp\/v2\/users\/5"}],"replies":[{"embeddable":true,"href":"https:\/\/www.pcvesti.com\/index.php?rest_route=%2Fwp%2Fv2%2Fcomments&post=55420"}],"version-history":[{"count":0,"href":"https:\/\/www.pcvesti.com\/index.php?rest_route=\/wp\/v2\/posts\/55420\/revisions"}],"wp:featuredmedia":[{"embeddable":true,"href":"https:\/\/www.pcvesti.com\/index.php?rest_route=\/wp\/v2\/media\/55421"}],"wp:attachment":[{"href":"https:\/\/www.pcvesti.com\/index.php?rest_route=%2Fwp%2Fv2%2Fmedia&parent=55420"}],"wp:term":[{"taxonomy":"category","embeddable":true,"href":"https:\/\/www.pcvesti.com\/index.php?rest_route=%2Fwp%2Fv2%2Fcategories&post=55420"},{"taxonomy":"post_tag","embeddable":true,"href":"https:\/\/www.pcvesti.com\/index.php?rest_route=%2Fwp%2Fv2%2Ftags&post=55420"}],"curies":[{"name":"wp","href":"https:\/\/api.w.org\/{rel}","templated":true}]}}