{"id":5709,"date":"2009-06-30T07:59:39","date_gmt":"2009-06-30T14:59:39","guid":{"rendered":"http:\/\/www.pcvesti.com\/appleov-direktor-stiv-dzobs-vratio-se-na-posao\/"},"modified":"2009-06-30T07:59:39","modified_gmt":"2009-06-30T14:59:39","slug":"appleov-direktor-stiv-dzobs-vratio-se-na-posao","status":"publish","type":"post","link":"https:\/\/www.pcvesti.com\/?p=5709","title":{"rendered":"Appleov direktor Stiv D\u017eobs vratio se na posao"},"content":{"rendered":"<p>Posle \u0161estomese\u010dnog bolovanja Appleov izvr\u0161ni rukovodilac vratio se u ponedeljak na posao. Nekoliko dana nedeljno radi\u0107e u svojoj kancelariji, a ostatak nedelje od ku\u0107e.<\/p>\n<p>D\u017eobs koji je pre\u017eiveo rak pankreasa, uzeo je bolovanje u januaru, kad je uo\u010deno da je prili\u010dno smr\u0161avio, navodno zbog poreme\u0107aja hormonske ravnote\u017ee. Me\u0111utim ispostavilo da je njegov zdravstveni problem bio znatno slo\u017eeniji. Nekoliko meseci kasnije, pre desetak dana, otkriveno je da mu je u Transplantacionom institutu bolnice metodisti\u010dkog univerziteta u Memfisu u Tenesiju izvr\u0161ena transplantacija jetre. Bolnica je pro\u0161le nedelje objavila da se D\u017eobs dobro oporavlja posle transplantacije.<\/p>\n<p>D\u017eobsov povratak \u0107e verovatno bar privremeno umiriti investitore koji su postavili pitanje za\u0161to je Apple odlu\u010dio da taji informacije o njegovom zdravstvenom stanju. Uva\u017eeni biznismen Voren Bafet kritikovao je pro\u0161le nedelje Apple \u0161to nije obznanio ono \u0161to on smatra \u201ematerijalnom \u010dinjenicom\u201c za tu kompaniju.<\/p>\n<p>D\u017eobsa je dok je bio odsutan u svakodnevnim poslovima zamenjivao operativni direktor Tim Kuk.<\/p>\n<p>|Search: <a target=\"_blank\" href=\"http:\/\/www.pcvesti.com\/gosearch.php?id=Appleov direktor Stiv D\u017eobs vratio se na posao\" title=\"Find More About Appleov direktor Stiv D\u017eobs vratio se na posao\">Find More About Appleov direktor Stiv D\u017eobs vratio se na posao|<\/a><br \/><!--adsense#ad-post1--><\/p>\n","protected":false},"excerpt":{"rendered":"<p>Posle \u0161estomese\u010dnog bolovanja Appleov izvr\u0161ni rukovodilac vratio se u ponedeljak na posao. Nekoliko dana nedeljno radi\u0107e u svojoj kancelariji, a ostatak nedelje od ku\u0107e<\/p>\n","protected":false},"author":3,"featured_media":0,"comment_status":"closed","ping_status":"closed","sticky":false,"template":"","format":"standard","meta":{"seo_booster_metabox":"","ngg_post_thumbnail":0,"slim_seo":{"title":"Appleov direktor Stiv D\u017eobs vratio se na posao - PCVesti","description":"Posle \u0161estomese\u010dnog bolovanja Appleov izvr\u0161ni rukovodilac vratio se u ponedeljak na posao. Nekoliko dana nedeljno radi\u0107e u svojoj kancelariji, a ostatak nedelje"},"footnotes":""},"categories":[5],"tags":[],"class_list":["post-5709","post","type-post","status-publish","format-standard","hentry","category-pc-vesti"],"yoast_head":"<!-- This site is optimized with the Yoast SEO plugin v27.5 - https:\/\/yoast.com\/product\/yoast-seo-wordpress\/ -->\n<title>Appleov direktor Stiv D\u017eobs vratio se na posao - PCVesti<\/title>\n<meta name=\"robots\" content=\"index, follow, max-snippet:-1, max-image-preview:large, max-video-preview:-1\" \/>\n<link rel=\"canonical\" href=\"https:\/\/www.pcvesti.com\/?p=5709\" \/>\n<meta property=\"og:locale\" content=\"en_US\" \/>\n<meta property=\"og:type\" content=\"article\" \/>\n<meta property=\"og:title\" content=\"Appleov direktor Stiv D\u017eobs vratio se na posao - PCVesti\" \/>\n<meta property=\"og:description\" content=\"Posle \u0161estomese\u010dnog bolovanja Appleov izvr\u0161ni rukovodilac vratio se u ponedeljak na posao. Nekoliko dana nedeljno radi\u0107e u svojoj kancelariji, a ostatak nedelje od ku\u0107e\" \/>\n<meta property=\"og:url\" content=\"https:\/\/www.pcvesti.com\/?p=5709\" \/>\n<meta property=\"og:site_name\" content=\"PCVesti\" \/>\n<meta property=\"article:published_time\" content=\"2009-06-30T14:59:39+00:00\" \/>\n<meta name=\"author\" content=\"newsmaster\" \/>\n<meta name=\"twitter:card\" content=\"summary_large_image\" \/>\n<meta name=\"twitter:label1\" content=\"Written by\" \/>\n\t<meta name=\"twitter:data1\" content=\"newsmaster\" \/>\n\t<meta name=\"twitter:label2\" content=\"Est. reading time\" \/>\n\t<meta name=\"twitter:data2\" content=\"1 minute\" \/>\n<script type=\"application\/ld+json\" class=\"yoast-schema-graph\">{\"@context\":\"https:\\\/\\\/schema.org\",\"@graph\":[{\"@type\":\"Article\",\"@id\":\"https:\\\/\\\/www.pcvesti.com\\\/?p=5709#article\",\"isPartOf\":{\"@id\":\"https:\\\/\\\/www.pcvesti.com\\\/?p=5709\"},\"author\":{\"name\":\"newsmaster\",\"@id\":\"https:\\\/\\\/www.pcvesti.com\\\/#\\\/schema\\\/person\\\/768108ddc1bdd7f71ac8556bf805102a\"},\"headline\":\"Appleov direktor Stiv D\u017eobs vratio se na posao\",\"datePublished\":\"2009-06-30T14:59:39+00:00\",\"mainEntityOfPage\":{\"@id\":\"https:\\\/\\\/www.pcvesti.com\\\/?p=5709\"},\"wordCount\":196,\"articleSection\":[\"PC Vesti\"],\"inLanguage\":\"en-US\"},{\"@type\":\"WebPage\",\"@id\":\"https:\\\/\\\/www.pcvesti.com\\\/?p=5709\",\"url\":\"https:\\\/\\\/www.pcvesti.com\\\/?p=5709\",\"name\":\"Appleov direktor Stiv D\u017eobs vratio se na posao - PCVesti\",\"isPartOf\":{\"@id\":\"https:\\\/\\\/www.pcvesti.com\\\/#website\"},\"datePublished\":\"2009-06-30T14:59:39+00:00\",\"author\":{\"@id\":\"https:\\\/\\\/www.pcvesti.com\\\/#\\\/schema\\\/person\\\/768108ddc1bdd7f71ac8556bf805102a\"},\"breadcrumb\":{\"@id\":\"https:\\\/\\\/www.pcvesti.com\\\/?p=5709#breadcrumb\"},\"inLanguage\":\"en-US\",\"potentialAction\":[{\"@type\":\"ReadAction\",\"target\":[\"https:\\\/\\\/www.pcvesti.com\\\/?p=5709\"]}]},{\"@type\":\"BreadcrumbList\",\"@id\":\"https:\\\/\\\/www.pcvesti.com\\\/?p=5709#breadcrumb\",\"itemListElement\":[{\"@type\":\"ListItem\",\"position\":1,\"name\":\"Home\",\"item\":\"https:\\\/\\\/www.pcvesti.com\\\/\"},{\"@type\":\"ListItem\",\"position\":2,\"name\":\"Appleov direktor Stiv D\u017eobs vratio se na posao\"}]},{\"@type\":\"WebSite\",\"@id\":\"https:\\\/\\\/www.pcvesti.com\\\/#website\",\"url\":\"https:\\\/\\\/www.pcvesti.com\\\/\",\"name\":\"PCVesti\",\"description\":\"www.pcvesti.com\",\"potentialAction\":[{\"@type\":\"SearchAction\",\"target\":{\"@type\":\"EntryPoint\",\"urlTemplate\":\"https:\\\/\\\/www.pcvesti.com\\\/?s={search_term_string}\"},\"query-input\":{\"@type\":\"PropertyValueSpecification\",\"valueRequired\":true,\"valueName\":\"search_term_string\"}}],\"inLanguage\":\"en-US\"},{\"@type\":\"Person\",\"@id\":\"https:\\\/\\\/www.pcvesti.com\\\/#\\\/schema\\\/person\\\/768108ddc1bdd7f71ac8556bf805102a\",\"name\":\"newsmaster\",\"image\":{\"@type\":\"ImageObject\",\"inLanguage\":\"en-US\",\"@id\":\"https:\\\/\\\/secure.gravatar.com\\\/avatar\\\/c98a03ccaf0a032c2a3d01b09438cf41bfe614d7fa1af20229886a67bfaaa000?s=96&d=mm&r=g\",\"url\":\"https:\\\/\\\/secure.gravatar.com\\\/avatar\\\/c98a03ccaf0a032c2a3d01b09438cf41bfe614d7fa1af20229886a67bfaaa000?s=96&d=mm&r=g\",\"contentUrl\":\"https:\\\/\\\/secure.gravatar.com\\\/avatar\\\/c98a03ccaf0a032c2a3d01b09438cf41bfe614d7fa1af20229886a67bfaaa000?s=96&d=mm&r=g\",\"caption\":\"newsmaster\"},\"sameAs\":[\"http:\\\/\\\/www.pcvesti.com\"],\"url\":\"https:\\\/\\\/www.pcvesti.com\\\/?author=3\"}]}<\/script>\n<!-- \/ Yoast SEO plugin. -->","yoast_head_json":{"title":"Appleov direktor Stiv D\u017eobs vratio se na posao - PCVesti","robots":{"index":"index","follow":"follow","max-snippet":"max-snippet:-1","max-image-preview":"max-image-preview:large","max-video-preview":"max-video-preview:-1"},"canonical":"https:\/\/www.pcvesti.com\/?p=5709","og_locale":"en_US","og_type":"article","og_title":"Appleov direktor Stiv D\u017eobs vratio se na posao - PCVesti","og_description":"Posle \u0161estomese\u010dnog bolovanja Appleov izvr\u0161ni rukovodilac vratio se u ponedeljak na posao. Nekoliko dana nedeljno radi\u0107e u svojoj kancelariji, a ostatak nedelje od ku\u0107e","og_url":"https:\/\/www.pcvesti.com\/?p=5709","og_site_name":"PCVesti","article_published_time":"2009-06-30T14:59:39+00:00","author":"newsmaster","twitter_card":"summary_large_image","twitter_misc":{"Written by":"newsmaster","Est. reading time":"1 minute"},"schema":{"@context":"https:\/\/schema.org","@graph":[{"@type":"Article","@id":"https:\/\/www.pcvesti.com\/?p=5709#article","isPartOf":{"@id":"https:\/\/www.pcvesti.com\/?p=5709"},"author":{"name":"newsmaster","@id":"https:\/\/www.pcvesti.com\/#\/schema\/person\/768108ddc1bdd7f71ac8556bf805102a"},"headline":"Appleov direktor Stiv D\u017eobs vratio se na posao","datePublished":"2009-06-30T14:59:39+00:00","mainEntityOfPage":{"@id":"https:\/\/www.pcvesti.com\/?p=5709"},"wordCount":196,"articleSection":["PC Vesti"],"inLanguage":"en-US"},{"@type":"WebPage","@id":"https:\/\/www.pcvesti.com\/?p=5709","url":"https:\/\/www.pcvesti.com\/?p=5709","name":"Appleov direktor Stiv D\u017eobs vratio se na posao - PCVesti","isPartOf":{"@id":"https:\/\/www.pcvesti.com\/#website"},"datePublished":"2009-06-30T14:59:39+00:00","author":{"@id":"https:\/\/www.pcvesti.com\/#\/schema\/person\/768108ddc1bdd7f71ac8556bf805102a"},"breadcrumb":{"@id":"https:\/\/www.pcvesti.com\/?p=5709#breadcrumb"},"inLanguage":"en-US","potentialAction":[{"@type":"ReadAction","target":["https:\/\/www.pcvesti.com\/?p=5709"]}]},{"@type":"BreadcrumbList","@id":"https:\/\/www.pcvesti.com\/?p=5709#breadcrumb","itemListElement":[{"@type":"ListItem","position":1,"name":"Home","item":"https:\/\/www.pcvesti.com\/"},{"@type":"ListItem","position":2,"name":"Appleov direktor Stiv D\u017eobs vratio se na posao"}]},{"@type":"WebSite","@id":"https:\/\/www.pcvesti.com\/#website","url":"https:\/\/www.pcvesti.com\/","name":"PCVesti","description":"www.pcvesti.com","potentialAction":[{"@type":"SearchAction","target":{"@type":"EntryPoint","urlTemplate":"https:\/\/www.pcvesti.com\/?s={search_term_string}"},"query-input":{"@type":"PropertyValueSpecification","valueRequired":true,"valueName":"search_term_string"}}],"inLanguage":"en-US"},{"@type":"Person","@id":"https:\/\/www.pcvesti.com\/#\/schema\/person\/768108ddc1bdd7f71ac8556bf805102a","name":"newsmaster","image":{"@type":"ImageObject","inLanguage":"en-US","@id":"https:\/\/secure.gravatar.com\/avatar\/c98a03ccaf0a032c2a3d01b09438cf41bfe614d7fa1af20229886a67bfaaa000?s=96&d=mm&r=g","url":"https:\/\/secure.gravatar.com\/avatar\/c98a03ccaf0a032c2a3d01b09438cf41bfe614d7fa1af20229886a67bfaaa000?s=96&d=mm&r=g","contentUrl":"https:\/\/secure.gravatar.com\/avatar\/c98a03ccaf0a032c2a3d01b09438cf41bfe614d7fa1af20229886a67bfaaa000?s=96&d=mm&r=g","caption":"newsmaster"},"sameAs":["http:\/\/www.pcvesti.com"],"url":"https:\/\/www.pcvesti.com\/?author=3"}]}},"_links":{"self":[{"href":"https:\/\/www.pcvesti.com\/index.php?rest_route=\/wp\/v2\/posts\/5709","targetHints":{"allow":["GET"]}}],"collection":[{"href":"https:\/\/www.pcvesti.com\/index.php?rest_route=\/wp\/v2\/posts"}],"about":[{"href":"https:\/\/www.pcvesti.com\/index.php?rest_route=\/wp\/v2\/types\/post"}],"author":[{"embeddable":true,"href":"https:\/\/www.pcvesti.com\/index.php?rest_route=\/wp\/v2\/users\/3"}],"replies":[{"embeddable":true,"href":"https:\/\/www.pcvesti.com\/index.php?rest_route=%2Fwp%2Fv2%2Fcomments&post=5709"}],"version-history":[{"count":0,"href":"https:\/\/www.pcvesti.com\/index.php?rest_route=\/wp\/v2\/posts\/5709\/revisions"}],"wp:attachment":[{"href":"https:\/\/www.pcvesti.com\/index.php?rest_route=%2Fwp%2Fv2%2Fmedia&parent=5709"}],"wp:term":[{"taxonomy":"category","embeddable":true,"href":"https:\/\/www.pcvesti.com\/index.php?rest_route=%2Fwp%2Fv2%2Fcategories&post=5709"},{"taxonomy":"post_tag","embeddable":true,"href":"https:\/\/www.pcvesti.com\/index.php?rest_route=%2Fwp%2Fv2%2Ftags&post=5709"}],"curies":[{"name":"wp","href":"https:\/\/api.w.org\/{rel}","templated":true}]}}