{"id":5736,"date":"2009-07-02T01:17:56","date_gmt":"2009-07-02T08:17:56","guid":{"rendered":"http:\/\/www.pcvesti.com\/postignut-dogovor-o-univerzalnom-evropskom-punjacu-telefona-2\/"},"modified":"2009-07-02T01:17:56","modified_gmt":"2009-07-02T08:17:56","slug":"postignut-dogovor-o-univerzalnom-evropskom-punjacu-telefona-2","status":"publish","type":"post","link":"https:\/\/www.pcvesti.com\/?p=5736","title":{"rendered":"Postignut dogovor o univerzalnom evropskom punja\u010du telefona"},"content":{"rendered":"<p>\u017divot bi uskoro mogao da bude lak\u0161i milionima korisnika mobilnih telefona u Evropi.<\/p>\n<p>Industrijski \u0161efovi u Evropska komisija dogovorili su se da porade na punja\u010du tipa \u201ejedna veli\u010dina za sve\u201c. Deset kompanija \u2013 Nokia, Sony Ericsson, Apple, Motorola, Research in Motion, Samsung LG, NEC, Qualcomm i Texas Instruments pristale su da razviju novi punja\u010d i potpisale dogovor.<\/p>\n<p>Ovo zna\u010di da korisnici vi\u0161e ne\u0107e morati da tragaju za pravim punja\u010dem za svoj telefon, a smanji\u0107e se i nepotreban otpad, jer su do sada \u010dak i savr\u0161eno dobri punja\u010di odbacivani kad bi se pojavio nov telefon.<\/p>\n<p>Iako dogovor u ovaj fazi nije obavezuju\u0107i ve\u0107 dobrovoljan, svejedno se o\u010dekuje da \u0107e se univerzalni punja\u010d sa mikro USB priklju\u010dkom pojaviti slede\u0107e godine, ali mo\u0107i \u0107e da se koristi samo s telefonima koji podr\u017eavaju USB razmenu podataka. <\/p>\n<p>Kompanije uklju\u010dene u projekat pokrivaju 90% evropskog tr\u017ei\u0161ta mobilnih telefona tako da \u0107e promenama biti obuhva\u0107ena ve\u0107ina od 350\u2013400 miliona korisnika \u0161irom Evrope. <\/p>\n<p>Trenutno se u Evropi koristi preko 30 vrsta punja\u010da.<\/p>\n<p>Evropski komesar za industriju, Ginter Ferhojgen, rekao je da bi u budu\u0107nosti voleo da vidi i univerzalni punja\u010d koji bi pored navedenih mobilnih telefona mogao da puni i druge telefone, kamere, fotoaparate i prenosive ra\u010dunare.<\/p>\n<p>|Search: <a target=\"_blank\" href=\"http:\/\/www.pcvesti.com\/gosearch.php?id=Postignut dogovor o univerzalnom evropskom punja\u010du telefona\" title=\"Find More About Postignut dogovor o univerzalnom evropskom punja\u010du telefona\">Find More About Postignut dogovor o univerzalnom evropskom punja\u010du telefona|<\/a><br \/><!--adsense#ad-post1--><\/p>\n","protected":false},"excerpt":{"rendered":"<p>\u017divot bi uskoro mogao da bude lak\u0161i milionima korisnika mobilnih telefona u Evropi. Industrijski \u0161efovi u Evropska komisija dogovorili su se da porade na punja\u010du tipa \u201ejedna veli\u010dina za sve\u201c. <\/p>\n","protected":false},"author":3,"featured_media":0,"comment_status":"closed","ping_status":"closed","sticky":false,"template":"","format":"standard","meta":{"seo_booster_metabox":"","ngg_post_thumbnail":0,"slim_seo":{"title":"Postignut dogovor o univerzalnom evropskom punja\u010du telefona - PCVesti","description":"\u017divot bi uskoro mogao da bude lak\u0161i milionima korisnika mobilnih telefona u Evropi. Industrijski \u0161efovi u Evropska komisija dogovorili su se da porade na punja\u010d"},"footnotes":""},"categories":[5],"tags":[],"class_list":["post-5736","post","type-post","status-publish","format-standard","hentry","category-pc-vesti"],"yoast_head":"<!-- This site is optimized with the Yoast SEO plugin v27.5 - https:\/\/yoast.com\/product\/yoast-seo-wordpress\/ -->\n<title>Postignut dogovor o univerzalnom evropskom punja\u010du telefona - PCVesti<\/title>\n<meta name=\"robots\" content=\"index, follow, max-snippet:-1, max-image-preview:large, max-video-preview:-1\" \/>\n<link rel=\"canonical\" href=\"https:\/\/www.pcvesti.com\/?p=5736\" \/>\n<meta property=\"og:locale\" content=\"en_US\" \/>\n<meta property=\"og:type\" content=\"article\" \/>\n<meta property=\"og:title\" content=\"Postignut dogovor o univerzalnom evropskom punja\u010du telefona - PCVesti\" \/>\n<meta property=\"og:description\" content=\"\u017divot bi uskoro mogao da bude lak\u0161i milionima korisnika mobilnih telefona u Evropi. Industrijski \u0161efovi u Evropska komisija dogovorili su se da porade na punja\u010du tipa \u201ejedna veli\u010dina za sve\u201c.\" \/>\n<meta property=\"og:url\" content=\"https:\/\/www.pcvesti.com\/?p=5736\" \/>\n<meta property=\"og:site_name\" content=\"PCVesti\" \/>\n<meta property=\"article:published_time\" content=\"2009-07-02T08:17:56+00:00\" \/>\n<meta name=\"author\" content=\"newsmaster\" \/>\n<meta name=\"twitter:card\" content=\"summary_large_image\" \/>\n<meta name=\"twitter:label1\" content=\"Written by\" \/>\n\t<meta name=\"twitter:data1\" content=\"newsmaster\" \/>\n\t<meta name=\"twitter:label2\" content=\"Est. reading time\" \/>\n\t<meta name=\"twitter:data2\" content=\"1 minute\" \/>\n<script type=\"application\/ld+json\" class=\"yoast-schema-graph\">{\"@context\":\"https:\\\/\\\/schema.org\",\"@graph\":[{\"@type\":\"Article\",\"@id\":\"https:\\\/\\\/www.pcvesti.com\\\/?p=5736#article\",\"isPartOf\":{\"@id\":\"https:\\\/\\\/www.pcvesti.com\\\/?p=5736\"},\"author\":{\"name\":\"newsmaster\",\"@id\":\"https:\\\/\\\/www.pcvesti.com\\\/#\\\/schema\\\/person\\\/768108ddc1bdd7f71ac8556bf805102a\"},\"headline\":\"Postignut dogovor o univerzalnom evropskom punja\u010du telefona\",\"datePublished\":\"2009-07-02T08:17:56+00:00\",\"mainEntityOfPage\":{\"@id\":\"https:\\\/\\\/www.pcvesti.com\\\/?p=5736\"},\"wordCount\":239,\"articleSection\":[\"PC Vesti\"],\"inLanguage\":\"en-US\"},{\"@type\":\"WebPage\",\"@id\":\"https:\\\/\\\/www.pcvesti.com\\\/?p=5736\",\"url\":\"https:\\\/\\\/www.pcvesti.com\\\/?p=5736\",\"name\":\"Postignut dogovor o univerzalnom evropskom punja\u010du telefona - PCVesti\",\"isPartOf\":{\"@id\":\"https:\\\/\\\/www.pcvesti.com\\\/#website\"},\"datePublished\":\"2009-07-02T08:17:56+00:00\",\"author\":{\"@id\":\"https:\\\/\\\/www.pcvesti.com\\\/#\\\/schema\\\/person\\\/768108ddc1bdd7f71ac8556bf805102a\"},\"breadcrumb\":{\"@id\":\"https:\\\/\\\/www.pcvesti.com\\\/?p=5736#breadcrumb\"},\"inLanguage\":\"en-US\",\"potentialAction\":[{\"@type\":\"ReadAction\",\"target\":[\"https:\\\/\\\/www.pcvesti.com\\\/?p=5736\"]}]},{\"@type\":\"BreadcrumbList\",\"@id\":\"https:\\\/\\\/www.pcvesti.com\\\/?p=5736#breadcrumb\",\"itemListElement\":[{\"@type\":\"ListItem\",\"position\":1,\"name\":\"Home\",\"item\":\"https:\\\/\\\/www.pcvesti.com\\\/\"},{\"@type\":\"ListItem\",\"position\":2,\"name\":\"Postignut dogovor o univerzalnom evropskom punja\u010du telefona\"}]},{\"@type\":\"WebSite\",\"@id\":\"https:\\\/\\\/www.pcvesti.com\\\/#website\",\"url\":\"https:\\\/\\\/www.pcvesti.com\\\/\",\"name\":\"PCVesti\",\"description\":\"www.pcvesti.com\",\"potentialAction\":[{\"@type\":\"SearchAction\",\"target\":{\"@type\":\"EntryPoint\",\"urlTemplate\":\"https:\\\/\\\/www.pcvesti.com\\\/?s={search_term_string}\"},\"query-input\":{\"@type\":\"PropertyValueSpecification\",\"valueRequired\":true,\"valueName\":\"search_term_string\"}}],\"inLanguage\":\"en-US\"},{\"@type\":\"Person\",\"@id\":\"https:\\\/\\\/www.pcvesti.com\\\/#\\\/schema\\\/person\\\/768108ddc1bdd7f71ac8556bf805102a\",\"name\":\"newsmaster\",\"image\":{\"@type\":\"ImageObject\",\"inLanguage\":\"en-US\",\"@id\":\"https:\\\/\\\/secure.gravatar.com\\\/avatar\\\/c98a03ccaf0a032c2a3d01b09438cf41bfe614d7fa1af20229886a67bfaaa000?s=96&d=mm&r=g\",\"url\":\"https:\\\/\\\/secure.gravatar.com\\\/avatar\\\/c98a03ccaf0a032c2a3d01b09438cf41bfe614d7fa1af20229886a67bfaaa000?s=96&d=mm&r=g\",\"contentUrl\":\"https:\\\/\\\/secure.gravatar.com\\\/avatar\\\/c98a03ccaf0a032c2a3d01b09438cf41bfe614d7fa1af20229886a67bfaaa000?s=96&d=mm&r=g\",\"caption\":\"newsmaster\"},\"sameAs\":[\"http:\\\/\\\/www.pcvesti.com\"],\"url\":\"https:\\\/\\\/www.pcvesti.com\\\/?author=3\"}]}<\/script>\n<!-- \/ Yoast SEO plugin. -->","yoast_head_json":{"title":"Postignut dogovor o univerzalnom evropskom punja\u010du telefona - PCVesti","robots":{"index":"index","follow":"follow","max-snippet":"max-snippet:-1","max-image-preview":"max-image-preview:large","max-video-preview":"max-video-preview:-1"},"canonical":"https:\/\/www.pcvesti.com\/?p=5736","og_locale":"en_US","og_type":"article","og_title":"Postignut dogovor o univerzalnom evropskom punja\u010du telefona - PCVesti","og_description":"\u017divot bi uskoro mogao da bude lak\u0161i milionima korisnika mobilnih telefona u Evropi. Industrijski \u0161efovi u Evropska komisija dogovorili su se da porade na punja\u010du tipa \u201ejedna veli\u010dina za sve\u201c.","og_url":"https:\/\/www.pcvesti.com\/?p=5736","og_site_name":"PCVesti","article_published_time":"2009-07-02T08:17:56+00:00","author":"newsmaster","twitter_card":"summary_large_image","twitter_misc":{"Written by":"newsmaster","Est. reading time":"1 minute"},"schema":{"@context":"https:\/\/schema.org","@graph":[{"@type":"Article","@id":"https:\/\/www.pcvesti.com\/?p=5736#article","isPartOf":{"@id":"https:\/\/www.pcvesti.com\/?p=5736"},"author":{"name":"newsmaster","@id":"https:\/\/www.pcvesti.com\/#\/schema\/person\/768108ddc1bdd7f71ac8556bf805102a"},"headline":"Postignut dogovor o univerzalnom evropskom punja\u010du telefona","datePublished":"2009-07-02T08:17:56+00:00","mainEntityOfPage":{"@id":"https:\/\/www.pcvesti.com\/?p=5736"},"wordCount":239,"articleSection":["PC Vesti"],"inLanguage":"en-US"},{"@type":"WebPage","@id":"https:\/\/www.pcvesti.com\/?p=5736","url":"https:\/\/www.pcvesti.com\/?p=5736","name":"Postignut dogovor o univerzalnom evropskom punja\u010du telefona - PCVesti","isPartOf":{"@id":"https:\/\/www.pcvesti.com\/#website"},"datePublished":"2009-07-02T08:17:56+00:00","author":{"@id":"https:\/\/www.pcvesti.com\/#\/schema\/person\/768108ddc1bdd7f71ac8556bf805102a"},"breadcrumb":{"@id":"https:\/\/www.pcvesti.com\/?p=5736#breadcrumb"},"inLanguage":"en-US","potentialAction":[{"@type":"ReadAction","target":["https:\/\/www.pcvesti.com\/?p=5736"]}]},{"@type":"BreadcrumbList","@id":"https:\/\/www.pcvesti.com\/?p=5736#breadcrumb","itemListElement":[{"@type":"ListItem","position":1,"name":"Home","item":"https:\/\/www.pcvesti.com\/"},{"@type":"ListItem","position":2,"name":"Postignut dogovor o univerzalnom evropskom punja\u010du telefona"}]},{"@type":"WebSite","@id":"https:\/\/www.pcvesti.com\/#website","url":"https:\/\/www.pcvesti.com\/","name":"PCVesti","description":"www.pcvesti.com","potentialAction":[{"@type":"SearchAction","target":{"@type":"EntryPoint","urlTemplate":"https:\/\/www.pcvesti.com\/?s={search_term_string}"},"query-input":{"@type":"PropertyValueSpecification","valueRequired":true,"valueName":"search_term_string"}}],"inLanguage":"en-US"},{"@type":"Person","@id":"https:\/\/www.pcvesti.com\/#\/schema\/person\/768108ddc1bdd7f71ac8556bf805102a","name":"newsmaster","image":{"@type":"ImageObject","inLanguage":"en-US","@id":"https:\/\/secure.gravatar.com\/avatar\/c98a03ccaf0a032c2a3d01b09438cf41bfe614d7fa1af20229886a67bfaaa000?s=96&d=mm&r=g","url":"https:\/\/secure.gravatar.com\/avatar\/c98a03ccaf0a032c2a3d01b09438cf41bfe614d7fa1af20229886a67bfaaa000?s=96&d=mm&r=g","contentUrl":"https:\/\/secure.gravatar.com\/avatar\/c98a03ccaf0a032c2a3d01b09438cf41bfe614d7fa1af20229886a67bfaaa000?s=96&d=mm&r=g","caption":"newsmaster"},"sameAs":["http:\/\/www.pcvesti.com"],"url":"https:\/\/www.pcvesti.com\/?author=3"}]}},"_links":{"self":[{"href":"https:\/\/www.pcvesti.com\/index.php?rest_route=\/wp\/v2\/posts\/5736","targetHints":{"allow":["GET"]}}],"collection":[{"href":"https:\/\/www.pcvesti.com\/index.php?rest_route=\/wp\/v2\/posts"}],"about":[{"href":"https:\/\/www.pcvesti.com\/index.php?rest_route=\/wp\/v2\/types\/post"}],"author":[{"embeddable":true,"href":"https:\/\/www.pcvesti.com\/index.php?rest_route=\/wp\/v2\/users\/3"}],"replies":[{"embeddable":true,"href":"https:\/\/www.pcvesti.com\/index.php?rest_route=%2Fwp%2Fv2%2Fcomments&post=5736"}],"version-history":[{"count":0,"href":"https:\/\/www.pcvesti.com\/index.php?rest_route=\/wp\/v2\/posts\/5736\/revisions"}],"wp:attachment":[{"href":"https:\/\/www.pcvesti.com\/index.php?rest_route=%2Fwp%2Fv2%2Fmedia&parent=5736"}],"wp:term":[{"taxonomy":"category","embeddable":true,"href":"https:\/\/www.pcvesti.com\/index.php?rest_route=%2Fwp%2Fv2%2Fcategories&post=5736"},{"taxonomy":"post_tag","embeddable":true,"href":"https:\/\/www.pcvesti.com\/index.php?rest_route=%2Fwp%2Fv2%2Ftags&post=5736"}],"curies":[{"name":"wp","href":"https:\/\/api.w.org\/{rel}","templated":true}]}}