{"id":6493,"date":"2009-07-30T06:18:19","date_gmt":"2009-07-30T13:18:19","guid":{"rendered":"http:\/\/www.pcvesti.com\/stiv-dzobs-govori-na-otvaranju-ces-a-2010\/"},"modified":"2009-07-30T06:18:19","modified_gmt":"2009-07-30T13:18:19","slug":"stiv-dzobs-govori-na-otvaranju-ces-a-2010","status":"publish","type":"post","link":"https:\/\/www.pcvesti.com\/?p=6493","title":{"rendered":"Stiv D\u017eobs govori na otvaranju CES-a 2010?"},"content":{"rendered":"<p>Prema pisanju dnevnog lista Wall Street Journal, Stiv D\u017eobs glavni izvr\u0161ni rukovodilac Applea, dr\u017ea\u0107e jedno od uvodnih izlaganja na predstoje\u0107em sajmu potro\u0161a\u010dke elektronike Consumer Electronics Show (CES), koji \u0107e od 7. do 10. januara 2010. godine biti odr\u017ean u Las Vegasu.U\u010de\u0161\u0107e Applea na predstoje\u0107em CES-u bi mogla da bude dobra vest za organizatore sajma koji je ove godine zabelnoe\u017eio pad posete od 20 posto, me\u0111utim kompanija jo\u0161 uvek nije potvrdila da \u0107e zaista i u\u010destvovati na manifestaciji. Isto tako, neizvesno je i da li \u0107e Stiv D\u017eobs biti jedan od govornika. Sa ili bez Applea i Stiva D\u017eobsa na CES-u 2010, organizatori su najavili da \u0107e proizvodima kompanije biti posve\u0107ena ve\u0107a pa\u017enja nego ranijih godina. Izlo\u017ebeni paviljon pod nazivom \u201ciLounge\u201d \u0107e na predstoje\u0107em sajmu biti pove\u0107an sa pro\u0161logodi\u0161njih 370 kvadratnih metara na 2.300 kvadratnih metara. Trenutno, poznato je da \u0107e uvodna izlaganja na CES-u 2010 odr\u017eati glavni izvr\u0161ni rukovodilac Microsofta Stiv Bolmer i glavni izvr\u0161ni rukovodilac Intela Pol Otelini.<\/p>\n<p>|Search: <a target=\"_blank\" href=\"http:\/\/www.pcvesti.com\/gosearch.php?id=Stiv D\u017eobs govori na otvaranju CES-a 2010?\" title=\"Find More About Stiv D\u017eobs govori na otvaranju CES-a 2010?\">Find More About Stiv D\u017eobs govori na otvaranju CES-a 2010?|<\/a><br \/><!--adsense#ad-post1--><\/p>\n","protected":false},"excerpt":{"rendered":"<p>Prema pisanju dnevnog lista Wall Street Journal, Stiv D\u017eobs glavni izvr\u0161ni rukovodilac Applea, dr\u017ea\u0107e jedno od uvodnih izlaganja na predstoje\u0107em sajmu potro\u0161a\u010dke elektronike Consumer Electronics Show (CES), koji \u0107e od 7. <\/p>\n","protected":false},"author":3,"featured_media":0,"comment_status":"closed","ping_status":"closed","sticky":false,"template":"","format":"standard","meta":{"seo_booster_metabox":"","ngg_post_thumbnail":0,"slim_seo":{"title":"Stiv D\u017eobs govori na otvaranju CES-a 2010? - PCVesti","description":"Prema pisanju dnevnog lista Wall Street Journal, Stiv D\u017eobs glavni izvr\u0161ni rukovodilac Applea, dr\u017ea\u0107e jedno od uvodnih izlaganja na predstoje\u0107em sajmu potro\u0161a\u010dk"},"footnotes":""},"categories":[5],"tags":[],"class_list":["post-6493","post","type-post","status-publish","format-standard","hentry","category-pc-vesti"],"yoast_head":"<!-- This site is optimized with the Yoast SEO plugin v27.5 - https:\/\/yoast.com\/product\/yoast-seo-wordpress\/ -->\n<title>Stiv D\u017eobs govori na otvaranju CES-a 2010? - PCVesti<\/title>\n<meta name=\"robots\" content=\"index, follow, max-snippet:-1, max-image-preview:large, max-video-preview:-1\" \/>\n<link rel=\"canonical\" href=\"https:\/\/www.pcvesti.com\/?p=6493\" \/>\n<meta property=\"og:locale\" content=\"en_US\" \/>\n<meta property=\"og:type\" content=\"article\" \/>\n<meta property=\"og:title\" content=\"Stiv D\u017eobs govori na otvaranju CES-a 2010? - PCVesti\" \/>\n<meta property=\"og:description\" content=\"Prema pisanju dnevnog lista Wall Street Journal, Stiv D\u017eobs glavni izvr\u0161ni rukovodilac Applea, dr\u017ea\u0107e jedno od uvodnih izlaganja na predstoje\u0107em sajmu potro\u0161a\u010dke elektronike Consumer Electronics Show (CES), koji \u0107e od 7.\" \/>\n<meta property=\"og:url\" content=\"https:\/\/www.pcvesti.com\/?p=6493\" \/>\n<meta property=\"og:site_name\" content=\"PCVesti\" \/>\n<meta property=\"article:published_time\" content=\"2009-07-30T13:18:19+00:00\" \/>\n<meta name=\"author\" content=\"newsmaster\" \/>\n<meta name=\"twitter:card\" content=\"summary_large_image\" \/>\n<meta name=\"twitter:label1\" content=\"Written by\" \/>\n\t<meta name=\"twitter:data1\" content=\"newsmaster\" \/>\n\t<meta name=\"twitter:label2\" content=\"Est. reading time\" \/>\n\t<meta name=\"twitter:data2\" content=\"1 minute\" \/>\n<script type=\"application\/ld+json\" class=\"yoast-schema-graph\">{\"@context\":\"https:\\\/\\\/schema.org\",\"@graph\":[{\"@type\":\"Article\",\"@id\":\"https:\\\/\\\/www.pcvesti.com\\\/?p=6493#article\",\"isPartOf\":{\"@id\":\"https:\\\/\\\/www.pcvesti.com\\\/?p=6493\"},\"author\":{\"name\":\"newsmaster\",\"@id\":\"https:\\\/\\\/www.pcvesti.com\\\/#\\\/schema\\\/person\\\/768108ddc1bdd7f71ac8556bf805102a\"},\"headline\":\"Stiv D\u017eobs govori na otvaranju CES-a 2010?\",\"datePublished\":\"2009-07-30T13:18:19+00:00\",\"mainEntityOfPage\":{\"@id\":\"https:\\\/\\\/www.pcvesti.com\\\/?p=6493\"},\"wordCount\":197,\"articleSection\":[\"PC Vesti\"],\"inLanguage\":\"en-US\"},{\"@type\":\"WebPage\",\"@id\":\"https:\\\/\\\/www.pcvesti.com\\\/?p=6493\",\"url\":\"https:\\\/\\\/www.pcvesti.com\\\/?p=6493\",\"name\":\"Stiv D\u017eobs govori na otvaranju CES-a 2010? - PCVesti\",\"isPartOf\":{\"@id\":\"https:\\\/\\\/www.pcvesti.com\\\/#website\"},\"datePublished\":\"2009-07-30T13:18:19+00:00\",\"author\":{\"@id\":\"https:\\\/\\\/www.pcvesti.com\\\/#\\\/schema\\\/person\\\/768108ddc1bdd7f71ac8556bf805102a\"},\"breadcrumb\":{\"@id\":\"https:\\\/\\\/www.pcvesti.com\\\/?p=6493#breadcrumb\"},\"inLanguage\":\"en-US\",\"potentialAction\":[{\"@type\":\"ReadAction\",\"target\":[\"https:\\\/\\\/www.pcvesti.com\\\/?p=6493\"]}]},{\"@type\":\"BreadcrumbList\",\"@id\":\"https:\\\/\\\/www.pcvesti.com\\\/?p=6493#breadcrumb\",\"itemListElement\":[{\"@type\":\"ListItem\",\"position\":1,\"name\":\"Home\",\"item\":\"https:\\\/\\\/www.pcvesti.com\\\/\"},{\"@type\":\"ListItem\",\"position\":2,\"name\":\"Stiv D\u017eobs govori na otvaranju CES-a 2010?\"}]},{\"@type\":\"WebSite\",\"@id\":\"https:\\\/\\\/www.pcvesti.com\\\/#website\",\"url\":\"https:\\\/\\\/www.pcvesti.com\\\/\",\"name\":\"PCVesti\",\"description\":\"www.pcvesti.com\",\"potentialAction\":[{\"@type\":\"SearchAction\",\"target\":{\"@type\":\"EntryPoint\",\"urlTemplate\":\"https:\\\/\\\/www.pcvesti.com\\\/?s={search_term_string}\"},\"query-input\":{\"@type\":\"PropertyValueSpecification\",\"valueRequired\":true,\"valueName\":\"search_term_string\"}}],\"inLanguage\":\"en-US\"},{\"@type\":\"Person\",\"@id\":\"https:\\\/\\\/www.pcvesti.com\\\/#\\\/schema\\\/person\\\/768108ddc1bdd7f71ac8556bf805102a\",\"name\":\"newsmaster\",\"image\":{\"@type\":\"ImageObject\",\"inLanguage\":\"en-US\",\"@id\":\"https:\\\/\\\/secure.gravatar.com\\\/avatar\\\/c98a03ccaf0a032c2a3d01b09438cf41bfe614d7fa1af20229886a67bfaaa000?s=96&d=mm&r=g\",\"url\":\"https:\\\/\\\/secure.gravatar.com\\\/avatar\\\/c98a03ccaf0a032c2a3d01b09438cf41bfe614d7fa1af20229886a67bfaaa000?s=96&d=mm&r=g\",\"contentUrl\":\"https:\\\/\\\/secure.gravatar.com\\\/avatar\\\/c98a03ccaf0a032c2a3d01b09438cf41bfe614d7fa1af20229886a67bfaaa000?s=96&d=mm&r=g\",\"caption\":\"newsmaster\"},\"sameAs\":[\"http:\\\/\\\/www.pcvesti.com\"],\"url\":\"https:\\\/\\\/www.pcvesti.com\\\/?author=3\"}]}<\/script>\n<!-- \/ Yoast SEO plugin. -->","yoast_head_json":{"title":"Stiv D\u017eobs govori na otvaranju CES-a 2010? - PCVesti","robots":{"index":"index","follow":"follow","max-snippet":"max-snippet:-1","max-image-preview":"max-image-preview:large","max-video-preview":"max-video-preview:-1"},"canonical":"https:\/\/www.pcvesti.com\/?p=6493","og_locale":"en_US","og_type":"article","og_title":"Stiv D\u017eobs govori na otvaranju CES-a 2010? - PCVesti","og_description":"Prema pisanju dnevnog lista Wall Street Journal, Stiv D\u017eobs glavni izvr\u0161ni rukovodilac Applea, dr\u017ea\u0107e jedno od uvodnih izlaganja na predstoje\u0107em sajmu potro\u0161a\u010dke elektronike Consumer Electronics Show (CES), koji \u0107e od 7.","og_url":"https:\/\/www.pcvesti.com\/?p=6493","og_site_name":"PCVesti","article_published_time":"2009-07-30T13:18:19+00:00","author":"newsmaster","twitter_card":"summary_large_image","twitter_misc":{"Written by":"newsmaster","Est. reading time":"1 minute"},"schema":{"@context":"https:\/\/schema.org","@graph":[{"@type":"Article","@id":"https:\/\/www.pcvesti.com\/?p=6493#article","isPartOf":{"@id":"https:\/\/www.pcvesti.com\/?p=6493"},"author":{"name":"newsmaster","@id":"https:\/\/www.pcvesti.com\/#\/schema\/person\/768108ddc1bdd7f71ac8556bf805102a"},"headline":"Stiv D\u017eobs govori na otvaranju CES-a 2010?","datePublished":"2009-07-30T13:18:19+00:00","mainEntityOfPage":{"@id":"https:\/\/www.pcvesti.com\/?p=6493"},"wordCount":197,"articleSection":["PC Vesti"],"inLanguage":"en-US"},{"@type":"WebPage","@id":"https:\/\/www.pcvesti.com\/?p=6493","url":"https:\/\/www.pcvesti.com\/?p=6493","name":"Stiv D\u017eobs govori na otvaranju CES-a 2010? - PCVesti","isPartOf":{"@id":"https:\/\/www.pcvesti.com\/#website"},"datePublished":"2009-07-30T13:18:19+00:00","author":{"@id":"https:\/\/www.pcvesti.com\/#\/schema\/person\/768108ddc1bdd7f71ac8556bf805102a"},"breadcrumb":{"@id":"https:\/\/www.pcvesti.com\/?p=6493#breadcrumb"},"inLanguage":"en-US","potentialAction":[{"@type":"ReadAction","target":["https:\/\/www.pcvesti.com\/?p=6493"]}]},{"@type":"BreadcrumbList","@id":"https:\/\/www.pcvesti.com\/?p=6493#breadcrumb","itemListElement":[{"@type":"ListItem","position":1,"name":"Home","item":"https:\/\/www.pcvesti.com\/"},{"@type":"ListItem","position":2,"name":"Stiv D\u017eobs govori na otvaranju CES-a 2010?"}]},{"@type":"WebSite","@id":"https:\/\/www.pcvesti.com\/#website","url":"https:\/\/www.pcvesti.com\/","name":"PCVesti","description":"www.pcvesti.com","potentialAction":[{"@type":"SearchAction","target":{"@type":"EntryPoint","urlTemplate":"https:\/\/www.pcvesti.com\/?s={search_term_string}"},"query-input":{"@type":"PropertyValueSpecification","valueRequired":true,"valueName":"search_term_string"}}],"inLanguage":"en-US"},{"@type":"Person","@id":"https:\/\/www.pcvesti.com\/#\/schema\/person\/768108ddc1bdd7f71ac8556bf805102a","name":"newsmaster","image":{"@type":"ImageObject","inLanguage":"en-US","@id":"https:\/\/secure.gravatar.com\/avatar\/c98a03ccaf0a032c2a3d01b09438cf41bfe614d7fa1af20229886a67bfaaa000?s=96&d=mm&r=g","url":"https:\/\/secure.gravatar.com\/avatar\/c98a03ccaf0a032c2a3d01b09438cf41bfe614d7fa1af20229886a67bfaaa000?s=96&d=mm&r=g","contentUrl":"https:\/\/secure.gravatar.com\/avatar\/c98a03ccaf0a032c2a3d01b09438cf41bfe614d7fa1af20229886a67bfaaa000?s=96&d=mm&r=g","caption":"newsmaster"},"sameAs":["http:\/\/www.pcvesti.com"],"url":"https:\/\/www.pcvesti.com\/?author=3"}]}},"_links":{"self":[{"href":"https:\/\/www.pcvesti.com\/index.php?rest_route=\/wp\/v2\/posts\/6493","targetHints":{"allow":["GET"]}}],"collection":[{"href":"https:\/\/www.pcvesti.com\/index.php?rest_route=\/wp\/v2\/posts"}],"about":[{"href":"https:\/\/www.pcvesti.com\/index.php?rest_route=\/wp\/v2\/types\/post"}],"author":[{"embeddable":true,"href":"https:\/\/www.pcvesti.com\/index.php?rest_route=\/wp\/v2\/users\/3"}],"replies":[{"embeddable":true,"href":"https:\/\/www.pcvesti.com\/index.php?rest_route=%2Fwp%2Fv2%2Fcomments&post=6493"}],"version-history":[{"count":0,"href":"https:\/\/www.pcvesti.com\/index.php?rest_route=\/wp\/v2\/posts\/6493\/revisions"}],"wp:attachment":[{"href":"https:\/\/www.pcvesti.com\/index.php?rest_route=%2Fwp%2Fv2%2Fmedia&parent=6493"}],"wp:term":[{"taxonomy":"category","embeddable":true,"href":"https:\/\/www.pcvesti.com\/index.php?rest_route=%2Fwp%2Fv2%2Fcategories&post=6493"},{"taxonomy":"post_tag","embeddable":true,"href":"https:\/\/www.pcvesti.com\/index.php?rest_route=%2Fwp%2Fv2%2Ftags&post=6493"}],"curies":[{"name":"wp","href":"https:\/\/api.w.org\/{rel}","templated":true}]}}