{"id":6494,"date":"2009-07-30T06:18:19","date_gmt":"2009-07-30T13:18:19","guid":{"rendered":"http:\/\/www.pcvesti.com\/sony-i-sharp-postigli-dogovor-o-zajednickoj-saradnji\/"},"modified":"2009-07-30T06:18:19","modified_gmt":"2009-07-30T13:18:19","slug":"sony-i-sharp-postigli-dogovor-o-zajednickoj-saradnji","status":"publish","type":"post","link":"https:\/\/www.pcvesti.com\/?p=6494","title":{"rendered":"Sony i Sharp postigli dogovor o zajedni\u010dkoj saradnji"},"content":{"rendered":"<p>Kompanije Sharp i Sony saop\u0161tile su da su postigle dogovor o o zajedni\u010dkoj saradnji u proizvodnji LCD ekrana. Radi se o okon\u010danju ranije zapo\u010detih razgovora o saradnji, koji su jedno vreme bili dovedena u pitanje.Sony i Sharp su u februaru 2008. godine potpisali Memorandum o razumevanju, na osnovu koga je trebalo utvrde uslove budu\u0107e saradnje, kao i na\u010din za formiranje zajedni\u010dke kompanije koja bi preuzela upravljanje fabrikom LCD ekrana. Me\u0111utim, nakon izbijanja svetske ekonomske krize, dve kompanije su se po\u010detkom ove godine saglasile da nova situacija zahteva ponovno razmatranje planova. U skladu sa tim stavom razgovori su nastavljeni, i prema re\u010dima predstavnika dve kompanije uspe\u0161no okon\u010dani.Na osnovu postignutog dogovora, Sony \u0107e u zajedni\u010dkoj kompaniji koja \u0107e upravljati novom fabrikom LCD panela u gradu Sakai na zapadu Japana imati 34 posto vlasni\u0161tva. I pored neizvesne sudbine pregovora, gradnja te fabrike, vredne 4,2 milijarde dolara, nije bila obustavljena. Nova fabrika \u0107e biti najmoderniji proizvodni pogon te vrste u svetu i omogu\u0107i\u0107e Sonyju stabilno snabdevanje LCD panelima koji se koriste u proizvodnji TV prijemnika iz serije Bravia. O\u010dekuje se da proizvodnja u fabrici zapo\u010dne u martu 2010. godine.U novoj fabrici \u0107e se koristiti tzv. tehnologija desete generacije koja mo\u017ee da radi sa staklenim osnovama dimenzija 285 x 305 cm. \u201cGeneraciju\u201d odre\u0111uje upravo najve\u0107a podr\u017eana veli\u010dina staklene osnove, odnosno broj panela koji se od nje mo\u017ee dobiti. Ve\u0107e osnove omogu\u0107avaju dobijanje ve\u0107eg broja panela, samim tim i jeftiniju proizvodnju panela velikih dijagonala, ali zahtevaju bolju proizvodnu opremu; deseta generacija je trenutno vrhunac tehnologije.U novoj fabrici \u0107e iz jedne staklene osnove dimenzija 285 x 305 cm mo\u0107i da se dobije \u0161est 60-in\u010dnih, ili osam 50-in\u010dnih, odnosno 15 40-in\u010dnih LCD panela. Fabrika \u0107e u po\u010detku proizvoditi 36.000 staklenih osnova mese\u010dno, ali \u0107e obim proizvodnje postepeno biti pove\u0107avan sve dok ne bude dostignuta proizvodnja od 72.000 staklenih osnova mese\u010dno.<\/p>\n<p>|Search: <a target=\"_blank\" href=\"http:\/\/www.pcvesti.com\/gosearch.php?id=Sony i Sharp postigli dogovor o zajedni\u010dkoj saradnji\" title=\"Find More About Sony i Sharp postigli dogovor o zajedni\u010dkoj saradnji\">Find More About Sony i Sharp postigli dogovor o zajedni\u010dkoj saradnji|<\/a><br \/><!--adsense#ad-post1--><\/p>\n","protected":false},"excerpt":{"rendered":"<p>Kompanije Sharp i Sony saop\u0161tile su da su postigle dogovor o o zajedni\u010dkoj saradnji u proizvodnji LCD ekrana. Radi se o okon\u010danju ranije zapo\u010detih razgovora o saradnji, koji su jedno vreme bili dovedena u pitanje.Sony i Sharp su u februaru 2008. <\/p>\n","protected":false},"author":3,"featured_media":0,"comment_status":"closed","ping_status":"closed","sticky":false,"template":"","format":"standard","meta":{"seo_booster_metabox":"","ngg_post_thumbnail":0,"slim_seo":{"title":"Sony i Sharp postigli dogovor o zajedni\u010dkoj saradnji - PCVesti","description":"Kompanije Sharp i Sony saop\u0161tile su da su postigle dogovor o o zajedni\u010dkoj saradnji u proizvodnji LCD ekrana. Radi se o okon\u010danju ranije zapo\u010detih razgovora o s"},"footnotes":""},"categories":[5],"tags":[],"class_list":["post-6494","post","type-post","status-publish","format-standard","hentry","category-pc-vesti"],"yoast_head":"<!-- This site is optimized with the Yoast SEO plugin v27.5 - https:\/\/yoast.com\/product\/yoast-seo-wordpress\/ -->\n<title>Sony i Sharp postigli dogovor o zajedni\u010dkoj saradnji - PCVesti<\/title>\n<meta name=\"robots\" content=\"index, follow, max-snippet:-1, max-image-preview:large, max-video-preview:-1\" \/>\n<link rel=\"canonical\" href=\"https:\/\/www.pcvesti.com\/?p=6494\" \/>\n<meta property=\"og:locale\" content=\"en_US\" \/>\n<meta property=\"og:type\" content=\"article\" \/>\n<meta property=\"og:title\" content=\"Sony i Sharp postigli dogovor o zajedni\u010dkoj saradnji - PCVesti\" \/>\n<meta property=\"og:description\" content=\"Kompanije Sharp i Sony saop\u0161tile su da su postigle dogovor o o zajedni\u010dkoj saradnji u proizvodnji LCD ekrana. Radi se o okon\u010danju ranije zapo\u010detih razgovora o saradnji, koji su jedno vreme bili dovedena u pitanje.Sony i Sharp su u februaru 2008.\" \/>\n<meta property=\"og:url\" content=\"https:\/\/www.pcvesti.com\/?p=6494\" \/>\n<meta property=\"og:site_name\" content=\"PCVesti\" \/>\n<meta property=\"article:published_time\" content=\"2009-07-30T13:18:19+00:00\" \/>\n<meta name=\"author\" content=\"newsmaster\" \/>\n<meta name=\"twitter:card\" content=\"summary_large_image\" \/>\n<meta name=\"twitter:label1\" content=\"Written by\" \/>\n\t<meta name=\"twitter:data1\" content=\"newsmaster\" \/>\n\t<meta name=\"twitter:label2\" content=\"Est. reading time\" \/>\n\t<meta name=\"twitter:data2\" content=\"2 minutes\" \/>\n<script type=\"application\/ld+json\" class=\"yoast-schema-graph\">{\"@context\":\"https:\\\/\\\/schema.org\",\"@graph\":[{\"@type\":\"Article\",\"@id\":\"https:\\\/\\\/www.pcvesti.com\\\/?p=6494#article\",\"isPartOf\":{\"@id\":\"https:\\\/\\\/www.pcvesti.com\\\/?p=6494\"},\"author\":{\"name\":\"newsmaster\",\"@id\":\"https:\\\/\\\/www.pcvesti.com\\\/#\\\/schema\\\/person\\\/768108ddc1bdd7f71ac8556bf805102a\"},\"headline\":\"Sony i Sharp postigli dogovor o zajedni\u010dkoj saradnji\",\"datePublished\":\"2009-07-30T13:18:19+00:00\",\"mainEntityOfPage\":{\"@id\":\"https:\\\/\\\/www.pcvesti.com\\\/?p=6494\"},\"wordCount\":352,\"articleSection\":[\"PC Vesti\"],\"inLanguage\":\"en-US\"},{\"@type\":\"WebPage\",\"@id\":\"https:\\\/\\\/www.pcvesti.com\\\/?p=6494\",\"url\":\"https:\\\/\\\/www.pcvesti.com\\\/?p=6494\",\"name\":\"Sony i Sharp postigli dogovor o zajedni\u010dkoj saradnji - PCVesti\",\"isPartOf\":{\"@id\":\"https:\\\/\\\/www.pcvesti.com\\\/#website\"},\"datePublished\":\"2009-07-30T13:18:19+00:00\",\"author\":{\"@id\":\"https:\\\/\\\/www.pcvesti.com\\\/#\\\/schema\\\/person\\\/768108ddc1bdd7f71ac8556bf805102a\"},\"breadcrumb\":{\"@id\":\"https:\\\/\\\/www.pcvesti.com\\\/?p=6494#breadcrumb\"},\"inLanguage\":\"en-US\",\"potentialAction\":[{\"@type\":\"ReadAction\",\"target\":[\"https:\\\/\\\/www.pcvesti.com\\\/?p=6494\"]}]},{\"@type\":\"BreadcrumbList\",\"@id\":\"https:\\\/\\\/www.pcvesti.com\\\/?p=6494#breadcrumb\",\"itemListElement\":[{\"@type\":\"ListItem\",\"position\":1,\"name\":\"Home\",\"item\":\"https:\\\/\\\/www.pcvesti.com\\\/\"},{\"@type\":\"ListItem\",\"position\":2,\"name\":\"Sony i Sharp postigli dogovor o zajedni\u010dkoj saradnji\"}]},{\"@type\":\"WebSite\",\"@id\":\"https:\\\/\\\/www.pcvesti.com\\\/#website\",\"url\":\"https:\\\/\\\/www.pcvesti.com\\\/\",\"name\":\"PCVesti\",\"description\":\"www.pcvesti.com\",\"potentialAction\":[{\"@type\":\"SearchAction\",\"target\":{\"@type\":\"EntryPoint\",\"urlTemplate\":\"https:\\\/\\\/www.pcvesti.com\\\/?s={search_term_string}\"},\"query-input\":{\"@type\":\"PropertyValueSpecification\",\"valueRequired\":true,\"valueName\":\"search_term_string\"}}],\"inLanguage\":\"en-US\"},{\"@type\":\"Person\",\"@id\":\"https:\\\/\\\/www.pcvesti.com\\\/#\\\/schema\\\/person\\\/768108ddc1bdd7f71ac8556bf805102a\",\"name\":\"newsmaster\",\"image\":{\"@type\":\"ImageObject\",\"inLanguage\":\"en-US\",\"@id\":\"https:\\\/\\\/secure.gravatar.com\\\/avatar\\\/c98a03ccaf0a032c2a3d01b09438cf41bfe614d7fa1af20229886a67bfaaa000?s=96&d=mm&r=g\",\"url\":\"https:\\\/\\\/secure.gravatar.com\\\/avatar\\\/c98a03ccaf0a032c2a3d01b09438cf41bfe614d7fa1af20229886a67bfaaa000?s=96&d=mm&r=g\",\"contentUrl\":\"https:\\\/\\\/secure.gravatar.com\\\/avatar\\\/c98a03ccaf0a032c2a3d01b09438cf41bfe614d7fa1af20229886a67bfaaa000?s=96&d=mm&r=g\",\"caption\":\"newsmaster\"},\"sameAs\":[\"http:\\\/\\\/www.pcvesti.com\"],\"url\":\"https:\\\/\\\/www.pcvesti.com\\\/?author=3\"}]}<\/script>\n<!-- \/ Yoast SEO plugin. -->","yoast_head_json":{"title":"Sony i Sharp postigli dogovor o zajedni\u010dkoj saradnji - PCVesti","robots":{"index":"index","follow":"follow","max-snippet":"max-snippet:-1","max-image-preview":"max-image-preview:large","max-video-preview":"max-video-preview:-1"},"canonical":"https:\/\/www.pcvesti.com\/?p=6494","og_locale":"en_US","og_type":"article","og_title":"Sony i Sharp postigli dogovor o zajedni\u010dkoj saradnji - PCVesti","og_description":"Kompanije Sharp i Sony saop\u0161tile su da su postigle dogovor o o zajedni\u010dkoj saradnji u proizvodnji LCD ekrana. Radi se o okon\u010danju ranije zapo\u010detih razgovora o saradnji, koji su jedno vreme bili dovedena u pitanje.Sony i Sharp su u februaru 2008.","og_url":"https:\/\/www.pcvesti.com\/?p=6494","og_site_name":"PCVesti","article_published_time":"2009-07-30T13:18:19+00:00","author":"newsmaster","twitter_card":"summary_large_image","twitter_misc":{"Written by":"newsmaster","Est. reading time":"2 minutes"},"schema":{"@context":"https:\/\/schema.org","@graph":[{"@type":"Article","@id":"https:\/\/www.pcvesti.com\/?p=6494#article","isPartOf":{"@id":"https:\/\/www.pcvesti.com\/?p=6494"},"author":{"name":"newsmaster","@id":"https:\/\/www.pcvesti.com\/#\/schema\/person\/768108ddc1bdd7f71ac8556bf805102a"},"headline":"Sony i Sharp postigli dogovor o zajedni\u010dkoj saradnji","datePublished":"2009-07-30T13:18:19+00:00","mainEntityOfPage":{"@id":"https:\/\/www.pcvesti.com\/?p=6494"},"wordCount":352,"articleSection":["PC Vesti"],"inLanguage":"en-US"},{"@type":"WebPage","@id":"https:\/\/www.pcvesti.com\/?p=6494","url":"https:\/\/www.pcvesti.com\/?p=6494","name":"Sony i Sharp postigli dogovor o zajedni\u010dkoj saradnji - PCVesti","isPartOf":{"@id":"https:\/\/www.pcvesti.com\/#website"},"datePublished":"2009-07-30T13:18:19+00:00","author":{"@id":"https:\/\/www.pcvesti.com\/#\/schema\/person\/768108ddc1bdd7f71ac8556bf805102a"},"breadcrumb":{"@id":"https:\/\/www.pcvesti.com\/?p=6494#breadcrumb"},"inLanguage":"en-US","potentialAction":[{"@type":"ReadAction","target":["https:\/\/www.pcvesti.com\/?p=6494"]}]},{"@type":"BreadcrumbList","@id":"https:\/\/www.pcvesti.com\/?p=6494#breadcrumb","itemListElement":[{"@type":"ListItem","position":1,"name":"Home","item":"https:\/\/www.pcvesti.com\/"},{"@type":"ListItem","position":2,"name":"Sony i Sharp postigli dogovor o zajedni\u010dkoj saradnji"}]},{"@type":"WebSite","@id":"https:\/\/www.pcvesti.com\/#website","url":"https:\/\/www.pcvesti.com\/","name":"PCVesti","description":"www.pcvesti.com","potentialAction":[{"@type":"SearchAction","target":{"@type":"EntryPoint","urlTemplate":"https:\/\/www.pcvesti.com\/?s={search_term_string}"},"query-input":{"@type":"PropertyValueSpecification","valueRequired":true,"valueName":"search_term_string"}}],"inLanguage":"en-US"},{"@type":"Person","@id":"https:\/\/www.pcvesti.com\/#\/schema\/person\/768108ddc1bdd7f71ac8556bf805102a","name":"newsmaster","image":{"@type":"ImageObject","inLanguage":"en-US","@id":"https:\/\/secure.gravatar.com\/avatar\/c98a03ccaf0a032c2a3d01b09438cf41bfe614d7fa1af20229886a67bfaaa000?s=96&d=mm&r=g","url":"https:\/\/secure.gravatar.com\/avatar\/c98a03ccaf0a032c2a3d01b09438cf41bfe614d7fa1af20229886a67bfaaa000?s=96&d=mm&r=g","contentUrl":"https:\/\/secure.gravatar.com\/avatar\/c98a03ccaf0a032c2a3d01b09438cf41bfe614d7fa1af20229886a67bfaaa000?s=96&d=mm&r=g","caption":"newsmaster"},"sameAs":["http:\/\/www.pcvesti.com"],"url":"https:\/\/www.pcvesti.com\/?author=3"}]}},"_links":{"self":[{"href":"https:\/\/www.pcvesti.com\/index.php?rest_route=\/wp\/v2\/posts\/6494","targetHints":{"allow":["GET"]}}],"collection":[{"href":"https:\/\/www.pcvesti.com\/index.php?rest_route=\/wp\/v2\/posts"}],"about":[{"href":"https:\/\/www.pcvesti.com\/index.php?rest_route=\/wp\/v2\/types\/post"}],"author":[{"embeddable":true,"href":"https:\/\/www.pcvesti.com\/index.php?rest_route=\/wp\/v2\/users\/3"}],"replies":[{"embeddable":true,"href":"https:\/\/www.pcvesti.com\/index.php?rest_route=%2Fwp%2Fv2%2Fcomments&post=6494"}],"version-history":[{"count":0,"href":"https:\/\/www.pcvesti.com\/index.php?rest_route=\/wp\/v2\/posts\/6494\/revisions"}],"wp:attachment":[{"href":"https:\/\/www.pcvesti.com\/index.php?rest_route=%2Fwp%2Fv2%2Fmedia&parent=6494"}],"wp:term":[{"taxonomy":"category","embeddable":true,"href":"https:\/\/www.pcvesti.com\/index.php?rest_route=%2Fwp%2Fv2%2Fcategories&post=6494"},{"taxonomy":"post_tag","embeddable":true,"href":"https:\/\/www.pcvesti.com\/index.php?rest_route=%2Fwp%2Fv2%2Ftags&post=6494"}],"curies":[{"name":"wp","href":"https:\/\/api.w.org\/{rel}","templated":true}]}}