{"id":6498,"date":"2009-07-31T03:42:32","date_gmt":"2009-07-31T10:42:32","guid":{"rendered":"http:\/\/www.pcvesti.com\/novi-procesori-atom-stizu-krajem-godine\/"},"modified":"2009-07-31T03:42:32","modified_gmt":"2009-07-31T10:42:32","slug":"novi-procesori-atom-stizu-krajem-godine","status":"publish","type":"post","link":"https:\/\/www.pcvesti.com\/?p=6498","title":{"rendered":"Novi procesori Atom sti\u017eu krajem godine"},"content":{"rendered":"<p>Intel je u sredu najavio da \u0107e novi procesori Atom sti\u0107i krajem ove godine, odbacuju\u0107i izve\u0161taje u kome je datum njihovog pojavljivanja bio pomeren za 2010 godinu.U utorak su se pojavili izve\u0161taji u kojima se tvrdilo da \u0107e isporuke nove Intelove platforme Atom, poznate pod radnim imenom Pine Trail-M, biti pomerene za 2010. godinu. Platforma Pine Trail-M predstavlja u potpunosti novu arhitekturu za proceosre Atom, u kojoj su integrisani centralni procesor, memorijski kontroler i grafi\u010dki procesor.Ovu vest su kategori\u010dki demantovali Intelovi rukovodioci, najavljuju\u0107i da \u0107e prve koli\u010dine novih Atoma biti isporu\u010dene proizvo\u0111a\u010dima ra\u010dunara krajem ove godine. Ta\u010dan datum pojavljivanja nije preciziran, ali \u0107e demonstracioni ra\u010dunari zasnovani na novoj platformi biti izlo\u017eeni u septembru na konferenciji Intel Developer Forum.Od platforme Pine Trail o\u010dekuje se da omogu\u0107i prenosivim Internet ra\u010dunarima ve\u0107u \u0161tedljivost i bolje performanse. Integrisan memorijski kontroler omogu\u0107i\u0107e br\u017eu komunikaciju izma\u0111u sistemske memorije i procesora, \u0161to \u0107e umanjiti latentnost memorije koja karakteri\u0161e postoje\u0107u arhitekturu Atom. Integrisani grafi\u010dki procesor doprine\u0107e boljoj reprodukciji multimedije i omogu\u0107i\u0107e lak\u0161u komunikaciju centralnog procesora sa ostalim komponentama.Aktuelna Intelova arhitektura sme\u0161ta grafi\u010dke mogu\u0107nosti i memorijski kontroler na zasebne \u010dipove. S obzirom na to da korisnici imaju sve ve\u0107e zahteve kada je grafika u pitanju, skup \u010dipova 945GSE, koji se trenutno koristi na Internet ra\u010dunarima, sve vi\u0161e se nalazi na udaru kritika zbog ograni\u010denih mogu\u0107nosti, naro\u010dito u odnosu na Nvidijinu platformu Ion koja uparuje procesor Atom sa grafi\u010dkim procesorom GeForce.Platforma Pine Trail sastoji se od manjeg broja \u010dipova u odnosu na prethodnu arhitekturu \u0161to bi trebalo da omogu\u0107i proizvo\u0111a\u010dima ra\u010dunara da dizajniraju tanje prenosive ra\u010dunare.<\/p>\n<p>|Search: <a target=\"_blank\" href=\"http:\/\/www.pcvesti.com\/gosearch.php?id=Novi procesori Atom sti\u017eu krajem godine\" title=\"Find More About Novi procesori Atom sti\u017eu krajem godine\">Find More About Novi procesori Atom sti\u017eu krajem godine|<\/a><br \/><!--adsense#ad-post1--><\/p>\n","protected":false},"excerpt":{"rendered":"<p>Intel je u sredu najavio da \u0107e novi procesori Atom sti\u0107i krajem ove godine, odbacuju\u0107i izve\u0161taje u kome je datum njihovog pojavljivanja bio pomeren za 2010 godinu.U utorak su se pojavili izve\u0161taji u kojima se tvrdilo da \u0107e isporuke nove Intelove platforme Atom, poznate pod radnim imenom Pine Trail-M, biti pomerene za 2010. godinu. <\/p>\n","protected":false},"author":3,"featured_media":0,"comment_status":"closed","ping_status":"closed","sticky":false,"template":"","format":"standard","meta":{"seo_booster_metabox":"","ngg_post_thumbnail":0,"slim_seo":{"title":"Novi procesori Atom sti\u017eu krajem godine - PCVesti","description":"Intel je u sredu najavio da \u0107e novi procesori Atom sti\u0107i krajem ove godine, odbacuju\u0107i izve\u0161taje u kome je datum njihovog pojavljivanja bio pomeren za 2010 godi"},"footnotes":""},"categories":[5],"tags":[],"class_list":["post-6498","post","type-post","status-publish","format-standard","hentry","category-pc-vesti"],"yoast_head":"<!-- This site is optimized with the Yoast SEO plugin v27.5 - https:\/\/yoast.com\/product\/yoast-seo-wordpress\/ -->\n<title>Novi procesori Atom sti\u017eu krajem godine - PCVesti<\/title>\n<meta name=\"robots\" content=\"index, follow, max-snippet:-1, max-image-preview:large, max-video-preview:-1\" \/>\n<link rel=\"canonical\" href=\"https:\/\/www.pcvesti.com\/?p=6498\" \/>\n<meta property=\"og:locale\" content=\"en_US\" \/>\n<meta property=\"og:type\" content=\"article\" \/>\n<meta property=\"og:title\" content=\"Novi procesori Atom sti\u017eu krajem godine - PCVesti\" \/>\n<meta property=\"og:description\" content=\"Intel je u sredu najavio da \u0107e novi procesori Atom sti\u0107i krajem ove godine, odbacuju\u0107i izve\u0161taje u kome je datum njihovog pojavljivanja bio pomeren za 2010 godinu.U utorak su se pojavili izve\u0161taji u kojima se tvrdilo da \u0107e isporuke nove Intelove platforme Atom, poznate pod radnim imenom Pine Trail-M, biti pomerene za 2010. godinu.\" \/>\n<meta property=\"og:url\" content=\"https:\/\/www.pcvesti.com\/?p=6498\" \/>\n<meta property=\"og:site_name\" content=\"PCVesti\" \/>\n<meta property=\"article:published_time\" content=\"2009-07-31T10:42:32+00:00\" \/>\n<meta name=\"author\" content=\"newsmaster\" \/>\n<meta name=\"twitter:card\" content=\"summary_large_image\" \/>\n<meta name=\"twitter:label1\" content=\"Written by\" \/>\n\t<meta name=\"twitter:data1\" content=\"newsmaster\" \/>\n\t<meta name=\"twitter:label2\" content=\"Est. reading time\" \/>\n\t<meta name=\"twitter:data2\" content=\"2 minutes\" \/>\n<script type=\"application\/ld+json\" class=\"yoast-schema-graph\">{\"@context\":\"https:\\\/\\\/schema.org\",\"@graph\":[{\"@type\":\"Article\",\"@id\":\"https:\\\/\\\/www.pcvesti.com\\\/?p=6498#article\",\"isPartOf\":{\"@id\":\"https:\\\/\\\/www.pcvesti.com\\\/?p=6498\"},\"author\":{\"name\":\"newsmaster\",\"@id\":\"https:\\\/\\\/www.pcvesti.com\\\/#\\\/schema\\\/person\\\/768108ddc1bdd7f71ac8556bf805102a\"},\"headline\":\"Novi procesori Atom sti\u017eu krajem godine\",\"datePublished\":\"2009-07-31T10:42:32+00:00\",\"mainEntityOfPage\":{\"@id\":\"https:\\\/\\\/www.pcvesti.com\\\/?p=6498\"},\"wordCount\":322,\"articleSection\":[\"PC Vesti\"],\"inLanguage\":\"en-US\"},{\"@type\":\"WebPage\",\"@id\":\"https:\\\/\\\/www.pcvesti.com\\\/?p=6498\",\"url\":\"https:\\\/\\\/www.pcvesti.com\\\/?p=6498\",\"name\":\"Novi procesori Atom sti\u017eu krajem godine - PCVesti\",\"isPartOf\":{\"@id\":\"https:\\\/\\\/www.pcvesti.com\\\/#website\"},\"datePublished\":\"2009-07-31T10:42:32+00:00\",\"author\":{\"@id\":\"https:\\\/\\\/www.pcvesti.com\\\/#\\\/schema\\\/person\\\/768108ddc1bdd7f71ac8556bf805102a\"},\"breadcrumb\":{\"@id\":\"https:\\\/\\\/www.pcvesti.com\\\/?p=6498#breadcrumb\"},\"inLanguage\":\"en-US\",\"potentialAction\":[{\"@type\":\"ReadAction\",\"target\":[\"https:\\\/\\\/www.pcvesti.com\\\/?p=6498\"]}]},{\"@type\":\"BreadcrumbList\",\"@id\":\"https:\\\/\\\/www.pcvesti.com\\\/?p=6498#breadcrumb\",\"itemListElement\":[{\"@type\":\"ListItem\",\"position\":1,\"name\":\"Home\",\"item\":\"https:\\\/\\\/www.pcvesti.com\\\/\"},{\"@type\":\"ListItem\",\"position\":2,\"name\":\"Novi procesori Atom sti\u017eu krajem godine\"}]},{\"@type\":\"WebSite\",\"@id\":\"https:\\\/\\\/www.pcvesti.com\\\/#website\",\"url\":\"https:\\\/\\\/www.pcvesti.com\\\/\",\"name\":\"PCVesti\",\"description\":\"www.pcvesti.com\",\"potentialAction\":[{\"@type\":\"SearchAction\",\"target\":{\"@type\":\"EntryPoint\",\"urlTemplate\":\"https:\\\/\\\/www.pcvesti.com\\\/?s={search_term_string}\"},\"query-input\":{\"@type\":\"PropertyValueSpecification\",\"valueRequired\":true,\"valueName\":\"search_term_string\"}}],\"inLanguage\":\"en-US\"},{\"@type\":\"Person\",\"@id\":\"https:\\\/\\\/www.pcvesti.com\\\/#\\\/schema\\\/person\\\/768108ddc1bdd7f71ac8556bf805102a\",\"name\":\"newsmaster\",\"image\":{\"@type\":\"ImageObject\",\"inLanguage\":\"en-US\",\"@id\":\"https:\\\/\\\/secure.gravatar.com\\\/avatar\\\/c98a03ccaf0a032c2a3d01b09438cf41bfe614d7fa1af20229886a67bfaaa000?s=96&d=mm&r=g\",\"url\":\"https:\\\/\\\/secure.gravatar.com\\\/avatar\\\/c98a03ccaf0a032c2a3d01b09438cf41bfe614d7fa1af20229886a67bfaaa000?s=96&d=mm&r=g\",\"contentUrl\":\"https:\\\/\\\/secure.gravatar.com\\\/avatar\\\/c98a03ccaf0a032c2a3d01b09438cf41bfe614d7fa1af20229886a67bfaaa000?s=96&d=mm&r=g\",\"caption\":\"newsmaster\"},\"sameAs\":[\"http:\\\/\\\/www.pcvesti.com\"],\"url\":\"https:\\\/\\\/www.pcvesti.com\\\/?author=3\"}]}<\/script>\n<!-- \/ Yoast SEO plugin. -->","yoast_head_json":{"title":"Novi procesori Atom sti\u017eu krajem godine - PCVesti","robots":{"index":"index","follow":"follow","max-snippet":"max-snippet:-1","max-image-preview":"max-image-preview:large","max-video-preview":"max-video-preview:-1"},"canonical":"https:\/\/www.pcvesti.com\/?p=6498","og_locale":"en_US","og_type":"article","og_title":"Novi procesori Atom sti\u017eu krajem godine - PCVesti","og_description":"Intel je u sredu najavio da \u0107e novi procesori Atom sti\u0107i krajem ove godine, odbacuju\u0107i izve\u0161taje u kome je datum njihovog pojavljivanja bio pomeren za 2010 godinu.U utorak su se pojavili izve\u0161taji u kojima se tvrdilo da \u0107e isporuke nove Intelove platforme Atom, poznate pod radnim imenom Pine Trail-M, biti pomerene za 2010. godinu.","og_url":"https:\/\/www.pcvesti.com\/?p=6498","og_site_name":"PCVesti","article_published_time":"2009-07-31T10:42:32+00:00","author":"newsmaster","twitter_card":"summary_large_image","twitter_misc":{"Written by":"newsmaster","Est. reading time":"2 minutes"},"schema":{"@context":"https:\/\/schema.org","@graph":[{"@type":"Article","@id":"https:\/\/www.pcvesti.com\/?p=6498#article","isPartOf":{"@id":"https:\/\/www.pcvesti.com\/?p=6498"},"author":{"name":"newsmaster","@id":"https:\/\/www.pcvesti.com\/#\/schema\/person\/768108ddc1bdd7f71ac8556bf805102a"},"headline":"Novi procesori Atom sti\u017eu krajem godine","datePublished":"2009-07-31T10:42:32+00:00","mainEntityOfPage":{"@id":"https:\/\/www.pcvesti.com\/?p=6498"},"wordCount":322,"articleSection":["PC Vesti"],"inLanguage":"en-US"},{"@type":"WebPage","@id":"https:\/\/www.pcvesti.com\/?p=6498","url":"https:\/\/www.pcvesti.com\/?p=6498","name":"Novi procesori Atom sti\u017eu krajem godine - PCVesti","isPartOf":{"@id":"https:\/\/www.pcvesti.com\/#website"},"datePublished":"2009-07-31T10:42:32+00:00","author":{"@id":"https:\/\/www.pcvesti.com\/#\/schema\/person\/768108ddc1bdd7f71ac8556bf805102a"},"breadcrumb":{"@id":"https:\/\/www.pcvesti.com\/?p=6498#breadcrumb"},"inLanguage":"en-US","potentialAction":[{"@type":"ReadAction","target":["https:\/\/www.pcvesti.com\/?p=6498"]}]},{"@type":"BreadcrumbList","@id":"https:\/\/www.pcvesti.com\/?p=6498#breadcrumb","itemListElement":[{"@type":"ListItem","position":1,"name":"Home","item":"https:\/\/www.pcvesti.com\/"},{"@type":"ListItem","position":2,"name":"Novi procesori Atom sti\u017eu krajem godine"}]},{"@type":"WebSite","@id":"https:\/\/www.pcvesti.com\/#website","url":"https:\/\/www.pcvesti.com\/","name":"PCVesti","description":"www.pcvesti.com","potentialAction":[{"@type":"SearchAction","target":{"@type":"EntryPoint","urlTemplate":"https:\/\/www.pcvesti.com\/?s={search_term_string}"},"query-input":{"@type":"PropertyValueSpecification","valueRequired":true,"valueName":"search_term_string"}}],"inLanguage":"en-US"},{"@type":"Person","@id":"https:\/\/www.pcvesti.com\/#\/schema\/person\/768108ddc1bdd7f71ac8556bf805102a","name":"newsmaster","image":{"@type":"ImageObject","inLanguage":"en-US","@id":"https:\/\/secure.gravatar.com\/avatar\/c98a03ccaf0a032c2a3d01b09438cf41bfe614d7fa1af20229886a67bfaaa000?s=96&d=mm&r=g","url":"https:\/\/secure.gravatar.com\/avatar\/c98a03ccaf0a032c2a3d01b09438cf41bfe614d7fa1af20229886a67bfaaa000?s=96&d=mm&r=g","contentUrl":"https:\/\/secure.gravatar.com\/avatar\/c98a03ccaf0a032c2a3d01b09438cf41bfe614d7fa1af20229886a67bfaaa000?s=96&d=mm&r=g","caption":"newsmaster"},"sameAs":["http:\/\/www.pcvesti.com"],"url":"https:\/\/www.pcvesti.com\/?author=3"}]}},"_links":{"self":[{"href":"https:\/\/www.pcvesti.com\/index.php?rest_route=\/wp\/v2\/posts\/6498","targetHints":{"allow":["GET"]}}],"collection":[{"href":"https:\/\/www.pcvesti.com\/index.php?rest_route=\/wp\/v2\/posts"}],"about":[{"href":"https:\/\/www.pcvesti.com\/index.php?rest_route=\/wp\/v2\/types\/post"}],"author":[{"embeddable":true,"href":"https:\/\/www.pcvesti.com\/index.php?rest_route=\/wp\/v2\/users\/3"}],"replies":[{"embeddable":true,"href":"https:\/\/www.pcvesti.com\/index.php?rest_route=%2Fwp%2Fv2%2Fcomments&post=6498"}],"version-history":[{"count":0,"href":"https:\/\/www.pcvesti.com\/index.php?rest_route=\/wp\/v2\/posts\/6498\/revisions"}],"wp:attachment":[{"href":"https:\/\/www.pcvesti.com\/index.php?rest_route=%2Fwp%2Fv2%2Fmedia&parent=6498"}],"wp:term":[{"taxonomy":"category","embeddable":true,"href":"https:\/\/www.pcvesti.com\/index.php?rest_route=%2Fwp%2Fv2%2Fcategories&post=6498"},{"taxonomy":"post_tag","embeddable":true,"href":"https:\/\/www.pcvesti.com\/index.php?rest_route=%2Fwp%2Fv2%2Ftags&post=6498"}],"curies":[{"name":"wp","href":"https:\/\/api.w.org\/{rel}","templated":true}]}}