{"id":6641,"date":"2009-08-13T19:05:03","date_gmt":"2009-08-14T02:05:03","guid":{"rendered":"http:\/\/www.pcvesti.com\/cs-ubuduce-samo-na-macovima-sa-intelovim-procesorima\/"},"modified":"2009-08-13T19:05:03","modified_gmt":"2009-08-14T02:05:03","slug":"cs-ubuduce-samo-na-macovima-sa-intelovim-procesorima","status":"publish","type":"post","link":"https:\/\/www.pcvesti.com\/?p=6641","title":{"rendered":"CS ubudu\u0107e samo na Macovima sa Intelovim procesorima"},"content":{"rendered":"<p>Kompanija Adobe saop\u0161tila je da \u0107e, kada su u pitanju ra\u010dunari Macintosh, naredne verzije njenog programskog paketa Creative Suite raditi samo na verzijama tih ra\u010dunara sa Intelovim procesorima. Adobe se na taj na\u010din pridru\u017eio kompaniji Apple, koja je ve\u0107 saop\u0161tila da njen predstoje\u0107i operativni sistem Mac OS X 10.6 Snow Leopard ne\u0107e raditi na ra\u010dunarima sa procesorima PowerPC (Apple od po\u010detka 2006. godine proizvodi ra\u010dunare Macintosh u dve varijante \u2013 sa Intelovim procesorima ili IBM-ovim procesorima PowerPC).Predstavnici Adobea su kao opravdanje za odluku kompanije naveli opredeljenje Applea da ubudu\u0107e ve\u0107u pa\u017enju posveti razvoju ra\u010dunara sa Intelovim procesorima. Prema njihovim re\u010dima, Adobe je \u017eeleo da na vreme saop\u0161ti svoju odluku kako bi korisnici njegovog softvera imali vremena da prilagode svoja hardverska i sofverska re\u0161enja.U Adobeovom saop\u0161tenju se navodi da \u0107e programski paketi Creative Suite 3 i Creative Suite 4 jo\u0161 neko vreme raditi na obe verzije Macintosha, ali \u0107e ubrzo nadogradnje softvera biti mogu\u0107e samo za varijantu tih ra\u010dunara sa Intelovim procesorima.<\/p>\n<p>|Search: <a target=\"_blank\" href=\"http:\/\/www.pcvesti.com\/gosearch.php?id=CS ubudu\u0107e samo na Macovima sa Intelovim procesorima\" title=\"Find More About CS ubudu\u0107e samo na Macovima sa Intelovim procesorima\">Find More About CS ubudu\u0107e samo na Macovima sa Intelovim procesorima|<\/a><br \/><!--adsense#ad-post1--><\/p>\n","protected":false},"excerpt":{"rendered":"<p>Kompanija Adobe saop\u0161tila je da \u0107e, kada su u pitanju ra\u010dunari Macintosh, naredne verzije njenog programskog paketa Creative Suite raditi samo na verzijama tih ra\u010dunara sa Intelovim procesorima. Adobe se na taj na\u010din pridru\u017eio kompaniji Apple, koja je ve\u0107 saop\u0161tila da njen predstoje\u0107i operativni sistem Mac OS X 10.6 Snow Leopard ne\u0107e raditi na ra\u010dunarima sa procesorima PowerPC (Apple od po\u010detka 2006. godine proizvodi ra\u010dunare Macintosh u dve varijante \u2013 sa Intelovim procesorima ili IBM-ovim procesorima PowerPC).Predstavnici Adobea su kao opravdanje za odluku kompanije naveli opredeljenje Applea da ubudu\u0107e ve\u0107u pa\u017enju posveti razvoju ra\u010dunara sa Intelovim procesorima<\/p>\n","protected":false},"author":3,"featured_media":0,"comment_status":"closed","ping_status":"closed","sticky":false,"template":"","format":"standard","meta":{"seo_booster_metabox":"","ngg_post_thumbnail":0,"slim_seo":{"title":"CS ubudu\u0107e samo na Macovima sa Intelovim procesorima - PCVesti","description":"Kompanija Adobe saop\u0161tila je da \u0107e, kada su u pitanju ra\u010dunari Macintosh, naredne verzije njenog programskog paketa Creative Suite raditi samo na verzijama tih"},"footnotes":""},"categories":[5],"tags":[],"class_list":["post-6641","post","type-post","status-publish","format-standard","hentry","category-pc-vesti"],"yoast_head":"<!-- This site is optimized with the Yoast SEO plugin v27.5 - https:\/\/yoast.com\/product\/yoast-seo-wordpress\/ -->\n<title>CS ubudu\u0107e samo na Macovima sa Intelovim procesorima - PCVesti<\/title>\n<meta name=\"robots\" content=\"index, follow, max-snippet:-1, max-image-preview:large, max-video-preview:-1\" \/>\n<link rel=\"canonical\" href=\"https:\/\/www.pcvesti.com\/?p=6641\" \/>\n<meta property=\"og:locale\" content=\"en_US\" \/>\n<meta property=\"og:type\" content=\"article\" \/>\n<meta property=\"og:title\" content=\"CS ubudu\u0107e samo na Macovima sa Intelovim procesorima - PCVesti\" \/>\n<meta property=\"og:description\" content=\"Kompanija Adobe saop\u0161tila je da \u0107e, kada su u pitanju ra\u010dunari Macintosh, naredne verzije njenog programskog paketa Creative Suite raditi samo na verzijama tih ra\u010dunara sa Intelovim procesorima. Adobe se na taj na\u010din pridru\u017eio kompaniji Apple, koja je ve\u0107 saop\u0161tila da njen predstoje\u0107i operativni sistem Mac OS X 10.6 Snow Leopard ne\u0107e raditi na ra\u010dunarima sa procesorima PowerPC (Apple od po\u010detka 2006. godine proizvodi ra\u010dunare Macintosh u dve varijante \u2013 sa Intelovim procesorima ili IBM-ovim procesorima PowerPC).Predstavnici Adobea su kao opravdanje za odluku kompanije naveli opredeljenje Applea da ubudu\u0107e ve\u0107u pa\u017enju posveti razvoju ra\u010dunara sa Intelovim procesorima\" \/>\n<meta property=\"og:url\" content=\"https:\/\/www.pcvesti.com\/?p=6641\" \/>\n<meta property=\"og:site_name\" content=\"PCVesti\" \/>\n<meta property=\"article:published_time\" content=\"2009-08-14T02:05:03+00:00\" \/>\n<meta name=\"author\" content=\"newsmaster\" \/>\n<meta name=\"twitter:card\" content=\"summary_large_image\" \/>\n<meta name=\"twitter:label1\" content=\"Written by\" \/>\n\t<meta name=\"twitter:data1\" content=\"newsmaster\" \/>\n\t<meta name=\"twitter:label2\" content=\"Est. reading time\" \/>\n\t<meta name=\"twitter:data2\" content=\"1 minute\" \/>\n<script type=\"application\/ld+json\" class=\"yoast-schema-graph\">{\"@context\":\"https:\\\/\\\/schema.org\",\"@graph\":[{\"@type\":\"Article\",\"@id\":\"https:\\\/\\\/www.pcvesti.com\\\/?p=6641#article\",\"isPartOf\":{\"@id\":\"https:\\\/\\\/www.pcvesti.com\\\/?p=6641\"},\"author\":{\"name\":\"newsmaster\",\"@id\":\"https:\\\/\\\/www.pcvesti.com\\\/#\\\/schema\\\/person\\\/768108ddc1bdd7f71ac8556bf805102a\"},\"headline\":\"CS ubudu\u0107e samo na Macovima sa Intelovim procesorima\",\"datePublished\":\"2009-08-14T02:05:03+00:00\",\"mainEntityOfPage\":{\"@id\":\"https:\\\/\\\/www.pcvesti.com\\\/?p=6641\"},\"wordCount\":201,\"articleSection\":[\"PC Vesti\"],\"inLanguage\":\"en-US\"},{\"@type\":\"WebPage\",\"@id\":\"https:\\\/\\\/www.pcvesti.com\\\/?p=6641\",\"url\":\"https:\\\/\\\/www.pcvesti.com\\\/?p=6641\",\"name\":\"CS ubudu\u0107e samo na Macovima sa Intelovim procesorima - PCVesti\",\"isPartOf\":{\"@id\":\"https:\\\/\\\/www.pcvesti.com\\\/#website\"},\"datePublished\":\"2009-08-14T02:05:03+00:00\",\"author\":{\"@id\":\"https:\\\/\\\/www.pcvesti.com\\\/#\\\/schema\\\/person\\\/768108ddc1bdd7f71ac8556bf805102a\"},\"breadcrumb\":{\"@id\":\"https:\\\/\\\/www.pcvesti.com\\\/?p=6641#breadcrumb\"},\"inLanguage\":\"en-US\",\"potentialAction\":[{\"@type\":\"ReadAction\",\"target\":[\"https:\\\/\\\/www.pcvesti.com\\\/?p=6641\"]}]},{\"@type\":\"BreadcrumbList\",\"@id\":\"https:\\\/\\\/www.pcvesti.com\\\/?p=6641#breadcrumb\",\"itemListElement\":[{\"@type\":\"ListItem\",\"position\":1,\"name\":\"Home\",\"item\":\"https:\\\/\\\/www.pcvesti.com\\\/\"},{\"@type\":\"ListItem\",\"position\":2,\"name\":\"CS ubudu\u0107e samo na Macovima sa Intelovim procesorima\"}]},{\"@type\":\"WebSite\",\"@id\":\"https:\\\/\\\/www.pcvesti.com\\\/#website\",\"url\":\"https:\\\/\\\/www.pcvesti.com\\\/\",\"name\":\"PCVesti\",\"description\":\"www.pcvesti.com\",\"potentialAction\":[{\"@type\":\"SearchAction\",\"target\":{\"@type\":\"EntryPoint\",\"urlTemplate\":\"https:\\\/\\\/www.pcvesti.com\\\/?s={search_term_string}\"},\"query-input\":{\"@type\":\"PropertyValueSpecification\",\"valueRequired\":true,\"valueName\":\"search_term_string\"}}],\"inLanguage\":\"en-US\"},{\"@type\":\"Person\",\"@id\":\"https:\\\/\\\/www.pcvesti.com\\\/#\\\/schema\\\/person\\\/768108ddc1bdd7f71ac8556bf805102a\",\"name\":\"newsmaster\",\"image\":{\"@type\":\"ImageObject\",\"inLanguage\":\"en-US\",\"@id\":\"https:\\\/\\\/secure.gravatar.com\\\/avatar\\\/c98a03ccaf0a032c2a3d01b09438cf41bfe614d7fa1af20229886a67bfaaa000?s=96&d=mm&r=g\",\"url\":\"https:\\\/\\\/secure.gravatar.com\\\/avatar\\\/c98a03ccaf0a032c2a3d01b09438cf41bfe614d7fa1af20229886a67bfaaa000?s=96&d=mm&r=g\",\"contentUrl\":\"https:\\\/\\\/secure.gravatar.com\\\/avatar\\\/c98a03ccaf0a032c2a3d01b09438cf41bfe614d7fa1af20229886a67bfaaa000?s=96&d=mm&r=g\",\"caption\":\"newsmaster\"},\"sameAs\":[\"http:\\\/\\\/www.pcvesti.com\"],\"url\":\"https:\\\/\\\/www.pcvesti.com\\\/?author=3\"}]}<\/script>\n<!-- \/ Yoast SEO plugin. -->","yoast_head_json":{"title":"CS ubudu\u0107e samo na Macovima sa Intelovim procesorima - PCVesti","robots":{"index":"index","follow":"follow","max-snippet":"max-snippet:-1","max-image-preview":"max-image-preview:large","max-video-preview":"max-video-preview:-1"},"canonical":"https:\/\/www.pcvesti.com\/?p=6641","og_locale":"en_US","og_type":"article","og_title":"CS ubudu\u0107e samo na Macovima sa Intelovim procesorima - PCVesti","og_description":"Kompanija Adobe saop\u0161tila je da \u0107e, kada su u pitanju ra\u010dunari Macintosh, naredne verzije njenog programskog paketa Creative Suite raditi samo na verzijama tih ra\u010dunara sa Intelovim procesorima. Adobe se na taj na\u010din pridru\u017eio kompaniji Apple, koja je ve\u0107 saop\u0161tila da njen predstoje\u0107i operativni sistem Mac OS X 10.6 Snow Leopard ne\u0107e raditi na ra\u010dunarima sa procesorima PowerPC (Apple od po\u010detka 2006. godine proizvodi ra\u010dunare Macintosh u dve varijante \u2013 sa Intelovim procesorima ili IBM-ovim procesorima PowerPC).Predstavnici Adobea su kao opravdanje za odluku kompanije naveli opredeljenje Applea da ubudu\u0107e ve\u0107u pa\u017enju posveti razvoju ra\u010dunara sa Intelovim procesorima","og_url":"https:\/\/www.pcvesti.com\/?p=6641","og_site_name":"PCVesti","article_published_time":"2009-08-14T02:05:03+00:00","author":"newsmaster","twitter_card":"summary_large_image","twitter_misc":{"Written by":"newsmaster","Est. reading time":"1 minute"},"schema":{"@context":"https:\/\/schema.org","@graph":[{"@type":"Article","@id":"https:\/\/www.pcvesti.com\/?p=6641#article","isPartOf":{"@id":"https:\/\/www.pcvesti.com\/?p=6641"},"author":{"name":"newsmaster","@id":"https:\/\/www.pcvesti.com\/#\/schema\/person\/768108ddc1bdd7f71ac8556bf805102a"},"headline":"CS ubudu\u0107e samo na Macovima sa Intelovim procesorima","datePublished":"2009-08-14T02:05:03+00:00","mainEntityOfPage":{"@id":"https:\/\/www.pcvesti.com\/?p=6641"},"wordCount":201,"articleSection":["PC Vesti"],"inLanguage":"en-US"},{"@type":"WebPage","@id":"https:\/\/www.pcvesti.com\/?p=6641","url":"https:\/\/www.pcvesti.com\/?p=6641","name":"CS ubudu\u0107e samo na Macovima sa Intelovim procesorima - PCVesti","isPartOf":{"@id":"https:\/\/www.pcvesti.com\/#website"},"datePublished":"2009-08-14T02:05:03+00:00","author":{"@id":"https:\/\/www.pcvesti.com\/#\/schema\/person\/768108ddc1bdd7f71ac8556bf805102a"},"breadcrumb":{"@id":"https:\/\/www.pcvesti.com\/?p=6641#breadcrumb"},"inLanguage":"en-US","potentialAction":[{"@type":"ReadAction","target":["https:\/\/www.pcvesti.com\/?p=6641"]}]},{"@type":"BreadcrumbList","@id":"https:\/\/www.pcvesti.com\/?p=6641#breadcrumb","itemListElement":[{"@type":"ListItem","position":1,"name":"Home","item":"https:\/\/www.pcvesti.com\/"},{"@type":"ListItem","position":2,"name":"CS ubudu\u0107e samo na Macovima sa Intelovim procesorima"}]},{"@type":"WebSite","@id":"https:\/\/www.pcvesti.com\/#website","url":"https:\/\/www.pcvesti.com\/","name":"PCVesti","description":"www.pcvesti.com","potentialAction":[{"@type":"SearchAction","target":{"@type":"EntryPoint","urlTemplate":"https:\/\/www.pcvesti.com\/?s={search_term_string}"},"query-input":{"@type":"PropertyValueSpecification","valueRequired":true,"valueName":"search_term_string"}}],"inLanguage":"en-US"},{"@type":"Person","@id":"https:\/\/www.pcvesti.com\/#\/schema\/person\/768108ddc1bdd7f71ac8556bf805102a","name":"newsmaster","image":{"@type":"ImageObject","inLanguage":"en-US","@id":"https:\/\/secure.gravatar.com\/avatar\/c98a03ccaf0a032c2a3d01b09438cf41bfe614d7fa1af20229886a67bfaaa000?s=96&d=mm&r=g","url":"https:\/\/secure.gravatar.com\/avatar\/c98a03ccaf0a032c2a3d01b09438cf41bfe614d7fa1af20229886a67bfaaa000?s=96&d=mm&r=g","contentUrl":"https:\/\/secure.gravatar.com\/avatar\/c98a03ccaf0a032c2a3d01b09438cf41bfe614d7fa1af20229886a67bfaaa000?s=96&d=mm&r=g","caption":"newsmaster"},"sameAs":["http:\/\/www.pcvesti.com"],"url":"https:\/\/www.pcvesti.com\/?author=3"}]}},"_links":{"self":[{"href":"https:\/\/www.pcvesti.com\/index.php?rest_route=\/wp\/v2\/posts\/6641","targetHints":{"allow":["GET"]}}],"collection":[{"href":"https:\/\/www.pcvesti.com\/index.php?rest_route=\/wp\/v2\/posts"}],"about":[{"href":"https:\/\/www.pcvesti.com\/index.php?rest_route=\/wp\/v2\/types\/post"}],"author":[{"embeddable":true,"href":"https:\/\/www.pcvesti.com\/index.php?rest_route=\/wp\/v2\/users\/3"}],"replies":[{"embeddable":true,"href":"https:\/\/www.pcvesti.com\/index.php?rest_route=%2Fwp%2Fv2%2Fcomments&post=6641"}],"version-history":[{"count":0,"href":"https:\/\/www.pcvesti.com\/index.php?rest_route=\/wp\/v2\/posts\/6641\/revisions"}],"wp:attachment":[{"href":"https:\/\/www.pcvesti.com\/index.php?rest_route=%2Fwp%2Fv2%2Fmedia&parent=6641"}],"wp:term":[{"taxonomy":"category","embeddable":true,"href":"https:\/\/www.pcvesti.com\/index.php?rest_route=%2Fwp%2Fv2%2Fcategories&post=6641"},{"taxonomy":"post_tag","embeddable":true,"href":"https:\/\/www.pcvesti.com\/index.php?rest_route=%2Fwp%2Fv2%2Ftags&post=6641"}],"curies":[{"name":"wp","href":"https:\/\/api.w.org\/{rel}","templated":true}]}}