{"id":9171,"date":"2009-11-25T10:17:16","date_gmt":"2009-11-25T17:17:16","guid":{"rendered":"http:\/\/www.pcvesti.com\/?p=9171"},"modified":"2009-11-25T10:17:16","modified_gmt":"2009-11-25T17:17:16","slug":"windows-7-pretekao-mac-os-x-u-pogledu-udela-na-trzistu","status":"publish","type":"post","link":"https:\/\/www.pcvesti.com\/?p=9171","title":{"rendered":"Windows 7 pretekao Mac OS X u pogledu udela na tr\u017ei\u0161tu"},"content":{"rendered":"<p><img decoding=\"async\" src=\"http:\/\/www.mikro.rs\/slike\/vesti\/2009\/12387_win%207%20and%20mac%20os%20x.jpg\" border=\"0\" alt=\"\" width=\"140\" align=\"left\" \/><span>Kompanija Net Applications, specijalizovana za merenja na Internetu, saop\u0161tila je u utorak 24. novembra da je Windows 7 pro\u0161log vikenda pre\u0161ao granicu tr\u017ei\u0161nog udela od 5%, \u0161to je ve\u0107i tr\u017ei\u0161ni udeo od onog koji imaju sve verzije Appleovog Mac OS X operativnog sistema zajedno.<\/p>\n<p>U saop\u0161tenju se navodi da se Windows 7 pro\u0161le subote i nedelje nalazio na 5%, odnosno 5,14% svih ra\u010dunara koji su tih dana bili povezani sa Internetom. Prosek za ta dva dana od 5,07% je bio vi\u0161i od 5% udela za koji Net Applications tvrdi da je Appleov operativni sistem imao u nedelji od 15. do 21. novembra.<\/p>\n<p>&#8220;Sa sigurno\u0161\u0107u mo\u017eemo re\u0107i da je dnevni udeo Windowsa 7 bio ve\u0107i od nedeljnog udela operativnog sistema Mac OS X\u201c, izjavio Vins Vicakaro, zamenik izvr\u0161nog direktora kompanije Net Applicatons. Vicakaro je dodao da u njegovoj kompaniji jo\u0161 uvek nisu izra\u010dunali dnevne proseke za Mac OS X, \u0161to \u0107e biti potrebno za upore\u0111ivanje brojeva koje su Windows 7 i Mac OS Xdostigli tog vikenda.<br \/>\n<!--more--><br \/>\nAli, Vicakaro je uveren da \u0107e Windows 7 presti\u0107i Mac OS X za sva vremena, ne samo u kratkim periodima. \u201eNema sumnje, statistika pokazuje da \u0107e Windows 7 uskoro presti\u0107i Mac OS X u pogledu udela na tr\u017ei\u0161tu\u201c, ka\u017ee Vicakaro.<\/p>\n<p>Zapravo, ukupni tr\u017ei\u0161ni udeo Windowsa od 92,64% za nedelju od 15. do 21. novembra bio je ne\u0161to iznad oktobarskog udela od 92,52%. \u201ePrime\u0107ujemo lagano pove\u0107anje ukupnog udela Windowsa na tr\u017ei\u0161tu u ovom mesecu\u201c, ka\u017ee Vicakaro. \u201eOvo se ne de\u0161ava toliko retko, ali ako primetimo da Windows pove\u0107ava udeo na tr\u017ei\u0161tu tri ili \u010detiri meseca za redom, to bi bila zna\u010dajna promena trenda\u201c.<\/p>\n<p>Poslednji put kada je Windows imao ikakvo osetno pove\u0107anje udela na tr\u017ei\u0161tu je bilo u junu 2009. godine, sa pove\u0107anjem od 0,21%. Najve\u0107e pove\u0107anje u poslednje dve godine dogodilo se u martu 2008. godine, kada je tr\u017ei\u0161ni udeo Windowsa pove\u0107an za 0,28%.<\/p>\n<p>Prema izve\u0161taju kompanije Net Applications, udeo Windowsa 7 polako raste od njegovog predstavljanja 22. oktobra. U prvoj nedelji posle objavljivanja, njegov udeo me\u0111u svim operativnim sistemima je bio 2,7%; u drugoj nedelji se popeo na 3,3% , u tre\u0107oj na 3,7%, dok je u \u010detvrtoj nedelji po objavljivanju udeo bio 4%.<\/p>\n<p>I pored nedelju dana koliko je ostalo do kraja novembra, Windows 7 je dostigao 3,9% mese\u010dnog udela. Na poziciji na kojoj se trenutno nalazi, dosti\u0107i\u0107e 4% do kraja meseca, \u0161to zna\u010di da \u0107e Microsoftov najnoviji operativni sistem lako presti\u0107i Vistu na polju osvajanja tr\u017ei\u0161ta u prva \u010detiri meseca.<\/p>\n<p>Krajem februara 2007. godine, odnosno mesec dana nakon njenog pojavljavanja, udeo Viste na tr\u017ei\u0161tu je bio manji od 1 posto, a do kraja juna (zna\u010di pet meseci nakon pojavljivanja) ovaj po mnogima problemati\u010dni operativni sistem nije uspeo da dostigne cifru od 4 posto udela na tr\u017ei\u0161tu. (M.S.)<\/span><\/p>\n<p><span style=\"font-family: Arial,Helvetica,sans-serif; font-size: 12px; color: #333333;\">Izvor: <a title=\"Casopis Mikro\" onclick=\"javascript:pageTracker._trackPageview('\/outbound\/article\/www.mikro.rs');\" href=\"http:\/\/www.mikro.rs\/\" target=\"_blank\">Mikro<\/a><\/span><\/p>\n","protected":false},"excerpt":{"rendered":"<p>Kompanija Net Applications, specijalizovana za merenja na Internetu, saop\u0161tila je u utorak 24. novembra da je Windows 7 pro\u0161log vikenda pre\u0161ao granicu tr\u017ei\u0161nog udela od 5%, \u0161to je ve\u0107i tr\u017ei\u0161ni udeo od onog koji imaju sve verzije Appleovog Mac OS X operativnog sistema zajedno. U saop\u0161tenju se navodi da se Windows 7 pro\u0161le subote i nedelje nalazio na 5%, odnosno 5,14% svih ra\u010dunara koji su tih dana bili povezani sa Internetom. Prosek&#8230; <\/p>\n<div class=\"more-container\"><a class=\"more-link\" href=\"https:\/\/www.pcvesti.com\/?p=9171\" itemprop=\"url\">Continue reading<\/a><\/div>\n","protected":false},"author":5,"featured_media":0,"comment_status":"closed","ping_status":"closed","sticky":false,"template":"","format":"standard","meta":{"seo_booster_metabox":"","ngg_post_thumbnail":0,"slim_seo":{"title":"Windows 7 pretekao Mac OS X u pogledu udela na tr\u017ei\u0161tu - PCVesti","description":"Kompanija Net Applications, specijalizovana za merenja na Internetu, saop\u0161tila je u utorak 24. novembra da je Windows 7 pro\u0161log vikenda pre\u0161ao granicu tr\u017ei\u0161nog"},"footnotes":""},"categories":[5],"tags":[],"class_list":["post-9171","post","type-post","status-publish","format-standard","hentry","category-pc-vesti"],"yoast_head":"<!-- This site is optimized with the Yoast SEO plugin v27.5 - https:\/\/yoast.com\/product\/yoast-seo-wordpress\/ -->\n<title>Windows 7 pretekao Mac OS X u pogledu udela na tr\u017ei\u0161tu - PCVesti<\/title>\n<meta name=\"robots\" content=\"index, follow, max-snippet:-1, max-image-preview:large, max-video-preview:-1\" \/>\n<link rel=\"canonical\" href=\"https:\/\/www.pcvesti.com\/?p=9171\" \/>\n<meta property=\"og:locale\" content=\"en_US\" \/>\n<meta property=\"og:type\" content=\"article\" \/>\n<meta property=\"og:title\" content=\"Windows 7 pretekao Mac OS X u pogledu udela na tr\u017ei\u0161tu - PCVesti\" \/>\n<meta property=\"og:description\" content=\"Kompanija Net Applications, specijalizovana za merenja na Internetu, saop\u0161tila je u utorak 24. novembra da je Windows 7 pro\u0161log vikenda pre\u0161ao granicu tr\u017ei\u0161nog udela od 5%, \u0161to je ve\u0107i tr\u017ei\u0161ni udeo od onog koji imaju sve verzije Appleovog Mac OS X operativnog sistema zajedno. U saop\u0161tenju se navodi da se Windows 7 pro\u0161le subote i nedelje nalazio na 5%, odnosno 5,14% svih ra\u010dunara koji su tih dana bili povezani sa Internetom. Prosek... Continue reading\" \/>\n<meta property=\"og:url\" content=\"https:\/\/www.pcvesti.com\/?p=9171\" \/>\n<meta property=\"og:site_name\" content=\"PCVesti\" \/>\n<meta property=\"article:published_time\" content=\"2009-11-25T17:17:16+00:00\" \/>\n<meta property=\"og:image\" content=\"http:\/\/www.mikro.rs\/slike\/vesti\/2009\/12387_win%207%20and%20mac%20os%20x.jpg\" \/>\n<meta name=\"author\" content=\"newsmaster\" \/>\n<meta name=\"twitter:card\" content=\"summary_large_image\" \/>\n<meta name=\"twitter:label1\" content=\"Written by\" \/>\n\t<meta name=\"twitter:data1\" content=\"newsmaster\" \/>\n\t<meta name=\"twitter:label2\" content=\"Est. reading time\" \/>\n\t<meta name=\"twitter:data2\" content=\"2 minutes\" \/>\n<script type=\"application\/ld+json\" class=\"yoast-schema-graph\">{\"@context\":\"https:\\\/\\\/schema.org\",\"@graph\":[{\"@type\":\"Article\",\"@id\":\"https:\\\/\\\/www.pcvesti.com\\\/?p=9171#article\",\"isPartOf\":{\"@id\":\"https:\\\/\\\/www.pcvesti.com\\\/?p=9171\"},\"author\":{\"name\":\"newsmaster\",\"@id\":\"https:\\\/\\\/www.pcvesti.com\\\/#\\\/schema\\\/person\\\/d1e384f7c138a1fcda7af7425e55a6b2\"},\"headline\":\"Windows 7 pretekao Mac OS X u pogledu udela na tr\u017ei\u0161tu\",\"datePublished\":\"2009-11-25T17:17:16+00:00\",\"mainEntityOfPage\":{\"@id\":\"https:\\\/\\\/www.pcvesti.com\\\/?p=9171\"},\"wordCount\":497,\"image\":{\"@id\":\"https:\\\/\\\/www.pcvesti.com\\\/?p=9171#primaryimage\"},\"thumbnailUrl\":\"http:\\\/\\\/www.mikro.rs\\\/slike\\\/vesti\\\/2009\\\/12387_win%207%20and%20mac%20os%20x.jpg\",\"articleSection\":[\"PC Vesti\"],\"inLanguage\":\"en-US\"},{\"@type\":\"WebPage\",\"@id\":\"https:\\\/\\\/www.pcvesti.com\\\/?p=9171\",\"url\":\"https:\\\/\\\/www.pcvesti.com\\\/?p=9171\",\"name\":\"Windows 7 pretekao Mac OS X u pogledu udela na tr\u017ei\u0161tu - PCVesti\",\"isPartOf\":{\"@id\":\"https:\\\/\\\/www.pcvesti.com\\\/#website\"},\"primaryImageOfPage\":{\"@id\":\"https:\\\/\\\/www.pcvesti.com\\\/?p=9171#primaryimage\"},\"image\":{\"@id\":\"https:\\\/\\\/www.pcvesti.com\\\/?p=9171#primaryimage\"},\"thumbnailUrl\":\"http:\\\/\\\/www.mikro.rs\\\/slike\\\/vesti\\\/2009\\\/12387_win%207%20and%20mac%20os%20x.jpg\",\"datePublished\":\"2009-11-25T17:17:16+00:00\",\"author\":{\"@id\":\"https:\\\/\\\/www.pcvesti.com\\\/#\\\/schema\\\/person\\\/d1e384f7c138a1fcda7af7425e55a6b2\"},\"breadcrumb\":{\"@id\":\"https:\\\/\\\/www.pcvesti.com\\\/?p=9171#breadcrumb\"},\"inLanguage\":\"en-US\",\"potentialAction\":[{\"@type\":\"ReadAction\",\"target\":[\"https:\\\/\\\/www.pcvesti.com\\\/?p=9171\"]}]},{\"@type\":\"ImageObject\",\"inLanguage\":\"en-US\",\"@id\":\"https:\\\/\\\/www.pcvesti.com\\\/?p=9171#primaryimage\",\"url\":\"http:\\\/\\\/www.mikro.rs\\\/slike\\\/vesti\\\/2009\\\/12387_win%207%20and%20mac%20os%20x.jpg\",\"contentUrl\":\"http:\\\/\\\/www.mikro.rs\\\/slike\\\/vesti\\\/2009\\\/12387_win%207%20and%20mac%20os%20x.jpg\"},{\"@type\":\"BreadcrumbList\",\"@id\":\"https:\\\/\\\/www.pcvesti.com\\\/?p=9171#breadcrumb\",\"itemListElement\":[{\"@type\":\"ListItem\",\"position\":1,\"name\":\"Home\",\"item\":\"https:\\\/\\\/www.pcvesti.com\\\/\"},{\"@type\":\"ListItem\",\"position\":2,\"name\":\"Windows 7 pretekao Mac OS X u pogledu udela na tr\u017ei\u0161tu\"}]},{\"@type\":\"WebSite\",\"@id\":\"https:\\\/\\\/www.pcvesti.com\\\/#website\",\"url\":\"https:\\\/\\\/www.pcvesti.com\\\/\",\"name\":\"PCVesti\",\"description\":\"www.pcvesti.com\",\"potentialAction\":[{\"@type\":\"SearchAction\",\"target\":{\"@type\":\"EntryPoint\",\"urlTemplate\":\"https:\\\/\\\/www.pcvesti.com\\\/?s={search_term_string}\"},\"query-input\":{\"@type\":\"PropertyValueSpecification\",\"valueRequired\":true,\"valueName\":\"search_term_string\"}}],\"inLanguage\":\"en-US\"},{\"@type\":\"Person\",\"@id\":\"https:\\\/\\\/www.pcvesti.com\\\/#\\\/schema\\\/person\\\/d1e384f7c138a1fcda7af7425e55a6b2\",\"name\":\"newsmaster\",\"image\":{\"@type\":\"ImageObject\",\"inLanguage\":\"en-US\",\"@id\":\"https:\\\/\\\/www.pcvesti.com\\\/wp-content\\\/uploads\\\/2018\\\/09\\\/avatar_user_5_1537115954-96x96.jpeg\",\"url\":\"https:\\\/\\\/www.pcvesti.com\\\/wp-content\\\/uploads\\\/2018\\\/09\\\/avatar_user_5_1537115954-96x96.jpeg\",\"contentUrl\":\"https:\\\/\\\/www.pcvesti.com\\\/wp-content\\\/uploads\\\/2018\\\/09\\\/avatar_user_5_1537115954-96x96.jpeg\",\"caption\":\"newsmaster\"},\"url\":\"https:\\\/\\\/www.pcvesti.com\\\/?author=5\"}]}<\/script>\n<!-- \/ Yoast SEO plugin. -->","yoast_head_json":{"title":"Windows 7 pretekao Mac OS X u pogledu udela na tr\u017ei\u0161tu - PCVesti","robots":{"index":"index","follow":"follow","max-snippet":"max-snippet:-1","max-image-preview":"max-image-preview:large","max-video-preview":"max-video-preview:-1"},"canonical":"https:\/\/www.pcvesti.com\/?p=9171","og_locale":"en_US","og_type":"article","og_title":"Windows 7 pretekao Mac OS X u pogledu udela na tr\u017ei\u0161tu - PCVesti","og_description":"Kompanija Net Applications, specijalizovana za merenja na Internetu, saop\u0161tila je u utorak 24. novembra da je Windows 7 pro\u0161log vikenda pre\u0161ao granicu tr\u017ei\u0161nog udela od 5%, \u0161to je ve\u0107i tr\u017ei\u0161ni udeo od onog koji imaju sve verzije Appleovog Mac OS X operativnog sistema zajedno. U saop\u0161tenju se navodi da se Windows 7 pro\u0161le subote i nedelje nalazio na 5%, odnosno 5,14% svih ra\u010dunara koji su tih dana bili povezani sa Internetom. Prosek... Continue reading","og_url":"https:\/\/www.pcvesti.com\/?p=9171","og_site_name":"PCVesti","article_published_time":"2009-11-25T17:17:16+00:00","og_image":[{"url":"http:\/\/www.mikro.rs\/slike\/vesti\/2009\/12387_win%207%20and%20mac%20os%20x.jpg","type":"","width":"","height":""}],"author":"newsmaster","twitter_card":"summary_large_image","twitter_misc":{"Written by":"newsmaster","Est. reading time":"2 minutes"},"schema":{"@context":"https:\/\/schema.org","@graph":[{"@type":"Article","@id":"https:\/\/www.pcvesti.com\/?p=9171#article","isPartOf":{"@id":"https:\/\/www.pcvesti.com\/?p=9171"},"author":{"name":"newsmaster","@id":"https:\/\/www.pcvesti.com\/#\/schema\/person\/d1e384f7c138a1fcda7af7425e55a6b2"},"headline":"Windows 7 pretekao Mac OS X u pogledu udela na tr\u017ei\u0161tu","datePublished":"2009-11-25T17:17:16+00:00","mainEntityOfPage":{"@id":"https:\/\/www.pcvesti.com\/?p=9171"},"wordCount":497,"image":{"@id":"https:\/\/www.pcvesti.com\/?p=9171#primaryimage"},"thumbnailUrl":"http:\/\/www.mikro.rs\/slike\/vesti\/2009\/12387_win%207%20and%20mac%20os%20x.jpg","articleSection":["PC Vesti"],"inLanguage":"en-US"},{"@type":"WebPage","@id":"https:\/\/www.pcvesti.com\/?p=9171","url":"https:\/\/www.pcvesti.com\/?p=9171","name":"Windows 7 pretekao Mac OS X u pogledu udela na tr\u017ei\u0161tu - PCVesti","isPartOf":{"@id":"https:\/\/www.pcvesti.com\/#website"},"primaryImageOfPage":{"@id":"https:\/\/www.pcvesti.com\/?p=9171#primaryimage"},"image":{"@id":"https:\/\/www.pcvesti.com\/?p=9171#primaryimage"},"thumbnailUrl":"http:\/\/www.mikro.rs\/slike\/vesti\/2009\/12387_win%207%20and%20mac%20os%20x.jpg","datePublished":"2009-11-25T17:17:16+00:00","author":{"@id":"https:\/\/www.pcvesti.com\/#\/schema\/person\/d1e384f7c138a1fcda7af7425e55a6b2"},"breadcrumb":{"@id":"https:\/\/www.pcvesti.com\/?p=9171#breadcrumb"},"inLanguage":"en-US","potentialAction":[{"@type":"ReadAction","target":["https:\/\/www.pcvesti.com\/?p=9171"]}]},{"@type":"ImageObject","inLanguage":"en-US","@id":"https:\/\/www.pcvesti.com\/?p=9171#primaryimage","url":"http:\/\/www.mikro.rs\/slike\/vesti\/2009\/12387_win%207%20and%20mac%20os%20x.jpg","contentUrl":"http:\/\/www.mikro.rs\/slike\/vesti\/2009\/12387_win%207%20and%20mac%20os%20x.jpg"},{"@type":"BreadcrumbList","@id":"https:\/\/www.pcvesti.com\/?p=9171#breadcrumb","itemListElement":[{"@type":"ListItem","position":1,"name":"Home","item":"https:\/\/www.pcvesti.com\/"},{"@type":"ListItem","position":2,"name":"Windows 7 pretekao Mac OS X u pogledu udela na tr\u017ei\u0161tu"}]},{"@type":"WebSite","@id":"https:\/\/www.pcvesti.com\/#website","url":"https:\/\/www.pcvesti.com\/","name":"PCVesti","description":"www.pcvesti.com","potentialAction":[{"@type":"SearchAction","target":{"@type":"EntryPoint","urlTemplate":"https:\/\/www.pcvesti.com\/?s={search_term_string}"},"query-input":{"@type":"PropertyValueSpecification","valueRequired":true,"valueName":"search_term_string"}}],"inLanguage":"en-US"},{"@type":"Person","@id":"https:\/\/www.pcvesti.com\/#\/schema\/person\/d1e384f7c138a1fcda7af7425e55a6b2","name":"newsmaster","image":{"@type":"ImageObject","inLanguage":"en-US","@id":"https:\/\/www.pcvesti.com\/wp-content\/uploads\/2018\/09\/avatar_user_5_1537115954-96x96.jpeg","url":"https:\/\/www.pcvesti.com\/wp-content\/uploads\/2018\/09\/avatar_user_5_1537115954-96x96.jpeg","contentUrl":"https:\/\/www.pcvesti.com\/wp-content\/uploads\/2018\/09\/avatar_user_5_1537115954-96x96.jpeg","caption":"newsmaster"},"url":"https:\/\/www.pcvesti.com\/?author=5"}]}},"_links":{"self":[{"href":"https:\/\/www.pcvesti.com\/index.php?rest_route=\/wp\/v2\/posts\/9171","targetHints":{"allow":["GET"]}}],"collection":[{"href":"https:\/\/www.pcvesti.com\/index.php?rest_route=\/wp\/v2\/posts"}],"about":[{"href":"https:\/\/www.pcvesti.com\/index.php?rest_route=\/wp\/v2\/types\/post"}],"author":[{"embeddable":true,"href":"https:\/\/www.pcvesti.com\/index.php?rest_route=\/wp\/v2\/users\/5"}],"replies":[{"embeddable":true,"href":"https:\/\/www.pcvesti.com\/index.php?rest_route=%2Fwp%2Fv2%2Fcomments&post=9171"}],"version-history":[{"count":0,"href":"https:\/\/www.pcvesti.com\/index.php?rest_route=\/wp\/v2\/posts\/9171\/revisions"}],"wp:attachment":[{"href":"https:\/\/www.pcvesti.com\/index.php?rest_route=%2Fwp%2Fv2%2Fmedia&parent=9171"}],"wp:term":[{"taxonomy":"category","embeddable":true,"href":"https:\/\/www.pcvesti.com\/index.php?rest_route=%2Fwp%2Fv2%2Fcategories&post=9171"},{"taxonomy":"post_tag","embeddable":true,"href":"https:\/\/www.pcvesti.com\/index.php?rest_route=%2Fwp%2Fv2%2Ftags&post=9171"}],"curies":[{"name":"wp","href":"https:\/\/api.w.org\/{rel}","templated":true}]}}