{"id":9271,"date":"2009-11-29T07:10:28","date_gmt":"2009-11-29T14:10:28","guid":{"rendered":"http:\/\/www.pcvesti.com\/?p=9271"},"modified":"2009-11-29T02:11:33","modified_gmt":"2009-11-29T09:11:33","slug":"apple-odbija-da-popravlja-%e2%80%9enikotinske%e2%80%9c-racunare","status":"publish","type":"post","link":"https:\/\/www.pcvesti.com\/?p=9271","title":{"rendered":"Apple odbija da popravlja \u201enikotinske\u201c ra\u010dunare"},"content":{"rendered":"<p><img decoding=\"async\" src=\"http:\/\/www.mikro.rs\/slike\/vesti\/2009\/12403_apple-logo-green.jpg\" border=\"0\" alt=\"\" align=\"left\" \/><span>Kompanija Apple se na svoj na\u010din priklju\u010dila borbi protiv duvanskog dima, tako \u0161to odbija da servisira svoje proizvode koji su kori\u0161\u0107eni u prostorijama gde se pu\u0161i.<\/span><\/p>\n<p>Prvi se sa takvom odlukom suo\u010dio vlasnik MacBooka iz ameri\u010dke dr\u017eave Ajova kada je svoj ra\u010dunar koji se pregrevao odneo u Appleov servis. Serviseri su nakon pregleda ra\u010dunara odbili da poprave ure\u0111aj sa obrazlo\u017eenjem da je ra\u010dunar kori\u0161\u0107en u prostoriji gde se pu\u0161i i da zaposleni u servisu ne \u017eele da ugro\u017eavaju svoje zdravlje popravkom ra\u010dunara \u010dije su komponente pokrivene slojem nikotina. Vlasnik ra\u010dunara je uputio \u017ealbu upravi Applea, ali nije dobio odgovor, iako je ra\u010dunar imao garanciju na jo\u0161 godinu dana.<\/p>\n<p><!--more-->Sli\u010dan problem je imao jo\u0161 jedan vlasnik Appleovog ra\u010dunara koji je dobio pismo u kome mu se odbija garancija, sa obrazlo\u017eenjem da je unutra\u0161njost njegovog ra\u010dunara pokrivena nikotinskom \u010da\u0111i, zbog \u010dega je remont opasan. Vlasnik ra\u010dunara je tada uputio pismo direktno Stivu D\u017eobsu, tvrde\u0107i da u garanciji nigde ne pi\u0161e da ure\u0111aj ne sme da se koristi u prostorijama gde se pu\u0161i.<\/p>\n<p>Iz kancelarije direktora Applea ubrzo je stigao negativan odgovor, uz navo\u0111enje liste opasnih materija po zdravlje, koju je sa\u010dinilo ameri\u010dko ministarstvo zdravlja. (A.S.)<\/p>\n<p><span style=\"font-family: Arial,Helvetica,sans-serif; font-size: 12px; color: #333333;\">Izvor: <a style=\"font-family: Arial,Helvetica,sans-serif; text-decoration: underline; color: #6f060b;\" title=\"Casopis Mikro\" href=\"http:\/\/www.mikro.rs\/\" target=\"_blank\">Mikro<\/a><\/span><\/p>\n","protected":false},"excerpt":{"rendered":"<p>Kompanija Apple se na svoj na\u010din priklju\u010dila borbi protiv duvanskog dima, tako \u0161to odbija da servisira svoje proizvode koji su kori\u0161\u0107eni u prostorijama gde se pu\u0161i. Prvi se sa takvom odlukom suo\u010dio vlasnik MacBooka iz ameri\u010dke dr\u017eave Ajova kada je svoj ra\u010dunar koji se pregrevao odneo u Appleov servis. Serviseri su nakon pregleda ra\u010dunara odbili da poprave ure\u0111aj sa obrazlo\u017eenjem da je ra\u010dunar kori\u0161\u0107en u prostoriji gde se pu\u0161i i da zaposleni&#8230; <\/p>\n<div class=\"more-container\"><a class=\"more-link\" href=\"https:\/\/www.pcvesti.com\/?p=9271\" itemprop=\"url\">Continue reading<\/a><\/div>\n","protected":false},"author":5,"featured_media":0,"comment_status":"closed","ping_status":"closed","sticky":false,"template":"","format":"standard","meta":{"seo_booster_metabox":"","ngg_post_thumbnail":0,"slim_seo":{"title":"Apple odbija da popravlja \u201enikotinske\u201c ra\u010dunare - PCVesti","description":"Kompanija Apple se na svoj na\u010din priklju\u010dila borbi protiv duvanskog dima, tako \u0161to odbija da servisira svoje proizvode koji su kori\u0161\u0107eni u prostorijama gde se p"},"footnotes":""},"categories":[5],"tags":[],"class_list":["post-9271","post","type-post","status-publish","format-standard","hentry","category-pc-vesti"],"yoast_head":"<!-- This site is optimized with the Yoast SEO plugin v27.5 - https:\/\/yoast.com\/product\/yoast-seo-wordpress\/ -->\n<title>Apple odbija da popravlja \u201enikotinske\u201c ra\u010dunare - PCVesti<\/title>\n<meta name=\"robots\" content=\"index, follow, max-snippet:-1, max-image-preview:large, max-video-preview:-1\" \/>\n<link rel=\"canonical\" href=\"https:\/\/www.pcvesti.com\/?p=9271\" \/>\n<meta property=\"og:locale\" content=\"en_US\" \/>\n<meta property=\"og:type\" content=\"article\" \/>\n<meta property=\"og:title\" content=\"Apple odbija da popravlja \u201enikotinske\u201c ra\u010dunare - PCVesti\" \/>\n<meta property=\"og:description\" content=\"Kompanija Apple se na svoj na\u010din priklju\u010dila borbi protiv duvanskog dima, tako \u0161to odbija da servisira svoje proizvode koji su kori\u0161\u0107eni u prostorijama gde se pu\u0161i. Prvi se sa takvom odlukom suo\u010dio vlasnik MacBooka iz ameri\u010dke dr\u017eave Ajova kada je svoj ra\u010dunar koji se pregrevao odneo u Appleov servis. Serviseri su nakon pregleda ra\u010dunara odbili da poprave ure\u0111aj sa obrazlo\u017eenjem da je ra\u010dunar kori\u0161\u0107en u prostoriji gde se pu\u0161i i da zaposleni... Continue reading\" \/>\n<meta property=\"og:url\" content=\"https:\/\/www.pcvesti.com\/?p=9271\" \/>\n<meta property=\"og:site_name\" content=\"PCVesti\" \/>\n<meta property=\"article:published_time\" content=\"2009-11-29T14:10:28+00:00\" \/>\n<meta property=\"og:image\" content=\"http:\/\/www.mikro.rs\/slike\/vesti\/2009\/12403_apple-logo-green.jpg\" \/>\n<meta name=\"author\" content=\"newsmaster\" \/>\n<meta name=\"twitter:card\" content=\"summary_large_image\" \/>\n<meta name=\"twitter:label1\" content=\"Written by\" \/>\n\t<meta name=\"twitter:data1\" content=\"newsmaster\" \/>\n\t<meta name=\"twitter:label2\" content=\"Est. reading time\" \/>\n\t<meta name=\"twitter:data2\" content=\"1 minute\" \/>\n<script type=\"application\/ld+json\" class=\"yoast-schema-graph\">{\"@context\":\"https:\\\/\\\/schema.org\",\"@graph\":[{\"@type\":\"Article\",\"@id\":\"https:\\\/\\\/www.pcvesti.com\\\/?p=9271#article\",\"isPartOf\":{\"@id\":\"https:\\\/\\\/www.pcvesti.com\\\/?p=9271\"},\"author\":{\"name\":\"newsmaster\",\"@id\":\"https:\\\/\\\/www.pcvesti.com\\\/#\\\/schema\\\/person\\\/d1e384f7c138a1fcda7af7425e55a6b2\"},\"headline\":\"Apple odbija da popravlja \u201enikotinske\u201c ra\u010dunare\",\"datePublished\":\"2009-11-29T14:10:28+00:00\",\"mainEntityOfPage\":{\"@id\":\"https:\\\/\\\/www.pcvesti.com\\\/?p=9271\"},\"wordCount\":236,\"image\":{\"@id\":\"https:\\\/\\\/www.pcvesti.com\\\/?p=9271#primaryimage\"},\"thumbnailUrl\":\"http:\\\/\\\/www.mikro.rs\\\/slike\\\/vesti\\\/2009\\\/12403_apple-logo-green.jpg\",\"articleSection\":[\"PC Vesti\"],\"inLanguage\":\"en-US\"},{\"@type\":\"WebPage\",\"@id\":\"https:\\\/\\\/www.pcvesti.com\\\/?p=9271\",\"url\":\"https:\\\/\\\/www.pcvesti.com\\\/?p=9271\",\"name\":\"Apple odbija da popravlja \u201enikotinske\u201c ra\u010dunare - PCVesti\",\"isPartOf\":{\"@id\":\"https:\\\/\\\/www.pcvesti.com\\\/#website\"},\"primaryImageOfPage\":{\"@id\":\"https:\\\/\\\/www.pcvesti.com\\\/?p=9271#primaryimage\"},\"image\":{\"@id\":\"https:\\\/\\\/www.pcvesti.com\\\/?p=9271#primaryimage\"},\"thumbnailUrl\":\"http:\\\/\\\/www.mikro.rs\\\/slike\\\/vesti\\\/2009\\\/12403_apple-logo-green.jpg\",\"datePublished\":\"2009-11-29T14:10:28+00:00\",\"author\":{\"@id\":\"https:\\\/\\\/www.pcvesti.com\\\/#\\\/schema\\\/person\\\/d1e384f7c138a1fcda7af7425e55a6b2\"},\"breadcrumb\":{\"@id\":\"https:\\\/\\\/www.pcvesti.com\\\/?p=9271#breadcrumb\"},\"inLanguage\":\"en-US\",\"potentialAction\":[{\"@type\":\"ReadAction\",\"target\":[\"https:\\\/\\\/www.pcvesti.com\\\/?p=9271\"]}]},{\"@type\":\"ImageObject\",\"inLanguage\":\"en-US\",\"@id\":\"https:\\\/\\\/www.pcvesti.com\\\/?p=9271#primaryimage\",\"url\":\"http:\\\/\\\/www.mikro.rs\\\/slike\\\/vesti\\\/2009\\\/12403_apple-logo-green.jpg\",\"contentUrl\":\"http:\\\/\\\/www.mikro.rs\\\/slike\\\/vesti\\\/2009\\\/12403_apple-logo-green.jpg\"},{\"@type\":\"BreadcrumbList\",\"@id\":\"https:\\\/\\\/www.pcvesti.com\\\/?p=9271#breadcrumb\",\"itemListElement\":[{\"@type\":\"ListItem\",\"position\":1,\"name\":\"Home\",\"item\":\"https:\\\/\\\/www.pcvesti.com\\\/\"},{\"@type\":\"ListItem\",\"position\":2,\"name\":\"Apple odbija da popravlja \u201enikotinske\u201c ra\u010dunare\"}]},{\"@type\":\"WebSite\",\"@id\":\"https:\\\/\\\/www.pcvesti.com\\\/#website\",\"url\":\"https:\\\/\\\/www.pcvesti.com\\\/\",\"name\":\"PCVesti\",\"description\":\"www.pcvesti.com\",\"potentialAction\":[{\"@type\":\"SearchAction\",\"target\":{\"@type\":\"EntryPoint\",\"urlTemplate\":\"https:\\\/\\\/www.pcvesti.com\\\/?s={search_term_string}\"},\"query-input\":{\"@type\":\"PropertyValueSpecification\",\"valueRequired\":true,\"valueName\":\"search_term_string\"}}],\"inLanguage\":\"en-US\"},{\"@type\":\"Person\",\"@id\":\"https:\\\/\\\/www.pcvesti.com\\\/#\\\/schema\\\/person\\\/d1e384f7c138a1fcda7af7425e55a6b2\",\"name\":\"newsmaster\",\"image\":{\"@type\":\"ImageObject\",\"inLanguage\":\"en-US\",\"@id\":\"https:\\\/\\\/www.pcvesti.com\\\/wp-content\\\/uploads\\\/2018\\\/09\\\/avatar_user_5_1537115954-96x96.jpeg\",\"url\":\"https:\\\/\\\/www.pcvesti.com\\\/wp-content\\\/uploads\\\/2018\\\/09\\\/avatar_user_5_1537115954-96x96.jpeg\",\"contentUrl\":\"https:\\\/\\\/www.pcvesti.com\\\/wp-content\\\/uploads\\\/2018\\\/09\\\/avatar_user_5_1537115954-96x96.jpeg\",\"caption\":\"newsmaster\"},\"url\":\"https:\\\/\\\/www.pcvesti.com\\\/?author=5\"}]}<\/script>\n<!-- \/ Yoast SEO plugin. -->","yoast_head_json":{"title":"Apple odbija da popravlja \u201enikotinske\u201c ra\u010dunare - PCVesti","robots":{"index":"index","follow":"follow","max-snippet":"max-snippet:-1","max-image-preview":"max-image-preview:large","max-video-preview":"max-video-preview:-1"},"canonical":"https:\/\/www.pcvesti.com\/?p=9271","og_locale":"en_US","og_type":"article","og_title":"Apple odbija da popravlja \u201enikotinske\u201c ra\u010dunare - PCVesti","og_description":"Kompanija Apple se na svoj na\u010din priklju\u010dila borbi protiv duvanskog dima, tako \u0161to odbija da servisira svoje proizvode koji su kori\u0161\u0107eni u prostorijama gde se pu\u0161i. Prvi se sa takvom odlukom suo\u010dio vlasnik MacBooka iz ameri\u010dke dr\u017eave Ajova kada je svoj ra\u010dunar koji se pregrevao odneo u Appleov servis. Serviseri su nakon pregleda ra\u010dunara odbili da poprave ure\u0111aj sa obrazlo\u017eenjem da je ra\u010dunar kori\u0161\u0107en u prostoriji gde se pu\u0161i i da zaposleni... Continue reading","og_url":"https:\/\/www.pcvesti.com\/?p=9271","og_site_name":"PCVesti","article_published_time":"2009-11-29T14:10:28+00:00","og_image":[{"url":"http:\/\/www.mikro.rs\/slike\/vesti\/2009\/12403_apple-logo-green.jpg","type":"","width":"","height":""}],"author":"newsmaster","twitter_card":"summary_large_image","twitter_misc":{"Written by":"newsmaster","Est. reading time":"1 minute"},"schema":{"@context":"https:\/\/schema.org","@graph":[{"@type":"Article","@id":"https:\/\/www.pcvesti.com\/?p=9271#article","isPartOf":{"@id":"https:\/\/www.pcvesti.com\/?p=9271"},"author":{"name":"newsmaster","@id":"https:\/\/www.pcvesti.com\/#\/schema\/person\/d1e384f7c138a1fcda7af7425e55a6b2"},"headline":"Apple odbija da popravlja \u201enikotinske\u201c ra\u010dunare","datePublished":"2009-11-29T14:10:28+00:00","mainEntityOfPage":{"@id":"https:\/\/www.pcvesti.com\/?p=9271"},"wordCount":236,"image":{"@id":"https:\/\/www.pcvesti.com\/?p=9271#primaryimage"},"thumbnailUrl":"http:\/\/www.mikro.rs\/slike\/vesti\/2009\/12403_apple-logo-green.jpg","articleSection":["PC Vesti"],"inLanguage":"en-US"},{"@type":"WebPage","@id":"https:\/\/www.pcvesti.com\/?p=9271","url":"https:\/\/www.pcvesti.com\/?p=9271","name":"Apple odbija da popravlja \u201enikotinske\u201c ra\u010dunare - PCVesti","isPartOf":{"@id":"https:\/\/www.pcvesti.com\/#website"},"primaryImageOfPage":{"@id":"https:\/\/www.pcvesti.com\/?p=9271#primaryimage"},"image":{"@id":"https:\/\/www.pcvesti.com\/?p=9271#primaryimage"},"thumbnailUrl":"http:\/\/www.mikro.rs\/slike\/vesti\/2009\/12403_apple-logo-green.jpg","datePublished":"2009-11-29T14:10:28+00:00","author":{"@id":"https:\/\/www.pcvesti.com\/#\/schema\/person\/d1e384f7c138a1fcda7af7425e55a6b2"},"breadcrumb":{"@id":"https:\/\/www.pcvesti.com\/?p=9271#breadcrumb"},"inLanguage":"en-US","potentialAction":[{"@type":"ReadAction","target":["https:\/\/www.pcvesti.com\/?p=9271"]}]},{"@type":"ImageObject","inLanguage":"en-US","@id":"https:\/\/www.pcvesti.com\/?p=9271#primaryimage","url":"http:\/\/www.mikro.rs\/slike\/vesti\/2009\/12403_apple-logo-green.jpg","contentUrl":"http:\/\/www.mikro.rs\/slike\/vesti\/2009\/12403_apple-logo-green.jpg"},{"@type":"BreadcrumbList","@id":"https:\/\/www.pcvesti.com\/?p=9271#breadcrumb","itemListElement":[{"@type":"ListItem","position":1,"name":"Home","item":"https:\/\/www.pcvesti.com\/"},{"@type":"ListItem","position":2,"name":"Apple odbija da popravlja \u201enikotinske\u201c ra\u010dunare"}]},{"@type":"WebSite","@id":"https:\/\/www.pcvesti.com\/#website","url":"https:\/\/www.pcvesti.com\/","name":"PCVesti","description":"www.pcvesti.com","potentialAction":[{"@type":"SearchAction","target":{"@type":"EntryPoint","urlTemplate":"https:\/\/www.pcvesti.com\/?s={search_term_string}"},"query-input":{"@type":"PropertyValueSpecification","valueRequired":true,"valueName":"search_term_string"}}],"inLanguage":"en-US"},{"@type":"Person","@id":"https:\/\/www.pcvesti.com\/#\/schema\/person\/d1e384f7c138a1fcda7af7425e55a6b2","name":"newsmaster","image":{"@type":"ImageObject","inLanguage":"en-US","@id":"https:\/\/www.pcvesti.com\/wp-content\/uploads\/2018\/09\/avatar_user_5_1537115954-96x96.jpeg","url":"https:\/\/www.pcvesti.com\/wp-content\/uploads\/2018\/09\/avatar_user_5_1537115954-96x96.jpeg","contentUrl":"https:\/\/www.pcvesti.com\/wp-content\/uploads\/2018\/09\/avatar_user_5_1537115954-96x96.jpeg","caption":"newsmaster"},"url":"https:\/\/www.pcvesti.com\/?author=5"}]}},"_links":{"self":[{"href":"https:\/\/www.pcvesti.com\/index.php?rest_route=\/wp\/v2\/posts\/9271","targetHints":{"allow":["GET"]}}],"collection":[{"href":"https:\/\/www.pcvesti.com\/index.php?rest_route=\/wp\/v2\/posts"}],"about":[{"href":"https:\/\/www.pcvesti.com\/index.php?rest_route=\/wp\/v2\/types\/post"}],"author":[{"embeddable":true,"href":"https:\/\/www.pcvesti.com\/index.php?rest_route=\/wp\/v2\/users\/5"}],"replies":[{"embeddable":true,"href":"https:\/\/www.pcvesti.com\/index.php?rest_route=%2Fwp%2Fv2%2Fcomments&post=9271"}],"version-history":[{"count":0,"href":"https:\/\/www.pcvesti.com\/index.php?rest_route=\/wp\/v2\/posts\/9271\/revisions"}],"wp:attachment":[{"href":"https:\/\/www.pcvesti.com\/index.php?rest_route=%2Fwp%2Fv2%2Fmedia&parent=9271"}],"wp:term":[{"taxonomy":"category","embeddable":true,"href":"https:\/\/www.pcvesti.com\/index.php?rest_route=%2Fwp%2Fv2%2Fcategories&post=9271"},{"taxonomy":"post_tag","embeddable":true,"href":"https:\/\/www.pcvesti.com\/index.php?rest_route=%2Fwp%2Fv2%2Ftags&post=9271"}],"curies":[{"name":"wp","href":"https:\/\/api.w.org\/{rel}","templated":true}]}}