{"id":9439,"date":"2009-12-06T10:46:14","date_gmt":"2009-12-06T17:46:14","guid":{"rendered":"http:\/\/www.pcvesti.com\/?p=9439"},"modified":"2009-12-06T10:46:14","modified_gmt":"2009-12-06T17:46:14","slug":"ukida-se-dodatni-porez-na-usluge-mobilne-telefonije","status":"publish","type":"post","link":"https:\/\/www.pcvesti.com\/?p=9439","title":{"rendered":"Ukida se dodatni porez na usluge mobilne telefonije?"},"content":{"rendered":"<p><img decoding=\"async\" src=\"http:\/\/www.mikro.rs\/slike\/vesti\/2009\/12440_mobille2.bmp\" border=\"0\" alt=\"\" align=\"left\" \/><span>Ministarka za telekomunikacije Jasna Mati\u0107 izjavila je da o\u010dekuje da \u0107e dodatni porez na upotrebu mobilnih telefona verovatno biti ukinut u 2010. godini. Vlada Srbije je u junu uvela porez na upotrebu mobilnih telefona od 10 odsto u okviru mera za smanjenje bud\u017eetskog deficita pri rebalansu bud\u017eeta.<\/span><\/p>\n<p>\\&#8221;Ako bud\u017eetski prilivi ne budu smanjeni, kao \u0161to je to bilo u proteklom periodu, nadamo se da \u0107e ubrzo do\u0107i do ukidanja poreza\\&#8221;, rekla je Mati\u0107eva. Ona je navela da se ve\u0107 vidi da kriza popu\u0161ta i da neke antikrizne mere mogu da se elimini\u0161u.<\/p>\n<p><!--more-->Prema njenim re\u010dima, Ministarstvo telekomunikacija ima potvrdu iz ostalih ministarstava da \u0107e, \u010dim to bude mogu\u0107e, porez biti ukinut. Prema njenim re\u010dima, uvo\u0111enje dodatnog poreza na mobilnu telefoniju nije dobro za industriju, dovodi do smanjenja investicija i stopa rasta u sektoru telekomunikacija. \\&#8221;To je sektor koji podr\u017eava sve druge i bez dobrih komunikacija nijedan da sektor u Srbiji ne mo\u017ee da funkcioni\u0161e\\&#8221;, rekla je Mati\u0107eva.<\/p>\n<p>U objavljenom bud\u017eetu za slede\u0107u godinu primetno je da se i dalje ra\u010duna na prihode od poreza na upotrebu mobilnog telefona. Kako je nedavno objasnila ministarka finansija Dijana Dragutinovi\u0107, njeno ministarstvo je spremno da ukine taj porez samo ako bi mogla da prona\u0111e zamenu za prihode koje donosi.<\/p>\n<p>Operateri mobilne telefonije su jo\u0161 u prvoj polovini godine protestovali protiv uvo\u0111enja ovog dodatnog poreza i tvrdili da \u0107e zbog toga poskupeti usluge za korisnike, bez pobolj\u0161anja kvaliteta usluga. (A.S.)<br \/>\n<span style=\"font-family: Arial,Helvetica,sans-serif; font-size: 12px; color: #333333;\">Izvor: <a style=\"font-family: Arial,Helvetica,sans-serif; text-decoration: underline; color: #6f060b;\" title=\"Casopis Mikro\" href=\"http:\/\/www.mikro.rs\/\" target=\"_blank\">Mikro<\/a><\/span><\/p>\n<p><span style=\"font-family: Arial,Helvetica,sans-serif; font-size: 12px; color: #333333;\">Search: <\/span><a title=\"Find More About Ukida se dodatni porez na usluge mobilne telefonije?\" href=\"http:\/\/www.pcvesti.com\/gosearch.php?id=Ukida se dodatni porez na usluge mobilne telefonije?\" target=\"_blank\">Find More About Lenovo A70Z<\/a><\/p>\n<p>[ad#234x60vesti]<\/p>\n","protected":false},"excerpt":{"rendered":"<p>Ministarka za telekomunikacije Jasna Mati\u0107 izjavila je da o\u010dekuje da \u0107e dodatni porez na upotrebu mobilnih telefona verovatno biti ukinut u 2010. godini. Vlada Srbije je u junu uvela porez na upotrebu mobilnih telefona od 10 odsto u okviru mera za smanjenje bud\u017eetskog deficita pri rebalansu bud\u017eeta. \\&#8221;Ako bud\u017eetski prilivi ne budu smanjeni, kao \u0161to je to bilo u proteklom periodu, nadamo se da \u0107e ubrzo do\u0107i do ukidanja poreza\\&#8221;, rekla je&#8230; <\/p>\n<div class=\"more-container\"><a class=\"more-link\" href=\"https:\/\/www.pcvesti.com\/?p=9439\" itemprop=\"url\">Continue reading<\/a><\/div>\n","protected":false},"author":5,"featured_media":0,"comment_status":"closed","ping_status":"closed","sticky":false,"template":"","format":"standard","meta":{"seo_booster_metabox":"","ngg_post_thumbnail":0,"slim_seo":{"title":"Ukida se dodatni porez na usluge mobilne telefonije? - PCVesti","description":"Ministarka za telekomunikacije Jasna Mati\u0107 izjavila je da o\u010dekuje da \u0107e dodatni porez na upotrebu mobilnih telefona verovatno biti ukinut u 2010. godini. Vlada"},"footnotes":""},"categories":[5],"tags":[],"class_list":["post-9439","post","type-post","status-publish","format-standard","hentry","category-pc-vesti"],"yoast_head":"<!-- This site is optimized with the Yoast SEO plugin v27.5 - https:\/\/yoast.com\/product\/yoast-seo-wordpress\/ -->\n<title>Ukida se dodatni porez na usluge mobilne telefonije? - PCVesti<\/title>\n<meta name=\"robots\" content=\"index, follow, max-snippet:-1, max-image-preview:large, max-video-preview:-1\" \/>\n<link rel=\"canonical\" href=\"https:\/\/www.pcvesti.com\/?p=9439\" \/>\n<meta property=\"og:locale\" content=\"en_US\" \/>\n<meta property=\"og:type\" content=\"article\" \/>\n<meta property=\"og:title\" content=\"Ukida se dodatni porez na usluge mobilne telefonije? - PCVesti\" \/>\n<meta property=\"og:description\" content=\"Ministarka za telekomunikacije Jasna Mati\u0107 izjavila je da o\u010dekuje da \u0107e dodatni porez na upotrebu mobilnih telefona verovatno biti ukinut u 2010. godini. Vlada Srbije je u junu uvela porez na upotrebu mobilnih telefona od 10 odsto u okviru mera za smanjenje bud\u017eetskog deficita pri rebalansu bud\u017eeta. &#8221;Ako bud\u017eetski prilivi ne budu smanjeni, kao \u0161to je to bilo u proteklom periodu, nadamo se da \u0107e ubrzo do\u0107i do ukidanja poreza&#8221;, rekla je... Continue reading\" \/>\n<meta property=\"og:url\" content=\"https:\/\/www.pcvesti.com\/?p=9439\" \/>\n<meta property=\"og:site_name\" content=\"PCVesti\" \/>\n<meta property=\"article:published_time\" content=\"2009-12-06T17:46:14+00:00\" \/>\n<meta property=\"og:image\" content=\"http:\/\/www.mikro.rs\/slike\/vesti\/2009\/12440_mobille2.bmp\" \/>\n<meta name=\"author\" content=\"newsmaster\" \/>\n<meta name=\"twitter:card\" content=\"summary_large_image\" \/>\n<meta name=\"twitter:label1\" content=\"Written by\" \/>\n\t<meta name=\"twitter:data1\" content=\"newsmaster\" \/>\n\t<meta name=\"twitter:label2\" content=\"Est. reading time\" \/>\n\t<meta name=\"twitter:data2\" content=\"1 minute\" \/>\n<script type=\"application\/ld+json\" class=\"yoast-schema-graph\">{\"@context\":\"https:\\\/\\\/schema.org\",\"@graph\":[{\"@type\":\"Article\",\"@id\":\"https:\\\/\\\/www.pcvesti.com\\\/?p=9439#article\",\"isPartOf\":{\"@id\":\"https:\\\/\\\/www.pcvesti.com\\\/?p=9439\"},\"author\":{\"name\":\"newsmaster\",\"@id\":\"https:\\\/\\\/www.pcvesti.com\\\/#\\\/schema\\\/person\\\/d1e384f7c138a1fcda7af7425e55a6b2\"},\"headline\":\"Ukida se dodatni porez na usluge mobilne telefonije?\",\"datePublished\":\"2009-12-06T17:46:14+00:00\",\"mainEntityOfPage\":{\"@id\":\"https:\\\/\\\/www.pcvesti.com\\\/?p=9439\"},\"wordCount\":276,\"image\":{\"@id\":\"https:\\\/\\\/www.pcvesti.com\\\/?p=9439#primaryimage\"},\"thumbnailUrl\":\"http:\\\/\\\/www.mikro.rs\\\/slike\\\/vesti\\\/2009\\\/12440_mobille2.bmp\",\"articleSection\":[\"PC Vesti\"],\"inLanguage\":\"en-US\"},{\"@type\":\"WebPage\",\"@id\":\"https:\\\/\\\/www.pcvesti.com\\\/?p=9439\",\"url\":\"https:\\\/\\\/www.pcvesti.com\\\/?p=9439\",\"name\":\"Ukida se dodatni porez na usluge mobilne telefonije? - PCVesti\",\"isPartOf\":{\"@id\":\"https:\\\/\\\/www.pcvesti.com\\\/#website\"},\"primaryImageOfPage\":{\"@id\":\"https:\\\/\\\/www.pcvesti.com\\\/?p=9439#primaryimage\"},\"image\":{\"@id\":\"https:\\\/\\\/www.pcvesti.com\\\/?p=9439#primaryimage\"},\"thumbnailUrl\":\"http:\\\/\\\/www.mikro.rs\\\/slike\\\/vesti\\\/2009\\\/12440_mobille2.bmp\",\"datePublished\":\"2009-12-06T17:46:14+00:00\",\"author\":{\"@id\":\"https:\\\/\\\/www.pcvesti.com\\\/#\\\/schema\\\/person\\\/d1e384f7c138a1fcda7af7425e55a6b2\"},\"breadcrumb\":{\"@id\":\"https:\\\/\\\/www.pcvesti.com\\\/?p=9439#breadcrumb\"},\"inLanguage\":\"en-US\",\"potentialAction\":[{\"@type\":\"ReadAction\",\"target\":[\"https:\\\/\\\/www.pcvesti.com\\\/?p=9439\"]}]},{\"@type\":\"ImageObject\",\"inLanguage\":\"en-US\",\"@id\":\"https:\\\/\\\/www.pcvesti.com\\\/?p=9439#primaryimage\",\"url\":\"http:\\\/\\\/www.mikro.rs\\\/slike\\\/vesti\\\/2009\\\/12440_mobille2.bmp\",\"contentUrl\":\"http:\\\/\\\/www.mikro.rs\\\/slike\\\/vesti\\\/2009\\\/12440_mobille2.bmp\"},{\"@type\":\"BreadcrumbList\",\"@id\":\"https:\\\/\\\/www.pcvesti.com\\\/?p=9439#breadcrumb\",\"itemListElement\":[{\"@type\":\"ListItem\",\"position\":1,\"name\":\"Home\",\"item\":\"https:\\\/\\\/www.pcvesti.com\\\/\"},{\"@type\":\"ListItem\",\"position\":2,\"name\":\"Ukida se dodatni porez na usluge mobilne telefonije?\"}]},{\"@type\":\"WebSite\",\"@id\":\"https:\\\/\\\/www.pcvesti.com\\\/#website\",\"url\":\"https:\\\/\\\/www.pcvesti.com\\\/\",\"name\":\"PCVesti\",\"description\":\"www.pcvesti.com\",\"potentialAction\":[{\"@type\":\"SearchAction\",\"target\":{\"@type\":\"EntryPoint\",\"urlTemplate\":\"https:\\\/\\\/www.pcvesti.com\\\/?s={search_term_string}\"},\"query-input\":{\"@type\":\"PropertyValueSpecification\",\"valueRequired\":true,\"valueName\":\"search_term_string\"}}],\"inLanguage\":\"en-US\"},{\"@type\":\"Person\",\"@id\":\"https:\\\/\\\/www.pcvesti.com\\\/#\\\/schema\\\/person\\\/d1e384f7c138a1fcda7af7425e55a6b2\",\"name\":\"newsmaster\",\"image\":{\"@type\":\"ImageObject\",\"inLanguage\":\"en-US\",\"@id\":\"https:\\\/\\\/www.pcvesti.com\\\/wp-content\\\/uploads\\\/2018\\\/09\\\/avatar_user_5_1537115954-96x96.jpeg\",\"url\":\"https:\\\/\\\/www.pcvesti.com\\\/wp-content\\\/uploads\\\/2018\\\/09\\\/avatar_user_5_1537115954-96x96.jpeg\",\"contentUrl\":\"https:\\\/\\\/www.pcvesti.com\\\/wp-content\\\/uploads\\\/2018\\\/09\\\/avatar_user_5_1537115954-96x96.jpeg\",\"caption\":\"newsmaster\"},\"url\":\"https:\\\/\\\/www.pcvesti.com\\\/?author=5\"}]}<\/script>\n<!-- \/ Yoast SEO plugin. -->","yoast_head_json":{"title":"Ukida se dodatni porez na usluge mobilne telefonije? - PCVesti","robots":{"index":"index","follow":"follow","max-snippet":"max-snippet:-1","max-image-preview":"max-image-preview:large","max-video-preview":"max-video-preview:-1"},"canonical":"https:\/\/www.pcvesti.com\/?p=9439","og_locale":"en_US","og_type":"article","og_title":"Ukida se dodatni porez na usluge mobilne telefonije? - PCVesti","og_description":"Ministarka za telekomunikacije Jasna Mati\u0107 izjavila je da o\u010dekuje da \u0107e dodatni porez na upotrebu mobilnih telefona verovatno biti ukinut u 2010. godini. Vlada Srbije je u junu uvela porez na upotrebu mobilnih telefona od 10 odsto u okviru mera za smanjenje bud\u017eetskog deficita pri rebalansu bud\u017eeta. &#8221;Ako bud\u017eetski prilivi ne budu smanjeni, kao \u0161to je to bilo u proteklom periodu, nadamo se da \u0107e ubrzo do\u0107i do ukidanja poreza&#8221;, rekla je... Continue reading","og_url":"https:\/\/www.pcvesti.com\/?p=9439","og_site_name":"PCVesti","article_published_time":"2009-12-06T17:46:14+00:00","og_image":[{"url":"http:\/\/www.mikro.rs\/slike\/vesti\/2009\/12440_mobille2.bmp","type":"","width":"","height":""}],"author":"newsmaster","twitter_card":"summary_large_image","twitter_misc":{"Written by":"newsmaster","Est. reading time":"1 minute"},"schema":{"@context":"https:\/\/schema.org","@graph":[{"@type":"Article","@id":"https:\/\/www.pcvesti.com\/?p=9439#article","isPartOf":{"@id":"https:\/\/www.pcvesti.com\/?p=9439"},"author":{"name":"newsmaster","@id":"https:\/\/www.pcvesti.com\/#\/schema\/person\/d1e384f7c138a1fcda7af7425e55a6b2"},"headline":"Ukida se dodatni porez na usluge mobilne telefonije?","datePublished":"2009-12-06T17:46:14+00:00","mainEntityOfPage":{"@id":"https:\/\/www.pcvesti.com\/?p=9439"},"wordCount":276,"image":{"@id":"https:\/\/www.pcvesti.com\/?p=9439#primaryimage"},"thumbnailUrl":"http:\/\/www.mikro.rs\/slike\/vesti\/2009\/12440_mobille2.bmp","articleSection":["PC Vesti"],"inLanguage":"en-US"},{"@type":"WebPage","@id":"https:\/\/www.pcvesti.com\/?p=9439","url":"https:\/\/www.pcvesti.com\/?p=9439","name":"Ukida se dodatni porez na usluge mobilne telefonije? - PCVesti","isPartOf":{"@id":"https:\/\/www.pcvesti.com\/#website"},"primaryImageOfPage":{"@id":"https:\/\/www.pcvesti.com\/?p=9439#primaryimage"},"image":{"@id":"https:\/\/www.pcvesti.com\/?p=9439#primaryimage"},"thumbnailUrl":"http:\/\/www.mikro.rs\/slike\/vesti\/2009\/12440_mobille2.bmp","datePublished":"2009-12-06T17:46:14+00:00","author":{"@id":"https:\/\/www.pcvesti.com\/#\/schema\/person\/d1e384f7c138a1fcda7af7425e55a6b2"},"breadcrumb":{"@id":"https:\/\/www.pcvesti.com\/?p=9439#breadcrumb"},"inLanguage":"en-US","potentialAction":[{"@type":"ReadAction","target":["https:\/\/www.pcvesti.com\/?p=9439"]}]},{"@type":"ImageObject","inLanguage":"en-US","@id":"https:\/\/www.pcvesti.com\/?p=9439#primaryimage","url":"http:\/\/www.mikro.rs\/slike\/vesti\/2009\/12440_mobille2.bmp","contentUrl":"http:\/\/www.mikro.rs\/slike\/vesti\/2009\/12440_mobille2.bmp"},{"@type":"BreadcrumbList","@id":"https:\/\/www.pcvesti.com\/?p=9439#breadcrumb","itemListElement":[{"@type":"ListItem","position":1,"name":"Home","item":"https:\/\/www.pcvesti.com\/"},{"@type":"ListItem","position":2,"name":"Ukida se dodatni porez na usluge mobilne telefonije?"}]},{"@type":"WebSite","@id":"https:\/\/www.pcvesti.com\/#website","url":"https:\/\/www.pcvesti.com\/","name":"PCVesti","description":"www.pcvesti.com","potentialAction":[{"@type":"SearchAction","target":{"@type":"EntryPoint","urlTemplate":"https:\/\/www.pcvesti.com\/?s={search_term_string}"},"query-input":{"@type":"PropertyValueSpecification","valueRequired":true,"valueName":"search_term_string"}}],"inLanguage":"en-US"},{"@type":"Person","@id":"https:\/\/www.pcvesti.com\/#\/schema\/person\/d1e384f7c138a1fcda7af7425e55a6b2","name":"newsmaster","image":{"@type":"ImageObject","inLanguage":"en-US","@id":"https:\/\/www.pcvesti.com\/wp-content\/uploads\/2018\/09\/avatar_user_5_1537115954-96x96.jpeg","url":"https:\/\/www.pcvesti.com\/wp-content\/uploads\/2018\/09\/avatar_user_5_1537115954-96x96.jpeg","contentUrl":"https:\/\/www.pcvesti.com\/wp-content\/uploads\/2018\/09\/avatar_user_5_1537115954-96x96.jpeg","caption":"newsmaster"},"url":"https:\/\/www.pcvesti.com\/?author=5"}]}},"_links":{"self":[{"href":"https:\/\/www.pcvesti.com\/index.php?rest_route=\/wp\/v2\/posts\/9439","targetHints":{"allow":["GET"]}}],"collection":[{"href":"https:\/\/www.pcvesti.com\/index.php?rest_route=\/wp\/v2\/posts"}],"about":[{"href":"https:\/\/www.pcvesti.com\/index.php?rest_route=\/wp\/v2\/types\/post"}],"author":[{"embeddable":true,"href":"https:\/\/www.pcvesti.com\/index.php?rest_route=\/wp\/v2\/users\/5"}],"replies":[{"embeddable":true,"href":"https:\/\/www.pcvesti.com\/index.php?rest_route=%2Fwp%2Fv2%2Fcomments&post=9439"}],"version-history":[{"count":0,"href":"https:\/\/www.pcvesti.com\/index.php?rest_route=\/wp\/v2\/posts\/9439\/revisions"}],"wp:attachment":[{"href":"https:\/\/www.pcvesti.com\/index.php?rest_route=%2Fwp%2Fv2%2Fmedia&parent=9439"}],"wp:term":[{"taxonomy":"category","embeddable":true,"href":"https:\/\/www.pcvesti.com\/index.php?rest_route=%2Fwp%2Fv2%2Fcategories&post=9439"},{"taxonomy":"post_tag","embeddable":true,"href":"https:\/\/www.pcvesti.com\/index.php?rest_route=%2Fwp%2Fv2%2Ftags&post=9439"}],"curies":[{"name":"wp","href":"https:\/\/api.w.org\/{rel}","templated":true}]}}