{"id":9842,"date":"2009-12-23T00:51:36","date_gmt":"2009-12-23T07:51:36","guid":{"rendered":"http:\/\/www.pcvesti.com\/?p=9842"},"modified":"2009-12-23T00:53:27","modified_gmt":"2009-12-23T07:53:27","slug":"intel-predstavlja-novu-generaciju-atom-platforme","status":"publish","type":"post","link":"https:\/\/www.pcvesti.com\/?p=9842","title":{"rendered":"Intel predstavlja novu generaciju Atom platforme"},"content":{"rendered":"<p><strong> <\/strong><\/p>\n<p><strong> <\/strong><\/p>\n<p style=\"text-align: center;\"><strong>Najavljen je prvi Intel \u010dip koji integri\u0161e grafi\u010dku memoriju i memorijski kontroler u procesoru; omogu\u0107uje smanjenje utro\u0161ka energije, manju veli\u010dinu sistema i unapre\u0111enje performansi<\/strong><\/p>\n<p><strong> <\/strong><\/p>\n<p><strong> <\/strong><\/p>\n<ul>\n<li>Vi\u0161i nivo integrisanosti uz 45nm proces izrade koji omogu\u0107uje manju potro\u0161nju energije, uve\u0107anje performansi i smanjenje veli\u010dine<\/li>\n<li>Prose\u010dna potro\u0161nja energije za 20 odsto ni\u017ea u odnosu na prethodnu genraciju, \u0161to omogu\u0107uje du\u017ee trajanje baterije u netbuk ra\u010dunarima<\/li>\n<li>Najava primene u preko 80 modela netbuk ra\u010dunara najpoznatijih kompanija Asus, Acer, Dell, Toshiba, Fujitsu, Lenovo, Samsung i MSI<\/li>\n<li>Ova generacija procesora bi\u0107e dostupna od 4. januara<\/li>\n<\/ul>\n<p>SANTA KLARA, Kalifornija, 21. decembar 2009. godine \u2013 Kompanija Intel Corporation danas je najavila predstavljanje novog Intel Atom procesora sa grafikom integrisanom direktno u procesorskoj jedinici, omogu\u0107uju\u0107i pobolj\u0161ane performanse i manji, energetski efikasniji dizajn nove generacije netbuk ra\u010dunara i osnovnih modela desktop ra\u010dunara zasnovanih na Atom procesorima. Vode\u0107i proizvo\u0111a\u010di iskazali su veliko interesovanje za proizvodnju sistema sa Intel\u00ae Atom\u2122 procesorima i novim \u010dipsetom koji \u0107e biti dostupan za nekoliko nedelja.<\/p>\n<p>Najnovija Intel Atom platforma za netbuk ra\u010dunare sastoji se od novog Intel\u00ae Atom\u2122 procesora, N450, i novog Intel\u00ae NM10 Express \u010dipseta niske potro\u0161nje. Za osnovni nivo desktop ra\u010dunara, komplet \u0107e \u010diniti ili Intel\u00ae Atom\u2122 procesor D410 ili dual core D510, u kombinaciji sa Intel\u00ae NM10 Express \u010dipsetom. Atom procesor dizajniran je sa idejom da poslu\u017ei za male ure\u0111aje i nisku potro\u0161nju i ostaje najmanji \u010dip kompanije Intel, izra\u0111en u 45nm high-k-metal gate proizvodnom procesu. \u010citavo pakovanje, koje uklju\u010duje i \u010dipset, postalo je manje zahvaljuju\u0107i naprednoj integraciji i 45nm proizvodnji, \u0161to zna\u010di manje i kompaktnije sisteme, manje tro\u0161kove za asemblere i unapre\u0111ene performanse.<\/p>\n<p><!--more--><\/p>\n<p><strong>Podr\u0161ka industrije<\/strong><\/p>\n<p>Kompanija Intel zadovoljna je podr\u0161kom industrije za Atom platformu jer su, posebno netbuk ra\u010dunari, imali odli\u010dnu prodaju tokom godine recesije zahvaljuju\u0107i dostupnosti, funkcionalnosti i maloj veli\u010dini (7-10.2\u201d ekrani). Kompanija Intel tako\u0111e o\u010dekuje da \u0107e Atom procesori biti odli\u010dno prihva\u0107eni u velikom broju malih ure\u0111aja i osnovnom nivou desktop ra\u010dunara niske cene, ultra malog dizajna (manje od 1 kubnog decimetra zapremine) bez potrebe za ventilatorom a sa niskom cenom svih opcija.<\/p>\n<p>Jo\u0161 od kada je kompanija Intel najavila prvi Atom procesor za netbuk ra\u010dunare i osnovni nivo desktop ra\u010dunara u junu 2008. godine, tr\u017ei\u0161te za ovaj tip ure\u0111aja se neprestano \u0161iri. Intel je isporu\u010dio preko 40 miliona Atom \u010dipova za netbuk ra\u010dunare svih ve\u0107ih asemblera. U isto vreme netbuk ra\u010dunari postali su prodavaniji nego iPhone ure\u0111aji kompanije Apple ili Nintendo Wii.* Sude\u0107i prema istra\u017eivanju ABI, ukupna isporuka Atom procesora za sve segmente nastavi\u0107e rast na stotine miliona u 2011.* Kompanija Intel \u017eeli da se taj trend nastavi nude\u0107i slede\u0107u generaciju ove platforme.<\/p>\n<p>\u201eIntel Atom procesor doveo je do potpuno nove kategorije u ra\u010dunarstvu u proteklih godinu i po, i mislimo da \u0107e se rast nastaviti u segmentu koju obuhvata ure\u0111aje kao \u0161to su netbuk ra\u010dunari i osnovni nivo desktop ra\u010dunara\u201c, izjavio je Mooly Eden, potpredsenik kompanije i generalni direktor Intel PC Client grupe. \u201eUzbu\u0111eni smo \u0161to smo u prilici da isporu\u010dimo slede\u0107u generaciju Atom paltforme i nastoja\u0107emo da \u010ditavoj industriji omogu\u0107imo drugi talas razvoja, pru\u017eaju\u0107i inovativni sistemski dizajn sa boljim performansama, manjim karbonskim otiskom i du\u017eim vekom trajanja baterije.\u201d<\/p>\n<p><strong> <\/strong><\/p>\n<p><strong>Unapre\u0111ene procesorske i grafi\u010dke performanse<\/strong><\/p>\n<p>Jedna od najzna\u010dajnijih odlika nove platforme je integrisanje memorijskog kontrolera i grafike u samu procesorsku jedinicu, prvi put izvedenu na x-86 \u010dipu. To zna\u010di dva \u010dipa (CPU + \u010dipset) umesto prethodnih tri (CPU, \u010dipset, I\/O kontorlerski hab), ni\u017eu TDP i zna\u010dajno smanjenje cene, ni\u0111i ukupni karbonski otisak i potro\u0161nji energije. Nova netbuk platforma ima\u0107e pobolj\u0161anje za 20 odsto koje se ti\u010de prose\u010dne potro\u0161nje energije i manje veli\u010dine u odnosu na prethodne Atom platforme. To zna\u010di i da \u0107e sistemi biti manji i kompaktniji a baterija \u0107e omogu\u0107avati ve\u0107u autonomiju. U ekolo\u0161kom smislu, kada je re\u010d o netbuk ra\u010dunarima, smanjenje karbonskog otiska iznosi preko 60 odsto a kada je re\u010d o desktop ra\u010dunarima \u010dak 70 odsto. Pored svega ve\u0107 navedenog, i termalna disipacija je umanjena za 50 odsto.<\/p>\nngg_shortcode_0_placeholder\n<p><strong>O platformi<\/strong><\/p>\n<p>Model N450 ima Atom procesor sa jednim jezgrom i 512k L2 ke\u0161 memorije i 7 vati ukupne TDP, uklju\u010duju\u0107i i \u010dipset. Model D410 je osnovni model za desktop ra\u010dunare i podrazumeva Atom procesor sa jednim jezgrom sa 512k L2 ke\u0161 memorije i 12 vati ukupne TDP uklju\u010duju\u0107i i \u010dipset, dok model D510 ima dvojezgarni Atom procesor sa 1meg L2 ke\u0161 i 15 vati ukupne TDP uklju\u010duju\u0107i i \u010dipset. Novi \u010dipsetovi rade na 1.66GHz. Cene i dostupnost bi\u0107e objavljeni u januaru kada kompletni sistemi, sastavljeni od strane asemblera, budu postali dostupni.<\/p>\n<p><strong>O kompaniji Intel<\/strong><\/p>\n<p>Intel (NASDAQ: INTC), svetski lider u oblasti inovacija u ra\u010dunarskoj industriji, razvija tehnologije, proizvode i pokre\u0107e inicijative kako bi kontinuirano unapre\u0111ivao na\u010din na koji ljudi rade i \u017eive. Dodatne informacije o Intel-u su dostupne na\u00a0 <a href=\"http:\/\/www.intel.com\/pressroom\">www.intel.com\/pressroom<\/a> i <a href=\"http:\/\/blogs.intel.com\/\">blogs.intel.com<\/a><em> <\/em><\/p>\n","protected":false},"excerpt":{"rendered":"<p>Najavljen je prvi Intel \u010dip koji integri\u0161e grafi\u010dku memoriju i memorijski kontroler u procesoru; omogu\u0107uje smanjenje utro\u0161ka energije, manju veli\u010dinu sistema i unapre\u0111enje performansi Vi\u0161i nivo integrisanosti uz 45nm proces izrade koji omogu\u0107uje manju potro\u0161nju energije, uve\u0107anje performansi i smanjenje veli\u010dine Prose\u010dna potro\u0161nja energije za 20 odsto ni\u017ea u odnosu na prethodnu genraciju, \u0161to omogu\u0107uje du\u017ee trajanje baterije u netbuk ra\u010dunarima Najava primene u preko 80 modela netbuk ra\u010dunara najpoznatijih kompanija Asus,&#8230; <\/p>\n<div class=\"more-container\"><a class=\"more-link\" href=\"https:\/\/www.pcvesti.com\/?p=9842\" itemprop=\"url\">Continue reading<\/a><\/div>\n","protected":false},"author":5,"featured_media":0,"comment_status":"closed","ping_status":"closed","sticky":false,"template":"","format":"standard","meta":{"seo_booster_metabox":"","ngg_post_thumbnail":0,"slim_seo":{"title":"Intel predstavlja novu generaciju Atom platforme - PCVesti","description":"Najavljen je prvi Intel \u010dip koji integri\u0161e grafi\u010dku memoriju i memorijski kontroler u procesoru; omogu\u0107uje smanjenje utro\u0161ka energije, manju veli\u010dinu sistema i"},"footnotes":""},"categories":[5],"tags":[],"class_list":["post-9842","post","type-post","status-publish","format-standard","hentry","category-pc-vesti"],"yoast_head":"<!-- This site is optimized with the Yoast SEO plugin v27.5 - https:\/\/yoast.com\/product\/yoast-seo-wordpress\/ -->\n<title>Intel predstavlja novu generaciju Atom platforme - PCVesti<\/title>\n<meta name=\"robots\" content=\"index, follow, max-snippet:-1, max-image-preview:large, max-video-preview:-1\" \/>\n<link rel=\"canonical\" href=\"https:\/\/www.pcvesti.com\/?p=9842\" \/>\n<meta property=\"og:locale\" content=\"en_US\" \/>\n<meta property=\"og:type\" content=\"article\" \/>\n<meta property=\"og:title\" content=\"Intel predstavlja novu generaciju Atom platforme - PCVesti\" \/>\n<meta property=\"og:description\" content=\"Najavljen je prvi Intel \u010dip koji integri\u0161e grafi\u010dku memoriju i memorijski kontroler u procesoru; omogu\u0107uje smanjenje utro\u0161ka energije, manju veli\u010dinu sistema i unapre\u0111enje performansi Vi\u0161i nivo integrisanosti uz 45nm proces izrade koji omogu\u0107uje manju potro\u0161nju energije, uve\u0107anje performansi i smanjenje veli\u010dine Prose\u010dna potro\u0161nja energije za 20 odsto ni\u017ea u odnosu na prethodnu genraciju, \u0161to omogu\u0107uje du\u017ee trajanje baterije u netbuk ra\u010dunarima Najava primene u preko 80 modela netbuk ra\u010dunara najpoznatijih kompanija Asus,... Continue reading\" \/>\n<meta property=\"og:url\" content=\"https:\/\/www.pcvesti.com\/?p=9842\" \/>\n<meta property=\"og:site_name\" content=\"PCVesti\" \/>\n<meta property=\"article:published_time\" content=\"2009-12-23T07:51:36+00:00\" \/>\n<meta property=\"article:modified_time\" content=\"2009-12-23T07:53:27+00:00\" \/>\n<meta name=\"author\" content=\"newsmaster\" \/>\n<meta name=\"twitter:card\" content=\"summary_large_image\" \/>\n<meta name=\"twitter:label1\" content=\"Written by\" \/>\n\t<meta name=\"twitter:data1\" content=\"newsmaster\" \/>\n\t<meta name=\"twitter:label2\" content=\"Est. reading time\" \/>\n\t<meta name=\"twitter:data2\" content=\"4 minutes\" \/>\n<script type=\"application\/ld+json\" class=\"yoast-schema-graph\">{\"@context\":\"https:\\\/\\\/schema.org\",\"@graph\":[{\"@type\":\"Article\",\"@id\":\"https:\\\/\\\/www.pcvesti.com\\\/?p=9842#article\",\"isPartOf\":{\"@id\":\"https:\\\/\\\/www.pcvesti.com\\\/?p=9842\"},\"author\":{\"name\":\"newsmaster\",\"@id\":\"https:\\\/\\\/www.pcvesti.com\\\/#\\\/schema\\\/person\\\/d1e384f7c138a1fcda7af7425e55a6b2\"},\"headline\":\"Intel predstavlja novu generaciju Atom platforme\",\"datePublished\":\"2009-12-23T07:51:36+00:00\",\"dateModified\":\"2009-12-23T07:53:27+00:00\",\"mainEntityOfPage\":{\"@id\":\"https:\\\/\\\/www.pcvesti.com\\\/?p=9842\"},\"wordCount\":881,\"articleSection\":[\"PC Vesti\"],\"inLanguage\":\"en-US\"},{\"@type\":\"WebPage\",\"@id\":\"https:\\\/\\\/www.pcvesti.com\\\/?p=9842\",\"url\":\"https:\\\/\\\/www.pcvesti.com\\\/?p=9842\",\"name\":\"Intel predstavlja novu generaciju Atom platforme - PCVesti\",\"isPartOf\":{\"@id\":\"https:\\\/\\\/www.pcvesti.com\\\/#website\"},\"datePublished\":\"2009-12-23T07:51:36+00:00\",\"dateModified\":\"2009-12-23T07:53:27+00:00\",\"author\":{\"@id\":\"https:\\\/\\\/www.pcvesti.com\\\/#\\\/schema\\\/person\\\/d1e384f7c138a1fcda7af7425e55a6b2\"},\"breadcrumb\":{\"@id\":\"https:\\\/\\\/www.pcvesti.com\\\/?p=9842#breadcrumb\"},\"inLanguage\":\"en-US\",\"potentialAction\":[{\"@type\":\"ReadAction\",\"target\":[\"https:\\\/\\\/www.pcvesti.com\\\/?p=9842\"]}]},{\"@type\":\"BreadcrumbList\",\"@id\":\"https:\\\/\\\/www.pcvesti.com\\\/?p=9842#breadcrumb\",\"itemListElement\":[{\"@type\":\"ListItem\",\"position\":1,\"name\":\"Home\",\"item\":\"https:\\\/\\\/www.pcvesti.com\\\/\"},{\"@type\":\"ListItem\",\"position\":2,\"name\":\"Intel predstavlja novu generaciju Atom platforme\"}]},{\"@type\":\"WebSite\",\"@id\":\"https:\\\/\\\/www.pcvesti.com\\\/#website\",\"url\":\"https:\\\/\\\/www.pcvesti.com\\\/\",\"name\":\"PCVesti\",\"description\":\"www.pcvesti.com\",\"potentialAction\":[{\"@type\":\"SearchAction\",\"target\":{\"@type\":\"EntryPoint\",\"urlTemplate\":\"https:\\\/\\\/www.pcvesti.com\\\/?s={search_term_string}\"},\"query-input\":{\"@type\":\"PropertyValueSpecification\",\"valueRequired\":true,\"valueName\":\"search_term_string\"}}],\"inLanguage\":\"en-US\"},{\"@type\":\"Person\",\"@id\":\"https:\\\/\\\/www.pcvesti.com\\\/#\\\/schema\\\/person\\\/d1e384f7c138a1fcda7af7425e55a6b2\",\"name\":\"newsmaster\",\"image\":{\"@type\":\"ImageObject\",\"inLanguage\":\"en-US\",\"@id\":\"https:\\\/\\\/www.pcvesti.com\\\/wp-content\\\/uploads\\\/2018\\\/09\\\/avatar_user_5_1537115954-96x96.jpeg\",\"url\":\"https:\\\/\\\/www.pcvesti.com\\\/wp-content\\\/uploads\\\/2018\\\/09\\\/avatar_user_5_1537115954-96x96.jpeg\",\"contentUrl\":\"https:\\\/\\\/www.pcvesti.com\\\/wp-content\\\/uploads\\\/2018\\\/09\\\/avatar_user_5_1537115954-96x96.jpeg\",\"caption\":\"newsmaster\"},\"url\":\"https:\\\/\\\/www.pcvesti.com\\\/?author=5\"}]}<\/script>\n<!-- \/ Yoast SEO plugin. -->","yoast_head_json":{"title":"Intel predstavlja novu generaciju Atom platforme - PCVesti","robots":{"index":"index","follow":"follow","max-snippet":"max-snippet:-1","max-image-preview":"max-image-preview:large","max-video-preview":"max-video-preview:-1"},"canonical":"https:\/\/www.pcvesti.com\/?p=9842","og_locale":"en_US","og_type":"article","og_title":"Intel predstavlja novu generaciju Atom platforme - PCVesti","og_description":"Najavljen je prvi Intel \u010dip koji integri\u0161e grafi\u010dku memoriju i memorijski kontroler u procesoru; omogu\u0107uje smanjenje utro\u0161ka energije, manju veli\u010dinu sistema i unapre\u0111enje performansi Vi\u0161i nivo integrisanosti uz 45nm proces izrade koji omogu\u0107uje manju potro\u0161nju energije, uve\u0107anje performansi i smanjenje veli\u010dine Prose\u010dna potro\u0161nja energije za 20 odsto ni\u017ea u odnosu na prethodnu genraciju, \u0161to omogu\u0107uje du\u017ee trajanje baterije u netbuk ra\u010dunarima Najava primene u preko 80 modela netbuk ra\u010dunara najpoznatijih kompanija Asus,... Continue reading","og_url":"https:\/\/www.pcvesti.com\/?p=9842","og_site_name":"PCVesti","article_published_time":"2009-12-23T07:51:36+00:00","article_modified_time":"2009-12-23T07:53:27+00:00","author":"newsmaster","twitter_card":"summary_large_image","twitter_misc":{"Written by":"newsmaster","Est. reading time":"4 minutes"},"schema":{"@context":"https:\/\/schema.org","@graph":[{"@type":"Article","@id":"https:\/\/www.pcvesti.com\/?p=9842#article","isPartOf":{"@id":"https:\/\/www.pcvesti.com\/?p=9842"},"author":{"name":"newsmaster","@id":"https:\/\/www.pcvesti.com\/#\/schema\/person\/d1e384f7c138a1fcda7af7425e55a6b2"},"headline":"Intel predstavlja novu generaciju Atom platforme","datePublished":"2009-12-23T07:51:36+00:00","dateModified":"2009-12-23T07:53:27+00:00","mainEntityOfPage":{"@id":"https:\/\/www.pcvesti.com\/?p=9842"},"wordCount":881,"articleSection":["PC Vesti"],"inLanguage":"en-US"},{"@type":"WebPage","@id":"https:\/\/www.pcvesti.com\/?p=9842","url":"https:\/\/www.pcvesti.com\/?p=9842","name":"Intel predstavlja novu generaciju Atom platforme - PCVesti","isPartOf":{"@id":"https:\/\/www.pcvesti.com\/#website"},"datePublished":"2009-12-23T07:51:36+00:00","dateModified":"2009-12-23T07:53:27+00:00","author":{"@id":"https:\/\/www.pcvesti.com\/#\/schema\/person\/d1e384f7c138a1fcda7af7425e55a6b2"},"breadcrumb":{"@id":"https:\/\/www.pcvesti.com\/?p=9842#breadcrumb"},"inLanguage":"en-US","potentialAction":[{"@type":"ReadAction","target":["https:\/\/www.pcvesti.com\/?p=9842"]}]},{"@type":"BreadcrumbList","@id":"https:\/\/www.pcvesti.com\/?p=9842#breadcrumb","itemListElement":[{"@type":"ListItem","position":1,"name":"Home","item":"https:\/\/www.pcvesti.com\/"},{"@type":"ListItem","position":2,"name":"Intel predstavlja novu generaciju Atom platforme"}]},{"@type":"WebSite","@id":"https:\/\/www.pcvesti.com\/#website","url":"https:\/\/www.pcvesti.com\/","name":"PCVesti","description":"www.pcvesti.com","potentialAction":[{"@type":"SearchAction","target":{"@type":"EntryPoint","urlTemplate":"https:\/\/www.pcvesti.com\/?s={search_term_string}"},"query-input":{"@type":"PropertyValueSpecification","valueRequired":true,"valueName":"search_term_string"}}],"inLanguage":"en-US"},{"@type":"Person","@id":"https:\/\/www.pcvesti.com\/#\/schema\/person\/d1e384f7c138a1fcda7af7425e55a6b2","name":"newsmaster","image":{"@type":"ImageObject","inLanguage":"en-US","@id":"https:\/\/www.pcvesti.com\/wp-content\/uploads\/2018\/09\/avatar_user_5_1537115954-96x96.jpeg","url":"https:\/\/www.pcvesti.com\/wp-content\/uploads\/2018\/09\/avatar_user_5_1537115954-96x96.jpeg","contentUrl":"https:\/\/www.pcvesti.com\/wp-content\/uploads\/2018\/09\/avatar_user_5_1537115954-96x96.jpeg","caption":"newsmaster"},"url":"https:\/\/www.pcvesti.com\/?author=5"}]}},"_links":{"self":[{"href":"https:\/\/www.pcvesti.com\/index.php?rest_route=\/wp\/v2\/posts\/9842","targetHints":{"allow":["GET"]}}],"collection":[{"href":"https:\/\/www.pcvesti.com\/index.php?rest_route=\/wp\/v2\/posts"}],"about":[{"href":"https:\/\/www.pcvesti.com\/index.php?rest_route=\/wp\/v2\/types\/post"}],"author":[{"embeddable":true,"href":"https:\/\/www.pcvesti.com\/index.php?rest_route=\/wp\/v2\/users\/5"}],"replies":[{"embeddable":true,"href":"https:\/\/www.pcvesti.com\/index.php?rest_route=%2Fwp%2Fv2%2Fcomments&post=9842"}],"version-history":[{"count":0,"href":"https:\/\/www.pcvesti.com\/index.php?rest_route=\/wp\/v2\/posts\/9842\/revisions"}],"wp:attachment":[{"href":"https:\/\/www.pcvesti.com\/index.php?rest_route=%2Fwp%2Fv2%2Fmedia&parent=9842"}],"wp:term":[{"taxonomy":"category","embeddable":true,"href":"https:\/\/www.pcvesti.com\/index.php?rest_route=%2Fwp%2Fv2%2Fcategories&post=9842"},{"taxonomy":"post_tag","embeddable":true,"href":"https:\/\/www.pcvesti.com\/index.php?rest_route=%2Fwp%2Fv2%2Ftags&post=9842"}],"curies":[{"name":"wp","href":"https:\/\/api.w.org\/{rel}","templated":true}]}}